{"id":16066,"date":"2021-10-05T14:44:26","date_gmt":"2021-10-05T11:44:26","guid":{"rendered":"https:\/\/mdu.edu.az\/dz-bray-l-h-rinin-i-aldan-azad-olunmas-ndan-bir-il-tamam-olur\/"},"modified":"2021-10-05T14:44:26","modified_gmt":"2021-10-05T11:44:26","slug":"dz-bray-l-h-rinin-i-aldan-azad-olunmas-ndan-bir-il-tamam-olur","status":"publish","type":"post","link":"https:\/\/mdu.edu.az\/en\/dz-bray-l-h-rinin-i-aldan-azad-olunmas-ndan-bir-il-tamam-olur\/","title":{"rendered":"C\u0259bray\u0131l \u015f\u0259h\u0259rinin i\u015f\u011faldan azad olunmas\u0131n\u0131n bir ili tamam olur"},"content":{"rendered":"<p style=\"margin-bottom: 0.0001pt; text-align: center;\"><b><span style=\"font-size: 14pt; line-height: 115%; font-family: Arial; color: navy;\">C\u0259bray\u0131l \u015f\u0259h\u0259rinin i\u015f\u011faldan azad olunmas\u0131n\u0131n bir ili tamam olur<\/span><\/b><\/p>\n<p>&nbsp;<\/p>\n<p style=\"margin-bottom: 0.0001pt; text-align: justify; text-indent: 26.95pt;\"><span style=\"font-size: 12pt; line-height: 115%; font-family: Arial; color: black;\"><\/span><\/p>\n<p style=\"margin-bottom: 0.0001pt; text-align: justify; text-indent: 26.95pt;\"><span style=\"font-size: 12pt; line-height: 115%; font-family: Arial; color: #000000;\"> &Ouml;t\u0259n \u0259srin sonlar\u0131nda erm\u0259ni separat&ccedil;\u0131lar\u0131 torpaqlar\u0131m\u0131z\u0131n 20 faizini i\u015f\u011fal etmi\u015fdi. 30 il\u0259 yax\u0131n i\u015f\u011fal alt\u0131nda qalan torpaqlar\u0131m\u0131z\u0131n qeyd \u015f\u0259rtsiz azad olunmas\u0131 bar\u0259d\u0259 d&ouml;vl\u0259timizin ba\u015f&ccedil;\u0131s\u0131 \u0130lham \u018fliyevin s\u0259yi il\u0259 Minsk qrupunun h\u0259ms\u0259dr d&ouml;vl\u0259tl\u0259rinin i\u015ftirak\u0131 il\u0259 apar\u0131lan dan\u0131\u015f\u0131qlar he&ccedil; bir fayda vermirdi. 1994-c&uuml; ild\u0259 ulu &ouml;nd\u0259r Heyd\u0259r \u018fliyevin q\u0259tiyy\u0259ti il\u0259 at\u0259\u015fk\u0259s \u0259ld\u0259 edils\u0259 d\u0259 d&uuml;\u015fm\u0259n t\u0259r\u0259f dayanm\u0131r, h\u0259r g&uuml;n s\u0259rh\u0259d b&ouml;lg\u0259l\u0259rimizd\u0259 silahl\u0131 h&uuml;cumlar ed\u0259r\u0259k dinc insanlar\u0131 bel\u0259 q\u0259tl\u0259 yetirirdil\u0259r. Ali Ba\u015f Komandan \u0130lham \u018fliyevin bacar\u0131\u011f\u0131 il\u0259 g&uuml;cl\u0259n\u0259n, formala\u015fan Az\u0259rbaycan Ordusu d&uuml;\u015fm\u0259ni yerind\u0259 oturtma\u011fa, v\u0259t\u0259n torpaqlar\u0131n\u0131 azad etm\u0259k \u0259zmind\u0259 idi. Bunu 2020-ci ild\u0259 44 g&uuml;nl&uuml;k V\u0259t\u0259n m&uuml;harib\u0259si zaman\u0131 s&uuml;but etdi. 2020-ci ilin 27 sentyabr\u0131nda ba\u015flanan m&uuml;harib\u0259 zaman\u0131 ordumuzun q\u0259hr\u0259man \u0259sg\u0259r v\u0259 zabitl\u0259ri gec\u0259 g&uuml;nd&uuml;z ay\u0131q say\u0131q dayanaraq torpaqlar\u0131m\u0131z\u0131 azad ed\u0259r\u0259k d&uuml;nyaya qalib Az\u0259rbaycan\u0131 t\u0259qdim etdi. C\u0259bray\u0131l rayonunun azad olunmas\u0131 x\u0259b\u0259rini ver\u0259n, xalq\u0131 m&uuml;jd\u0259l\u0259y\u0259n d&ouml;vl\u0259timizin ba\u015f&ccedil;\u0131s\u0131n\u0131n q\u0259l\u0259b\u0259 \u0259zmi, v&uuml;qar\u0131, q\u0259tiyy\u0259ti m&uuml;harib\u0259 g&uuml;nl\u0259rind\u0259 d&ouml;y&uuml;\u015f&ccedil;&uuml;l\u0259rimiz\u0259 g&uuml;c v\u0259 inam verir, arxa c\u0259bh\u0259d\u0259 &ouml;z birliyi, dualar\u0131 il\u0259 igidl\u0259rimiz\u0259 dasyaq olan, xalq\u0131m\u0131z\u0131n birliyi, v\u0259hd\u0259ti m&uuml;harib\u0259nin Z\u0259f\u0259rl\u0259 sona &ccedil;ataca\u011f\u0131n\u0131 b\u0259yan edirdi. <\/span><\/p>\n<p style=\"margin-bottom: 0.0001pt; text-align: justify; text-indent: 26.95pt;\"><span style=\"font-size: 12pt; line-height: 115%; font-family: Arial; color: #000000;\"><a href=\"https:\/\/az.wikipedia.org\/wiki\/C%C9%99bray%C4%B1l_rayonu\" style=\"color: #000000;\" title=\"C\u0259bray\u0131l rayonu\"><span style=\"color: black; text-decoration: none;\">C\u0259bray\u0131l rayonu<\/span><\/a>&nbsp;1993-c&uuml; il avqustun 23-d\u0259 Erm\u0259nistan silahl\u0131 q&uuml;vv\u0259l\u0259ri t\u0259r\u0259find\u0259n i\u015f\u011fal edilmi\u015fdi. \u0130\u015f\u011fal zaman\u0131 C\u0259bray\u0131l rayonu 1 \u015f\u0259h\u0259r, 4 q\u0259s\u0259b\u0259 v\u0259 97 k\u0259ndd\u0259n ibar\u0259t idi. \u0130\u015f\u011fal n\u0259tic\u0259sind\u0259 rayona 13,928 milyard AB\u015e dollar\u0131 m\u0259bl\u0259\u011find\u0259 ziyan d\u0259yib. C\u0259bray\u0131ll\u0131 m\u0259cburi k&ouml;&ccedil;k&uuml;nl\u0259r respublikan\u0131n 58 rayonunun 2000-d\u0259k ya\u015fay\u0131\u015f m\u0259nt\u0259q\u0259sind\u0259, o c&uuml;ml\u0259d\u0259n qa&ccedil;q\u0131n d&uuml;\u015f\u0259rg\u0259l\u0259rind\u0259, y&uuml;k vaqonlar\u0131nda v\u0259 yataqxanalarda m\u0259skunla\u015f\u0131b. 52000 n\u0259f\u0259r \u0259halisi olan,1050 km2-i \u0259hat\u0259 ed\u0259n rayon \u0259razisi v\u0259 bu \u0259razil\u0259rd\u0259ki 72 &uuml;mumt\u0259hsil m\u0259kt\u0259bi, 8 x\u0259st\u0259xana, 132 tarixi abid\u0259, 150 m\u0259d\u0259niyy\u0259t oca\u011f\u0131, 100-\u0259 yax\u0131n k\u0259nd i\u015f\u011fal zaman\u0131 v\u0259h\u015fic\u0259sin\u0259 da\u011f\u0131d\u0131l\u0131b. C\u0259bray\u0131l rayonundan Qaraba\u011f m&uuml;harib\u0259sind\u0259 362 n\u0259f\u0259r \u015f\u0259hid, 191 n\u0259f\u0259r \u0259lil olub. 6 n\u0259f\u0259r rayon sakini Az\u0259rbaycan\u0131n Milli Q\u0259hr\u0259man\u0131 ad\u0131na layiq g&ouml;r&uuml;l&uuml;b. \u0130\u015f\u011faldan \u0259vv\u0259l rayonda \u0259hali \u0259sas\u0259n &uuml;z&uuml;m&ccedil;&uuml;l&uuml;k, heyvandarl\u0131q, tax\u0131l&ccedil;\u0131l\u0131q, barama&ccedil;\u0131l\u0131qla m\u0259\u015f\u011ful olurdu. Elmin, m\u0259d\u0259niyy\u0259tin, maarifin inki\u015faf\u0131 y&uuml;ks\u0259k s\u0259viyy\u0259y\u0259 &ccedil;atm\u0131\u015fd\u0131. 510 &ccedil;arpay\u0131l\u0131q x\u0259st\u0259xanalarda 92 h\u0259kim, 432 orta ixtisasl\u0131 tibb i\u015f&ccedil;isi, 72 m\u0259kt\u0259bd\u0259 1660 n\u0259f\u0259rd\u0259n &ccedil;ox m&uuml;\u0259llim, 3 musiqi m\u0259kt\u0259bi, 12 m\u0259d\u0259niyy\u0259t evi, 32 klub, 10 m\u0259d\u0259ni &ccedil;ad\u0131r v\u0259 avtoklub, 78 kitabxana v\u0259 1 muzeyd\u0259 508 m\u0259d\u0259niyy\u0259t i\u015f&ccedil;isi &ccedil;al\u0131\u015f\u0131rd\u0131. Rayon Tarix-diyar\u015f&uuml;nasl\u0131q muzeyind\u0259 20 mind\u0259n yuxar\u0131 eksponat vard\u0131. Rayonda 8 s\u0259naye m&uuml;\u0259ssis\u0259si, 42 kolxoz, K&ouml;k\u0259ltm\u0259 birliyi, Qu\u015f&ccedil;uluq fabriki f\u0259aliyy\u0259t g&ouml;st\u0259rib.<\/span><\/p>\n<p style=\"margin-bottom: 0.0001pt; text-align: justify; text-indent: 26.95pt;\"><span style=\"font-size: 12pt; line-height: 115%; font-family: Arial; color: #000000;\">Da\u011ftumas k\u0259ndi yax\u0131nl\u0131\u011f\u0131nda yerl\u0259\u015f\u0259n &ldquo;Divl\u0259r Saray\u0131&rdquo; ma\u011faras\u0131, Qalac\u0131q k\u0259ndind\u0259ki &ldquo;M\u0259scid T\u0259p\u0259si&rdquo;, &ldquo;Canqulu&rdquo; v\u0259 &ldquo;Qumt\u0259p\u0259&rdquo; kurqanlar\u0131, Diri da\u011f\u0131ndak\u0131 Mazann\u0259n\u0259, M\u0259rm\u0259r n\u0259n\u0259 m\u0259qb\u0259r\u0259l\u0259ri kimi arxeoloji, Do\u011ftumas k\u0259ndind\u0259ki &ldquo;Ba\u015f\u0131k\u0259sik G&uuml;mb\u0259z&rdquo;, Sirik k\u0259ndind\u0259ki &ldquo;Qala&rdquo;, Diri da\u011f\u0131ndak\u0131 &ldquo;Q\u0131z qalas\u0131&rdquo;, Xudaf\u0259rin k&ouml;rp&uuml;l\u0259ri, &Ccedil;\u0259l\u0259bil\u0259r k\u0259ndind\u0259ki M\u0259scid kompleksi, rayon m\u0259rk\u0259zind\u0259ki &ldquo;Sultan M\u0259cid hamam\u0131&rdquo;, \u015e\u0131xlar k\u0259ndind\u0259ki &ldquo;Dair\u0259vi T&uuml;rb\u0259&rdquo;, Xubyarl\u0131 k\u0259ndind\u0259ki &ldquo;Dair\u0259vi&rdquo; 8 gu\u015f\u0259li t&uuml;rb\u0259v\u0259 m\u0259qb\u0259r\u0259l\u0259r, t&uuml;rk q\u0259biristanl\u0131\u011f\u0131ndak\u0131 t&uuml;rb\u0259 v\u0259 m\u0259qb\u0259r\u0259l\u0259rin h\u0259r biri i\u015f\u011fal zaman\u0131 m\u0259hv edilmi\u015f v\u0259 ya da\u011f\u0131nt\u0131ya m\u0259ruz qalm\u0131\u015fd\u0131r. <a href=\"https:\/\/az.wikipedia.org\/wiki\/2016\" style=\"color: #000000;\" title=\"2016\"><span style=\"color: black; text-decoration: none;\">2016<\/span><\/a>-c\u0131 il&nbsp;<a href=\"https:\/\/az.wikipedia.org\/wiki\/Aprel_d%C3%B6y%C3%BC%C5%9Fl%C9%99ri\" style=\"color: #000000;\" title=\"Aprel d&ouml;y&uuml;\u015fl\u0259ri\"><span style=\"color: black; text-decoration: none;\">Aprel D&ouml;y&uuml;\u015fl\u0259ri<\/span><\/a>&nbsp;zaman\u0131 Az\u0259rbaycan Ordusunun \u0259ks h&uuml;cumu n\u0259tic\u0259sind\u0259 L\u0259l\u0259t\u0259p\u0259 y&uuml;ks\u0259kliyi i\u015f\u011faldan azad edilmi\u015f v\u0259 <a href=\"https:\/\/az.wikipedia.org\/wiki\/Cocuq_M%C9%99rcanl%C4%B1\" style=\"color: #000000;\" title=\"Cocuq M\u0259rcanl\u0131\"><span style=\"color: black; text-decoration: none;\">Cocuq M\u0259rcanl\u0131<\/span><\/a> k\u0259ndi Az\u0259rbaycan Ordusunun n\u0259zar\u0259tin\u0259 ke&ccedil;mi\u015fdi. V\u0259t\u0259n m&uuml;harib\u0259si zaman\u0131 Az\u0259rbaycan Ordusu 2020-ci il 27 sentyabr tarixind\u0259 C\u0259bray\u0131l rayonunun <a href=\"https:\/\/az.wikipedia.org\/wiki\/B%C3%B6y%C3%BCk_M%C9%99rcanl%C4%B1\" style=\"color: #000000;\" title=\"B&ouml;y&uuml;k M\u0259rcanl\u0131\"><span style=\"color: black; text-decoration: none;\">B&ouml;y&uuml;k M\u0259rcanl\u0131<\/span><\/a>&nbsp;v\u0259&nbsp;<a href=\"https:\/\/az.wikipedia.org\/wiki\/N%C3%BCzgar\" style=\"color: #000000;\" title=\"N&uuml;zgar\"><span style=\"color: black; text-decoration: none;\">N&uuml;zgar<\/span><\/a>&nbsp;k\u0259ndl\u0259ri, 3 oktybar tarixind\u0259 <a href=\"https:\/\/az.wikipedia.org\/wiki\/Mehdili\" style=\"color: #000000;\" title=\"Mehdili\"><span style=\"color: black; text-decoration: none;\">Mehdili<\/span><\/a>,&nbsp;<a href=\"https:\/\/az.wikipedia.org\/wiki\/%C3%87ax%C4%B1rl%C4%B1\" style=\"color: #000000;\" title=\"&Ccedil;ax\u0131rl\u0131\"><span style=\"color: black; text-decoration: none;\">&Ccedil;ax\u0131rl\u0131<\/span><\/a>,&nbsp;<a href=\"https:\/\/az.wikipedia.org\/wiki\/A%C5%9Fa%C4%9F%C4%B1_Maralyan\" style=\"color: #000000;\" title=\"A\u015fa\u011f\u0131 Maralyan\"><span style=\"color: black; text-decoration: none;\">A\u015fa\u011f\u0131 Maralyan<\/span><\/a>,&nbsp;<a href=\"https:\/\/az.wikipedia.org\/wiki\/%C5%9E%C9%99yb%C9%99y\" style=\"color: #000000;\" title=\"\u015e\u0259yb\u0259y\"><span style=\"color: black; text-decoration: none;\">\u015e\u0259yb\u0259y<\/span><\/a>&nbsp;v\u0259&nbsp;<a href=\"https:\/\/az.wikipedia.org\/wiki\/Quycaq\" style=\"color: #000000;\" title=\"Quycaq\"><span style=\"color: black; text-decoration: none;\">Quycaq<\/span><\/a>&nbsp;k\u0259ndl\u0259ri, 4 oktyabr tarixind\u0259 C\u0259bray\u0131l \u015f\u0259h\u0259rini v\u0259 rayonun 9 k\u0259ndini &ndash; Karxulu, \u015e&uuml;k&uuml;rb\u0259yli, &Ccedil;\u0259r\u0259k\u0259n, Da\u015fk\u0259s\u0259n, Horovlu, Mahmudlu, C\u0259f\u0259rabad, Yuxar\u0131 Maralyan v\u0259 Decal k\u0259ndl\u0259rini i\u015f\u011faldan azad etmi\u015fdir. C\u0259bray\u0131l rayonunun \u0259razisind\u0259 apar\u0131lan h\u0259rbi \u0259m\u0259liyyatlar n\u0259tic\u0259sind\u0259 &uuml;mumilikd\u0259 1 \u015f\u0259h\u0259r (<a href=\"https:\/\/az.wikipedia.org\/wiki\/C%C9%99bray%C4%B1l\" style=\"color: #000000;\" title=\"C\u0259bray\u0131l\"><span style=\"color: black; text-decoration: none;\">C\u0259bray\u0131l<\/span><\/a>) v\u0259 80 k\u0259nd i\u015f\u011faldan azad edildi. Az\u0259rbaycan Ordusunun&nbsp;<a href=\"https:\/\/az.wikipedia.org\/wiki\/Xocav%C9%99nd_rayonu\" style=\"color: #000000;\" title=\"Xocav\u0259nd rayonu\"><span style=\"color: black; text-decoration: none;\">Xocav\u0259nd rayonunun<\/span><\/a>&nbsp;c\u0259nub k\u0259ndl\u0259ri v\u0259 strateji Hadrut q\u0259s\u0259b\u0259si istiqm\u0259tind\u0259 h\u0259rbi \u0259m\u0259liyyatlar ke&ccedil;irm\u0259si &uuml;&ccedil;&uuml;n geni\u015f imkanlar yarand\u0131.<\/span><\/p>\n<p style=\"margin-bottom: 0.0001pt; text-align: justify; text-indent: 26.95pt;\"><span style=\"font-size: 12pt; line-height: 115%; font-family: Arial; color: #000000;\">2020-ci il noyabr\u0131n 16-da&nbsp;<a href=\"https:\/\/az.wikipedia.org\/wiki\/Az%C9%99rbaycan_Prezidenti\" style=\"color: #000000;\" title=\"Az\u0259rbaycan Prezidenti\"><span style=\"color: black; text-decoration: none;\">Az\u0259rbaycan Prezidenti<\/span><\/a>&nbsp;<a href=\"https:\/\/az.wikipedia.org\/wiki\/%C4%B0lham_%C6%8Fliyev\" style=\"color: #000000;\" title=\"\u0130lham \u018fliyev\"><span style=\"color: black; text-decoration: none;\">\u0130lham \u018fliyev<\/span><\/a>&nbsp;v\u0259 xan\u0131m\u0131&nbsp;<a href=\"https:\/\/az.wikipedia.org\/wiki\/Mehriban_%C6%8Fliyeva\" style=\"color: #000000;\" title=\"Mehriban \u018fliyeva\"><span style=\"color: black; text-decoration: none;\">Mehriban \u018fliyeva<\/span><\/a>&nbsp;i\u015f\u011faldan azad olunan C\u0259bray\u0131l rayonuna g\u0259ldi. \u0130lham \u018fliyev, C\u0259bray\u0131l \u015f\u0259h\u0259rind\u0259 v\u0259&nbsp;<a href=\"https:\/\/az.wikipedia.org\/wiki\/Xudaf%C9%99rin_k%C3%B6rp%C3%BCl%C9%99ri\" style=\"color: #000000;\" title=\"Xudaf\u0259rin k&ouml;rp&uuml;l\u0259ri\"><span style=\"color: black; text-decoration: none;\">Xudaf\u0259rin k&ouml;rp&uuml;s&uuml;nd\u0259<\/span><\/a>&nbsp;<a href=\"https:\/\/az.wikipedia.org\/wiki\/Az%C9%99rbaycan_bayra%C4%9F%C4%B1\" style=\"color: #000000;\" title=\"Az\u0259rbaycan bayra\u011f\u0131\"><span style=\"color: black; text-decoration: none;\">Az\u0259rbaycan bayra\u011f\u0131n\u0131<\/span><\/a>&nbsp;qald\u0131rd\u0131. 2020-ci il noyabr\u0131n 26-da&nbsp;<a href=\"https:\/\/az.wikipedia.org\/wiki\/%22C%C9%99bray%C4%B1l%C4%B1n_azad_olunmas%C4%B1na_g%C3%B6r%C9%99%22_medal%C4%B1\" style=\"color: #000000;\"><span style=\"color: black; text-decoration: none;\">&ldquo;C\u0259bray\u0131l\u0131n azad olunmas\u0131na g&ouml;r\u0259&rdquo; medal\u0131<\/span><\/a>&nbsp;t\u0259sis edildi. Az\u0259rbaycan Respublikas\u0131 Silahl\u0131 Q&uuml;vv\u0259l\u0259rinin 22744 h\u0259rbi qulluq&ccedil;usu &ldquo;C\u0259bray\u0131l\u0131n azad olunmas\u0131na g&ouml;r\u0259&rdquo; medal\u0131 il\u0259 t\u0259ltif edilib. V\u0259t\u0259n m&uuml;harib\u0259si zaman\u0131 v\u0259 ondan sonrak\u0131 d&ouml;vrd\u0259 Az\u0259rbaycan xalq\u0131 tarixinin \u0259n \u015f\u0259r\u0259fli anlar\u0131n\u0131 ya\u015fay\u0131r. <\/span><\/p>\n<p style=\"margin-bottom: 0.0001pt; text-align: justify; text-indent: 26.95pt;\"><span style=\"font-size: 12pt; line-height: 115%; font-family: Arial; color: #000000;\">Otuz il\u0259 yax\u0131n bir d&ouml;vrd\u0259 beyn\u0259lxalq birlik Qaraba\u011f probleminin h\u0259lli m\u0259s\u0259l\u0259sind\u0259 susub v\u0259 m&uuml;naqi\u015f\u0259ni h\u0259ll etm\u0259yib. Bu m\u0259s\u0259l\u0259nin h\u0259lli il\u0259 m\u0259\u015f\u011ful olan &ouml;lk\u0259l\u0259r, beyn\u0259lxalq t\u0259\u015fkilatlar &ouml;z s&ouml;z&uuml;n&uuml; dem\u0259yib. M&uuml;z\u0259ff\u0259r Ali Ba\u015f Komandan \u0130lham \u018fliyevin \u0259mri il\u0259 Az\u0259rbaycan Ordusu V\u0259t\u0259n m&uuml;harib\u0259sin\u0259 ba\u015flam\u0131\u015fd\u0131r. Xalq\u0131n birliyind\u0259n g&uuml;c alan q\u0259hr\u0259man ordumuz q\u0131sa m&uuml;dd\u0259t \u0259rzind\u0259n i\u015f\u011falda olan torpaqlar\u0131m\u0131z\u0131 d&uuml;\u015fm\u0259nd\u0259n azad etm\u0259kl\u0259 uzun m&uuml;dd\u0259t \u0259rzind\u0259 pozulmu\u015f \u0259razi b&uuml;t&ouml;vl&uuml;y&uuml;m&uuml;z&uuml; b\u0259rpa etmi\u015fdir. Az\u0259rbaycan xalq\u0131 d&uuml;nyaya qalibiyy\u0259ti il\u0259 s&uuml;but etdi ki, Az\u0259rbaycan\u0131n M&uuml;z\u0259ff\u0259r Ordusu v\u0259 Qalib Komandan\u0131 var. <\/span><\/p>\n<p style=\"margin-bottom: 0.0001pt; text-align: justify; text-indent: 26.95pt;\"><span style=\"font-size: 12pt; line-height: 115%; font-family: Arial; color: #000000;\"><\/span><\/p>\n<p>&nbsp;<\/p>\n<p style=\"margin-bottom: 0.0001pt; text-align: justify; text-indent: 26.95pt;\"><span style=\"font-size: 12pt; line-height: 115%; font-family: Arial; color: #000000;\"><\/span><\/p>\n<p style=\"margin-bottom: 0.0001pt; text-align: justify; text-indent: 26.95pt;\"><strong><span style=\"font-size: 12pt; line-height: 115%; font-family: Arial; color: #000000;\">\u0130smay\u0131l \u0130manzad\u0259<\/span><\/strong><\/p>\n<p style=\"margin-bottom: 0.0001pt; text-align: justify; text-indent: 26.95pt;\"><strong><span style=\"font-size: 12pt; line-height: 115%; font-family: Arial; color: #000000;\">Az\u0259rbaycan Yaz\u0131&ccedil;\u0131lar<\/span><\/strong><\/p>\n<p style=\"margin-bottom: 0.0001pt; text-align: justify; text-indent: 26.95pt;\"><span style=\"font-size: 12pt; line-height: 115%; font-family: Arial; color: #000000;\"><strong>Birliyi Ming\u0259&ccedil;evir filial\u0131n\u0131n s\u0259dri&nbsp;&nbsp;&nbsp;&nbsp;&nbsp;&nbsp;&nbsp;&nbsp;&nbsp;&nbsp;&nbsp;&nbsp;<\/strong>&nbsp;&nbsp;&nbsp;&nbsp;&nbsp;&nbsp;&nbsp;&nbsp;&nbsp;&nbsp;&nbsp;&nbsp;&nbsp;&nbsp;&nbsp;&nbsp;&nbsp;&nbsp;&nbsp;&nbsp;&nbsp;&nbsp;&nbsp;&nbsp;&nbsp;&nbsp;&nbsp;&nbsp;&nbsp;&nbsp;&nbsp;&nbsp;&nbsp;&nbsp;&nbsp;&nbsp; <\/span><\/p>\n<p style=\"margin-bottom: 0.0001pt; text-align: justify; text-indent: 26.95pt;\"><span style=\"font-size: 12pt; line-height: 115%; font-family: Arial; color: #000000;\"><\/span><\/p>\n<p style=\"margin-bottom: 0.0001pt; text-align: justify; text-indent: 26.95pt;\"><span style=\"font-size: 12pt; line-height: 115%; font-family: Arial; color: #000000;\"><\/span><\/p>","protected":false},"excerpt":{"rendered":"<p>C\u0259bray\u0131l \u015f\u0259h\u0259rinin i\u015f\u011faldan azad olunmas\u0131n\u0131n bir ili tamam olur &nbsp; &Ouml;t\u0259n \u0259srin sonlar\u0131nda erm\u0259ni separat&ccedil;\u0131lar\u0131 torpaqlar\u0131m\u0131z\u0131n 20 faizini i\u015f\u011fal etmi\u015fdi. 30 il\u0259 yax\u0131n i\u015f\u011fal alt\u0131nda qalan torpaqlar\u0131m\u0131z\u0131n qeyd \u015f\u0259rtsiz azad olunmas\u0131 bar\u0259d\u0259 d&ouml;vl\u0259timizin ba\u015f&ccedil;\u0131s\u0131 \u0130lham \u018fliyevin s\u0259yi il\u0259 Minsk qrupunun h\u0259ms\u0259dr d&ouml;vl\u0259tl\u0259rinin i\u015ftirak\u0131 il\u0259 apar\u0131lan dan\u0131\u015f\u0131qlar he&ccedil; bir fayda vermirdi. 1994-c&uuml; ild\u0259 ulu &ouml;nd\u0259r Heyd\u0259r [&hellip;]<\/p>\n","protected":false},"author":1,"featured_media":0,"comment_status":"open","ping_status":"open","sticky":false,"template":"","format":"standard","meta":{"_eb_attr":"","ocean_post_layout":"","ocean_both_sidebars_style":"","ocean_both_sidebars_content_width":0,"ocean_both_sidebars_sidebars_width":0,"ocean_sidebar":"","ocean_second_sidebar":"","ocean_disable_margins":"enable","ocean_add_body_class":"","ocean_shortcode_before_top_bar":"","ocean_shortcode_after_top_bar":"","ocean_shortcode_before_header":"","ocean_shortcode_after_header":"","ocean_has_shortcode":"","ocean_shortcode_after_title":"","ocean_shortcode_before_footer_widgets":"","ocean_shortcode_after_footer_widgets":"","ocean_shortcode_before_footer_bottom":"","ocean_shortcode_after_footer_bottom":"","ocean_display_top_bar":"default","ocean_display_header":"default","ocean_header_style":"","ocean_center_header_left_menu":"","ocean_custom_header_template":"","ocean_custom_logo":0,"ocean_custom_retina_logo":0,"ocean_custom_logo_max_width":0,"ocean_custom_logo_tablet_max_width":0,"ocean_custom_logo_mobile_max_width":0,"ocean_custom_logo_max_height":0,"ocean_custom_logo_tablet_max_height":0,"ocean_custom_logo_mobile_max_height":0,"ocean_header_custom_menu":"","ocean_menu_typo_font_family":"","ocean_menu_typo_font_subset":"","ocean_menu_typo_font_size":0,"ocean_menu_typo_font_size_tablet":0,"ocean_menu_typo_font_size_mobile":0,"ocean_menu_typo_font_size_unit":"px","ocean_menu_typo_font_weight":"","ocean_menu_typo_font_weight_tablet":"","ocean_menu_typo_font_weight_mobile":"","ocean_menu_typo_transform":"","ocean_menu_typo_transform_tablet":"","ocean_menu_typo_transform_mobile":"","ocean_menu_typo_line_height":0,"ocean_menu_typo_line_height_tablet":0,"ocean_menu_typo_line_height_mobile":0,"ocean_menu_typo_line_height_unit":"","ocean_menu_typo_spacing":0,"ocean_menu_typo_spacing_tablet":0,"ocean_menu_typo_spacing_mobile":0,"ocean_menu_typo_spacing_unit":"","ocean_menu_link_color":"","ocean_menu_link_color_hover":"","ocean_menu_link_color_active":"","ocean_menu_link_background":"","ocean_menu_link_hover_background":"","ocean_menu_link_active_background":"","ocean_menu_social_links_bg":"","ocean_menu_social_hover_links_bg":"","ocean_menu_social_links_color":"","ocean_menu_social_hover_links_color":"","ocean_disable_title":"default","ocean_disable_heading":"default","ocean_post_title":"","ocean_post_subheading":"","ocean_post_title_style":"","ocean_post_title_background_color":"","ocean_post_title_background":0,"ocean_post_title_bg_image_position":"","ocean_post_title_bg_image_attachment":"","ocean_post_title_bg_image_repeat":"","ocean_post_title_bg_image_size":"","ocean_post_title_height":0,"ocean_post_title_bg_overlay":0.5,"ocean_post_title_bg_overlay_color":"","ocean_disable_breadcrumbs":"default","ocean_breadcrumbs_color":"","ocean_breadcrumbs_separator_color":"","ocean_breadcrumbs_links_color":"","ocean_breadcrumbs_links_hover_color":"","ocean_display_footer_widgets":"default","ocean_display_footer_bottom":"default","ocean_custom_footer_template":"","ocean_post_oembed":"","ocean_post_self_hosted_media":"","ocean_post_video_embed":"","ocean_link_format":"","ocean_link_format_target":"self","ocean_quote_format":"","ocean_quote_format_link":"post","ocean_gallery_link_images":"on","ocean_gallery_id":[],"footnotes":""},"categories":[63],"tags":[],"class_list":["post-16066","post","type-post","status-publish","format-standard","hentry","category-khaebaerlaer-az","entry"],"_links":{"self":[{"href":"https:\/\/mdu.edu.az\/en\/wp-json\/wp\/v2\/posts\/16066","targetHints":{"allow":["GET"]}}],"collection":[{"href":"https:\/\/mdu.edu.az\/en\/wp-json\/wp\/v2\/posts"}],"about":[{"href":"https:\/\/mdu.edu.az\/en\/wp-json\/wp\/v2\/types\/post"}],"author":[{"embeddable":true,"href":"https:\/\/mdu.edu.az\/en\/wp-json\/wp\/v2\/users\/1"}],"replies":[{"embeddable":true,"href":"https:\/\/mdu.edu.az\/en\/wp-json\/wp\/v2\/comments?post=16066"}],"version-history":[{"count":0,"href":"https:\/\/mdu.edu.az\/en\/wp-json\/wp\/v2\/posts\/16066\/revisions"}],"wp:attachment":[{"href":"https:\/\/mdu.edu.az\/en\/wp-json\/wp\/v2\/media?parent=16066"}],"wp:term":[{"taxonomy":"category","embeddable":true,"href":"https:\/\/mdu.edu.az\/en\/wp-json\/wp\/v2\/categories?post=16066"},{"taxonomy":"post_tag","embeddable":true,"href":"https:\/\/mdu.edu.az\/en\/wp-json\/wp\/v2\/tags?post=16066"}],"curies":[{"name":"wp","href":"https:\/\/api.w.org\/{rel}","templated":true}]}}