{"id":16067,"date":"2021-10-06T09:55:11","date_gmt":"2021-10-06T06:55:11","guid":{"rendered":"https:\/\/mdu.edu.az\/minzh-evir-d-vl-t-universitetind-beyn-lkhalg-m-lliml-r-zh-n-geyd-olunub\/"},"modified":"2021-10-06T09:55:11","modified_gmt":"2021-10-06T06:55:11","slug":"minzh-evir-d-vl-t-universitetind-beyn-lkhalg-m-lliml-r-zh-n-geyd-olunub","status":"publish","type":"post","link":"https:\/\/mdu.edu.az\/en\/minzh-evir-d-vl-t-universitetind-beyn-lkhalg-m-lliml-r-zh-n-geyd-olunub\/","title":{"rendered":"Ming\u0259\u00e7evir D\u00f6vl\u0259t Universitetind\u0259 Beyn\u0259lxalq M\u00fc\u0259lliml\u0259r G\u00fcn\u00fc qeyd olunub"},"content":{"rendered":"<p style=\"text-align: center;\"><b><span style=\"font-size: 14pt; font-family: 'Arial', sans-serif; color: #002060; background: white none repeat scroll 0% 0%;\">Ming\u0259&ccedil;evir D&ouml;vl\u0259t Universitetind\u0259 Beyn\u0259lxalq M&uuml;\u0259lliml\u0259r G&uuml;n&uuml; qeyd olunub<\/span><\/b><\/p>\n<p style=\"text-align: justify; text-indent: 1cm;\"><span style=\"font-size: 12pt; font-family: 'Arial', sans-serif; background: white none repeat scroll 0% 0%;\"><\/span><\/p>\n<p style=\"text-align: justify; text-indent: 1cm;\"><span style=\"font-size: 12pt; font-family: 'Arial', sans-serif; color: #000000; background: white none repeat scroll 0% 0%;\">2021-ci ilin 5 oktyabr tarixind\u0259 Ming\u0259&ccedil;evir D&ouml;vl\u0259t Universitetind\u0259 (MDU) Beyn\u0259lxalq M&uuml;\u0259lliml\u0259r G&uuml;n&uuml; il\u0259 \u0259laq\u0259dar t\u0259dbir ke&ccedil;irilib. T\u0259dbird\u0259 universitetin akademik v\u0259 inzibati hey\u0259t &uuml;zvl\u0259ri i\u015ftirak edibl\u0259r. <\/span><\/p>\n<p style=\"text-align: justify; text-indent: 1cm;\"><span style=\"font-size: 12pt; font-family: 'Arial', sans-serif; color: #000000; background: white none repeat scroll 0% 0%;\">&rdquo;Microsoft Teams&rdquo; platformas\u0131 &uuml;z\u0259rind\u0259n onlayn formatda t\u0259\u015fkil edil\u0259n t\u0259dbiri giri\u015f s&ouml;z&uuml; il\u0259 a&ccedil;an MDU-nun rektoru \u015eahin Bayramov universitetin b&uuml;t&uuml;n professor-m&uuml;\u0259llim hey\u0259ti &uuml;zvl\u0259rini pe\u015f\u0259 bayram\u0131 m&uuml;nasib\u0259til\u0259 t\u0259brik edib, \u015f\u0259r\u0259fli v\u0259 m\u0259suliyy\u0259tli f\u0259aliyy\u0259tl\u0259rind\u0259 onlara u\u011furlar arzulay\u0131b.<\/span><\/p>\n<p style=\"text-align: justify; text-indent: 1cm;\"><span style=\"font-size: 12pt; font-family: 'Arial', sans-serif; color: #000000; background: white none repeat scroll 0% 0%;\">&Uuml;mummilli Liderimiz Heyd\u0259r \u018fliyevin m&uuml;\u0259llim ad\u0131na h\u0259r zaman y&uuml;ks\u0259k d\u0259y\u0259r verdiyini qeyd ed\u0259n \u015e.Bayramov haz\u0131rda m&ouml;ht\u0259r\u0259m Prezidentimiz \u0130lham \u018fliyevin r\u0259hb\u0259rliyi il\u0259 t\u0259hsil sah\u0259sind\u0259 h\u0259yata ke&ccedil;iril\u0259n \u0259h\u0259miyy\u0259tli d\u0259yi\u015fiklikl\u0259r n\u0259tic\u0259sind\u0259 m&uuml;\u0259lliml\u0259rin sosial rifah\u0131n\u0131n y&uuml;ks\u0259lm\u0259si v\u0259 h\u0259rt\u0259r\u0259rfli inki\u015faf\u0131 &uuml;&ccedil;&uuml;n yarad\u0131lan \u0259lveri\u015fli imkanlardan dan\u0131\u015f\u0131b.<\/span><\/p>\n<p style=\"text-align: justify; text-indent: 1cm;\"><span style=\"font-size: 12pt; font-family: 'Arial', sans-serif; color: #000000; background: white none repeat scroll 0% 0%;\">M&uuml;z\u0259ff\u0259r Ali Ba\u015f Komandan\u0131m\u0131z\u0131n r\u0259hb\u0259rliyi v\u0259 yenilm\u0259z Az\u0259rbaycan \u018fsg\u0259rinin r\u0259\u015fad\u0259ti say\u0259sind\u0259 44 g&uuml;nl&uuml;k V\u0259t\u0259n m&uuml;harib\u0259sind\u0259 qazan\u0131lan tarixi Z\u0259f\u0259rd\u0259n sonra, ilk d\u0259f\u0259 olaraq, M&uuml;\u0259lliml\u0259r G&uuml;n&uuml;n&uuml;n sonsuz sevinc v\u0259 f\u0259xar\u0259t hissl\u0259ri il\u0259 qeyd edilm\u0259sind\u0259n dan\u0131\u015fan rektor \u0259razi b&uuml;t&ouml;vl&uuml;y&uuml;m&uuml;z&uuml;n t\u0259min edilm\u0259si u\u011frunda ged\u0259n d&ouml;y&uuml;\u015fl\u0259rd\u0259 y&uuml;zl\u0259rl\u0259 t\u0259hsil i\u015f&ccedil;isinin d\u0259 i\u015ftirak etdiyini bildirib v\u0259 torpaqlar\u0131m\u0131z\u0131n i\u015f\u011faldan azad edilm\u0259si yolunda can\u0131n\u0131 f\u0259da ed\u0259n b&uuml;t&uuml;n \u015f\u0259hidl\u0259rimiz\u0259 r\u0259hm\u0259t, qazil\u0259rimiz\u0259 is\u0259 \u015f\u0259fa dil\u0259yib.<\/span><\/p>\n<p style=\"text-align: justify; text-indent: 1cm;\"><span style=\"font-size: 12pt; font-family: 'Arial', sans-serif; color: #000000; background: white none repeat scroll 0% 0%;\">Az\u0259rbaycan tarixin\u0259 q\u0131z\u0131l h\u0259rfl\u0259rl\u0259 yaz\u0131lan \u015fanl\u0131 q\u0259l\u0259b\u0259d\u0259 g\u0259nc n\u0259slin y&uuml;ks\u0259k v\u0259t\u0259np\u0259rv\u0259rlik ruhunda yeti\u015fdirilm\u0259sinin rolunu vur\u011fulayan rektor bu i\u015fd\u0259 valideynl\u0259rl\u0259 yana\u015f\u0131, m&uuml;\u0259lliml\u0259rin d\u0259 b&ouml;y&uuml;k pay sahibi oldu\u011funu vur\u011fulay\u0131b v\u0259 son d&ouml;vrd\u0259 MDU-da t\u0259hsilin m\u0259zmununda v\u0259t\u0259np\u0259rv\u0259rliyin &ouml;n\u0259minin y&uuml;ks\u0259ldilm\u0259si il\u0259 ba\u011fl\u0131 g&ouml;r&uuml;l\u0259n i\u015fl\u0259rd\u0259 g\u0259nc akademik hey\u0259t &uuml;zvl\u0259rinin aktivliyind\u0259n b\u0259hs edib.<\/span><\/p>\n<p style=\"text-align: justify; text-indent: 1cm;\"><span style=\"font-size: 12pt; font-family: 'Arial', sans-serif; color: #000000; background: white none repeat scroll 0% 0%;\">S&uuml;r\u0259tli modernl\u0259\u015fm\u0259 yolunu se&ccedil;\u0259n MDU-nun strateji h\u0259d\u0259fl\u0259rind\u0259n s&ouml;z a&ccedil;an rektor yeni d&ouml;vr&uuml;n t\u0259l\u0259bl\u0259rin\u0259 uy\u011fun y&uuml;ks\u0259k keyfiyy\u0259tli kadrlar\u0131n haz\u0131rlanmas\u0131 &uuml;&ccedil;&uuml;n m&uuml;\u0259lliml\u0259rin &uuml;z\u0259rin\u0259 d&uuml;\u015f\u0259n v\u0259zif\u0259l\u0259ri diqq\u0259t\u0259 &ccedil;atd\u0131r\u0131b.<\/span><\/p>\n<p style=\"text-align: justify; text-indent: 1cm;\"><span style=\"font-size: 12pt; font-family: 'Arial', sans-serif; color: #000000; background: white none repeat scroll 0% 0%;\">G&ouml;r&uuml;\u015fd\u0259 &ccedil;\u0131x\u0131\u015f ed\u0259n MDU-nun qocaman v\u0259 g\u0259nc m&uuml;\u0259lliml\u0259ri Beyn\u0259lxalq M&uuml;\u0259lliml\u0259r G&uuml;n&uuml; m&uuml;nasib\u0259til\u0259 h\u0259mkarlar\u0131n\u0131 t\u0259brik edibl\u0259r, el\u0259c\u0259 d\u0259 g&ouml;st\u0259ril\u0259n diqq\u0259t\u0259 v\u0259 h\u0259ssasl\u0131\u011fa, universitetd\u0259 formala\u015fm\u0131\u015f sa\u011flam ail\u0259 atmosferin\u0259 g&ouml;r\u0259 universitet r\u0259hb\u0259rliyin\u0259 t\u0259\u015f\u0259kk&uuml;rl\u0259rini &ccedil;atd\u0131r\u0131blar.<\/span><\/p>\n<p style=\"text-align: justify; text-indent: 1cm;\"><span style=\"font-size: 12pt; font-family: 'Arial', sans-serif; color: black; background: white none repeat scroll 0% 0%;\"><span style=\"color: #000000;\">Qeyd ed\u0259k ki, yeni d&ouml;vr&uuml;n universitetin\u0259 &ccedil;evrilm\u0259yi h\u0259d\u0259fl\u0259y\u0259n MDU-da m&uuml;\u0259lliml\u0259rl\u0259 m&uuml;nt\u0259z\u0259m g&ouml;r&uuml;\u015fl\u0259rin ke&ccedil;irilm\u0259si, onlar\u0131n sosial v\u0259ziyy\u0259tinin yax\u015f\u0131la\u015fd\u0131r\u0131lmas\u0131 v\u0259 h\u0259rt\u0259fli inki\u015faf\u0131n\u0131n t\u0259min edilm\u0259si diqq\u0259t m\u0259rk\u0259zind\u0259 saxlan\u0131l\u0131r, bu istiqam\u0259td\u0259 m&uuml;vafiq t\u0259dbirl\u0259rin ke&ccedil;irilm\u0259sin\u0259 x&uuml;susi &ouml;n\u0259m verilir.<\/span> <\/span><\/p>\n<p>{phocagallery view=category|categoryid=690|limitstart=0|limitcount=0}<\/p>","protected":false},"excerpt":{"rendered":"<p>Ming\u0259&ccedil;evir D&ouml;vl\u0259t Universitetind\u0259 Beyn\u0259lxalq M&uuml;\u0259lliml\u0259r G&uuml;n&uuml; qeyd olunub 2021-ci ilin 5 oktyabr tarixind\u0259 Ming\u0259&ccedil;evir D&ouml;vl\u0259t Universitetind\u0259 (MDU) Beyn\u0259lxalq M&uuml;\u0259lliml\u0259r G&uuml;n&uuml; il\u0259 \u0259laq\u0259dar t\u0259dbir ke&ccedil;irilib. T\u0259dbird\u0259 universitetin akademik v\u0259 inzibati hey\u0259t &uuml;zvl\u0259ri i\u015ftirak edibl\u0259r. &rdquo;Microsoft Teams&rdquo; platformas\u0131 &uuml;z\u0259rind\u0259n onlayn formatda t\u0259\u015fkil edil\u0259n t\u0259dbiri giri\u015f s&ouml;z&uuml; il\u0259 a&ccedil;an MDU-nun rektoru \u015eahin Bayramov universitetin b&uuml;t&uuml;n professor-m&uuml;\u0259llim hey\u0259ti &uuml;zvl\u0259rini [&hellip;]<\/p>\n","protected":false},"author":1,"featured_media":0,"comment_status":"open","ping_status":"open","sticky":false,"template":"","format":"standard","meta":{"_eb_attr":"","ocean_post_layout":"","ocean_both_sidebars_style":"","ocean_both_sidebars_content_width":0,"ocean_both_sidebars_sidebars_width":0,"ocean_sidebar":"","ocean_second_sidebar":"","ocean_disable_margins":"enable","ocean_add_body_class":"","ocean_shortcode_before_top_bar":"","ocean_shortcode_after_top_bar":"","ocean_shortcode_before_header":"","ocean_shortcode_after_header":"","ocean_has_shortcode":"","ocean_shortcode_after_title":"","ocean_shortcode_before_footer_widgets":"","ocean_shortcode_after_footer_widgets":"","ocean_shortcode_before_footer_bottom":"","ocean_shortcode_after_footer_bottom":"","ocean_display_top_bar":"default","ocean_display_header":"default","ocean_header_style":"","ocean_center_header_left_menu":"","ocean_custom_header_template":"","ocean_custom_logo":0,"ocean_custom_retina_logo":0,"ocean_custom_logo_max_width":0,"ocean_custom_logo_tablet_max_width":0,"ocean_custom_logo_mobile_max_width":0,"ocean_custom_logo_max_height":0,"ocean_custom_logo_tablet_max_height":0,"ocean_custom_logo_mobile_max_height":0,"ocean_header_custom_menu":"","ocean_menu_typo_font_family":"","ocean_menu_typo_font_subset":"","ocean_menu_typo_font_size":0,"ocean_menu_typo_font_size_tablet":0,"ocean_menu_typo_font_size_mobile":0,"ocean_menu_typo_font_size_unit":"px","ocean_menu_typo_font_weight":"","ocean_menu_typo_font_weight_tablet":"","ocean_menu_typo_font_weight_mobile":"","ocean_menu_typo_transform":"","ocean_menu_typo_transform_tablet":"","ocean_menu_typo_transform_mobile":"","ocean_menu_typo_line_height":0,"ocean_menu_typo_line_height_tablet":0,"ocean_menu_typo_line_height_mobile":0,"ocean_menu_typo_line_height_unit":"","ocean_menu_typo_spacing":0,"ocean_menu_typo_spacing_tablet":0,"ocean_menu_typo_spacing_mobile":0,"ocean_menu_typo_spacing_unit":"","ocean_menu_link_color":"","ocean_menu_link_color_hover":"","ocean_menu_link_color_active":"","ocean_menu_link_background":"","ocean_menu_link_hover_background":"","ocean_menu_link_active_background":"","ocean_menu_social_links_bg":"","ocean_menu_social_hover_links_bg":"","ocean_menu_social_links_color":"","ocean_menu_social_hover_links_color":"","ocean_disable_title":"default","ocean_disable_heading":"default","ocean_post_title":"","ocean_post_subheading":"","ocean_post_title_style":"","ocean_post_title_background_color":"","ocean_post_title_background":0,"ocean_post_title_bg_image_position":"","ocean_post_title_bg_image_attachment":"","ocean_post_title_bg_image_repeat":"","ocean_post_title_bg_image_size":"","ocean_post_title_height":0,"ocean_post_title_bg_overlay":0.5,"ocean_post_title_bg_overlay_color":"","ocean_disable_breadcrumbs":"default","ocean_breadcrumbs_color":"","ocean_breadcrumbs_separator_color":"","ocean_breadcrumbs_links_color":"","ocean_breadcrumbs_links_hover_color":"","ocean_display_footer_widgets":"default","ocean_display_footer_bottom":"default","ocean_custom_footer_template":"","ocean_post_oembed":"","ocean_post_self_hosted_media":"","ocean_post_video_embed":"","ocean_link_format":"","ocean_link_format_target":"self","ocean_quote_format":"","ocean_quote_format_link":"post","ocean_gallery_link_images":"on","ocean_gallery_id":[],"footnotes":""},"categories":[63],"tags":[],"class_list":["post-16067","post","type-post","status-publish","format-standard","hentry","category-khaebaerlaer-az","entry"],"_links":{"self":[{"href":"https:\/\/mdu.edu.az\/en\/wp-json\/wp\/v2\/posts\/16067","targetHints":{"allow":["GET"]}}],"collection":[{"href":"https:\/\/mdu.edu.az\/en\/wp-json\/wp\/v2\/posts"}],"about":[{"href":"https:\/\/mdu.edu.az\/en\/wp-json\/wp\/v2\/types\/post"}],"author":[{"embeddable":true,"href":"https:\/\/mdu.edu.az\/en\/wp-json\/wp\/v2\/users\/1"}],"replies":[{"embeddable":true,"href":"https:\/\/mdu.edu.az\/en\/wp-json\/wp\/v2\/comments?post=16067"}],"version-history":[{"count":0,"href":"https:\/\/mdu.edu.az\/en\/wp-json\/wp\/v2\/posts\/16067\/revisions"}],"wp:attachment":[{"href":"https:\/\/mdu.edu.az\/en\/wp-json\/wp\/v2\/media?parent=16067"}],"wp:term":[{"taxonomy":"category","embeddable":true,"href":"https:\/\/mdu.edu.az\/en\/wp-json\/wp\/v2\/categories?post=16067"},{"taxonomy":"post_tag","embeddable":true,"href":"https:\/\/mdu.edu.az\/en\/wp-json\/wp\/v2\/tags?post=16067"}],"curies":[{"name":"wp","href":"https:\/\/api.w.org\/{rel}","templated":true}]}}