{"id":16075,"date":"2021-10-08T19:32:05","date_gmt":"2021-10-08T16:32:05","guid":{"rendered":"https:\/\/mdu.edu.az\/minzh-evir-d-vl-t-universitetinin-bir-zhrup-kollektiv-zv-az-rbaydzan-ies-ekskursiya-edib\/"},"modified":"2021-10-08T19:32:05","modified_gmt":"2021-10-08T16:32:05","slug":"minzh-evir-d-vl-t-universitetinin-bir-zhrup-kollektiv-zv-az-rbaydzan-ies-ekskursiya-edib","status":"publish","type":"post","link":"https:\/\/mdu.edu.az\/en\/minzh-evir-d-vl-t-universitetinin-bir-zhrup-kollektiv-zv-az-rbaydzan-ies-ekskursiya-edib\/","title":{"rendered":"Ming\u0259\u00e7evir D\u00f6vl\u0259t Universitetinin bir qrup kollektiv \u00fczv\u00fc \u201cAz\u0259rbaycan\u201d \u0130ES-\u0259 ekskursiya edib"},"content":{"rendered":"<p style=\"margin-bottom: 0.0001pt; text-align: center; line-height: 150%; background: white none repeat scroll 0% 0%;\"><b><span style=\"font-size: 14pt; line-height: 150%; font-family: 'Arial', sans-serif; color: #002060;\">Ming\u0259&ccedil;evir D&ouml;vl\u0259t Universitetinin<\/span><\/b><b><span style=\"font-size: 14pt; line-height: 150%; font-family: 'Arial', sans-serif; color: #002060;\"> bir qrup kollektiv &uuml;zv&uuml; &ldquo;Az\u0259rbaycan&rdquo; \u0130ES-\u0259 ekskursiya edib<\/span><\/b><\/p>\n<p>&nbsp;<\/p>\n<p style=\"margin-bottom: 0.0001pt; text-align: center; line-height: 150%; background: white none repeat scroll 0% 0%;\"><span style=\"font-size: 14pt; line-height: 150%; font-family: 'Helvetica', sans-serif; color: #000000;\"><\/span><\/p>\n<p style=\"margin-bottom: 0.0001pt; text-align: justify; text-indent: 35.45pt; line-height: 150%; background: white none repeat scroll 0% 0%;\"><span style=\"font-size: 12pt; line-height: 150%; font-family: 'Arial', sans-serif; color: #000000;\">2021-ci ilin 7 oktyabr tarixind\u0259 Ming\u0259&ccedil;evir D&ouml;vl\u0259t Universitetinin (MDU) bir qrup akademik v\u0259 inzibati hey\u0259ti &uuml;zv&uuml;, t\u0259l\u0259b\u0259 v\u0259 magistrantlar\u0131 Ming\u0259&ccedil;evir \u015f\u0259h\u0259rind\u0259 yerl\u0259\u015f\u0259n &ldquo;Az\u0259rbaycan&rdquo; \u0130ES-d\u0259 ekskursiyada olublar. Bununla yana\u015f\u0131, cari t\u0259dris ilind\u0259 MDU-da yeni f\u0259aliyy\u0259t\u0259 ba\u015flayan Qazi Universitetinin elektrik v\u0259 elektronika m&uuml;h\u0259ndisliyi sah\u0259si &uuml;zr\u0259 tan\u0131nm\u0131\u015f iki professoru Ercan Nurcan Y\u0131lmaz v\u0259 Cemal Y\u0131lmaz da ekskursiya hey\u0259tinin t\u0259rkibind\u0259 yer al\u0131blar.<\/span><\/p>\n<p style=\"margin-bottom: 0.0001pt; text-align: justify; text-indent: 35.4pt; line-height: 150%;\"><span style=\"font-size: 12pt; line-height: 150%; font-family: 'Arial', sans-serif; color: #000000;\">Ekskursiya zaman\u0131 ziyar\u0259t&ccedil;il\u0259r \u0130ES-in enerji bloklar\u0131 il\u0259 yax\u0131ndan tan\u0131\u015f olub, elektrik enerjisinin istehsal\u0131 v\u0259 &ouml;t&uuml;r&uuml;lm\u0259si, vahid m\u0259rk\u0259zd\u0259n idar\u0259 olunan elektrik stansiyalar\u0131, yar\u0131mstansiyalar\u0131, sistemt\u0259\u015fkiledici elektrik verili\u015fi x\u0259tl\u0259ri haqq\u0131nda m\u0259lumatland\u0131r\u0131l\u0131blar.<\/span><\/p>\n<p style=\"margin-bottom: 0.0001pt; text-align: justify; text-indent: 35.4pt; line-height: 150%; background: white none repeat scroll 0% 0%;\"><span style=\"font-size: 12pt; line-height: 150%; font-family: 'Arial', sans-serif; color: #000000;\">Sonra, ekskursiya &ccedil;\u0259r&ccedil;iv\u0259sind\u0259 d\u0259yirmi masa ke&ccedil;irilib. <\/span><\/p>\n<p style=\"margin-bottom: 0.0001pt; text-align: justify; text-indent: 35.45pt; line-height: 150%; background: white none repeat scroll 0% 0%;\"><span style=\"font-size: 12pt; line-height: 150%; font-family: 'Arial', sans-serif; color: #000000;\">D\u0259yirmi masada MDU-nun t\u0259l\u0259b\u0259 v\u0259 m&uuml;\u0259llim kollektivi &uuml;zvl\u0259ri il\u0259 bir arada olmaqdan m\u0259mnunlu\u011funu bildir\u0259n &ldquo;Az\u0259rbaycan&rdquo; \u0130ES-in direktoru T\u0259hmasib H&uuml;seynov Ulu &Ouml;nd\u0259r Heyd\u0259r \u018fliyevin t\u0259\u015f\u0259bb&uuml;s&uuml; il\u0259 tikintisin\u0259 ba\u015flan\u0131lan &ldquo;Az\u0259rbaycan&rdquo; \u0130ES-nin yaranmas\u0131ndan, f\u0259aliyy\u0259t tarixind\u0259n v\u0259 respublikan\u0131n elektrik enerjisin\u0259 olan t\u0259labat\u0131n\u0131n &ouml;d\u0259nilm\u0259sind\u0259ki rolundan b\u0259hs edib. <\/span><\/p>\n<p style=\"margin-bottom: 0.0001pt; text-align: justify; text-indent: 35.45pt; line-height: 150%; background: white none repeat scroll 0% 0%;\"><span style=\"font-size: 12pt; line-height: 150%; font-family: 'Arial', sans-serif; color: #000000;\">Az\u0259rbaycan Respublikas\u0131n\u0131n Prezidenti c\u0259nab \u0130lham \u018fliyevin t\u0259\u015f\u0259bb&uuml;s&uuml; v\u0259 d\u0259st\u0259yi il\u0259 &ldquo;Az\u0259rbaycan&rdquo; \u0130ES-in m&uuml;asir t\u0259l\u0259bl\u0259r\u0259 uy\u011fun yenid\u0259n qurulmas\u0131ndan dan\u0131\u015fan T.H&uuml;seynov haz\u0131rda stansiyan\u0131n g&uuml;c&uuml;n&uuml;n \u0259h\u0259miyy\u0259tli d\u0259r\u0259c\u0259d\u0259 artd\u0131\u011f\u0131n\u0131, etibarl\u0131l\u0131\u011f\u0131, t\u0259hl&uuml;k\u0259sizliyi v\u0259 s\u0259m\u0259r\u0259liliyinin t\u0259min olundu\u011funu qeyd edib. \u0130stehsalatda t\u0259tbiq edil\u0259n m&uuml;asir texnologiyalardan v\u0259 m&uuml;h\u0259ndis yana\u015fmalar\u0131ndan s&ouml;hb\u0259t a&ccedil;an T.H&uuml;seynov bu sah\u0259d\u0259 m&uuml;asir bilik v\u0259 bacar\u0131qlara sahib kadrlara b&ouml;y&uuml;k ehtiyac duyuldu\u011funu vur\u011fulay\u0131b v\u0259 bu bax\u0131mdan MDU il\u0259 \u0259m\u0259kda\u015fl\u0131\u011f\u0131n &ouml;n\u0259mini diqq\u0259t\u0259 &ccedil;atd\u0131r\u0131b.<\/span><\/p>\n<p style=\"margin-bottom: 0.0001pt; text-align: justify; text-indent: 35.45pt; line-height: 150%; background: white none repeat scroll 0% 0%;\"><span style=\"font-size: 12pt; line-height: 150%; font-family: 'Arial', sans-serif; color: #000000;\">S\u0259mimi g&ouml;r&uuml;\u015f\u0259 v\u0259 y&uuml;ks\u0259k t\u0259\u015fkilat&ccedil;\u0131l\u0131\u011fa g&ouml;r\u0259 &ldquo;Az\u0259rbaycan&rdquo; \u0130ES-in r\u0259hb\u0259rliyin\u0259 t\u0259\u015f\u0259kk&uuml;r ed\u0259n MDU-nun t\u0259dris i\u015fl\u0259ri &uuml;zr\u0259 prorektor \u0259v\u0259zi Veys\u0259l \u018fyyubov t\u0259dbir i\u015ftirak&ccedil;\u0131lar\u0131na rektor \u015eahin Bayramovun salamlar\u0131n\u0131 &ccedil;atd\u0131r\u0131b. MDU-nun m\u0259zunlar\u0131n\u0131 elektrik stansiyas\u0131n\u0131n m&uuml;vafiq struktur b&ouml;lm\u0259l\u0259rind\u0259 &ccedil;al\u0131\u015fd\u0131\u011f\u0131n\u0131 g&ouml;rm\u0259kd\u0259n m\u0259mnunlu\u011funu ifad\u0259 ed\u0259n V.\u018fyyubov yeni d&ouml;vr&uuml;n ali t\u0259hsil m&uuml;\u0259ssis\u0259sin\u0259 &ccedil;evrilm\u0259yi h\u0259d\u0259fl\u0259y\u0259n universitetd\u0259 m&uuml;h\u0259ndis kadr haz\u0131rl\u0131\u011f\u0131n\u0131n keyfiyy\u0259tinin y&uuml;ks\u0259ldilm\u0259si il\u0259 ba\u011fl\u0131 g&ouml;r&uuml;l\u0259n i\u015fl\u0259rd\u0259n b\u0259hs edib v\u0259 bu istiqam\u0259td\u0259 &ldquo;Az\u0259rbaycan&rdquo; \u0130ES il\u0259 h\u0259yata ke&ccedil;iril\u0259n i\u015fbirliyinin daha da g&uuml;cl\u0259ndirilm\u0259sinin z\u0259ruriliyini bildirib.<\/span><\/p>\n<p style=\"margin-bottom: 0.0001pt; text-align: justify; text-indent: 35.45pt; line-height: 150%; background: white none repeat scroll 0% 0%;\"><span style=\"font-size: 12pt; line-height: 150%; font-family: 'Arial', sans-serif; color: #000000;\"> D\u0259yirmi masa t\u0259hsil-s\u0259naye \u0259m\u0259kda\u015fl\u0131\u011f\u0131 format\u0131nda qar\u015f\u0131l\u0131ql\u0131 maraq k\u0259sb ed\u0259n bir s\u0131ra m\u0259s\u0259l\u0259l\u0259rin m&uuml;zakir\u0259si il\u0259 yekunla\u015f\u0131b.<\/span><\/p>\n<p style=\"margin-bottom: 0.0001pt; text-align: justify; text-indent: 35.45pt; line-height: 150%; background: white none repeat scroll 0% 0%;\"><span style=\"font-size: 12pt; line-height: 150%; font-family: 'Arial', sans-serif; color: #000000;\">Qeyd ed\u0259k ki, haz\u0131rda m&uuml;asirl\u0259\u015fm\u0259 m\u0259rh\u0259l\u0259sind\u0259 olan MDU-da kadr haz\u0131rl\u0131\u011f\u0131n\u0131n keyfiyy\u0259tinin y&uuml;ks\u0259ldilm\u0259si, t\u0259drisin m\u0259zmununun t\u0259kmill\u0259\u015fdirilm\u0259si v\u0259 n\u0259tic\u0259y&ouml;n&uuml;ml&uuml; t\u0259dqiqatlar\u0131n s\u0259m\u0259r\u0259liliyinin art\u0131r\u0131lmas\u0131 m\u0259qs\u0259dil\u0259 m&uuml;xt\u0259lif formatl\u0131 t\u0259hsil-s\u0259naye \u0259m\u0259kda\u015fl\u0131\u011f\u0131n\u0131n inki\u015faf etdirilm\u0259sin\u0259 x&uuml;susi \u0259h\u0259miyy\u0259t verilir.<\/span><\/p>\n<p>{phocagallery view=category|categoryid=697|limitstart=0|limitcount=0}<\/p>","protected":false},"excerpt":{"rendered":"<p>Ming\u0259&ccedil;evir D&ouml;vl\u0259t Universitetinin bir qrup kollektiv &uuml;zv&uuml; &ldquo;Az\u0259rbaycan&rdquo; \u0130ES-\u0259 ekskursiya edib &nbsp; 2021-ci ilin 7 oktyabr tarixind\u0259 Ming\u0259&ccedil;evir D&ouml;vl\u0259t Universitetinin (MDU) bir qrup akademik v\u0259 inzibati hey\u0259ti &uuml;zv&uuml;, t\u0259l\u0259b\u0259 v\u0259 magistrantlar\u0131 Ming\u0259&ccedil;evir \u015f\u0259h\u0259rind\u0259 yerl\u0259\u015f\u0259n &ldquo;Az\u0259rbaycan&rdquo; \u0130ES-d\u0259 ekskursiyada olublar. Bununla yana\u015f\u0131, cari t\u0259dris ilind\u0259 MDU-da yeni f\u0259aliyy\u0259t\u0259 ba\u015flayan Qazi Universitetinin elektrik v\u0259 elektronika m&uuml;h\u0259ndisliyi sah\u0259si &uuml;zr\u0259 [&hellip;]<\/p>\n","protected":false},"author":1,"featured_media":0,"comment_status":"open","ping_status":"open","sticky":false,"template":"","format":"standard","meta":{"_eb_attr":"","ocean_post_layout":"","ocean_both_sidebars_style":"","ocean_both_sidebars_content_width":0,"ocean_both_sidebars_sidebars_width":0,"ocean_sidebar":"","ocean_second_sidebar":"","ocean_disable_margins":"enable","ocean_add_body_class":"","ocean_shortcode_before_top_bar":"","ocean_shortcode_after_top_bar":"","ocean_shortcode_before_header":"","ocean_shortcode_after_header":"","ocean_has_shortcode":"","ocean_shortcode_after_title":"","ocean_shortcode_before_footer_widgets":"","ocean_shortcode_after_footer_widgets":"","ocean_shortcode_before_footer_bottom":"","ocean_shortcode_after_footer_bottom":"","ocean_display_top_bar":"default","ocean_display_header":"default","ocean_header_style":"","ocean_center_header_left_menu":"","ocean_custom_header_template":"","ocean_custom_logo":0,"ocean_custom_retina_logo":0,"ocean_custom_logo_max_width":0,"ocean_custom_logo_tablet_max_width":0,"ocean_custom_logo_mobile_max_width":0,"ocean_custom_logo_max_height":0,"ocean_custom_logo_tablet_max_height":0,"ocean_custom_logo_mobile_max_height":0,"ocean_header_custom_menu":"","ocean_menu_typo_font_family":"","ocean_menu_typo_font_subset":"","ocean_menu_typo_font_size":0,"ocean_menu_typo_font_size_tablet":0,"ocean_menu_typo_font_size_mobile":0,"ocean_menu_typo_font_size_unit":"px","ocean_menu_typo_font_weight":"","ocean_menu_typo_font_weight_tablet":"","ocean_menu_typo_font_weight_mobile":"","ocean_menu_typo_transform":"","ocean_menu_typo_transform_tablet":"","ocean_menu_typo_transform_mobile":"","ocean_menu_typo_line_height":0,"ocean_menu_typo_line_height_tablet":0,"ocean_menu_typo_line_height_mobile":0,"ocean_menu_typo_line_height_unit":"","ocean_menu_typo_spacing":0,"ocean_menu_typo_spacing_tablet":0,"ocean_menu_typo_spacing_mobile":0,"ocean_menu_typo_spacing_unit":"","ocean_menu_link_color":"","ocean_menu_link_color_hover":"","ocean_menu_link_color_active":"","ocean_menu_link_background":"","ocean_menu_link_hover_background":"","ocean_menu_link_active_background":"","ocean_menu_social_links_bg":"","ocean_menu_social_hover_links_bg":"","ocean_menu_social_links_color":"","ocean_menu_social_hover_links_color":"","ocean_disable_title":"default","ocean_disable_heading":"default","ocean_post_title":"","ocean_post_subheading":"","ocean_post_title_style":"","ocean_post_title_background_color":"","ocean_post_title_background":0,"ocean_post_title_bg_image_position":"","ocean_post_title_bg_image_attachment":"","ocean_post_title_bg_image_repeat":"","ocean_post_title_bg_image_size":"","ocean_post_title_height":0,"ocean_post_title_bg_overlay":0.5,"ocean_post_title_bg_overlay_color":"","ocean_disable_breadcrumbs":"default","ocean_breadcrumbs_color":"","ocean_breadcrumbs_separator_color":"","ocean_breadcrumbs_links_color":"","ocean_breadcrumbs_links_hover_color":"","ocean_display_footer_widgets":"default","ocean_display_footer_bottom":"default","ocean_custom_footer_template":"","ocean_post_oembed":"","ocean_post_self_hosted_media":"","ocean_post_video_embed":"","ocean_link_format":"","ocean_link_format_target":"self","ocean_quote_format":"","ocean_quote_format_link":"post","ocean_gallery_link_images":"on","ocean_gallery_id":[],"footnotes":""},"categories":[63],"tags":[],"class_list":["post-16075","post","type-post","status-publish","format-standard","hentry","category-khaebaerlaer-az","entry"],"_links":{"self":[{"href":"https:\/\/mdu.edu.az\/en\/wp-json\/wp\/v2\/posts\/16075","targetHints":{"allow":["GET"]}}],"collection":[{"href":"https:\/\/mdu.edu.az\/en\/wp-json\/wp\/v2\/posts"}],"about":[{"href":"https:\/\/mdu.edu.az\/en\/wp-json\/wp\/v2\/types\/post"}],"author":[{"embeddable":true,"href":"https:\/\/mdu.edu.az\/en\/wp-json\/wp\/v2\/users\/1"}],"replies":[{"embeddable":true,"href":"https:\/\/mdu.edu.az\/en\/wp-json\/wp\/v2\/comments?post=16075"}],"version-history":[{"count":0,"href":"https:\/\/mdu.edu.az\/en\/wp-json\/wp\/v2\/posts\/16075\/revisions"}],"wp:attachment":[{"href":"https:\/\/mdu.edu.az\/en\/wp-json\/wp\/v2\/media?parent=16075"}],"wp:term":[{"taxonomy":"category","embeddable":true,"href":"https:\/\/mdu.edu.az\/en\/wp-json\/wp\/v2\/categories?post=16075"},{"taxonomy":"post_tag","embeddable":true,"href":"https:\/\/mdu.edu.az\/en\/wp-json\/wp\/v2\/tags?post=16075"}],"curies":[{"name":"wp","href":"https:\/\/api.w.org\/{rel}","templated":true}]}}