{"id":16087,"date":"2021-10-16T10:43:25","date_gmt":"2021-10-16T07:43:25","guid":{"rendered":"https:\/\/mdu.edu.az\/ldu-da-18-oktyabr-d-vl-t-m-st-zhilliyimizin-b-rpas-zh-n-elmi-n-z-ri-konfransla-zheyd-edilib\/"},"modified":"2021-10-16T10:43:25","modified_gmt":"2021-10-16T07:43:25","slug":"ldu-da-18-oktyabr-d-vl-t-m-st-zhilliyimizin-b-rpas-zh-n-elmi-n-z-ri-konfransla-zheyd-edilib","status":"publish","type":"post","link":"https:\/\/mdu.edu.az\/en\/ldu-da-18-oktyabr-d-vl-t-m-st-zhilliyimizin-b-rpas-zh-n-elmi-n-z-ri-konfransla-zheyd-edilib\/","title":{"rendered":"Ming\u0259\u00e7evir D\u00f6vl\u0259t Universiteti v\u0259 L\u0259nk\u0259ran D\u00f6vl\u0259t Universiteti aras\u0131nda \u0259m\u0259kda\u015fl\u0131\u011f\u0131n \u0259sas\u0131 qoyulub"},"content":{"rendered":"<p style=\"margin-bottom: 0.0001pt; text-align: center; line-height: 150%;\"><b><span style=\"font-size: 14pt; line-height: 150%; font-family: 'Arial','sans-serif'; color: #002060;\">Ming\u0259&ccedil;evir D&ouml;vl\u0259t Universiteti v\u0259 L\u0259nk\u0259ran D&ouml;vl\u0259t Universiteti aras\u0131nda \u0259m\u0259kda\u015fl\u0131\u011f\u0131n \u0259sas\u0131 qoyulub<\/span><\/b><\/p>\n<p>&nbsp;<\/p>\n<p style=\"margin-bottom: 0.0001pt; text-align: justify; text-indent: 1cm; line-height: 150%;\"><span style=\"font-size: 12pt; line-height: 150%; font-family: 'Arial','sans-serif'; color: #000000;\">2021-ci ilin 15 oktyabr tarixind\u0259 L\u0259nk\u0259ran D&ouml;vl\u0259t Universitetind\u0259 (LDU) Ming\u0259&ccedil;evir D&ouml;vl\u0259t Universiteti (MDU) il\u0259 birg\u0259 Az\u0259rbaycan Respublikas\u0131n\u0131n d&ouml;vl\u0259t m&uuml;st\u0259qilliyinin b\u0259rpas\u0131n\u0131n 30-cu ild&ouml;n&uuml;m&uuml;n\u0259 h\u0259sr olunan elmi-n\u0259z\u0259ri konfrans ke&ccedil;irilib.<\/span><\/p>\n<p style=\"margin-bottom: 0.0001pt; text-align: justify; text-indent: 1cm; line-height: 150%;\"><span style=\"font-size: 12pt; line-height: 150%; font-family: 'Arial','sans-serif'; color: #000000;\">L\u0259nk\u0259randa s\u0259f\u0259rd\u0259 olan MDU-nun r\u0259hb\u0259r v\u0259 akademik hey\u0259t &uuml;zvl\u0259rind\u0259n ibar\u0259t n&uuml;may\u0259nd\u0259 hey\u0259tinin qat\u0131ld\u0131\u011f\u0131 konfransda h\u0259r iki universiteti t\u0259msil ed\u0259n m&uuml;\u0259llim v\u0259 t\u0259l\u0259b\u0259l\u0259rin &ldquo;Microsoft Teams&rdquo; platformas\u0131 &uuml;z\u0259rind\u0259n onlayn i\u015ftirak\u0131 da t\u0259min edilib. <\/span><\/p>\n<p style=\"margin-bottom: 0.0001pt; text-align: justify; text-indent: 1cm; line-height: 150%;\"><span style=\"font-size: 12pt; line-height: 150%; font-family: 'Arial','sans-serif'; color: #000000;\">Konfrans m&uuml;st\u0259qilliyimiz u\u011frunda can\u0131ndan v\u0259 qan\u0131ndan ke&ccedil;\u0259n \u015f\u0259hidl\u0259rin \u0259ziz xatir\u0259sinin bir d\u0259qiq\u0259lik s&uuml;kutla yad edilm\u0259si il\u0259 &ouml;z i\u015fin\u0259 ba\u015flay\u0131b.<\/span><\/p>\n<p style=\"margin-bottom: 0.0001pt; text-align: justify; text-indent: 1cm; line-height: 150%;\"><span style=\"font-size: 12pt; line-height: 150%; font-family: 'Arial','sans-serif'; color: #000000;\">Konfrans i\u015ftirak&ccedil;\u0131lar\u0131n\u0131 salamlayan LDU-nun rektoru Natiq \u0130brahimov son d&ouml;vrd\u0259 m&uuml;asirl\u0259\u015fm\u0259 yolunda inamla ir\u0259lil\u0259y\u0259n MDU kollektivini L\u0259nk\u0259randa g&ouml;rm\u0259kd\u0259n m\u0259mnunlu\u011funu ifad\u0259 edib v\u0259 \u0259lam\u0259tdar tarixi g&uuml;n m&uuml;nasib\u0259til\u0259 t\u0259brikl\u0259rini &ccedil;atd\u0131r\u0131b.<\/span><\/p>\n<p style=\"margin-bottom: 0.0001pt; text-align: justify; text-indent: 1cm; line-height: 150%;\"><span style=\"font-size: 12pt; line-height: 150%; font-family: 'Arial','sans-serif'; color: #000000;\">LDU rektoru bildirib ki, Az\u0259rbaycan bir \u0259srd\u0259 iki d\u0259f\u0259 m&uuml;st\u0259qillik \u0259ld\u0259 etm\u0259k, &ouml;z&uuml;n&uuml;n suveren d&ouml;vl\u0259tini yaratmaq imkan\u0131 qazansa da, t\u0259\u0259ss&uuml;f ki, birinci imkan xarici m&uuml;daxil\u0259, daxili &ccedil;\u0259ki\u015fm\u0259l\u0259r v\u0259 beyn\u0259lxalq t\u0259minat\u0131n olmamas\u0131 s\u0259b\u0259bl\u0259rind\u0259n itirilib, 1918-ci ild\u0259 qurulmu\u015f Az\u0259rbaycan Xalq C&uuml;mhuriyy\u0259ti c\u0259mi 23 ay ya\u015faya bilib. \u0130kinci tarixi \u015f\u0259raitin 70 ild\u0259n sonra yarand\u0131\u011f\u0131n\u0131 vur\u011fulayan rektor, Sovet imperiyas\u0131n\u0131n da\u011f\u0131lmas\u0131n\u0131n Az\u0259rbaycan xalq\u0131na &ouml;z milli m&uuml;st\u0259qilliyini b\u0259rpa etm\u0259y\u0259 imkan verdiyini qeyd edib. <\/span><\/p>\n<p style=\"margin-bottom: 0.0001pt; text-align: justify; text-indent: 1cm; line-height: 150%;\"><span style=\"font-size: 12pt; line-height: 150%; font-family: 'Arial','sans-serif'; color: #000000;\">&Ouml;t\u0259n 30 il m&uuml;dd\u0259tind\u0259 &Uuml;mummilli Lider Heyd\u0259r \u018fliyevin v\u0259 onun layiqli davam&ccedil;\u0131s\u0131 m&ouml;ht\u0259r\u0259m Prezidentimiz \u0130lham \u018fliyevin h\u0259yata ke&ccedil;irdiyi m\u0259qs\u0259dy&ouml;nl&uuml; siyas\u0259t n\u0259tic\u0259sind\u0259 Az\u0259rbaycan\u0131n h\u0259m siyasi, h\u0259m d\u0259 iqtisadi c\u0259h\u0259td\u0259n d&uuml;nyan\u0131n q&uuml;dr\u0259tli d&ouml;vl\u0259tl\u0259rind\u0259n birin\u0259 &ccedil;evrildiyini dey\u0259n N.\u0130brahimov 44 g&uuml;nl&uuml;k V\u0259t\u0259n m&uuml;harib\u0259sinin q\u0259l\u0259b\u0259mizl\u0259 bitm\u0259sini, torpaqlar\u0131m\u0131z\u0131n d&uuml;\u015fm\u0259n tapda\u011f\u0131ndan azad olunmas\u0131n\u0131 Az\u0259rbaycan\u0131n b&ouml;y&uuml;k u\u011furu kimi d\u0259y\u0259rl\u0259ndirib. Qeyd edilib ki, m\u0259hz bu q\u0259l\u0259b\u0259 say\u0259sind\u0259 &ouml;lk\u0259miz regionda s&ouml;z sahibin\u0259 &ccedil;evrilib, daxili v\u0259 xarici siyas\u0259td\u0259 n&uuml;fuzunu daha da art\u0131b.<\/span><\/p>\n<p style=\"margin-bottom: 0.0001pt; text-align: justify; text-indent: 1cm; line-height: 150%;\"><span style=\"font-size: 12pt; line-height: 150%; font-family: 'Arial','sans-serif'; color: #000000;\">M&uuml;st\u0259qilliyin b\u0259rpa edilm\u0259sinin ild&ouml;n&uuml;m&uuml; m&uuml;nasib\u0259til\u0259 konfrans i\u015ftirak&ccedil;\u0131lar\u0131n\u0131 t\u0259brik ed\u0259n MDU-nun rektoru \u015eahin Bayramov bu \u0259lam\u0259tdar tarixin regionun davaml\u0131 yenil\u0259n\u0259n ali t\u0259hsil m&uuml;\u0259ssis\u0259l\u0259rind\u0259n olan LDU il\u0259 birlikd\u0259 qeyd edilm\u0259sind\u0259n m\u0259mnunlu\u011funu bildirib.<\/span><\/p>\n<p style=\"margin-bottom: 0.0001pt; text-align: justify; text-indent: 1cm; line-height: 150%;\"><span style=\"font-size: 12pt; line-height: 150%; font-family: 'Arial','sans-serif'; color: #000000;\">M&uuml;asir Az\u0259rbaycan d&ouml;vl\u0259tinin memar\u0131 Heyd\u0259r \u018fliyevin m&uuml;drik siyas\u0259ti say\u0259sind\u0259 m&uuml;st\u0259qilliyimizin \u0259b\u0259di v\u0259 d&ouml;nm\u0259z xarakter ald\u0131\u011f\u0131n\u0131 vur\u011fulayan \u015e.Bayramov &Uuml;mummilli Liderin layiqli siyasi varisi \u0130lham \u018fliyevin r\u0259hb\u0259rliyi il\u0259 apar\u0131lan u\u011furlu siyas\u0259t n\u0259tic\u0259sind\u0259 d&ouml;vl\u0259t&ccedil;iliyin daha da m&ouml;hk\u0259ml\u0259ndiyini, &ouml;lk\u0259mizin h\u0259rt\u0259r\u0259fli v\u0259 dayan\u0131ql\u0131 inki\u015faf\u0131na nail olundu\u011funu, onun beyn\u0259lxalq m&ouml;vqeyinin \u0259h\u0259miyy\u0259tli d\u0259r\u0259c\u0259d\u0259 g&uuml;cl\u0259ndiyini v\u0259 milli-m\u0259n\u0259vi d\u0259y\u0259rl\u0259rin qorunub saxlan\u0131ld\u0131\u011f\u0131n\u0131 qeyd edib. Bildirilib ki, ictimai h\u0259yat\u0131n b&uuml;t&uuml;n sah\u0259l\u0259rini \u0259hat\u0259 ed\u0259n d&ouml;vl\u0259tin y&uuml;ks\u0259k diqq\u0259t v\u0259 qay\u011f\u0131s\u0131 t\u0259hsil sah\u0259sinin modern inki\u015faf\u0131nda da ayd\u0131n \u015f\u0259kild\u0259 t\u0259zah&uuml;r edir.<\/span><\/p>\n<p style=\"margin-bottom: 0.0001pt; text-align: justify; text-indent: 1cm; line-height: 150%;\"><span style=\"font-size: 12pt; line-height: 150%; font-family: 'Arial','sans-serif'; color: #000000;\">M&uuml;z\u0259ff\u0259r Ali Ba\u015f Komandan\u0131m\u0131z\u0131n r\u0259hb\u0259rliyi v\u0259 yenilm\u0259z Az\u0259rbaycan \u018fsg\u0259rinin r\u0259\u015fad\u0259ti say\u0259sind\u0259 44 g&uuml;nl&uuml;k V\u0259t\u0259n M&uuml;harib\u0259sind\u0259 qazan\u0131lan tarixi Z\u0259f\u0259ri m&uuml;st\u0259qillik tariximizin \u0259n \u015fanl\u0131 s\u0259hif\u0259si kimi d\u0259y\u0259rl\u0259ndir\u0259n rektor otuz illik erm\u0259ni i\u015f\u011fal\u0131na son qoyan haqq sava\u015f\u0131nda tarixi \u0259dal\u0259tin, \u0259razi b&uuml;t&ouml;vl&uuml;y&uuml;n&uuml;n v\u0259 milli l\u0259yaq\u0259timizin b\u0259rpa edilm\u0259sini m&uuml;st\u0259qil v\u0259 suveren inki\u015faf\u0131m\u0131za veril\u0259n misilsiz t&ouml;hf\u0259l\u0259r oldu\u011funu deyib v\u0259 konfrans\u0131n i\u015fin\u0259 u\u011furlar arzulay\u0131b. <\/span><\/p>\n<p style=\"margin-bottom: 0.0001pt; text-align: justify; text-indent: 1cm; line-height: 150%;\"><span style=\"font-size: 12pt; line-height: 150%; font-family: 'Arial','sans-serif'; color: #000000;\">Birg\u0259 konfransda MDU-nun dosentl\u0259ri \u0130lham M\u0259mm\u0259dov &ldquo;&Uuml;mummilli Liderimizin yaratd\u0131\u011f\u0131 m&uuml;st\u0259qil Az\u0259rbaycan\u0131n 30 illik h\u0259rt\u0259r\u0259fli inki\u015faf yoluna konseptual bax\u0131\u015f&rdquo;, Mahir \u0130smay\u0131lov &ldquo;44 g&uuml;nl&uuml;k V\u0259t\u0259n m&uuml;harib\u0259sind\u0259 qazan\u0131lan tarixi Z\u0259f\u0259r m&uuml;st\u0259qilliyimizin \u015fah \u0259s\u0259ridir&rdquo;, &Uuml;lk\u0259r A\u015furova &ldquo;Milli energetikam\u0131z\u0131n inki\u015faf\u0131nda m&uuml;st\u0259qillik d&ouml;vr&uuml;&rdquo;, LDU-nun dosentl\u0259ri G&uuml;lb\u0259niz \u018fliyeva &ldquo;M&uuml;asir \u015f\u0259raitd\u0259 &ouml;lk\u0259 iqtisadiyyat\u0131n\u0131n dayan\u0131ql\u0131 inki\u015faf\u0131n\u0131n sosial-iqtisadi aspektl\u0259ri&rdquo;, Zaur M\u0259mm\u0259dov &ldquo;M&uuml;st\u0259qillik d&ouml;vr&uuml;nd\u0259 Az\u0259rbaycan-T&uuml;rkiy\u0259 \u0259laq\u0259l\u0259ri v\u0259 onun inki\u015faf perspektivl\u0259ri&rdquo;, Kamal Mahmudov &ldquo;Multikulturalizm Az\u0259rbaycan Respublikas\u0131n\u0131n d&ouml;vl\u0259t siyas\u0259tinin t\u0259rkib hiss\u0259si kimi&rdquo; m&ouml;vzular\u0131nda m\u0259ruz\u0259 edibl\u0259r.<\/span><\/p>\n<p style=\"margin-bottom: 0.0001pt; text-align: justify; text-indent: 1cm; line-height: 150%;\"><span style=\"font-size: 12pt; line-height: 150%; font-family: 'Arial','sans-serif'; color: #000000;\">M\u0259ruz\u0259l\u0259r \u0259traf\u0131nda m&uuml;zakir\u0259l\u0259r ke&ccedil;irilib v\u0259 fikir m&uuml;badil\u0259si apar\u0131l\u0131b. <\/span><\/p>\n<p style=\"margin-bottom: 0.0001pt; text-align: justify; text-indent: 1cm; line-height: 150%;\"><span style=\"font-size: 12pt; line-height: 150%; font-family: 'Arial','sans-serif'; color: #000000;\">Konfrans\u0131n yekununda MDU il\u0259 LDU aras\u0131nda \u018fm\u0259kda\u015fl\u0131q Memorandumu imzalan\u0131b. Be\u015f il m&uuml;dd\u0259tin\u0259 imzalanan Memoranduma \u0259sas\u0259n t\u0259r\u0259fda\u015f universitetl\u0259r aras\u0131nda t\u0259l\u0259b\u0259-m&uuml;\u0259llim m&uuml;badil\u0259si h\u0259yata ke&ccedil;iril\u0259c\u0259k, birg\u0259 elmi t\u0259dbirl\u0259r t\u0259\u015fkil olunacaq, elmi \u0259m\u0259kda\u015fl\u0131q geni\u015fl\u0259ndiril\u0259c\u0259k.<\/span><\/p>\n<p style=\"margin-bottom: 0.0001pt; text-align: justify; text-indent: 1cm; line-height: 150%;\"><span style=\"font-size: 12pt; line-height: 150%; font-family: 'Arial','sans-serif'; color: #000000;\">Sonra xatir\u0259 h\u0259diyy\u0259l\u0259ri t\u0259qdim olunub.<\/span><\/p>\n<p style=\"margin-bottom: 0.0001pt; text-align: justify; text-indent: 1cm; line-height: 150%;\"><span style=\"font-size: 12pt; line-height: 150%; font-family: 'Arial','sans-serif';\"><span style=\"color: #000000;\">Qeyd ed\u0259k ki, s\u0259f\u0259r &ccedil;\u0259r&ccedil;iv\u0259sind\u0259 MDU n&uuml;may\u0259nd\u0259 hey\u0259ti LDU-nun yeni t\u0259dris korpuslar\u0131, elmi kitabxanas\u0131, laboratoriyalar\u0131, turizm-t\u0259cr&uuml;b\u0259 bazas\u0131, t\u0259l\u0259b\u0259 yataqxanas\u0131, yem\u0259kxanas\u0131 v\u0259 dig\u0259r infrastruktur obyektl\u0259ri il\u0259 tan\u0131\u015f olublar.<\/span> <\/span><\/p>\n<p>{phocagallery view=category|categoryid=707|limitstart=0|limitcount=0}<\/p>","protected":false},"excerpt":{"rendered":"<p>Ming\u0259&ccedil;evir D&ouml;vl\u0259t Universiteti v\u0259 L\u0259nk\u0259ran D&ouml;vl\u0259t Universiteti aras\u0131nda \u0259m\u0259kda\u015fl\u0131\u011f\u0131n \u0259sas\u0131 qoyulub &nbsp; 2021-ci ilin 15 oktyabr tarixind\u0259 L\u0259nk\u0259ran D&ouml;vl\u0259t Universitetind\u0259 (LDU) Ming\u0259&ccedil;evir D&ouml;vl\u0259t Universiteti (MDU) il\u0259 birg\u0259 Az\u0259rbaycan Respublikas\u0131n\u0131n d&ouml;vl\u0259t m&uuml;st\u0259qilliyinin b\u0259rpas\u0131n\u0131n 30-cu ild&ouml;n&uuml;m&uuml;n\u0259 h\u0259sr olunan elmi-n\u0259z\u0259ri konfrans ke&ccedil;irilib. L\u0259nk\u0259randa s\u0259f\u0259rd\u0259 olan MDU-nun r\u0259hb\u0259r v\u0259 akademik hey\u0259t &uuml;zvl\u0259rind\u0259n ibar\u0259t n&uuml;may\u0259nd\u0259 hey\u0259tinin qat\u0131ld\u0131\u011f\u0131 konfransda h\u0259r iki [&hellip;]<\/p>\n","protected":false},"author":1,"featured_media":0,"comment_status":"open","ping_status":"open","sticky":false,"template":"","format":"standard","meta":{"_eb_attr":"","ocean_post_layout":"","ocean_both_sidebars_style":"","ocean_both_sidebars_content_width":0,"ocean_both_sidebars_sidebars_width":0,"ocean_sidebar":"","ocean_second_sidebar":"","ocean_disable_margins":"enable","ocean_add_body_class":"","ocean_shortcode_before_top_bar":"","ocean_shortcode_after_top_bar":"","ocean_shortcode_before_header":"","ocean_shortcode_after_header":"","ocean_has_shortcode":"","ocean_shortcode_after_title":"","ocean_shortcode_before_footer_widgets":"","ocean_shortcode_after_footer_widgets":"","ocean_shortcode_before_footer_bottom":"","ocean_shortcode_after_footer_bottom":"","ocean_display_top_bar":"default","ocean_display_header":"default","ocean_header_style":"","ocean_center_header_left_menu":"","ocean_custom_header_template":"","ocean_custom_logo":0,"ocean_custom_retina_logo":0,"ocean_custom_logo_max_width":0,"ocean_custom_logo_tablet_max_width":0,"ocean_custom_logo_mobile_max_width":0,"ocean_custom_logo_max_height":0,"ocean_custom_logo_tablet_max_height":0,"ocean_custom_logo_mobile_max_height":0,"ocean_header_custom_menu":"","ocean_menu_typo_font_family":"","ocean_menu_typo_font_subset":"","ocean_menu_typo_font_size":0,"ocean_menu_typo_font_size_tablet":0,"ocean_menu_typo_font_size_mobile":0,"ocean_menu_typo_font_size_unit":"px","ocean_menu_typo_font_weight":"","ocean_menu_typo_font_weight_tablet":"","ocean_menu_typo_font_weight_mobile":"","ocean_menu_typo_transform":"","ocean_menu_typo_transform_tablet":"","ocean_menu_typo_transform_mobile":"","ocean_menu_typo_line_height":0,"ocean_menu_typo_line_height_tablet":0,"ocean_menu_typo_line_height_mobile":0,"ocean_menu_typo_line_height_unit":"","ocean_menu_typo_spacing":0,"ocean_menu_typo_spacing_tablet":0,"ocean_menu_typo_spacing_mobile":0,"ocean_menu_typo_spacing_unit":"","ocean_menu_link_color":"","ocean_menu_link_color_hover":"","ocean_menu_link_color_active":"","ocean_menu_link_background":"","ocean_menu_link_hover_background":"","ocean_menu_link_active_background":"","ocean_menu_social_links_bg":"","ocean_menu_social_hover_links_bg":"","ocean_menu_social_links_color":"","ocean_menu_social_hover_links_color":"","ocean_disable_title":"default","ocean_disable_heading":"default","ocean_post_title":"","ocean_post_subheading":"","ocean_post_title_style":"","ocean_post_title_background_color":"","ocean_post_title_background":0,"ocean_post_title_bg_image_position":"","ocean_post_title_bg_image_attachment":"","ocean_post_title_bg_image_repeat":"","ocean_post_title_bg_image_size":"","ocean_post_title_height":0,"ocean_post_title_bg_overlay":0.5,"ocean_post_title_bg_overlay_color":"","ocean_disable_breadcrumbs":"default","ocean_breadcrumbs_color":"","ocean_breadcrumbs_separator_color":"","ocean_breadcrumbs_links_color":"","ocean_breadcrumbs_links_hover_color":"","ocean_display_footer_widgets":"default","ocean_display_footer_bottom":"default","ocean_custom_footer_template":"","ocean_post_oembed":"","ocean_post_self_hosted_media":"","ocean_post_video_embed":"","ocean_link_format":"","ocean_link_format_target":"self","ocean_quote_format":"","ocean_quote_format_link":"post","ocean_gallery_link_images":"on","ocean_gallery_id":[],"footnotes":""},"categories":[63],"tags":[],"class_list":["post-16087","post","type-post","status-publish","format-standard","hentry","category-khaebaerlaer-az","entry"],"_links":{"self":[{"href":"https:\/\/mdu.edu.az\/en\/wp-json\/wp\/v2\/posts\/16087","targetHints":{"allow":["GET"]}}],"collection":[{"href":"https:\/\/mdu.edu.az\/en\/wp-json\/wp\/v2\/posts"}],"about":[{"href":"https:\/\/mdu.edu.az\/en\/wp-json\/wp\/v2\/types\/post"}],"author":[{"embeddable":true,"href":"https:\/\/mdu.edu.az\/en\/wp-json\/wp\/v2\/users\/1"}],"replies":[{"embeddable":true,"href":"https:\/\/mdu.edu.az\/en\/wp-json\/wp\/v2\/comments?post=16087"}],"version-history":[{"count":0,"href":"https:\/\/mdu.edu.az\/en\/wp-json\/wp\/v2\/posts\/16087\/revisions"}],"wp:attachment":[{"href":"https:\/\/mdu.edu.az\/en\/wp-json\/wp\/v2\/media?parent=16087"}],"wp:term":[{"taxonomy":"category","embeddable":true,"href":"https:\/\/mdu.edu.az\/en\/wp-json\/wp\/v2\/categories?post=16087"},{"taxonomy":"post_tag","embeddable":true,"href":"https:\/\/mdu.edu.az\/en\/wp-json\/wp\/v2\/tags?post=16087"}],"curies":[{"name":"wp","href":"https:\/\/api.w.org\/{rel}","templated":true}]}}