{"id":16088,"date":"2021-10-17T07:50:42","date_gmt":"2021-10-17T04:50:42","guid":{"rendered":"https:\/\/mdu.edu.az\/mi-news-az-sayt-nda-mdu-m-kda-n-n-m-zhal-si-d-rdz-olunub\/"},"modified":"2021-10-17T07:50:42","modified_gmt":"2021-10-17T04:50:42","slug":"mi-news-az-sayt-nda-mdu-m-kda-n-n-m-zhal-si-d-rdz-olunub","status":"publish","type":"post","link":"https:\/\/mdu.edu.az\/en\/mi-news-az-sayt-nda-mdu-m-kda-n-n-m-zhal-si-d-rdz-olunub\/","title":{"rendered":"&#8220;mi-news.az&#8221; sayt\u0131nda MDU \u0259m\u0259kda\u015f\u0131n\u0131n m\u0259qal\u0259si d\u0259rc olunub"},"content":{"rendered":"<p style=\"margin-bottom: 0.0001pt; text-align: center; line-height: 150%;\"><b><span style=\"font-size: 14pt; line-height: 150%; font-family: 'Arial', sans-serif; color: #0000cc;\">40 ya\u015f\u0131n m&uuml;bar\u0259k, &ldquo;Az\u0259rbaycan \u0130ES&rdquo;!<\/span><span style=\"font-size: 12pt; line-height: 150%; font-family: 'Arial', sans-serif;\"> <br \/><\/span><\/b><\/p>\n<p><a href=\"https:\/\/mi-news.az\/40-yasin-mubar-k-az-rbaycan-ies\/\" target=\"_blank\" rel=\"noopener\">www.mi-news.az<\/a><\/p>\n<p style=\"margin-bottom: 0.0001pt; text-align: justify; text-indent: 1cm; line-height: normal;\"><span style=\"font-size: 12pt; font-family: 'Arial', sans-serif; color: #000000;\">Tikintisinin 40 illik yubileyi il\u0259 \u0259laq\u0259dar, bu g&uuml;nl\u0259rd\u0259 Ming\u0259&ccedil;evir D&ouml;vl\u0259t Universitetinin (MDU) rektoru h&ouml;rm\u0259tli \u015eahin Bayramovun t\u0259\u015f\u0259bb&uuml;s&uuml; il\u0259, MDU-nun bir qrup professor-m&uuml;\u0259llim hey\u0259ti, m\u0259zun v\u0259 t\u0259l\u0259b\u0259l\u0259ri, el\u0259c\u0259 d\u0259, iki n\u0259f\u0259r t&uuml;rkiy\u0259li alim &ldquo;Az\u0259rbaycan \u0130ES&rdquo; MMC-y\u0259 yolland\u0131q, m&uuml;\u0259ssis\u0259nin \u0259razisi, sex v\u0259 sah\u0259l\u0259ri il\u0259 tan\u0131\u015f olduq v\u0259 sonda d\u0259yirmi masa arxas\u0131nda t\u0259\u0259ss&uuml;ratlar\u0131m\u0131z\u0131 b&ouml;l&uuml;\u015f&uuml;b, t&ouml;vsiy\u0259l\u0259rimizi &ccedil;atd\u0131rd\u0131q. Yeri g\u0259lmi\u015fk\u0259n, biz\u0259 veril\u0259n bu imkana g&ouml;r\u0259 &ldquo;Az\u0259rbaycan \u0130EM&rdquo; MMC-nin r\u0259hb\u0259rliyin\u0259 d\u0259rin t\u0259\u015f\u0259kk&uuml;r&uuml;m&uuml;z&uuml; bildiririk. <\/span><\/p>\n<p style=\"margin-bottom: 0.0001pt; text-align: justify; text-indent: 1cm; line-height: normal;\"><span style=\"font-size: 12pt; font-family: 'Arial', sans-serif; color: #000000;\">Az\u0259rbaycan\u0131n elektrik enerjisin\u0259 olan t\u0259l\u0259bat\u0131n\u0131n 40%-ni t\u0259min ed\u0259n bel\u0259 n\u0259h\u0259ng m&uuml;\u0259ssis\u0259d\u0259 s\u0259liq\u0259-s\u0259hman, z&ouml;vq ox\u015fayan estetika, sanitar epidemioloji v\u0259 texniki v\u0259ziyy\u0259ti m&uuml;asir d&ouml;vr&uuml;n t\u0259l\u0259bl\u0259rin\u0259 uy\u011fun \u0259n y&uuml;ks\u0259k s\u0259viyy\u0259d\u0259 g&ouml;r\u0259nd\u0259 x\u0259yal\u0259n 20-30 il &ouml;nc\u0259ki v\u0259ziyy\u0259tl\u0259 m&uuml;qayis\u0259 edib, b&ouml;y&uuml;k q&uuml;rur hissi ke&ccedil;irdim. Ax\u0131 m\u0259nim b&uuml;t&uuml;n g\u0259ncliyim burada ke&ccedil;mi\u015f, g\u0259l\u0259c\u0259k &uuml;&ccedil;&uuml;n x\u0259yallar\u0131m, arzular\u0131m, b\u0259zi nailiyy\u0259tl\u0259rim bura il\u0259 ba\u011fl\u0131 olmu\u015fdur.<\/span><\/p>\n<p style=\"margin-bottom: 0.0001pt; text-align: justify; text-indent: 1cm; line-height: normal;\"><span style=\"font-size: 12pt; font-family: 'Arial', sans-serif; color: #000000;\">M\u0259n 1 sentyabr 1975-ci ild\u0259n &ldquo;Tikilm\u0259kd\u0259 olan Az\u0259rbaycan DRES&rdquo;\u0259 (<i>Az\u0259rbaycan DRES &ndash; Az\u0259rbaycan D&ouml;vl\u0259t Rayon Elektrik Stansiyas\u0131<\/i> &ndash; indiki Az\u0259rbaycan \u0130ES) i\u015f\u0259 q\u0259bul olunmu\u015fam. \u0130\u015f\u0259 ba\u015flayanda t\u0259cr&uuml;b\u0259 qazanmaq &uuml;&ccedil;&uuml;n &ldquo;\u018fli Bayraml\u0131 DRES&rdquo;-\u0259 (indiki C\u0259nub \u0130ES) g&ouml;nd\u0259rildim. 1978-ci ilin yanvar\u0131nda geri &ccedil;a\u011fr\u0131laraq, Burax\u0131l\u0131\u015f qazanxanas\u0131nda r\u0259is m&uuml;avini kimi f\u0259aliyy\u0259t\u0259 ba\u015flad\u0131m. Yeri g\u0259lmi\u015fk\u0259n onu da onu qeyd edim ki, m\u0259n i\u015f\u0259 q\u0259bul olunanda m&uuml;\u0259ssis\u0259nin 30 n\u0259f\u0259r\u0259 yax\u0131n i\u015f&ccedil;isi var idi v\u0259 bildiyim\u0259 g&ouml;r\u0259 onlar\u0131n ham\u0131s\u0131 d&uuml;nyas\u0131n\u0131 d\u0259yi\u015fib.<\/span><\/p>\n<p style=\"margin-bottom: 0.0001pt; text-align: justify; text-indent: 1cm; line-height: normal;\"><span style=\"font-size: 12pt; font-family: 'Arial', sans-serif; color: #000000;\">&ldquo;Tikilm\u0259kd\u0259 olan Az\u0259rbaycan DRES&rdquo;in tikintisi 1974-c&uuml; ild\u0259 ba\u015flasa da, i\u015f Respublikan\u0131n daxili v\u0259saiti hesab\u0131na apar\u0131ld\u0131\u011f\u0131 &uuml;&ccedil;&uuml;n nisb\u0259t\u0259n z\u0259if s&uuml;r\u0259tl\u0259 gedirdi. 1979-cu ild\u0259 Ulu &Ouml;nd\u0259rimiz Heyd\u0259r \u018fliyev c\u0259nablar\u0131n\u0131n u\u011furlu f\u0259aliyy\u0259ti n\u0259tic\u0259sind\u0259 tikinti SSR\u0130 Nazirl\u0259r Kabineti t\u0259r\u0259find\u0259n t\u0259sdiq edildi v\u0259 laz\u0131mi v\u0259sait ayr\u0131ld\u0131. Bununla da tikinti-qura\u015fd\u0131rma i\u015fl\u0259ri geni\u015f v&uuml;s\u0259t ald\u0131 v\u0259 n\u0259tic\u0259d\u0259 1981-ci ilin 20 oktyabr\u0131nda 300 MVt g&uuml;c&uuml;nd\u0259 ilk enerji bloku istismara t\u0259hvil verildi.<\/span><\/p>\n<p style=\"margin-bottom: 0.0001pt; text-align: justify; text-indent: 1cm; line-height: normal;\"><span style=\"font-size: 12pt; font-family: 'Arial', sans-serif; color: #000000;\">M&uuml;\u0259ssis\u0259nin birinci n&ouml;vb\u0259sinin tikintisi &uuml;&ccedil;&uuml;n 4 blok n\u0259z\u0259rd\u0259 tutulsa da, sonradan ikinci n&ouml;vb\u0259d\u0259 daha 4 v\u0259 &uuml;&ccedil;&uuml;nc&uuml; n&ouml;vb\u0259 &uuml;&ccedil;&uuml;n 2 blokun tikilm\u0259sin\u0259 q\u0259rar verildi. Bunun bir s\u0259b\u0259bi d\u0259 Az\u0259rbaycan qura\u015fd\u0131r\u0131c\u0131lar\u0131n\u0131n o vaxtad\u0259k g&ouml;r&uuml;nm\u0259mi\u015f s&uuml;r\u0259tl\u0259 (bir ild\u0259 bir blok) tikintini ba\u015fa &ccedil;atd\u0131rmalar\u0131 idi. <\/span><\/p>\n<p style=\"margin-bottom: 0.0001pt; text-align: justify; text-indent: 1cm; line-height: normal;\"><span style=\"font-size: 12pt; font-family: 'Arial', sans-serif; color: #000000;\">&ldquo;Tikilm\u0259kd\u0259 olan Az\u0259rbaycan DRES&rdquo;d\u0259 b&ouml;y&uuml;k \u0259m\u0259yi olan insanlar\u0131n xat\u0131rlanmas\u0131 \u015f\u0259r\u0259fin\u0259 onlar\u0131n z\u0259hm\u0259tind\u0259n b\u0259zi m\u0259qamlar\u0131 diqq\u0259t\u0259 &ccedil;atd\u0131rsaq, el\u0259 bilir\u0259m ki, g\u0259ncl\u0259rimiz &uuml;&ccedil;&uuml;n &ouml;rn\u0259k ola bil\u0259r.<\/span><\/p>\n<p style=\"margin-bottom: 0.0001pt; text-align: justify; text-indent: 1cm; line-height: normal;\"><span style=\"font-size: 12pt; font-family: 'Arial', sans-serif; color: #000000;\">&Ccedil;ox a\u011f\u0131r i\u015f v\u0259 ya\u015fay\u0131\u015f \u015f\u0259raitimiz var idi. 1978-ci ild\u0259 q\u0259s\u0259b\u0259d\u0259 c\u0259mi iki bina (85 m\u0259nzilli) tikilmi\u015f, &uuml;&ccedil;&uuml;nc&uuml;s&uuml; is\u0259 tikilm\u0259kd\u0259 idi. Bloklar\u0131n yerind\u0259 is\u0259 torpaq hamarlama i\u015fl\u0259ri apar\u0131l\u0131rd\u0131. Yax\u0131nl\u0131qda n\u0259 ma\u011faza, n\u0259 bazar, n\u0259 d\u0259 ictimai-ia\u015f\u0259 obyektl\u0259ri var idi. \u015e\u0259h\u0259raras\u0131 trolleybusa minm\u0259k &uuml;&ccedil;&uuml;n G\u0259nc\u0259 dair\u0259sin\u0259 q\u0259d\u0259r piyada getm\u0259li olurduq. Ya\u011f\u0131\u015fl\u0131 g&uuml;nl\u0259rd\u0259 rezin &ccedil;\u0259km\u0259siz g\u0259zm\u0259k m&uuml;mk&uuml;n deyildi. Podrat&ccedil;\u0131 t\u0259\u015fkilatlara nisb\u0259t\u0259n m&uuml;\u0259ssis\u0259nin &ouml;z i\u015f&ccedil;il\u0259rinin v\u0259ziyy\u0259ti daha a\u011f\u0131r idi. Bel\u0259 ki, maa\u015flar &ccedil;ox a\u015fa\u011f\u0131, t\u0259l\u0259b y&uuml;ks\u0259k, i\u015f \u015f\u0259raiti a\u011f\u0131r, i\u015f vaxt\u0131 &uuml;&ccedil;&uuml;n he&ccedil; bir norma yox v\u0259 s. &ccedil;\u0259tinlikl\u0259r m&ouml;vcud idi. V\u0259zif\u0259 borcumuzun icras\u0131 il\u0259 yana\u015f\u0131, b\u0259z\u0259n y&uuml;kbo\u015faldan f\u0259hl\u0259, b\u0259z\u0259n &ccedil;iling\u0259r, b\u0259z\u0259n d\u0259 kommunal sah\u0259nin xidm\u0259t&ccedil;isi kimi f\u0259aliyy\u0259t g&ouml;st\u0259rm\u0259li olurduq. Bu a\u011f\u0131r \u015f\u0259rait\u0259 duru\u015f g\u0259tir\u0259 bilm\u0259yimiz &uuml;&ccedil;&uuml;n bir stimulumuz vard\u0131. Ax\u0131 biz, Qafqaz\u0131n enerji n\u0259h\u0259ngi &ndash; Az\u0259rbaycan DRES tikintisinin f\u0259dakarlar\u0131 idik v\u0259 g\u0259l\u0259c\u0259y\u0259 b&ouml;y&uuml;k &uuml;midl\u0259 bax\u0131rd\u0131q.<\/span><\/p>\n<p style=\"margin-bottom: 0.0001pt; text-align: justify; text-indent: 1cm; line-height: normal;\"><span style=\"font-size: 12pt; font-family: 'Arial', sans-serif; color: #000000;\">Birinci blok istifad\u0259y\u0259 veril\u0259nd\u0259 kifay\u0259t q\u0259d\u0259r t\u0259cr&uuml;b\u0259li kadrlar olmad\u0131\u011f\u0131ndan b\u0259zi bacar\u0131ql\u0131 i\u015f&ccedil;il\u0259rin m\u0259suliyy\u0259ti daha b&ouml;y&uuml;k idi. Bel\u0259 ki, istismar i\u015fl\u0259ri il\u0259 paralel olaraq, yeni qura\u015fd\u0131r\u0131lm\u0131\u015f avadanl\u0131qlar\u0131n yoxlan\u0131l\u0131b q\u0259bul olunmas\u0131, t\u0259mirin t\u0259\u015fkili, t\u0259mir i\u015fl\u0259rin\u0259 n\u0259zar\u0259t v\u0259 \u0259n ba\u015fl\u0131cas\u0131 kadrlar\u0131n haz\u0131rlanmas\u0131 az sayda t\u0259cr&uuml;b\u0259li i\u015f&ccedil;il\u0259rin &ouml;hd\u0259sin\u0259 d&uuml;\u015f&uuml;rd&uuml;.<\/span><\/p>\n<p style=\"margin-bottom: 0.0001pt; text-align: justify; text-indent: 1cm; line-height: normal;\"><span style=\"font-size: 12pt; font-family: 'Arial', sans-serif; color: #000000;\">F&uuml;rs\u0259td\u0259n istifad\u0259 edib &ouml;z&uuml;ml\u0259 \u0259laq\u0259dar, b\u0259lk\u0259 d\u0259 unudulmu\u015f, b\u0259zi m\u0259qamlar\u0131 yada salmaq ist\u0259yir\u0259m.<\/span><\/p>\n<p style=\"margin-bottom: 0.0001pt; text-align: justify; text-indent: 1cm; line-height: normal;\"><span style=\"font-size: 12pt; font-family: 'Arial', sans-serif; color: #000000;\">\u0130lk enerji bloku D&ouml;vl\u0259t Komissiyas\u0131n\u0131n x&uuml;susi tap\u015f\u0131r\u0131\u011f\u0131 il\u0259 (&ldquo;Blok duzsuzla\u015fd\u0131rma qur\u011fusu (BDQ) q\u0131sa m&uuml;dd\u0259t\u0259 i\u015f\u0259 qo\u015fulmal\u0131d\u0131r!&rdquo;) istismara q\u0259bul olunmu\u015fdu. BDQ-siz blokun istismara q\u0259bulu kompleks say\u0131lm\u0131rd\u0131. T\u0259cili \u015f\u0259kild\u0259 bu sah\u0259y\u0259 m&uuml;t\u0259x\u0259ssisl\u0259r c\u0259lb olundu, ancaq bir n\u0259tic\u0259 \u0259ld\u0259 olunmad\u0131. Sonra m\u0259ni bu i\u015f\u0259 c\u0259lb etdil\u0259r. Sutkada 16 saat i\u015fl\u0259m\u0259kl\u0259 iki h\u0259ft\u0259y\u0259 BDQ-ni i\u015f\u0259 qo\u015fdum v\u0259 blok kompleks istismara q\u0259bul olundu.<\/span><\/p>\n<p style=\"margin-bottom: 0.0001pt; text-align: justify; text-indent: 1cm; line-height: normal;\"><span style=\"font-size: 12pt; font-family: 'Arial', sans-serif; color: #000000;\">\u0130stismara q\u0259bul olunduqdan sonra m&uuml;\u0259ssis\u0259 &ldquo;Az\u0259rbaycan DRES&rdquo; adland\u0131r\u0131ld\u0131. Burada &ccedil;al\u0131\u015fd\u0131\u011f\u0131m d&ouml;vrd\u0259 otuzdan art\u0131q s\u0259m\u0259r\u0259l\u0259\u015fdirici t\u0259klifim istehsalatda t\u0259tbiq olunmu\u015f v\u0259 onlardan b\u0259zil\u0259ri indi d\u0259 s\u0259m\u0259r\u0259 verm\u0259kd\u0259dir. T\u0259vaz&ouml;karl\u0131qdan uzaq olsa da bidirim ki, bu m&uuml;\u0259ssis\u0259d\u0259 i\u015fl\u0259diyim m&uuml;dd\u0259td\u0259 bir &ccedil;ox ilk\u0259 imza atm\u0131\u015fam.<\/span><\/p>\n<p style=\"margin-bottom: 0.0001pt; text-align: justify; text-indent: 1cm; line-height: normal;\"><span style=\"font-size: 12pt; font-family: 'Arial', sans-serif; color: #000000;\">1986-c\u0131 ilin noyabr bayram\u0131 (&ldquo;7 Noyabr&rdquo;) \u0259r\u0259f\u0259si idi. M\u0259n o vaxt \u0130TM MDTS-nin r\u0259is m&uuml;avini i\u015fl\u0259yirdim. X\u0259b\u0259r g\u0259ldi ki, d&ouml;vran nasosu 2B-nin val\u0131 q\u0131r\u0131l\u0131b v\u0259 t\u0259miri bizim sah\u0259y\u0259 tap\u015f\u0131r\u0131l\u0131b. H\u0259min vaxta q\u0259d\u0259r bu i\u015fi Bak\u0131 sah\u0259sinin m&uuml;t\u0259x\u0259ssisl\u0259ri yerin\u0259 yetirirdi. Onlarla \u0259laq\u0259 saxlad\u0131q, yaln\u0131z bayramdan sonra g\u0259l\u0259 bil\u0259c\u0259kl\u0259rini dedil\u0259r. Enerji &ccedil;at\u0131\u015fmazl\u0131\u011f\u0131na g&ouml;r\u0259 g&ouml;zl\u0259m\u0259k m&uuml;mk&uuml;n deyildi. Texniki prosesl\u0259 tan\u0131\u015f oldum v\u0259 bu i\u015fi &ouml;z &ouml;hd\u0259m\u0259 g&ouml;t&uuml;r\u0259r\u0259k m&uuml;v\u0259ff\u0259qiyy\u0259tl\u0259 yerin\u0259 yetirdim.<\/span><\/p>\n<p style=\"margin-bottom: 0.0001pt; text-align: justify; text-indent: 1cm; line-height: normal;\"><span style=\"font-size: 12pt; font-family: 'Arial', sans-serif; color: #000000;\">H\u0259min il 4-c&uuml; enerji blokunda b\u0259sl\u0259yici nasosun m&uuml;h\u0259rriki rekonstruksiya olunub, d\u0259yi\u015fdirilm\u0259li idi. Birinci &uuml;&ccedil; blokda bu i\u015fi \u0130TM-in Bak\u0131 sah\u0259sinin m&uuml;t\u0259x\u0259ssisl\u0259ri aparm\u0131\u015fd\u0131. Bu d\u0259f\u0259 tap\u015f\u0131r\u0131q bizim &ouml;hd\u0259miz\u0259 d&uuml;\u015fd&uuml;. Onu da qeyd edim ki, f\u0131rlanan mexanizml\u0259rin t\u0259miri, x&uuml;sus\u0259n m&uuml;h\u0259rrikl\u0259 mexanizmin m\u0259rk\u0259zl\u0259\u015fdirilm\u0259si m\u0259s\u0259l\u0259si x&uuml;susi bacar\u0131q t\u0259l\u0259b ed\u0259n m\u0259siliyy\u0259tli bir i\u015fdir. Burada 10 mikrondan a\u015fa\u011f\u0131 d\u0259qiqlik t\u0259l\u0259b olunur. B\u0259zi r\u0259hb\u0259r i\u015f&ccedil;il\u0259rin naraz\u0131l\u0131\u011f\u0131na baxmayaraq, m\u0259n h\u0259min i\u015fi d\u0259 &ouml;hd\u0259m\u0259 &ccedil;\u0259kib layiqinc\u0259 yerin\u0259 yetirdim.<\/span><\/p>\n<p style=\"margin-bottom: 0.0001pt; text-align: justify; text-indent: 1cm; line-height: normal;\"><span style=\"font-size: 12pt; font-family: 'Arial', sans-serif; color: #000000;\">&ldquo;Az\u0259rbaycan \u0130ES&rdquo; MMC-nin bu g&uuml;nk&uuml; s\u0259viyy\u0259y\u0259 &ccedil;atmas\u0131nda bir &ccedil;ox insanlar\u0131n b&ouml;y&uuml;k \u0259m\u0259yi olmu\u015f v\u0259 s&ouml;z yox ki, onlar\u0131n h\u0259r biri kifay\u0259t q\u0259d\u0259r maraql\u0131 xatir\u0259l\u0259rin da\u015f\u0131y\u0131c\u0131lar\u0131d\u0131r. Yax\u015f\u0131 olard\u0131 ki, m&uuml;t\u0259madi olaraq bel\u0259 insanlarla g\u0259nc m&uuml;t\u0259x\u0259ssisl\u0259rin g&ouml;r&uuml;\u015fl\u0259ri t\u0259\u015fkil edilsin. Bunun h\u0259m g\u0259ncl\u0259r\u0259 xeyri olar, h\u0259m d\u0259 ya\u015fl\u0131 insanlara m&uuml;\u0259yy\u0259n q\u0259d\u0259r ya\u015fam stimulu ver\u0259r.<\/span><\/p>\n<p style=\"margin-bottom: 0.0001pt; text-align: justify; text-indent: 1cm; line-height: normal;\"><span style=\"font-size: 12pt; font-family: 'Arial', sans-serif; color: #000000;\">Sonda &ldquo;Energetikl\u0259r g&uuml;n&uuml;&rdquo; m&uuml;nasib\u0259til\u0259 &ouml;z ad\u0131mdan, veteran energetikl\u0259r ad\u0131ndan, el\u0259c\u0259 d\u0259, haz\u0131rda &ccedil;al\u0131\u015fd\u0131\u011f\u0131m MDU-nun &ldquo;Energetika&rdquo; kafedras\u0131n\u0131n kollektivi ad\u0131ndan Az\u0259rbaycan\u0131m\u0131z\u0131n b&uuml;t&uuml;n energetikl\u0259rini &uuml;r\u0259kd\u0259n t\u0259brik edir\u0259m! Bu \u015f\u0259r\u0259fli i\u015fd\u0259 h\u0259r biriniz\u0259 b&ouml;y&uuml;k u\u011furlar dil\u0259yir\u0259m! <\/span><\/p>\n<p style=\"margin-bottom: 0.0001pt; text-align: justify; text-indent: 1cm; line-height: normal;\"><span style=\"font-size: 12pt; font-family: 'Arial', sans-serif; color: #000000;\">40 ya\u015f\u0131n m&uuml;bar\u0259k, do\u011fma &ldquo;Az\u0259rbaycan \u0130ES&rdquo;!<\/span><\/p>\n<p style=\"margin-bottom: 0.0001pt; text-align: justify; text-indent: 35.45pt; line-height: 150%;\"><span style=\"font-size: 12pt; line-height: 150%; font-family: 'Arial', sans-serif; color: #000000;\">&nbsp;&nbsp;&nbsp;&nbsp;&nbsp;&nbsp;&nbsp;&nbsp;&nbsp;&nbsp;&nbsp;&nbsp;&nbsp;&nbsp;&nbsp;&nbsp;&nbsp;&nbsp;&nbsp;&nbsp;&nbsp;&nbsp;&nbsp;&nbsp;&nbsp;&nbsp;&nbsp;&nbsp;&nbsp;&nbsp;&nbsp;&nbsp;&nbsp;&nbsp;&nbsp;&nbsp;&nbsp;&nbsp;&nbsp;&nbsp;&nbsp;&nbsp;&nbsp;&nbsp; <\/span><\/p>\n<p style=\"margin-bottom: 0.0001pt; text-align: justify; text-indent: 1cm; line-height: 150%;\"><span style=\"color: #000000;\"><b><span style=\"font-size: 12pt; line-height: 150%; font-family: 'Arial', sans-serif;\">\u018fb&uuml;lf\u0259t \u018fdilov,<\/span><\/b><\/span><\/p>\n<p style=\"margin-bottom: 0.0001pt; text-align: justify; text-indent: 1cm; line-height: 150%;\"><span style=\"color: #000000;\"><b><span style=\"font-size: 12pt; line-height: 150%; font-family: 'Arial', sans-serif;\">Ming\u0259&ccedil;evir D&ouml;vl\u0259t Universiteti<\/span><\/b><\/span><\/p>\n<p style=\"margin-bottom: 0.0001pt; text-align: justify; text-indent: 1cm; line-height: 150%;\"><b><span style=\"font-size: 12pt; line-height: 150%; font-family: 'Arial', sans-serif;\"><span style=\"color: #000000;\">Energetika kafedras\u0131n\u0131n m&uuml;\u0259llimi<\/span> <\/span><\/b><\/p>\n<p>{phocagallery view=category|categoryid=708|limitstart=0|limitcount=0}<\/p>","protected":false},"excerpt":{"rendered":"<p>40 ya\u015f\u0131n m&uuml;bar\u0259k, &ldquo;Az\u0259rbaycan \u0130ES&rdquo;! www.mi-news.az Tikintisinin 40 illik yubileyi il\u0259 \u0259laq\u0259dar, bu g&uuml;nl\u0259rd\u0259 Ming\u0259&ccedil;evir D&ouml;vl\u0259t Universitetinin (MDU) rektoru h&ouml;rm\u0259tli \u015eahin Bayramovun t\u0259\u015f\u0259bb&uuml;s&uuml; il\u0259, MDU-nun bir qrup professor-m&uuml;\u0259llim hey\u0259ti, m\u0259zun v\u0259 t\u0259l\u0259b\u0259l\u0259ri, el\u0259c\u0259 d\u0259, iki n\u0259f\u0259r t&uuml;rkiy\u0259li alim &ldquo;Az\u0259rbaycan \u0130ES&rdquo; MMC-y\u0259 yolland\u0131q, m&uuml;\u0259ssis\u0259nin \u0259razisi, sex v\u0259 sah\u0259l\u0259ri il\u0259 tan\u0131\u015f olduq v\u0259 sonda d\u0259yirmi masa arxas\u0131nda [&hellip;]<\/p>\n","protected":false},"author":1,"featured_media":0,"comment_status":"open","ping_status":"open","sticky":false,"template":"","format":"standard","meta":{"_eb_attr":"","ocean_post_layout":"","ocean_both_sidebars_style":"","ocean_both_sidebars_content_width":0,"ocean_both_sidebars_sidebars_width":0,"ocean_sidebar":"","ocean_second_sidebar":"","ocean_disable_margins":"enable","ocean_add_body_class":"","ocean_shortcode_before_top_bar":"","ocean_shortcode_after_top_bar":"","ocean_shortcode_before_header":"","ocean_shortcode_after_header":"","ocean_has_shortcode":"","ocean_shortcode_after_title":"","ocean_shortcode_before_footer_widgets":"","ocean_shortcode_after_footer_widgets":"","ocean_shortcode_before_footer_bottom":"","ocean_shortcode_after_footer_bottom":"","ocean_display_top_bar":"default","ocean_display_header":"default","ocean_header_style":"","ocean_center_header_left_menu":"","ocean_custom_header_template":"","ocean_custom_logo":0,"ocean_custom_retina_logo":0,"ocean_custom_logo_max_width":0,"ocean_custom_logo_tablet_max_width":0,"ocean_custom_logo_mobile_max_width":0,"ocean_custom_logo_max_height":0,"ocean_custom_logo_tablet_max_height":0,"ocean_custom_logo_mobile_max_height":0,"ocean_header_custom_menu":"","ocean_menu_typo_font_family":"","ocean_menu_typo_font_subset":"","ocean_menu_typo_font_size":0,"ocean_menu_typo_font_size_tablet":0,"ocean_menu_typo_font_size_mobile":0,"ocean_menu_typo_font_size_unit":"px","ocean_menu_typo_font_weight":"","ocean_menu_typo_font_weight_tablet":"","ocean_menu_typo_font_weight_mobile":"","ocean_menu_typo_transform":"","ocean_menu_typo_transform_tablet":"","ocean_menu_typo_transform_mobile":"","ocean_menu_typo_line_height":0,"ocean_menu_typo_line_height_tablet":0,"ocean_menu_typo_line_height_mobile":0,"ocean_menu_typo_line_height_unit":"","ocean_menu_typo_spacing":0,"ocean_menu_typo_spacing_tablet":0,"ocean_menu_typo_spacing_mobile":0,"ocean_menu_typo_spacing_unit":"","ocean_menu_link_color":"","ocean_menu_link_color_hover":"","ocean_menu_link_color_active":"","ocean_menu_link_background":"","ocean_menu_link_hover_background":"","ocean_menu_link_active_background":"","ocean_menu_social_links_bg":"","ocean_menu_social_hover_links_bg":"","ocean_menu_social_links_color":"","ocean_menu_social_hover_links_color":"","ocean_disable_title":"default","ocean_disable_heading":"default","ocean_post_title":"","ocean_post_subheading":"","ocean_post_title_style":"","ocean_post_title_background_color":"","ocean_post_title_background":0,"ocean_post_title_bg_image_position":"","ocean_post_title_bg_image_attachment":"","ocean_post_title_bg_image_repeat":"","ocean_post_title_bg_image_size":"","ocean_post_title_height":0,"ocean_post_title_bg_overlay":0.5,"ocean_post_title_bg_overlay_color":"","ocean_disable_breadcrumbs":"default","ocean_breadcrumbs_color":"","ocean_breadcrumbs_separator_color":"","ocean_breadcrumbs_links_color":"","ocean_breadcrumbs_links_hover_color":"","ocean_display_footer_widgets":"default","ocean_display_footer_bottom":"default","ocean_custom_footer_template":"","ocean_post_oembed":"","ocean_post_self_hosted_media":"","ocean_post_video_embed":"","ocean_link_format":"","ocean_link_format_target":"self","ocean_quote_format":"","ocean_quote_format_link":"post","ocean_gallery_link_images":"on","ocean_gallery_id":[],"footnotes":""},"categories":[63],"tags":[],"class_list":["post-16088","post","type-post","status-publish","format-standard","hentry","category-khaebaerlaer-az","entry"],"_links":{"self":[{"href":"https:\/\/mdu.edu.az\/en\/wp-json\/wp\/v2\/posts\/16088","targetHints":{"allow":["GET"]}}],"collection":[{"href":"https:\/\/mdu.edu.az\/en\/wp-json\/wp\/v2\/posts"}],"about":[{"href":"https:\/\/mdu.edu.az\/en\/wp-json\/wp\/v2\/types\/post"}],"author":[{"embeddable":true,"href":"https:\/\/mdu.edu.az\/en\/wp-json\/wp\/v2\/users\/1"}],"replies":[{"embeddable":true,"href":"https:\/\/mdu.edu.az\/en\/wp-json\/wp\/v2\/comments?post=16088"}],"version-history":[{"count":0,"href":"https:\/\/mdu.edu.az\/en\/wp-json\/wp\/v2\/posts\/16088\/revisions"}],"wp:attachment":[{"href":"https:\/\/mdu.edu.az\/en\/wp-json\/wp\/v2\/media?parent=16088"}],"wp:term":[{"taxonomy":"category","embeddable":true,"href":"https:\/\/mdu.edu.az\/en\/wp-json\/wp\/v2\/categories?post=16088"},{"taxonomy":"post_tag","embeddable":true,"href":"https:\/\/mdu.edu.az\/en\/wp-json\/wp\/v2\/tags?post=16088"}],"curies":[{"name":"wp","href":"https:\/\/api.w.org\/{rel}","templated":true}]}}