{"id":16135,"date":"2021-11-06T11:34:14","date_gmt":"2021-11-06T08:34:14","guid":{"rendered":"https:\/\/mdu.edu.az\/minzh-evir-d-vl-t-universiteti-v-ankara-hadz-bayram-veli-universitetinin-birzh-t-kilat-l-il-z-f-r-zh-n-n-h-sr-olunan-konfrans-ke-irilib\/"},"modified":"2021-11-06T11:34:14","modified_gmt":"2021-11-06T08:34:14","slug":"minzh-evir-d-vl-t-universiteti-v-ankara-hadz-bayram-veli-universitetinin-birzh-t-kilat-l-il-z-f-r-zh-n-n-h-sr-olunan-konfrans-ke-irilib","status":"publish","type":"post","link":"https:\/\/mdu.edu.az\/en\/minzh-evir-d-vl-t-universiteti-v-ankara-hadz-bayram-veli-universitetinin-birzh-t-kilat-l-il-z-f-r-zh-n-n-h-sr-olunan-konfrans-ke-irilib\/","title":{"rendered":"Ming\u0259\u00e7evir D\u00f6vl\u0259t Universiteti v\u0259 Ankara Hac\u0131 Bayram Veli Universitetinin birg\u0259 t\u0259\u015fkilat\u00e7\u0131l\u0131\u011f\u0131 il\u0259 Z\u0259f\u0259r G\u00fcn\u00fcn\u0259 h\u0259sr olunan konfrans ke\u00e7irilib"},"content":{"rendered":"<p style=\"margin-bottom: 0.0001pt; text-align: center;\"><b><span style=\"font-size: 14pt; line-height: 115%; font-family: 'Arial', 'sans-serif'; color: #002060;\">Ming\u0259&ccedil;evir D&ouml;vl\u0259t Universiteti v\u0259 Ankara Hac\u0131 Bayram Veli Universitetinin birg\u0259 t\u0259\u015fkilat&ccedil;\u0131l\u0131\u011f\u0131 il\u0259 Z\u0259f\u0259r G&uuml;n&uuml;n\u0259 h\u0259sr olunan konfrans ke&ccedil;irilib<\/span><\/b><\/p>\n<p>&nbsp;<\/p>\n<p style=\"margin-bottom: 0.0001pt; text-align: justify; text-indent: 1cm;\"><span style=\"font-size: 12pt; line-height: 115%; font-family: 'Arial', 'sans-serif'; color: #000000; background: white none repeat scroll 0% 0%;\">5 noyabr 2021-ci il tarixind\u0259 Ming\u0259&ccedil;evir D&ouml;vl\u0259t Universiteti (MDU) v\u0259 Ankara Hac\u0131 Bayram Veli Universiteti (AHBVU) aras\u0131nda \u0259m\u0259kda\u015fl\u0131q &ccedil;\u0259r&ccedil;iv\u0259sind\u0259 Qaraba\u011f Z\u0259f\u0259rinin birinci ild&ouml;n&uuml;m&uuml;n\u0259 h\u0259sr olunan birg\u0259 elmi konfrans ke&ccedil;irilib. Konfransda h\u0259r iki universitetin akademik v\u0259 inzibati hey\u0259t &uuml;zvl\u0259ri, t\u0259l\u0259b\u0259 v\u0259 magistrantlar\u0131 i\u015ftirak edibl\u0259r.<\/span><\/p>\n<p style=\"margin-bottom: 0.0001pt; text-align: justify; text-indent: 1cm;\"><span style=\"font-size: 12pt; line-height: 115%; font-family: 'Arial', 'sans-serif'; color: #000000; background: white none repeat scroll 0% 0%;\">&ldquo;Zoom&rdquo; platformas\u0131 &uuml;z\u0259rind\u0259n onlayn formatda t\u0259\u015fkil edil\u0259n konfrans\u0131n a&ccedil;\u0131l\u0131\u015f\u0131nda &ccedil;\u0131x\u0131\u015f ed\u0259n MDU-nun rektoru \u015eahin Bayramov Z\u0259f\u0259r Bayram\u0131 m&uuml;nasib\u0259til\u0259 i\u015ftirak&ccedil;\u0131lar\u0131 t\u0259brik edib v\u0259 bel\u0259 bir tarixi \u0259lam\u0259tdar g&uuml;n\u0259 h\u0259sr olunmu\u015f konfrans\u0131n qarda\u015f T&uuml;rkiy\u0259 universiteti il\u0259 birlikd\u0259 ke&ccedil;irilm\u0259sind\u0259n m\u0259mnunlu\u011funu ifad\u0259 edib. <\/span><\/p>\n<p style=\"margin-bottom: 0.0001pt; text-align: justify; text-indent: 1cm;\"><span style=\"font-size: 12pt; line-height: 115%; font-family: 'Arial', 'sans-serif'; color: #000000; background: white none repeat scroll 0% 0%;\">Otuz il\u0259 yax\u0131n bir m&uuml;dd\u0259td\u0259 torpaqlar\u0131m\u0131z\u0131n erm\u0259ni i\u015f\u011fal\u0131 alt\u0131nda olmas\u0131ndan dan\u0131\u015fan \u015e.Bayramov, n\u0259hay\u0259t, &ouml;t\u0259n ilin sentyabr\u0131n 27-d\u0259n ba\u015flayan v\u0259 44 g&uuml;n davam ed\u0259n V\u0259t\u0259n M&uuml;harib\u0259sind\u0259 m&uuml;z\u0259ff\u0259r Ali Ba\u015f Komandan\u0131m\u0131z\u0131n r\u0259hb\u0259rliyi v\u0259 r\u0259\u015fad\u0259tli Az\u0259rbaycan \u018fsg\u0259rinin q\u0259hr\u0259manl\u0131\u011f\u0131 say\u0259sind\u0259 \u015fanl\u0131 Z\u0259f\u0259rin qazan\u0131lmas\u0131 il\u0259 tarixi \u0259dal\u0259tin b\u0259rpa olundu\u011funu qeyd edib. \u018fz\u0259li torpaqlar\u0131m\u0131z\u0131n i\u015f\u011faldan azad olunmas\u0131nda V\u0259t\u0259nin igid &ouml;vladlar\u0131n\u0131n b&ouml;y&uuml;k \u015f&uuml;ca\u0259t g&ouml;st\u0259rdiyini vur\u011fulayan \u015e.Bayramov tarixi Q\u0259l\u0259b\u0259nin \u0259ld\u0259 edilm\u0259sind\u0259 m&uuml;h&uuml;m pay sahibi olan \u015f\u0259hidl\u0259rimiz\u0259 r\u0259hm\u0259t, qazil\u0259rimiz\u0259 is\u0259 \u015f\u0259fa dil\u0259yib.<\/span><\/p>\n<p style=\"margin-bottom: 0.0001pt; text-align: justify; text-indent: 1cm;\"><span style=\"font-size: 12pt; line-height: 115%; font-family: 'Arial', 'sans-serif'; color: #000000; background: white none repeat scroll 0% 0%;\">T&uuml;rk d&uuml;nyas\u0131n\u0131n ulu &ouml;nd\u0259rl\u0259ri Mustafa Kamal Atat&uuml;rk&uuml;n &ldquo;Az\u0259rbaycan\u0131n sevinci bizim sevincimiz, k\u0259d\u0259ri bizim k\u0259d\u0259rimizdir&rdquo; v\u0259 Heyd\u0259r \u018fliyevin &ldquo;Biz bir mill\u0259t, iki d&ouml;vl\u0259tik&rdquo; k\u0259lamlar\u0131n\u0131 s\u0259sl\u0259ndir\u0259n rektor Az\u0259rbaycan-T&uuml;rkiy\u0259 qarda\u015fl\u0131\u011f\u0131n\u0131n r\u0259mzi ifad\u0259sin\u0259 &ccedil;evril\u0259n bu fikirl\u0259rin V\u0259t\u0259n m&uuml;harib\u0259si v\u0259 ondan sonrak\u0131 d&ouml;vrd\u0259 d\u0259 bir daha t\u0259sdiqini tapm\u0131\u015f oldu\u011funu s&ouml;yl\u0259yib, qarda\u015f &ouml;lk\u0259nin m\u0259n\u0259vi d\u0259st\u0259yinin &ouml;n\u0259mind\u0259n b\u0259hs edib. Haz\u0131rda do\u011fma Qaraba\u011fda ged\u0259n s&uuml;r\u0259tli v\u0259 h\u0259rt\u0259r\u0259fli quruculuq i\u015fl\u0259rind\u0259 Az\u0259rbaycan v\u0259 T&uuml;rkiy\u0259 \u015firk\u0259tl\u0259rinin b\u0259rab\u0259r &ccedil;al\u0131\u015fd\u0131\u011f\u0131n\u0131 diqq\u0259t\u0259 &ccedil;atd\u0131ran \u015e.Bayramov qarda\u015fl\u0131q m&uuml;nasib\u0259tl\u0259rinin uzun m&uuml;dd\u0259t erm\u0259ni vandalizmin\u0259 m\u0259ruz qalm\u0131\u015f \u0259z\u0259li yurdlar\u0131m\u0131z\u0131n tezlikl\u0259 c\u0259nn\u0259t\u0259 &ccedil;evrilm\u0259si i\u015fin\u0259 d\u0259 b&ouml;y&uuml;k t&ouml;hf\u0259 ver\u0259c\u0259yin\u0259 \u0259minliyini bildirib. <\/span><\/p>\n<p style=\"margin-bottom: 0.0001pt; text-align: justify; text-indent: 1cm;\"><span style=\"font-size: 12pt; line-height: 115%; font-family: 'Arial', 'sans-serif'; color: #000000; background: white none repeat scroll 0% 0%;\">Az\u0259rbaycan-T&uuml;rkiy\u0259 qarda\u015fl\u0131\u011f\u0131n\u0131n n&uuml;mun\u0259l\u0259rind\u0259n biri kimi qym\u0259tl\u0259ndiril\u0259 bil\u0259n universitetl\u0259r aras\u0131nda qar\u015f\u0131l\u0131ql\u0131 faydal\u0131 \u0259m\u0259kda\u015fl\u0131\u011f\u0131n davaml\u0131 olmas\u0131n\u0131 arzulayan rektor birg\u0259 konfrans\u0131n ke&ccedil;irilm\u0259sind\u0259 d\u0259st\u0259yi v\u0259 \u0259m\u0259yi olan h\u0259r iki ali t\u0259hsil m&uuml;\u0259ssis\u0259sinin \u0259m\u0259kda\u015flar\u0131na, m\u0259ruz\u0259&ccedil;il\u0259r\u0259 v\u0259 i\u015ftirak&ccedil;\u0131lara t\u0259\u015f\u0259kk&uuml;r edib.<\/span><\/p>\n<p style=\"margin-bottom: 0.0001pt; text-align: justify; text-indent: 1cm;\"><span style=\"font-size: 12pt; line-height: 115%; font-family: 'Arial', 'sans-serif'; color: #000000; background: white none repeat scroll 0% 0%;\">Konfrans i\u015ftirak&ccedil;\u0131lar\u0131n\u0131 salamlayan AHBVU-nun Turizm fak&uuml;lt\u0259sinin dekan\u0131 \u0130rfan Yaz\u0131c\u0131o\u011flu Qaraba\u011f Z\u0259f\u0259rinin qazan\u0131lmas\u0131n\u0131n birinci ild&ouml;n&uuml;m&uuml; m&uuml;nasib\u0259til\u0259 t\u0259brikl\u0259rini &ccedil;atd\u0131r\u0131b v\u0259 otuz il davam ed\u0259n i\u015f\u011fala son qoyan \u015fanl\u0131 Q\u0259l\u0259b\u0259nin \u0259lam\u0259tdar v\u0259 q&uuml;rurverici hadis\u0259 oldu\u011funu qeyd edib. <\/span><\/p>\n<p style=\"margin-bottom: 0.0001pt; text-align: justify; text-indent: 1cm;\"><span style=\"font-size: 12pt; line-height: 115%; font-family: 'Arial', 'sans-serif'; color: #000000; background: white none repeat scroll 0% 0%;\">Tarixi Z\u0259f\u0259rd\u0259n sonra i\u015f\u011faldan azad edilmi\u015f \u0259razil\u0259rd\u0259 dir&ccedil;\u0259li\u015f d&ouml;n\u0259minin ba\u015flanmas\u0131ndan s&ouml;hb\u0259t a&ccedil;an \u0130.Yaz\u0131c\u0131o\u011flu Qaraba\u011fda h\u0259yata ke&ccedil;iril\u0259n s&uuml;r\u0259tli abadl\u0131q v\u0259 quruculuq i\u015fl\u0259rind\u0259n dan\u0131\u015f\u0131b, g&ouml;z\u0259l t\u0259bi\u0259t\u0259, z\u0259ngin tarixi v\u0259 m\u0259d\u0259ni abid\u0259l\u0259r\u0259 sahib Qaraba\u011f\u0131n turizm potensial\u0131 bax\u0131m\u0131ndan &uuml;st&uuml;nl&uuml;kl\u0259rini diqq\u0259t\u0259 &ccedil;atd\u0131r\u0131b.<\/span><\/p>\n<p style=\"margin-bottom: 0.0001pt; text-align: justify; text-indent: 1cm;\"><span style=\"font-size: 12pt; line-height: 115%; font-family: 'Arial', 'sans-serif'; color: #000000; background: white none repeat scroll 0% 0%;\">B&ouml;lg\u0259d\u0259 T&uuml;rkiy\u0259 &#8211; Az\u0259rbaycan i\u015fbirliyinin &ouml;n\u0259mind\u0259n dan\u0131\u015fan fak&uuml;lt\u0259 dekan\u0131 yeni turizm destinasiyas\u0131 kimi Qaraba\u011f\u0131n dir&ccedil;\u0259li\u015fi istiqam\u0259tind\u0259 h\u0259yata ke&ccedil;iril\u0259n x&uuml;susi plan v\u0259 proqramlar\u0131n turizm f\u0259aliyy\u0259tl\u0259rinin canlanmas\u0131nda m&uuml;h&uuml;m \u0259h\u0259miyy\u0259t k\u0259sb ed\u0259c\u0259yini vur\u011fulay\u0131b.<\/span><\/p>\n<p style=\"margin-bottom: 0.0001pt; text-align: justify; text-indent: 1cm;\"><span style=\"font-size: 12pt; line-height: 115%; font-family: 'Arial', 'sans-serif'; color: #000000; background: white none repeat scroll 0% 0%;\">G\u0259l\u0259c\u0259kd\u0259 h\u0259r iki universitet aras\u0131nda \u0259m\u0259kda\u015fl\u0131q &ccedil;\u0259r&ccedil;iv\u0259sind\u0259 bu kimi m&ouml;vzularda birg\u0259 f\u0259aliyy\u0259tl\u0259rin h\u0259yata ke&ccedil;irilim\u0259sinin vacibliyind\u0259n v\u0259 \u0259h\u0259miyy\u0259tind\u0259n dan\u0131\u015fan \u0130.Yaz\u0131c\u0131o\u011flu konfrans i\u015ftirak&ccedil;\u0131lar\u0131na u\u011furlar arzulay\u0131b v\u0259 t\u0259\u015fkilat&ccedil;\u0131lara t\u0259\u015f\u0259kk&uuml;r&uuml;n&uuml; bildirib. <\/span><\/p>\n<p style=\"margin-bottom: 0.0001pt; text-align: justify; text-indent: 1cm;\"><span style=\"color: #000000;\"><span style=\"font-size: 12pt; line-height: 115%; font-family: 'Arial', 'sans-serif'; color: black; background: white none repeat scroll 0% 0%;\">Daha sonra, konfrans\u0131n proqram\u0131na uy\u011fun olaraq AHBVU-nun<\/span><span style=\"font-size: 12pt; line-height: 115%; font-family: 'Arial', 'sans-serif';\"> professoru Bilgehan G&uuml;lcan &ldquo;Qlobal inki\u015faf i\u015f\u0131\u011f\u0131nda T&uuml;rkiy\u0259 &#8211; Az\u0259rbaycan turizm m&uuml;nasib\u0259tl\u0259ri: Qaraba\u011f yeni bir turizm destinasiyas\u0131 kimi&rdquo;, MDU-nun akademik hey\u0259t &uuml;zvl\u0259rind\u0259n m&uuml;\u0259llim Ayg&uuml;n Q\u0259dirova &ldquo;Qaraba\u011f Z\u0259f\u0259ri: Az\u0259rbaycan tarixi miras\u0131na yenid\u0259n qovu\u015fdu&rdquo; v\u0259 m&uuml;\u0259llim M\u0259tan\u0259t Yusifova &ldquo;Qaraba\u011f Z\u0259f\u0259rinin \u0259ld\u0259 edilm\u0259sind\u0259 liderlik faktoru&rdquo; m&ouml;vzular\u0131nda m\u0259ruz\u0259l\u0259rl\u0259 &ccedil;\u0131x\u0131\u015f edibl\u0259r. <\/span><\/span><\/p>\n<p style=\"margin-bottom: 0.0001pt; text-align: justify; text-indent: 1cm;\"><span style=\"font-size: 12pt; line-height: 115%; font-family: 'Arial', 'sans-serif'; color: #000000;\">Konfrans i\u015ftirak&ccedil;\u0131lar\u0131 t\u0259r\u0259find\u0259n b&ouml;y&uuml;k maraqla qar\u015f\u0131lanan m\u0259ruz\u0259l\u0259r \u0259traf\u0131nda geni\u015f fikir m&uuml;badil\u0259si apar\u0131l\u0131b.<\/span><\/p>\n<p style=\"margin-bottom: 0.0001pt; text-align: justify; text-indent: 1cm;\"><span style=\"font-size: 12pt; line-height: 115%; font-family: 'Arial', 'sans-serif'; color: #000000;\">Qeyd ed\u0259k ki, V\u0259t\u0259n m&uuml;harib\u0259sind\u0259 qazan\u0131lan tarixi Z\u0259f\u0259rin birinci ild&ouml;n&uuml;m&uuml; m&uuml;nasib\u0259til\u0259 MDU-da qarda\u015f &ouml;lk\u0259nin t\u0259r\u0259fda\u015f universitetl\u0259ri il\u0259 birlikd\u0259 silsil\u0259 t\u0259dbirl\u0259r ke&ccedil;irilir.<\/span><\/p>\n<p>{phocagallery view=category|categoryid=747|limitstart=0|limitcount=0}<\/p>","protected":false},"excerpt":{"rendered":"<p>Ming\u0259&ccedil;evir D&ouml;vl\u0259t Universiteti v\u0259 Ankara Hac\u0131 Bayram Veli Universitetinin birg\u0259 t\u0259\u015fkilat&ccedil;\u0131l\u0131\u011f\u0131 il\u0259 Z\u0259f\u0259r G&uuml;n&uuml;n\u0259 h\u0259sr olunan konfrans ke&ccedil;irilib &nbsp; 5 noyabr 2021-ci il tarixind\u0259 Ming\u0259&ccedil;evir D&ouml;vl\u0259t Universiteti (MDU) v\u0259 Ankara Hac\u0131 Bayram Veli Universiteti (AHBVU) aras\u0131nda \u0259m\u0259kda\u015fl\u0131q &ccedil;\u0259r&ccedil;iv\u0259sind\u0259 Qaraba\u011f Z\u0259f\u0259rinin birinci ild&ouml;n&uuml;m&uuml;n\u0259 h\u0259sr olunan birg\u0259 elmi konfrans ke&ccedil;irilib. Konfransda h\u0259r iki universitetin akademik v\u0259 inzibati [&hellip;]<\/p>\n","protected":false},"author":1,"featured_media":0,"comment_status":"open","ping_status":"open","sticky":false,"template":"","format":"standard","meta":{"_eb_attr":"","ocean_post_layout":"","ocean_both_sidebars_style":"","ocean_both_sidebars_content_width":0,"ocean_both_sidebars_sidebars_width":0,"ocean_sidebar":"","ocean_second_sidebar":"","ocean_disable_margins":"enable","ocean_add_body_class":"","ocean_shortcode_before_top_bar":"","ocean_shortcode_after_top_bar":"","ocean_shortcode_before_header":"","ocean_shortcode_after_header":"","ocean_has_shortcode":"","ocean_shortcode_after_title":"","ocean_shortcode_before_footer_widgets":"","ocean_shortcode_after_footer_widgets":"","ocean_shortcode_before_footer_bottom":"","ocean_shortcode_after_footer_bottom":"","ocean_display_top_bar":"default","ocean_display_header":"default","ocean_header_style":"","ocean_center_header_left_menu":"","ocean_custom_header_template":"","ocean_custom_logo":0,"ocean_custom_retina_logo":0,"ocean_custom_logo_max_width":0,"ocean_custom_logo_tablet_max_width":0,"ocean_custom_logo_mobile_max_width":0,"ocean_custom_logo_max_height":0,"ocean_custom_logo_tablet_max_height":0,"ocean_custom_logo_mobile_max_height":0,"ocean_header_custom_menu":"","ocean_menu_typo_font_family":"","ocean_menu_typo_font_subset":"","ocean_menu_typo_font_size":0,"ocean_menu_typo_font_size_tablet":0,"ocean_menu_typo_font_size_mobile":0,"ocean_menu_typo_font_size_unit":"px","ocean_menu_typo_font_weight":"","ocean_menu_typo_font_weight_tablet":"","ocean_menu_typo_font_weight_mobile":"","ocean_menu_typo_transform":"","ocean_menu_typo_transform_tablet":"","ocean_menu_typo_transform_mobile":"","ocean_menu_typo_line_height":0,"ocean_menu_typo_line_height_tablet":0,"ocean_menu_typo_line_height_mobile":0,"ocean_menu_typo_line_height_unit":"","ocean_menu_typo_spacing":0,"ocean_menu_typo_spacing_tablet":0,"ocean_menu_typo_spacing_mobile":0,"ocean_menu_typo_spacing_unit":"","ocean_menu_link_color":"","ocean_menu_link_color_hover":"","ocean_menu_link_color_active":"","ocean_menu_link_background":"","ocean_menu_link_hover_background":"","ocean_menu_link_active_background":"","ocean_menu_social_links_bg":"","ocean_menu_social_hover_links_bg":"","ocean_menu_social_links_color":"","ocean_menu_social_hover_links_color":"","ocean_disable_title":"default","ocean_disable_heading":"default","ocean_post_title":"","ocean_post_subheading":"","ocean_post_title_style":"","ocean_post_title_background_color":"","ocean_post_title_background":0,"ocean_post_title_bg_image_position":"","ocean_post_title_bg_image_attachment":"","ocean_post_title_bg_image_repeat":"","ocean_post_title_bg_image_size":"","ocean_post_title_height":0,"ocean_post_title_bg_overlay":0.5,"ocean_post_title_bg_overlay_color":"","ocean_disable_breadcrumbs":"default","ocean_breadcrumbs_color":"","ocean_breadcrumbs_separator_color":"","ocean_breadcrumbs_links_color":"","ocean_breadcrumbs_links_hover_color":"","ocean_display_footer_widgets":"default","ocean_display_footer_bottom":"default","ocean_custom_footer_template":"","ocean_post_oembed":"","ocean_post_self_hosted_media":"","ocean_post_video_embed":"","ocean_link_format":"","ocean_link_format_target":"self","ocean_quote_format":"","ocean_quote_format_link":"post","ocean_gallery_link_images":"on","ocean_gallery_id":[],"footnotes":""},"categories":[63],"tags":[],"class_list":["post-16135","post","type-post","status-publish","format-standard","hentry","category-khaebaerlaer-az","entry"],"_links":{"self":[{"href":"https:\/\/mdu.edu.az\/en\/wp-json\/wp\/v2\/posts\/16135","targetHints":{"allow":["GET"]}}],"collection":[{"href":"https:\/\/mdu.edu.az\/en\/wp-json\/wp\/v2\/posts"}],"about":[{"href":"https:\/\/mdu.edu.az\/en\/wp-json\/wp\/v2\/types\/post"}],"author":[{"embeddable":true,"href":"https:\/\/mdu.edu.az\/en\/wp-json\/wp\/v2\/users\/1"}],"replies":[{"embeddable":true,"href":"https:\/\/mdu.edu.az\/en\/wp-json\/wp\/v2\/comments?post=16135"}],"version-history":[{"count":0,"href":"https:\/\/mdu.edu.az\/en\/wp-json\/wp\/v2\/posts\/16135\/revisions"}],"wp:attachment":[{"href":"https:\/\/mdu.edu.az\/en\/wp-json\/wp\/v2\/media?parent=16135"}],"wp:term":[{"taxonomy":"category","embeddable":true,"href":"https:\/\/mdu.edu.az\/en\/wp-json\/wp\/v2\/categories?post=16135"},{"taxonomy":"post_tag","embeddable":true,"href":"https:\/\/mdu.edu.az\/en\/wp-json\/wp\/v2\/tags?post=16135"}],"curies":[{"name":"wp","href":"https:\/\/api.w.org\/{rel}","templated":true}]}}