{"id":16138,"date":"2021-11-07T07:24:38","date_gmt":"2021-11-07T04:24:38","guid":{"rendered":"https:\/\/mdu.edu.az\/minzh-evir-d-vl-t-universiteti-v-kto-karatay-universitetinin-birzh-t-kilat-l-il-z-f-r-zh-n-n-h-sr-olunan-konfrans-ke-irilib\/"},"modified":"2021-11-07T07:24:38","modified_gmt":"2021-11-07T04:24:38","slug":"minzh-evir-d-vl-t-universiteti-v-kto-karatay-universitetinin-birzh-t-kilat-l-il-z-f-r-zh-n-n-h-sr-olunan-konfrans-ke-irilib","status":"publish","type":"post","link":"https:\/\/mdu.edu.az\/en\/minzh-evir-d-vl-t-universiteti-v-kto-karatay-universitetinin-birzh-t-kilat-l-il-z-f-r-zh-n-n-h-sr-olunan-konfrans-ke-irilib\/","title":{"rendered":"Ming\u0259\u00e7evir D\u00f6vl\u0259t Universiteti v\u0259 KTO Karatay Universitetinin birg\u0259 t\u0259\u015fkilat\u00e7\u0131l\u0131\u011f\u0131 il\u0259 Z\u0259f\u0259r G\u00fcn\u00fcn\u0259 h\u0259sr olunan konfrans ke\u00e7irilib"},"content":{"rendered":"<p style=\"margin-bottom: 0.0001pt; text-align: center;\"><b><span style=\"font-size: 14pt; line-height: 115%; font-family: 'Arial', sans-serif; color: #002060;\">Ming\u0259&ccedil;evir D&ouml;vl\u0259t Universiteti v\u0259 KTO Karatay Universitetinin birg\u0259 t\u0259\u015fkilat&ccedil;\u0131l\u0131\u011f\u0131 il\u0259 Z\u0259f\u0259r G&uuml;n&uuml;n\u0259 h\u0259sr olunan konfrans ke&ccedil;irilib<\/span><\/b><\/p>\n<p>&nbsp;<\/p>\n<p style=\"margin-bottom: 0.0001pt; text-align: justify; text-indent: 1cm;\"><span style=\"font-size: 12pt; line-height: 115%; font-family: 'Arial', sans-serif; color: #000000; background: white none repeat scroll 0% 0%;\">5 noyabr 2021-ci il tarixind\u0259 Ming\u0259&ccedil;evir D&ouml;vl\u0259t Universiteti (MDU) v\u0259 T&uuml;rkiy\u0259nin KTO Karatay Universiteti aras\u0131nda \u0259m\u0259kda\u015fl\u0131q &ccedil;\u0259r&ccedil;iv\u0259sind\u0259 Qaraba\u011f Z\u0259f\u0259rinin birinci ild&ouml;n&uuml;m&uuml;n\u0259 h\u0259sr olunan birg\u0259 elmi konfrans ke&ccedil;irilib. Konfransda h\u0259r iki universitetin akademik v\u0259 inzibati hey\u0259t &uuml;zvl\u0259ri, t\u0259l\u0259b\u0259 v\u0259 magistrantlar\u0131 i\u015ftirak edibl\u0259r.<\/span><\/p>\n<p style=\"margin-bottom: 0.0001pt; text-align: justify; text-indent: 1cm;\"><span style=\"font-size: 12pt; line-height: 115%; font-family: 'Arial', sans-serif; color: #000000; background: white none repeat scroll 0% 0%;\">&ldquo;Zoom&rdquo; platformas\u0131 &uuml;z\u0259rind\u0259n onlayn formatda t\u0259\u015fkil edil\u0259n konfrans\u0131n a&ccedil;\u0131l\u0131\u015f\u0131nda Z\u0259f\u0259r bayram\u0131 m&uuml;nasib\u0259til\u0259 t\u0259brikl\u0259rini &ccedil;atd\u0131ran MDU-nun rektoru \u015eahin Bayramov bel\u0259 bir ortaq t\u0259dbirin ke&ccedil;irilm\u0259sin\u0259 g&ouml;st\u0259rdikl\u0259ri d\u0259st\u0259y\u0259 g&ouml;r\u0259 KTO Karatay Universitetinin r\u0259hb\u0259rliyin\u0259 v\u0259 \u0259m\u0259kda\u015flar\u0131na t\u0259\u015f\u0259kk&uuml;r edib.<\/span><\/p>\n<p style=\"margin-bottom: 0.0001pt; text-align: justify; text-indent: 1cm;\"><span style=\"font-size: 12pt; line-height: 115%; font-family: 'Arial', sans-serif; color: #000000; background: white none repeat scroll 0% 0%;\">M&uuml;z\u0259ff\u0259r Ali Ba\u015f Komandan\u0131m\u0131z\u0131n r\u0259hb\u0259rliyi v\u0259 r\u0259\u015fad\u0259tli Az\u0259rbaycan \u018fsg\u0259rinin q\u0259hr\u0259manl\u0131\u011f\u0131 say\u0259sind\u0259 44 g&uuml;nl&uuml;k V\u0259t\u0259n M&uuml;harib\u0259sind\u0259 do\u011fma Qaraba\u011f\u0131n i\u015f\u011faldan azad olundu\u011funu v\u0259 tarixi \u0259dal\u0259tin b\u0259rpa edildiyini dey\u0259n \u015e.Bayramov \u015fanl\u0131 Q\u0259l\u0259b\u0259nin h\u0259r birimiz\u0259 sonsuz sevinc v\u0259 f\u0259xar\u0259t hissl\u0259ri ya\u015fatd\u0131\u011f\u0131n\u0131 bildirib. Tarixi Z\u0259f\u0259rin qazan\u0131lmas\u0131na g&ouml;r\u0259 \u015f\u0259hidlik zirv\u0259sin\u0259 ucalan q\u0259hr\u0259manlar\u0131m\u0131za borclu oldu\u011fumuzu vur\u011fulayan rektor onlar\u0131n \u0259ziz xatir\u0259sinin he&ccedil; zaman unudulmayaca\u011f\u0131n\u0131 v\u0259 daim b&ouml;y&uuml;k ehtiramla yad edil\u0259c\u0259yini qeyd edib. <\/span><\/p>\n<p style=\"margin-bottom: 0.0001pt; text-align: justify; text-indent: 1cm;\"><span style=\"font-size: 12pt; line-height: 115%; font-family: 'Arial', sans-serif; color: #000000; background: white none repeat scroll 0% 0%;\">T&uuml;rkiy\u0259nin daim Az\u0259rbaycan xalq\u0131n\u0131n yan\u0131nda olmas\u0131ndan v\u0259 b&ouml;y&uuml;k m\u0259n\u0259vi d\u0259st\u0259k g&ouml;st\u0259rm\u0259sind\u0259n dan\u0131\u015fan \u015e.Bayramov ortaq tarix\u0259, dil\u0259, din\u0259 v\u0259 m\u0259d\u0259niyy\u0259t\u0259 sahib iki &ouml;lk\u0259 aras\u0131ndak\u0131 qarda\u015fl\u0131q m&uuml;nasib\u0259tl\u0259rinin qalibiyy\u0259td\u0259n sonra daha y&uuml;ks\u0259k s\u0259viyy\u0259y\u0259 &ccedil;atd\u0131\u011f\u0131n\u0131 s&ouml;yl\u0259yib. Postm&uuml;harib\u0259 d&ouml;vr&uuml;nd\u0259 regionda yeni geosiyasi m\u0259nz\u0259r\u0259nin formala\u015fd\u0131\u011f\u0131n\u0131 v\u0259 Az\u0259rbaycan-T&uuml;rkiy\u0259 birliyinin \u0259sas g&uuml;c faktorlar\u0131ndan birin\u0259 &ccedil;evrildiyini diqq\u0259t\u0259 &ccedil;atd\u0131ran rektor Qaraba\u011f\u0131n dir&ccedil;\u0259li\u015fi istiqam\u0259tind\u0259 h\u0259yata ke&ccedil;iril\u0259n i\u015fbirliyind\u0259n b\u0259hs edib. <\/span><\/p>\n<p style=\"margin-bottom: 0.0001pt; text-align: justify; text-indent: 1cm;\"><span style=\"font-size: 12pt; line-height: 115%; font-family: 'Arial', sans-serif; color: #000000; background: white none repeat scroll 0% 0%;\">Yeni d&ouml;n\u0259md\u0259 iki universitet aras\u0131nda \u0259m\u0259kda\u015fl\u0131\u011f\u0131n daha da inki\u015faf etdirilm\u0259sinin vacibliyind\u0259n s&ouml;hb\u0259t a&ccedil;an \u015e.Bayramov bu n&ouml;qteyi-n\u0259z\u0259rd\u0259n konfrans\u0131n faydal\u0131 olaca\u011f\u0131na inand\u0131\u011f\u0131n\u0131 s&ouml;yl\u0259yib v\u0259 i\u015ftirak&ccedil;\u0131lara u\u011furlar arzulay\u0131b. <\/span><\/p>\n<p style=\"margin-bottom: 0.0001pt; text-align: justify; text-indent: 1cm;\"><span style=\"font-size: 12pt; line-height: 115%; font-family: 'Arial', sans-serif; color: #000000; background: white none repeat scroll 0% 0%;\">Konfrans i\u015ftirak&ccedil;\u0131lar\u0131n\u0131 salamlayan KTO Karatay Universitetinin prorektoru &Ccedil;a\u011fatay &Uuml;n&uuml;san MDU il\u0259 birlikd\u0259 t&uuml;rk d&uuml;nyas\u0131 tarixinin \u015fanl\u0131 s\u0259hif\u0259l\u0259rini t\u0259\u015fkil ed\u0259n Qaraba\u011f Z\u0259f\u0259rinin birinci ild&ouml;n&uuml;m&uuml;n&uuml;n qeyd edilm\u0259sind\u0259n m\u0259mnunlu\u011funu ifad\u0259 edib v\u0259 konfrans\u0131n t\u0259\u015fkilind\u0259 \u0259m\u0259yi olanlara t\u0259\u015f\u0259kk&uuml;r edib.<\/span><\/p>\n<p style=\"margin-bottom: 0.0001pt; text-align: justify; text-indent: 1cm;\"><span style=\"font-size: 12pt; line-height: 115%; font-family: 'Arial', sans-serif; color: #000000; background: white none repeat scroll 0% 0%;\">Az\u0259rbaycan d&ouml;vl\u0259ti t\u0259r\u0259find\u0259n 8 Noyabr tarixinin r\u0259smi olaraq Z\u0259f\u0259r G&uuml;n&uuml; kimi t\u0259nt\u0259n\u0259li \u015f\u0259kild\u0259 qeyd edildiyini vur\u011fulayan &Ccedil;.&Uuml;n&uuml;san \u0259lam\u0259tdar hadis\u0259 m&uuml;nasib\u0259til\u0259 konfrans i\u015ftirak&ccedil;\u0131lar\u0131na t\u0259brikl\u0259rini &ccedil;atd\u0131r\u0131b<\/span><\/p>\n<p style=\"margin-bottom: 0.0001pt; text-align: justify; text-indent: 1cm;\"><span style=\"font-size: 12pt; line-height: 115%; font-family: 'Arial', sans-serif; color: #000000; background: white none repeat scroll 0% 0%;\">Tarixboyu t&uuml;rk d&ouml;vl\u0259tl\u0259rinin b&ouml;y&uuml;k haqs\u0131zl\u0131qlara v\u0259 t\u0259zyiql\u0259r\u0259 m\u0259ruz qalmas\u0131ndan v\u0259 v\u0259t\u0259nl\u0259rinin istiqlal\u0131 &uuml;&ccedil;&uuml;n b&ouml;y&uuml;k m&uuml;cadil\u0259l\u0259r verm\u0259sind\u0259n dan\u0131\u015fan prorektor 44 g&uuml;nl&uuml;k V\u0259t\u0259n M&uuml;harib\u0259sind\u0259 t&uuml;rk d&uuml;nyas\u0131n\u0131n q\u0259hr\u0259manl\u0131q salnam\u0259sinin yaz\u0131ld\u0131\u011f\u0131n\u0131 bildirib v\u0259 torpaqlar\u0131n i\u015f\u011faldan azad edilm\u0259si u\u011frunda can\u0131ndan ke&ccedil;\u0259n \u015f\u0259hidl\u0259r\u0259 r\u0259hm\u0259t, qazil\u0259r\u0259 is\u0259 \u015f\u0259fa dil\u0259yib.<\/span><\/p>\n<p style=\"margin-bottom: 0.0001pt; text-align: justify; text-indent: 1cm;\"><span style=\"font-size: 12pt; line-height: 115%; font-family: 'Arial', sans-serif; color: #000000; background: white none repeat scroll 0% 0%;\">M&uuml;harib\u0259d\u0259n sonra T&uuml;rkiy\u0259 v\u0259 Az\u0259rbaycan qarda\u015fl\u0131q m&uuml;nasib\u0259tl\u0259rind\u0259 yeni m\u0259rh\u0259l\u0259nin ba\u015fland\u0131\u011f\u0131n\u0131 diqq\u0259t\u0259 &ccedil;atd\u0131ran &Ccedil;.&Uuml;n&uuml;san haz\u0131rda Qaraba\u011fda apar\u0131lan quruculuq i\u015fl\u0259rinin fonunda elm v\u0259 texnologiyalar sah\u0259sind\u0259 \u0259m\u0259kda\u015fl\u0131\u011f\u0131n inki\u015faf\u0131n\u0131n \u0259h\u0259miyy\u0259tind\u0259n b\u0259hs edib, bu m\u0259qs\u0259dl\u0259 h\u0259r iki universitet aras\u0131nda i\u015fbirliyinin potensial geni\u015fl\u0259ndirilm\u0259si istiqam\u0259tl\u0259ri bar\u0259d\u0259 fikirl\u0259rini b&ouml;l&uuml;\u015f&uuml;b. <\/span><\/p>\n<p style=\"margin-bottom: 0.0001pt; text-align: justify; text-indent: 1cm;\"><span style=\"color: #000000;\"><span style=\"font-size: 12pt; line-height: 115%; font-family: 'Arial', sans-serif; color: black; background: white none repeat scroll 0% 0%;\">Daha sonra, konfrans\u0131n proqram\u0131na uy\u011fun olaraq KTO Karatay Universitetind\u0259n professor Murat Can\u0131tez <\/span><span style=\"font-size: 12pt; line-height: 115%; font-family: 'Arial', sans-serif;\">&ldquo;Qaraba\u011f Z\u0259f\u0259rinin birinci ild&ouml;n&uuml;m&uuml; \u0259r\u0259f\u0259sind\u0259: T&uuml;rkiy\u0259 &#8211; Az\u0259rbaycan v\u0259 T&uuml;rk D&uuml;nyas\u0131 &uuml;&ccedil;&uuml;n beyn\u0259lxalq ticar\u0259t v\u0259 logistika bax\u0131\u015f\u0131&rdquo;, m&uuml;\u0259llim Fatma Didem Tun&ccedil;es &ldquo;Mill\u0259timiz bir, enerjimiz bir&rdquo;, MDU-dan ba\u015f m&uuml;\u0259llim \u0130lham M\u0259mm\u0259dov &ldquo;T&uuml;rk torpaqlar\u0131na qay\u0131d\u0131\u015f yeni tariximizin \u015fanl\u0131 bir s\u0259hif\u0259sidir&rdquo; v\u0259 m&uuml;\u0259llim Yegan\u0259 M\u0259mm\u0259dli &ldquo;Qaraba\u011f v\u0259 \u015e\u0259rqi Z\u0259ng\u0259zur iqtisadi rayonlar\u0131n\u0131n k\u0259nd t\u0259s\u0259rr&uuml;fat\u0131 potensial\u0131 v\u0259 modernl\u0259\u015fm\u0259 perspektivl\u0259ri&rdquo; m&ouml;vzular\u0131nda &ccedil;\u0131x\u0131\u015f edibl\u0259r. <\/span><\/span><\/p>\n<p style=\"margin-bottom: 0.0001pt; text-align: justify; text-indent: 1cm;\"><span style=\"font-size: 12pt; line-height: 115%; font-family: 'Arial', sans-serif; color: #000000;\">Konfrans i\u015ftirak&ccedil;\u0131lar\u0131 t\u0259r\u0259find\u0259n b&ouml;y&uuml;k maraqla qar\u015f\u0131lanan m\u0259ruz\u0259l\u0259r \u0259traf\u0131nda geni\u015f fikir m&uuml;badil\u0259si apar\u0131l\u0131b.<\/span><\/p>\n<p style=\"margin-bottom: 0.0001pt; text-align: justify; text-indent: 1cm;\"><span style=\"font-size: 12pt; line-height: 115%; font-family: 'Arial', sans-serif; color: #000000;\">Qeyd ed\u0259k ki, V\u0259t\u0259n m&uuml;harib\u0259sind\u0259 qazan\u0131lan tarixi Z\u0259f\u0259rin birinci ild&ouml;n&uuml;m&uuml; m&uuml;nasib\u0259til\u0259 MDU-da qarda\u015f &ouml;lk\u0259nin t\u0259r\u0259fda\u015f universitetl\u0259ri il\u0259 birlikd\u0259 silsil\u0259 t\u0259dbirl\u0259r ke&ccedil;irilir.<\/span><\/p>\n<p>{phocagallery view=category|categoryid=750|limitstart=0|limitcount=0}<\/p>","protected":false},"excerpt":{"rendered":"<p>Ming\u0259&ccedil;evir D&ouml;vl\u0259t Universiteti v\u0259 KTO Karatay Universitetinin birg\u0259 t\u0259\u015fkilat&ccedil;\u0131l\u0131\u011f\u0131 il\u0259 Z\u0259f\u0259r G&uuml;n&uuml;n\u0259 h\u0259sr olunan konfrans ke&ccedil;irilib &nbsp; 5 noyabr 2021-ci il tarixind\u0259 Ming\u0259&ccedil;evir D&ouml;vl\u0259t Universiteti (MDU) v\u0259 T&uuml;rkiy\u0259nin KTO Karatay Universiteti aras\u0131nda \u0259m\u0259kda\u015fl\u0131q &ccedil;\u0259r&ccedil;iv\u0259sind\u0259 Qaraba\u011f Z\u0259f\u0259rinin birinci ild&ouml;n&uuml;m&uuml;n\u0259 h\u0259sr olunan birg\u0259 elmi konfrans ke&ccedil;irilib. Konfransda h\u0259r iki universitetin akademik v\u0259 inzibati hey\u0259t &uuml;zvl\u0259ri, t\u0259l\u0259b\u0259 v\u0259 [&hellip;]<\/p>\n","protected":false},"author":1,"featured_media":0,"comment_status":"open","ping_status":"open","sticky":false,"template":"","format":"standard","meta":{"_eb_attr":"","ocean_post_layout":"","ocean_both_sidebars_style":"","ocean_both_sidebars_content_width":0,"ocean_both_sidebars_sidebars_width":0,"ocean_sidebar":"","ocean_second_sidebar":"","ocean_disable_margins":"enable","ocean_add_body_class":"","ocean_shortcode_before_top_bar":"","ocean_shortcode_after_top_bar":"","ocean_shortcode_before_header":"","ocean_shortcode_after_header":"","ocean_has_shortcode":"","ocean_shortcode_after_title":"","ocean_shortcode_before_footer_widgets":"","ocean_shortcode_after_footer_widgets":"","ocean_shortcode_before_footer_bottom":"","ocean_shortcode_after_footer_bottom":"","ocean_display_top_bar":"default","ocean_display_header":"default","ocean_header_style":"","ocean_center_header_left_menu":"","ocean_custom_header_template":"","ocean_custom_logo":0,"ocean_custom_retina_logo":0,"ocean_custom_logo_max_width":0,"ocean_custom_logo_tablet_max_width":0,"ocean_custom_logo_mobile_max_width":0,"ocean_custom_logo_max_height":0,"ocean_custom_logo_tablet_max_height":0,"ocean_custom_logo_mobile_max_height":0,"ocean_header_custom_menu":"","ocean_menu_typo_font_family":"","ocean_menu_typo_font_subset":"","ocean_menu_typo_font_size":0,"ocean_menu_typo_font_size_tablet":0,"ocean_menu_typo_font_size_mobile":0,"ocean_menu_typo_font_size_unit":"px","ocean_menu_typo_font_weight":"","ocean_menu_typo_font_weight_tablet":"","ocean_menu_typo_font_weight_mobile":"","ocean_menu_typo_transform":"","ocean_menu_typo_transform_tablet":"","ocean_menu_typo_transform_mobile":"","ocean_menu_typo_line_height":0,"ocean_menu_typo_line_height_tablet":0,"ocean_menu_typo_line_height_mobile":0,"ocean_menu_typo_line_height_unit":"","ocean_menu_typo_spacing":0,"ocean_menu_typo_spacing_tablet":0,"ocean_menu_typo_spacing_mobile":0,"ocean_menu_typo_spacing_unit":"","ocean_menu_link_color":"","ocean_menu_link_color_hover":"","ocean_menu_link_color_active":"","ocean_menu_link_background":"","ocean_menu_link_hover_background":"","ocean_menu_link_active_background":"","ocean_menu_social_links_bg":"","ocean_menu_social_hover_links_bg":"","ocean_menu_social_links_color":"","ocean_menu_social_hover_links_color":"","ocean_disable_title":"default","ocean_disable_heading":"default","ocean_post_title":"","ocean_post_subheading":"","ocean_post_title_style":"","ocean_post_title_background_color":"","ocean_post_title_background":0,"ocean_post_title_bg_image_position":"","ocean_post_title_bg_image_attachment":"","ocean_post_title_bg_image_repeat":"","ocean_post_title_bg_image_size":"","ocean_post_title_height":0,"ocean_post_title_bg_overlay":0.5,"ocean_post_title_bg_overlay_color":"","ocean_disable_breadcrumbs":"default","ocean_breadcrumbs_color":"","ocean_breadcrumbs_separator_color":"","ocean_breadcrumbs_links_color":"","ocean_breadcrumbs_links_hover_color":"","ocean_display_footer_widgets":"default","ocean_display_footer_bottom":"default","ocean_custom_footer_template":"","ocean_post_oembed":"","ocean_post_self_hosted_media":"","ocean_post_video_embed":"","ocean_link_format":"","ocean_link_format_target":"self","ocean_quote_format":"","ocean_quote_format_link":"post","ocean_gallery_link_images":"on","ocean_gallery_id":[],"footnotes":""},"categories":[63],"tags":[],"class_list":["post-16138","post","type-post","status-publish","format-standard","hentry","category-khaebaerlaer-az","entry"],"_links":{"self":[{"href":"https:\/\/mdu.edu.az\/en\/wp-json\/wp\/v2\/posts\/16138","targetHints":{"allow":["GET"]}}],"collection":[{"href":"https:\/\/mdu.edu.az\/en\/wp-json\/wp\/v2\/posts"}],"about":[{"href":"https:\/\/mdu.edu.az\/en\/wp-json\/wp\/v2\/types\/post"}],"author":[{"embeddable":true,"href":"https:\/\/mdu.edu.az\/en\/wp-json\/wp\/v2\/users\/1"}],"replies":[{"embeddable":true,"href":"https:\/\/mdu.edu.az\/en\/wp-json\/wp\/v2\/comments?post=16138"}],"version-history":[{"count":0,"href":"https:\/\/mdu.edu.az\/en\/wp-json\/wp\/v2\/posts\/16138\/revisions"}],"wp:attachment":[{"href":"https:\/\/mdu.edu.az\/en\/wp-json\/wp\/v2\/media?parent=16138"}],"wp:term":[{"taxonomy":"category","embeddable":true,"href":"https:\/\/mdu.edu.az\/en\/wp-json\/wp\/v2\/categories?post=16138"},{"taxonomy":"post_tag","embeddable":true,"href":"https:\/\/mdu.edu.az\/en\/wp-json\/wp\/v2\/tags?post=16138"}],"curies":[{"name":"wp","href":"https:\/\/api.w.org\/{rel}","templated":true}]}}