{"id":16140,"date":"2021-11-07T17:05:38","date_gmt":"2021-11-07T14:05:38","guid":{"rendered":"https:\/\/mdu.edu.az\/minzh-evir-d-vl-t-universiteti-ukraynan-n-ali-t-hsil-m-ssis-l-ri-il-m-kda-l-g-lag-l-rini-inki-af-etdirir-az-rbaydzan-m-llimi-g-zeti-07-11-2021\/"},"modified":"2023-09-11T10:03:26","modified_gmt":"2023-09-11T07:03:26","slug":"minzh-evir-d-vl-t-universiteti-ukraynan-n-ali-t-hsil-m-ssis-l-ri-il-m-kda-l-g-lag-l-rini-inki-af-etdirir-az-rbaydzan-m-llimi-g-zeti-07-11-2021","status":"publish","type":"post","link":"https:\/\/mdu.edu.az\/en\/minzh-evir-d-vl-t-universiteti-ukraynan-n-ali-t-hsil-m-ssis-l-ri-il-m-kda-l-g-lag-l-rini-inki-af-etdirir-az-rbaydzan-m-llimi-g-zeti-07-11-2021\/","title":{"rendered":"Ming\u0259\u00e7evir D\u00f6vl\u0259t Universiteti Ukraynan\u0131n ali t\u0259hsil m\u00fc\u0259ssis\u0259l\u0259ri il\u0259 \u0259m\u0259kda\u015fl\u0131q \u0259laq\u0259l\u0259rini inki\u015faf etdirir (&#8220;Az\u0259rbaycan m\u00fc\u0259llimi&#8221; q\u0259zeti, 07.11.2021)"},"content":{"rendered":"<p style=\"margin-bottom: 0.0001pt; text-align: center; line-height: normal;\"><b><span style=\"font-size: 14pt; font-family: 'Arial', sans-serif; color: #002060;\">Ming\u0259&ccedil;evir D&ouml;vl\u0259t Universiteti Ukraynan\u0131n ali t\u0259hsil m&uuml;\u0259ssis\u0259l\u0259ri il\u0259 \u0259m\u0259kda\u015fl\u0131q \u0259laq\u0259l\u0259rini inki\u015faf etdirir<\/span><\/b><\/p>\n<p>&nbsp;<\/p>\n<p><span style=\"color: #0000ff;\"><a href=\"https:\/\/www.muallim.edu.az\/news.php?id=18109\" target=\"_blank\" style=\"color: #0000ff;\" rel=\"noopener\"><span style=\"text-decoration: none;\">&#8220;Az\u0259rbaycan m&uuml;\u0259llimi&#8221;, <\/span>07<span style=\"text-decoration: none;\">.11<\/span><span style=\"text-decoration: none;\">.2021<\/span><\/a><\/span><\/p>\n<p><span style=\"color: #0000ff;\"><a href=\"\/en\/images\/pdf\/Kiev.pdf\/\" target=\"_blank\" style=\"color: #0000ff;\" rel=\"noopener\"><span style=\"text-decoration: none;\">Q\u0259zetin PDF versiyas\u0131<\/span><\/a><\/span><\/p>\n<p style=\"text-align: center;\"><img decoding=\"async\" src=\"images\/MDU_KIEV.jpg\" alt=\"\" \/><\/p>\n<p style=\"margin-bottom: 0.0001pt; text-align: justify; text-indent: 1cm; line-height: normal;\"><span style=\"font-size: 12pt; font-family: 'Arial', sans-serif;\"><\/span><\/p>\n<p style=\"margin-bottom: 0.0001pt; text-align: justify; text-indent: 1cm; line-height: normal;\"><span style=\"font-size: 12pt; font-family: 'Arial', sans-serif; color: #000000;\">MDU beyn\u0259lxalq \u0259laq\u0259l\u0259rin inki\u015faf\u0131na x&uuml;susi &ouml;n\u0259m verir<\/span><\/p>\n<p style=\"margin-bottom: 0.0001pt; text-align: justify; text-indent: 1cm; line-height: normal;\"><span style=\"font-size: 12pt; font-family: 'Arial', sans-serif; color: #000000;\">Haz\u0131rda m&uuml;asirl\u0259\u015fm\u0259 m\u0259rh\u0259l\u0259sind\u0259 olan Ming\u0259&ccedil;evir D&ouml;vl\u0259t Universitetind\u0259 (MDU) akademik potensial\u0131n g&uuml;cl\u0259ndirilm\u0259si v\u0259 ali t\u0259hsil xidm\u0259tl\u0259rinin keyfiyy\u0259tinin y&uuml;ks\u0259ldilm\u0259si m\u0259qs\u0259di il\u0259 qar\u015f\u0131l\u0131ql\u0131 faydal\u0131 beyn\u0259lxalq \u0259m\u0259kda\u015fl\u0131\u011f\u0131n geni\u015fl\u0259ndirilm\u0259si diqq\u0259t m\u0259rk\u0259zind\u0259 saxlan\u0131l\u0131r. Bu &ccedil;\u0259r&ccedil;iv\u0259d\u0259 MDU-da dost Ukraynan\u0131n qabaqc\u0131l universitetl\u0259ri il\u0259 \u0259m\u0259kda\u015fl\u0131q \u0259laq\u0259l\u0259rinin qurulmas\u0131 v\u0259 inki\u015faf etdirilm\u0259sin\u0259 x&uuml;susi &ouml;n\u0259m verilir. Bu bax\u0131mdan cari ilin 27-29 oktyabr tarixl\u0259rind\u0259 MDU-nun rektoru \u015eahin Bayramovun Ukraynaya s\u0259f\u0259ri \u0259h\u0259miyy\u0259tli v\u0259 m\u0259hsuldar f\u0259aliyy\u0259tl\u0259rl\u0259 yadda qal\u0131b.<\/span><\/p>\n<p style=\"margin-bottom: 0.0001pt; text-align: justify; text-indent: 1cm; line-height: normal;\"><span style=\"font-size: 12pt; font-family: 'Arial', sans-serif; color: #000000;\">Oktyabr\u0131n 27-d\u0259 MDU-nun rektoru \u015eahin Bayramov Ukraynaya s\u0259f\u0259ri &ccedil;\u0259r&ccedil;iv\u0259sind\u0259 Kiyev Milli \u0130qtisadiyyat Universitetinin (KNEU) rektoru Dmitri Lukyanenko il\u0259 g&ouml;r&uuml;\u015f&uuml;b.<\/span><\/p>\n<p style=\"margin-bottom: 0.0001pt; text-align: justify; text-indent: 1cm; line-height: normal;\"><span style=\"font-size: 12pt; font-family: 'Arial', sans-serif; color: #000000;\">MDU rektorunu KNEU-da salamlamaqdan m\u0259mnunlu\u011funu bildir\u0259n D.Lukyanenko r\u0259hb\u0259rlik etdiyi ali t\u0259hsil m&uuml;\u0259ssis\u0259sinin ke&ccedil;diyi inki\u015faf yolu, beyn\u0259lxalq \u0259m\u0259kda\u015fl\u0131\u011f\u0131, u\u011furlar\u0131 v\u0259 m\u0259zunlar\u0131 haqq\u0131nda \u0259trafl\u0131 m\u0259lumat verib. Az\u0259rbaycan universitetl\u0259ri, o c&uuml;ml\u0259d\u0259n MDU il\u0259 \u0259m\u0259kda\u015fl\u0131\u011fa b&ouml;y&uuml;k &ouml;n\u0259m verildiyini qeyd ed\u0259n KNEU rektoru iki universitet aras\u0131nda \u0259m\u0259kda\u015fl\u0131\u011f\u0131n inki\u015faf\u0131 &uuml;&ccedil;&uuml;n z\u0259ruri imkanlar\u0131n yarad\u0131lmas\u0131na haz\u0131r oldu\u011funu diqq\u0259t\u0259 &ccedil;atd\u0131r\u0131b.<\/span><\/p>\n<p style=\"margin-bottom: 0.0001pt; text-align: justify; text-indent: 1cm; line-height: normal;\"><span style=\"font-size: 12pt; font-family: 'Arial', sans-serif; color: #000000;\">S\u0259mimi g&ouml;r&uuml;\u015f\u0259 g&ouml;r\u0259 t\u0259\u015f\u0259kk&uuml;r&uuml;n&uuml; bildir\u0259n \u015e.Bayramov Az\u0259rbaycan v\u0259 Ukrayna aras\u0131nda tarixi k&ouml;kl\u0259r\u0259 malik dostluq m&uuml;nasib\u0259tl\u0259rind\u0259n b\u0259hs edib, Ukraynan\u0131n qabaqc\u0131l universitetl\u0259rind\u0259n olan KNEU il\u0259 i\u015fbirliyinin g&uuml;cl\u0259ndirilm\u0259sini iki &ouml;lk\u0259 aras\u0131nda elm v\u0259 ali t\u0259hsil sah\u0259sind\u0259 \u0259m\u0259kda\u015fl\u0131\u011f\u0131n inki\u015faf\u0131na t&ouml;hf\u0259 kimi d\u0259y\u0259rl\u0259ndirib.<\/span><\/p>\n<p style=\"margin-bottom: 0.0001pt; text-align: justify; text-indent: 1cm; line-height: normal;\"><span style=\"font-size: 12pt; font-family: 'Arial', sans-serif; color: #000000;\">MDU-nun strateji h\u0259d\u0259fl\u0259ri v\u0259 kadr haz\u0131rl\u0131\u011f\u0131 istiqam\u0259tl\u0259rind\u0259n s&ouml;z a&ccedil;an \u015e.Bayramov son d&ouml;vrd\u0259 universitetin modernl\u0259\u015fm\u0259si istiqam\u0259tind\u0259 g&ouml;r&uuml;l\u0259n i\u015fl\u0259rd\u0259n b\u0259hs edib. S&uuml;r\u0259tl\u0259 m&uuml;asirl\u0259\u015fm\u0259kd\u0259 olan MDU-da beyn\u0259lxalq \u0259laq\u0259l\u0259rin inki\u015faf\u0131na x&uuml;susi &ouml;n\u0259m verildiyini vur\u011fulayan rektor 115 illik tarixi olan KNEU il\u0259 \u0259m\u0259kda\u015fl\u0131\u011f\u0131n potensial istiqam\u0259tl\u0259ri bar\u0259d\u0259 fikirl\u0259rini b&ouml;l&uuml;\u015f&uuml;b, t\u0259l\u0259b\u0259 v\u0259 m&uuml;\u0259llim m&uuml;badil\u0259si, ortaq t\u0259hsil proqramlar\u0131, t\u0259dqiqatlar, elmi konfranslar, forumlar v\u0259 dig\u0259r m&uuml;xt\u0259lif istiqam\u0259tl\u0259rd\u0259 birg\u0259 f\u0259aliyy\u0259tl\u0259rin perspektivl\u0259rind\u0259n dan\u0131\u015f\u0131b.<\/span><\/p>\n<p style=\"margin-bottom: 0.0001pt; text-align: justify; text-indent: 1cm; line-height: normal;\"><span style=\"font-size: 12pt; font-family: 'Arial', sans-serif; color: #000000;\">Oktyabr\u0131n 28-d\u0259 MDU rektoru Kiyev Milli \u0130qtisadiyyat Universitetinin&nbsp; 115 illik yubiley m\u0259rasimind\u0259 i\u015ftirak edib. Yubileyd\u0259 Ukraynan\u0131n ba\u015f nazirinin birinci m&uuml;avini v\u0259 \u0130qtisadiyyat naziri, Elm v\u0259 t\u0259hsil nazirinin m&uuml;avini, M\u0259rk\u0259zi Bank\u0131n v\u0259 dig\u0259r &ccedil;oxsayl\u0131 d&ouml;vl\u0259t qurumlar\u0131n\u0131n n&uuml;may\u0259nd\u0259l\u0259ri, xarici v\u0259 yerli universitetl\u0259rin rektorlar\u0131, &ouml;z\u0259l \u015firk\u0259tl\u0259rin r\u0259hb\u0259rl\u0259ri v\u0259 universitetin tan\u0131nm\u0131\u015f m\u0259zunlar\u0131 i\u015ftirak edibl\u0259r.<\/span><\/p>\n<p style=\"margin-bottom: 0.0001pt; text-align: justify; text-indent: 1cm; line-height: normal;\"><span style=\"font-size: 12pt; font-family: 'Arial', sans-serif; color: #000000;\">Yubiley i\u015ftirak&ccedil;\u0131lar\u0131n\u0131 salamlayan KNEU-nun rektoru D.Lukyanenko r\u0259hb\u0259rlik etdiyi universitetin ke&ccedil;diyi tarixi inki\u015faf yolundan v\u0259 \u0259ld\u0259 edil\u0259n u\u011furlardan dan\u0131\u015f\u0131b. Ukrayna ali t\u0259hsil m\u0259kan\u0131nda KNEU-nun m&ouml;vqeyinin ild\u0259n-il\u0259 g&uuml;cl\u0259ndiyini vur\u011fulayan D.Lukyanenko universitetd\u0259 kadr haz\u0131rl\u0131\u011f\u0131n\u0131n keyfiyy\u0259tinin y&uuml;ks\u0259ldilm\u0259si, elmi-t\u0259dqiqatlar\u0131n s\u0259m\u0259r\u0259liliyinin art\u0131r\u0131lmas\u0131, beyn\u0259lxalq \u0259m\u0259kda\u015fl\u0131\u011f\u0131n inki\u015faf\u0131 v\u0259 ali t\u0259hsil proqramlar\u0131n\u0131n beyn\u0259lxalq akkreditasiyas\u0131 istiqam\u0259tind\u0259 g&ouml;r&uuml;l\u0259n i\u015fl\u0259rd\u0259n v\u0259 qar\u015f\u0131da duran strateji h\u0259d\u0259fl\u0259rd\u0259n b\u0259hs edib.<\/span><\/p>\n<p style=\"margin-bottom: 0.0001pt; text-align: justify; text-indent: 1cm; line-height: normal;\"><span style=\"font-size: 12pt; font-family: 'Arial', sans-serif; color: #000000;\">T\u0259dbird\u0259 &ccedil;\u0131x\u0131\u015f ed\u0259n \u015e.Bayramov dost &ouml;lk\u0259nin n&uuml;fuzlu ali t\u0259hsil m&uuml;\u0259ssis\u0259l\u0259rind\u0259n biri olan KNEU-nun yubiley m\u0259rasimind\u0259 i\u015ftirakdan m\u0259mnunlu\u011funu ifad\u0259 edib v\u0259 d\u0259v\u0259t\u0259 g&ouml;r\u0259 universitetin r\u0259hb\u0259rliyin\u0259 t\u0259\u015f\u0259kk&uuml;r&uuml;n&uuml; bildirib. Ukraynada ali t\u0259hsil sistemind\u0259 &ouml;z&uuml;n\u0259m\u0259xsus yer\u0259 malik KNEU-nun &ouml;lk\u0259nin biznes v\u0259 iqtisadiyyat profilli apar\u0131c\u0131 ali t\u0259hsil m&uuml;\u0259ssis\u0259si oldu\u011funu vur\u011fulayan \u015e.Bayramov haz\u0131rda t\u0259r\u0259fda\u015f universitetin minl\u0259rl\u0259 m\u0259zununun milli iqtisadiyyat\u0131n &uuml;mumi inki\u015faf\u0131na \u0259h\u0259miyy\u0259tli t&ouml;hf\u0259l\u0259r verdiyini diqq\u0259t\u0259 &ccedil;atd\u0131r\u0131b.<\/span><\/p>\n<p style=\"margin-bottom: 0.0001pt; text-align: justify; text-indent: 1cm; line-height: normal;\"><span style=\"font-size: 12pt; font-family: 'Arial', sans-serif; color: #000000;\">KNEU-nu 115 illik z\u0259ngin \u0259n\u0259n\u0259l\u0259rin m&uuml;asir t\u0259dris metodlar\u0131 v\u0259 qabaqc\u0131l t\u0259dqiqat vasit\u0259l\u0259ri il\u0259 qovu\u015fdu\u011fu n&uuml;mun\u0259vi t\u0259hsil oca\u011f\u0131 kimi xarakteriz\u0259 ed\u0259n \u015e.Bayramov KNEU v\u0259 MDU aras\u0131nda qar\u015f\u0131l\u0131ql\u0131 faydal\u0131 \u0259m\u0259kda\u015fl\u0131\u011f\u0131n m&ouml;vcud v\u0259ziyy\u0259tind\u0259n s&ouml;hb\u0259t a&ccedil;\u0131b. \u018flam\u0259tdar hadis\u0259 m&uuml;nasib\u0259til\u0259 KNEU-nun r\u0259hb\u0259rliyini v\u0259 kollektiv &uuml;zvl\u0259rini MDU ail\u0259si ad\u0131ndan t\u0259brik ed\u0259n \u015e.Bayramov onlara yeni-yeni u\u011furlar arzulay\u0131b.<\/span><\/p>\n<p style=\"margin-bottom: 0.0001pt; text-align: justify; text-indent: 1cm; line-height: normal;\"><span style=\"font-size: 12pt; font-family: 'Arial', sans-serif; color: #000000;\">Yubiley &ccedil;\u0259r&ccedil;iv\u0259sind\u0259 MDU v\u0259 KNEU aras\u0131nda \u0259m\u0259kda\u015fl\u0131q memorandumu imzalan\u0131b v\u0259 xatir\u0259 h\u0259diyy\u0259l\u0259ri t\u0259qdim olunub.<\/span><\/p>\n<p style=\"margin-bottom: 0.0001pt; text-align: justify; text-indent: 1cm; line-height: normal;\"><span style=\"font-size: 12pt; font-family: 'Arial', sans-serif; color: #000000;\">Bununla yana\u015f\u0131, s\u0259f\u0259r &ccedil;\u0259r&ccedil;iv\u0259sind\u0259 KNEU t\u0259r\u0259find\u0259n MDU-ya riyaziyyat, iqtisadiyyat, idar\u0259etm\u0259 v\u0259 dig\u0259r sah\u0259l\u0259ri \u0259hat\u0259 ed\u0259n kitablar h\u0259diyy\u0259 edilib. Universitetl\u0259r aras\u0131nda yarad\u0131lm\u0131\u015f qar\u015f\u0131l\u0131ql\u0131 faydal\u0131 \u0259m\u0259kda\u015fl\u0131q &ccedil;\u0259r&ccedil;iv\u0259sind\u0259 d\u0259rslik v\u0259 d\u0259rs v\u0259saitl\u0259rinin t\u0259qdim olunmas\u0131 MDU-da, ilk n&ouml;vb\u0259d\u0259, \u0130qtisadiyyat v\u0259 idar\u0259etm\u0259, Pedaqoji fak&uuml;lt\u0259l\u0259rinin t\u0259dris-metodiki bazas\u0131n\u0131n g&uuml;cl\u0259ndirilm\u0259sin\u0259 t&ouml;hf\u0259 verilm\u0259si m\u0259qs\u0259di da\u015f\u0131y\u0131r.<\/span><\/p>\n<p style=\"margin-bottom: 0.0001pt; text-align: justify; text-indent: 1cm; line-height: normal;\"><span style=\"font-size: 12pt; font-family: 'Arial', sans-serif; color: #000000;\">Daha sonra \u015eahin Bayramov Ukraynaya s\u0259f\u0259ri &ccedil;\u0259r&ccedil;iv\u0259sind\u0259 Kiyev Milli Texnologiya v\u0259 Dizayn Universitetind\u0259 (Kyiv National University of Technologies and Design &#8211; KNUTD) olub.<\/span><\/p>\n<p style=\"margin-bottom: 0.0001pt; text-align: justify; text-indent: 1cm; line-height: normal;\"><span style=\"font-size: 12pt; font-family: 'Arial', sans-serif; color: #000000;\">MDU rektorunu salamlayan KNUTD-un rektoru \u0130van Qri\u015fenko Az\u0259rbaycan ali t\u0259hsil m&uuml;\u0259ssis\u0259l\u0259ri il\u0259 \u0259m\u0259kda\u015fl\u0131qda maraql\u0131 olduqlar\u0131n\u0131 diqq\u0259t\u0259 &ccedil;atd\u0131r\u0131b. &Ouml;t\u0259n il 90 illik yubileyi qeyd edil\u0259n KNUTD-un ke&ccedil;diyi inki\u015faf yolu haqq\u0131nda \u0259trafl\u0131 m\u0259lumat ver\u0259n&nbsp; \u0130.Qri\u015fenko universitetd\u0259 h\u0259yata ke&ccedil;iril\u0259n kadr haz\u0131rl\u0131\u011f\u0131 istiqam\u0259tl\u0259ri bar\u0259d\u0259 dan\u0131\u015f\u0131b. MDU il\u0259 i\u015fbirliyinin potensial istiqam\u0259tl\u0259rind\u0259n b\u0259hs ed\u0259n \u0130.Qri\u015fenko iki universitet aras\u0131nda qar\u015f\u0131l\u0131ql\u0131 faydal\u0131 \u0259m\u0259kda\u015fl\u0131\u011f\u0131n qurulaca\u011f\u0131na \u0259min oldu\u011funu bildirib.<\/span><\/p>\n<p style=\"margin-bottom: 0.0001pt; text-align: justify; text-indent: 1cm; line-height: normal;\"><span style=\"font-size: 12pt; font-family: 'Arial', sans-serif; color: #000000;\">S\u0259mimi qar\u015f\u0131lanmaya g&ouml;r\u0259 t\u0259\u015f\u0259kk&uuml;r&uuml;n&uuml; bildir\u0259n MDU-nun rektoru \u015e.Bayramov 90 illik tarixi olan KNUTD il\u0259 h\u0259rt\u0259r\u0259fli \u0259m\u0259kda\u015fl\u0131\u011f\u0131n inki\u015faf\u0131 &uuml;&ccedil;&uuml;n geni\u015f imkanlar\u0131n m&ouml;vcud oldu\u011funu vur\u011fulay\u0131b. H\u0259r iki universitetd\u0259 uy\u011fun ixtisaslar &uuml;zr\u0259 kadr haz\u0131rl\u0131\u011f\u0131n\u0131n h\u0259yata ke&ccedil;irildiyini bildir\u0259n \u015e.Bayramov t\u0259dris, elmi t\u0259dqiqat v\u0259 ortaq layih\u0259l\u0259r istiqam\u0259tind\u0259 g&ouml;r&uuml;l\u0259 bil\u0259c\u0259k konkret i\u015fl\u0259rd\u0259n b\u0259hs edib. KNUTD-da Az\u0259rbaycan M\u0259rk\u0259zinin f\u0259aliyy\u0259t g&ouml;st\u0259rm\u0259sind\u0259n m\u0259mnunlu\u011funu bildir\u0259n \u015e.Bayramov dost &ouml;lk\u0259nin s&uuml;r\u0259tl\u0259 yenil\u0259n\u0259n ali t\u0259hsil m&uuml;\u0259ssis\u0259si il\u0259 \u0259m\u0259kda\u015fl\u0131\u011f\u0131n qurulmas\u0131n\u0131n MDU-nun potensial\u0131n\u0131n g&uuml;cl\u0259nm\u0259sin\u0259 t&ouml;hf\u0259 ver\u0259c\u0259yin\u0259 inand\u0131\u011f\u0131n\u0131 s&ouml;yl\u0259yib.<\/span><\/p>\n<p style=\"margin-bottom: 0.0001pt; text-align: justify; text-indent: 1cm; line-height: normal;\"><span style=\"font-size: 12pt; font-family: 'Arial', sans-serif; color: #000000;\">G&ouml;r&uuml;\u015fd\u0259 MDU v\u0259 KNUTD aras\u0131nda \u0259m\u0259kda\u015fl\u0131q memorandumu imzalan\u0131b v\u0259 xatir\u0259 h\u0259diyy\u0259l\u0259ri t\u0259qdim olunub. Sonra MDU-nun rektoru \u015e.Bayramov KNUTD-da Az\u0259rbaycan M\u0259rk\u0259zin\u0259 ba\u015f &ccedil;\u0259kib, universitetin m&ouml;vcud infrastrukturu v\u0259 laboratoriyalar\u0131 il\u0259 tan\u0131\u015f olub.<\/span><\/p>\n<p style=\"margin-bottom: 0.0001pt; text-align: justify; text-indent: 1cm; line-height: normal;\"><span style=\"font-size: 12pt; font-family: 'Arial', sans-serif; color: #000000;\">Qeyd ed\u0259k ki, Ukraynan\u0131n h\u0259r iki ali t\u0259hsil m&uuml;\u0259ssis\u0259si il\u0259 imzalanan v\u0259 qar\u015f\u0131l\u0131ql\u0131 maraq do\u011furan sah\u0259l\u0259rd\u0259 potensial \u0259m\u0259kda\u015fl\u0131\u011f\u0131n inki\u015faf etdirilm\u0259sini n\u0259z\u0259rd\u0259 tutan memorandumlar t\u0259l\u0259b\u0259 v\u0259 m&uuml;\u0259llim m&uuml;badil\u0259si, ortaq t\u0259hsil proqramlar\u0131, t\u0259dqiqatlar, elmi konfranslar, forumlar v\u0259 dig\u0259r m&uuml;xt\u0259lif istiqam\u0259tl\u0259rd\u0259 birg\u0259 f\u0259aliyy\u0259tl\u0259ri \u0259hat\u0259 edir.<\/span><\/p>\n<p style=\"margin-bottom: 0.0001pt; text-align: justify; text-indent: 1cm; line-height: normal;\"><span style=\"font-size: 12pt; font-family: 'Arial', sans-serif;\"><\/span><\/p>","protected":false},"excerpt":{"rendered":"<p>Ming\u0259&ccedil;evir D&ouml;vl\u0259t Universiteti Ukraynan\u0131n ali t\u0259hsil m&uuml;\u0259ssis\u0259l\u0259ri il\u0259 \u0259m\u0259kda\u015fl\u0131q \u0259laq\u0259l\u0259rini inki\u015faf etdirir &nbsp; &#8220;Az\u0259rbaycan m&uuml;\u0259llimi&#8221;, 07.11.2021 Q\u0259zetin PDF versiyas\u0131 MDU beyn\u0259lxalq \u0259laq\u0259l\u0259rin inki\u015faf\u0131na x&uuml;susi &ouml;n\u0259m verir Haz\u0131rda m&uuml;asirl\u0259\u015fm\u0259 m\u0259rh\u0259l\u0259sind\u0259 olan Ming\u0259&ccedil;evir D&ouml;vl\u0259t Universitetind\u0259 (MDU) akademik potensial\u0131n g&uuml;cl\u0259ndirilm\u0259si v\u0259 ali t\u0259hsil xidm\u0259tl\u0259rinin keyfiyy\u0259tinin y&uuml;ks\u0259ldilm\u0259si m\u0259qs\u0259di il\u0259 qar\u015f\u0131l\u0131ql\u0131 faydal\u0131 beyn\u0259lxalq \u0259m\u0259kda\u015fl\u0131\u011f\u0131n geni\u015fl\u0259ndirilm\u0259si diqq\u0259t m\u0259rk\u0259zind\u0259 saxlan\u0131l\u0131r. Bu &ccedil;\u0259r&ccedil;iv\u0259d\u0259 [&hellip;]<\/p>\n","protected":false},"author":1,"featured_media":0,"comment_status":"open","ping_status":"open","sticky":false,"template":"","format":"standard","meta":{"_eb_attr":"","ocean_post_layout":"","ocean_both_sidebars_style":"","ocean_both_sidebars_content_width":0,"ocean_both_sidebars_sidebars_width":0,"ocean_sidebar":"","ocean_second_sidebar":"","ocean_disable_margins":"enable","ocean_add_body_class":"","ocean_shortcode_before_top_bar":"","ocean_shortcode_after_top_bar":"","ocean_shortcode_before_header":"","ocean_shortcode_after_header":"","ocean_has_shortcode":"","ocean_shortcode_after_title":"","ocean_shortcode_before_footer_widgets":"","ocean_shortcode_after_footer_widgets":"","ocean_shortcode_before_footer_bottom":"","ocean_shortcode_after_footer_bottom":"","ocean_display_top_bar":"default","ocean_display_header":"default","ocean_header_style":"","ocean_center_header_left_menu":"","ocean_custom_header_template":"","ocean_custom_logo":0,"ocean_custom_retina_logo":0,"ocean_custom_logo_max_width":0,"ocean_custom_logo_tablet_max_width":0,"ocean_custom_logo_mobile_max_width":0,"ocean_custom_logo_max_height":0,"ocean_custom_logo_tablet_max_height":0,"ocean_custom_logo_mobile_max_height":0,"ocean_header_custom_menu":"","ocean_menu_typo_font_family":"","ocean_menu_typo_font_subset":"","ocean_menu_typo_font_size":0,"ocean_menu_typo_font_size_tablet":0,"ocean_menu_typo_font_size_mobile":0,"ocean_menu_typo_font_size_unit":"px","ocean_menu_typo_font_weight":"","ocean_menu_typo_font_weight_tablet":"","ocean_menu_typo_font_weight_mobile":"","ocean_menu_typo_transform":"","ocean_menu_typo_transform_tablet":"","ocean_menu_typo_transform_mobile":"","ocean_menu_typo_line_height":0,"ocean_menu_typo_line_height_tablet":0,"ocean_menu_typo_line_height_mobile":0,"ocean_menu_typo_line_height_unit":"","ocean_menu_typo_spacing":0,"ocean_menu_typo_spacing_tablet":0,"ocean_menu_typo_spacing_mobile":0,"ocean_menu_typo_spacing_unit":"","ocean_menu_link_color":"","ocean_menu_link_color_hover":"","ocean_menu_link_color_active":"","ocean_menu_link_background":"","ocean_menu_link_hover_background":"","ocean_menu_link_active_background":"","ocean_menu_social_links_bg":"","ocean_menu_social_hover_links_bg":"","ocean_menu_social_links_color":"","ocean_menu_social_hover_links_color":"","ocean_disable_title":"default","ocean_disable_heading":"default","ocean_post_title":"","ocean_post_subheading":"","ocean_post_title_style":"","ocean_post_title_background_color":"","ocean_post_title_background":0,"ocean_post_title_bg_image_position":"","ocean_post_title_bg_image_attachment":"","ocean_post_title_bg_image_repeat":"","ocean_post_title_bg_image_size":"","ocean_post_title_height":0,"ocean_post_title_bg_overlay":0.5,"ocean_post_title_bg_overlay_color":"","ocean_disable_breadcrumbs":"default","ocean_breadcrumbs_color":"","ocean_breadcrumbs_separator_color":"","ocean_breadcrumbs_links_color":"","ocean_breadcrumbs_links_hover_color":"","ocean_display_footer_widgets":"default","ocean_display_footer_bottom":"default","ocean_custom_footer_template":"","ocean_post_oembed":"","ocean_post_self_hosted_media":"","ocean_post_video_embed":"","ocean_link_format":"","ocean_link_format_target":"self","ocean_quote_format":"","ocean_quote_format_link":"post","ocean_gallery_link_images":"on","ocean_gallery_id":[],"footnotes":""},"categories":[150,63],"tags":[],"class_list":["post-16140","post","type-post","status-publish","format-standard","hentry","category-azmuellim","category-khaebaerlaer-az","entry"],"_links":{"self":[{"href":"https:\/\/mdu.edu.az\/en\/wp-json\/wp\/v2\/posts\/16140","targetHints":{"allow":["GET"]}}],"collection":[{"href":"https:\/\/mdu.edu.az\/en\/wp-json\/wp\/v2\/posts"}],"about":[{"href":"https:\/\/mdu.edu.az\/en\/wp-json\/wp\/v2\/types\/post"}],"author":[{"embeddable":true,"href":"https:\/\/mdu.edu.az\/en\/wp-json\/wp\/v2\/users\/1"}],"replies":[{"embeddable":true,"href":"https:\/\/mdu.edu.az\/en\/wp-json\/wp\/v2\/comments?post=16140"}],"version-history":[{"count":1,"href":"https:\/\/mdu.edu.az\/en\/wp-json\/wp\/v2\/posts\/16140\/revisions"}],"predecessor-version":[{"id":51287,"href":"https:\/\/mdu.edu.az\/en\/wp-json\/wp\/v2\/posts\/16140\/revisions\/51287"}],"wp:attachment":[{"href":"https:\/\/mdu.edu.az\/en\/wp-json\/wp\/v2\/media?parent=16140"}],"wp:term":[{"taxonomy":"category","embeddable":true,"href":"https:\/\/mdu.edu.az\/en\/wp-json\/wp\/v2\/categories?post=16140"},{"taxonomy":"post_tag","embeddable":true,"href":"https:\/\/mdu.edu.az\/en\/wp-json\/wp\/v2\/tags?post=16140"}],"curies":[{"name":"wp","href":"https:\/\/api.w.org\/{rel}","templated":true}]}}