{"id":16144,"date":"2021-11-09T09:09:30","date_gmt":"2021-11-09T06:09:30","guid":{"rendered":"https:\/\/mdu.edu.az\/rektor-ahin-bayramov-az-rbaydzan-szh-ri-zh-hr-manl-zh-salnam-si-yazarazh-30-illik-yurd-h-sr-tin-son-zhoydu-az-rtadz-09-11-2021\/"},"modified":"2021-11-09T09:09:30","modified_gmt":"2021-11-09T06:09:30","slug":"rektor-ahin-bayramov-az-rbaydzan-szh-ri-zh-hr-manl-zh-salnam-si-yazarazh-30-illik-yurd-h-sr-tin-son-zhoydu-az-rtadz-09-11-2021","status":"publish","type":"post","link":"https:\/\/mdu.edu.az\/en\/rektor-ahin-bayramov-az-rbaydzan-szh-ri-zh-hr-manl-zh-salnam-si-yazarazh-30-illik-yurd-h-sr-tin-son-zhoydu-az-rtadz-09-11-2021\/","title":{"rendered":"Rektor \u015eahin Bayramov: Az\u0259rbaycan \u0259sg\u0259ri q\u0259hr\u0259manl\u0131q salnam\u0259si yazaraq 30 illik yurd h\u0259sr\u0259tin\u0259 son qoydu (AZ\u018fRTAC, 09.11.2021)"},"content":{"rendered":"<p style=\"margin-bottom: 0.0001pt; text-align: center;\"><b><span style=\"font-size: 14pt; line-height: 115%; font-family: Arial, 'sans-serif'; color: #002060;\">\u015eahin Bayramov: Az\u0259rbaycan \u0259sg\u0259ri q\u0259hr\u0259manl\u0131q salnam\u0259si yazaraq 30 illik yurd h\u0259sr\u0259tin\u0259 son qoydu<\/span><\/b><\/p>\n<p>&nbsp;<\/p>\n<p style=\"text-align: center;\"><img decoding=\"async\" src=\"images\/photo\/Rektor_AZ.jpg\" alt=\"\" \/><\/p>\n<p style=\"margin-bottom: 0.0001pt; text-align: justify; text-indent: 1cm;\"><span style=\"font-family: Arial, 'sans-serif';\"><\/span><\/p>\n<p style=\"margin-bottom: 0.0001pt; text-align: justify; text-indent: 1cm;\"><span style=\"font-size: 13.5pt; line-height: 115%; font-family: Arial, 'sans-serif';\"><span style=\"color: #000000;\">Bak\u0131, 9 noyabr,<\/span>&nbsp;<\/span><span style=\"font-size: 13.5pt; line-height: 115%; font-family: Arial, 'sans-serif';\"><a href=\"https:\/\/azertag.az\/xeber\/Sahin_Bayramov_Azerbaycan_esgeri_qehremanliq_salnamesi_yazaraq_30_illik_yurd_hesretine_son_qoydu-1921362\" target=\"_blank\" style=\"background-position: 0px 0px;\" rel=\"noopener\"><span style=\"color: #990000;\">AZ\u018fRTAC<\/span><\/a><\/span><\/p>\n<p>&nbsp;<\/p>\n<p style=\"margin-bottom: 0.0001pt; text-align: justify; text-indent: 1cm; orphans: 2; widows: 2; word-spacing: 0px;\"><span style=\"font-size: 13.5pt; line-height: 115%; font-family: Arial, 'sans-serif'; color: #000000;\">Do\u011fma \u015eu\u015fan\u0131n i\u015f\u011faldan azad olunmas\u0131ndan v\u0259 tarixi Z\u0259f\u0259rin qazan\u0131lmas\u0131ndan bir il &ouml;t&uuml;r. &Ouml;t\u0259n il sentyabr\u0131n 27-d\u0259n ba\u015flayan v\u0259 44 g&uuml;n davam ed\u0259n V\u0259t\u0259n m&uuml;harib\u0259si M&uuml;z\u0259ff\u0259r Ali Ba\u015f Komandan\u0131m\u0131z \u0130lham \u018fliyevin q\u0259tiyy\u0259tli siyas\u0259ti v\u0259 yenilm\u0259z Az\u0259rbaycan Silahl\u0131 Q&uuml;vv\u0259l\u0259rinin r\u0259\u015fad\u0259ti say\u0259sind\u0259 m&ouml;ht\u0259\u015f\u0259m qalibiyy\u0259tin \u0259ld\u0259 edilm\u0259si il\u0259 n\u0259tic\u0259l\u0259ndi.<\/span><\/p>\n<p style=\"margin-bottom: 0.0001pt; text-align: justify; text-indent: 1cm; orphans: 2; widows: 2; word-spacing: 0px;\"><span style=\"color: #000000;\"><span style=\"font-size: 13.5pt; line-height: 115%; font-family: Arial, 'sans-serif';\">Bunu&nbsp;<\/span><span style=\"font-size: 13.5pt; line-height: 115%; font-family: Arial, 'sans-serif';\"><a href=\"https:\/\/azertag.az\/\" target=\"_blank\" style=\"background-position: 0px 0px; color: #000000;\" rel=\"noopener\">AZ\u018fRTAC<\/a><\/span><\/span><span style=\"font-size: 13.5pt; line-height: 115%; font-family: Arial, 'sans-serif'; color: #000000;\">-a a&ccedil;\u0131qlamas\u0131nda Ming\u0259&ccedil;evir D&ouml;vl\u0259t Universitetinin rektoru \u015eahin Bayramov bildirib.<\/span><\/p>\n<p style=\"margin-bottom: 0.0001pt; text-align: justify; text-indent: 1cm; orphans: 2; widows: 2; word-spacing: 0px;\"><span style=\"font-size: 13.5pt; line-height: 115%; font-family: Arial, 'sans-serif'; color: #000000;\">\u015eahin Bayramov qeyd edib ki, torpaqlar\u0131m\u0131z\u0131n i\u015f\u011faldan azad edilm\u0259si u\u011frunda d&ouml;y&uuml;\u015fl\u0259rd\u0259 igid Az\u0259rbaycan \u0259sg\u0259ri v\u0259 zabitl\u0259ri b&ouml;y&uuml;k \u015f&uuml;ca\u0259t g&ouml;st\u0259r\u0259r\u0259k q\u0259hr\u0259manl\u0131q salnam\u0259si yazd\u0131lar, canlar\u0131 v\u0259 qanlar\u0131 bahas\u0131na otuz illik yurd h\u0259sr\u0259tin\u0259 son qoydular.<\/span><\/p>\n<p style=\"margin-bottom: 0.0001pt; text-align: justify; text-indent: 1cm; orphans: 2; widows: 2; word-spacing: 0px;\"><span style=\"font-size: 13.5pt; line-height: 115%; font-family: Arial, 'sans-serif'; color: #000000;\">&ldquo;Az\u0259rbaycan xalq\u0131 &ldquo;D\u0259mir yumruq&rdquo; kimi &ouml;z Liderinin \u0259traf\u0131nda birl\u0259\u015f\u0259r\u0259k beyn\u0259lxalq t\u0259\u015fkilatlar\u0131n q\u0259rar v\u0259 q\u0259tnam\u0259l\u0259rini icra etdi, erm\u0259ni i\u015f\u011fal&ccedil;\u0131lar\u0131n\u0131 \u0259z\u0259li torpaqlar\u0131m\u0131zdan qovdu, tarixi \u0259dal\u0259ti v\u0259 milli q&uuml;rurunu b\u0259rpa etdi&rdquo;, &#8211; dey\u0259 rektor vur\u011fulay\u0131b ki, V\u0259t\u0259n yolunda \u015f\u0259hidlik zirv\u0259sin\u0259 ucalaraq tariximizn \u015fanl\u0131 s\u0259hif\u0259l\u0259rini yazan q\u0259hr\u0259manlar\u0131m\u0131z he&ccedil; zaman unudulmayacaq v\u0259 daim b&ouml;y&uuml;k ehtiramla an\u0131lacaqd\u0131r.<\/span><\/p>\n<p style=\"margin-bottom: 0.0001pt; text-align: justify; text-indent: 1cm; orphans: 2; widows: 2; word-spacing: 0px;\"><span style=\"font-size: 13.5pt; line-height: 115%; font-family: Arial, 'sans-serif'; color: #000000;\">O bildirib ki, h\u0259r birimiz\u0259 sonsuz sevinc hissl\u0259ri ya\u015fadan Qaraba\u011f Z\u0259f\u0259ri b&ouml;lg\u0259d\u0259 inki\u015faf v\u0259 t\u0259r\u0259qqi &uuml;&ccedil;&uuml;n \u0259lveri\u015fli geosiyasi m\u0259nz\u0259r\u0259 formala\u015fd\u0131rd\u0131, yeni reall\u0131qlar v\u0259 imkanlar yaratd\u0131: &ldquo;Bu g&uuml;n do\u011fma Qaraba\u011f\u0131m\u0131z\u0131n s&uuml;r\u0259tl\u0259 dir&ccedil;\u0259ldilm\u0259si v\u0259 apar\u0131lan geni\u015fmiqyasl\u0131 quruculuq i\u015fl\u0259ri d&uuml;nyaya bir daha Az\u0259rbaycan\u0131n g&uuml;c&uuml;n&uuml; v\u0259 torpaqlar\u0131n \u0259sl sahibi oldu\u011funu g&ouml;st\u0259rir. M&ouml;ht\u0259r\u0259m Prezidentimizin i\u015f\u011faldan azad edilmi\u015f b&ouml;lg\u0259l\u0259r\u0259 s\u0259f\u0259rl\u0259ri &ccedil;\u0259r&ccedil;iv\u0259sind\u0259 bir-birinin ard\u0131nca n\u0259h\u0259ng layih\u0259l\u0259rin t\u0259m\u0259ll\u0259rinin qoyulmas\u0131 v\u0259 a&ccedil;\u0131l\u0131\u015flar\u0131n\u0131n edilm\u0259si olduqca q&uuml;rurverici v\u0259 \u0259lam\u0259tdar hadis\u0259dir. \u018fmin\u0259m ki, \u015f\u0259hidl\u0259rimizin ruhu \u015fadd\u0131r. Bu g&uuml;n onlar\u0131n ayaq v\u0259 qan izl\u0259rinin d\u0259ydiyi do\u011fma yurdlar\u0131m\u0131z c\u0259nn\u0259t\u0259 &ccedil;evrilir. Z\u0259f\u0259r Bayram\u0131m\u0131z m&uuml;bar\u0259k! Ya\u015fas\u0131n Az\u0259rbaycan xalq\u0131! Ya\u015fas\u0131n Ali Ba\u015f Komandan! Qaraba\u011f Az\u0259rbaycand\u0131r!&rdquo;.<\/span><\/p>\n<p style=\"margin-bottom: 0.0001pt; text-align: justify; text-indent: 1cm;\"><span style=\"font-family: Arial, 'sans-serif';\"><\/span><\/p>","protected":false},"excerpt":{"rendered":"<p>\u015eahin Bayramov: Az\u0259rbaycan \u0259sg\u0259ri q\u0259hr\u0259manl\u0131q salnam\u0259si yazaraq 30 illik yurd h\u0259sr\u0259tin\u0259 son qoydu &nbsp; Bak\u0131, 9 noyabr,&nbsp;AZ\u018fRTAC &nbsp; Do\u011fma \u015eu\u015fan\u0131n i\u015f\u011faldan azad olunmas\u0131ndan v\u0259 tarixi Z\u0259f\u0259rin qazan\u0131lmas\u0131ndan bir il &ouml;t&uuml;r. &Ouml;t\u0259n il sentyabr\u0131n 27-d\u0259n ba\u015flayan v\u0259 44 g&uuml;n davam ed\u0259n V\u0259t\u0259n m&uuml;harib\u0259si M&uuml;z\u0259ff\u0259r Ali Ba\u015f Komandan\u0131m\u0131z \u0130lham \u018fliyevin q\u0259tiyy\u0259tli siyas\u0259ti v\u0259 yenilm\u0259z Az\u0259rbaycan Silahl\u0131 Q&uuml;vv\u0259l\u0259rinin [&hellip;]<\/p>\n","protected":false},"author":1,"featured_media":0,"comment_status":"open","ping_status":"open","sticky":false,"template":"","format":"standard","meta":{"_eb_attr":"","ocean_post_layout":"","ocean_both_sidebars_style":"","ocean_both_sidebars_content_width":0,"ocean_both_sidebars_sidebars_width":0,"ocean_sidebar":"","ocean_second_sidebar":"","ocean_disable_margins":"enable","ocean_add_body_class":"","ocean_shortcode_before_top_bar":"","ocean_shortcode_after_top_bar":"","ocean_shortcode_before_header":"","ocean_shortcode_after_header":"","ocean_has_shortcode":"","ocean_shortcode_after_title":"","ocean_shortcode_before_footer_widgets":"","ocean_shortcode_after_footer_widgets":"","ocean_shortcode_before_footer_bottom":"","ocean_shortcode_after_footer_bottom":"","ocean_display_top_bar":"default","ocean_display_header":"default","ocean_header_style":"","ocean_center_header_left_menu":"","ocean_custom_header_template":"","ocean_custom_logo":0,"ocean_custom_retina_logo":0,"ocean_custom_logo_max_width":0,"ocean_custom_logo_tablet_max_width":0,"ocean_custom_logo_mobile_max_width":0,"ocean_custom_logo_max_height":0,"ocean_custom_logo_tablet_max_height":0,"ocean_custom_logo_mobile_max_height":0,"ocean_header_custom_menu":"","ocean_menu_typo_font_family":"","ocean_menu_typo_font_subset":"","ocean_menu_typo_font_size":0,"ocean_menu_typo_font_size_tablet":0,"ocean_menu_typo_font_size_mobile":0,"ocean_menu_typo_font_size_unit":"px","ocean_menu_typo_font_weight":"","ocean_menu_typo_font_weight_tablet":"","ocean_menu_typo_font_weight_mobile":"","ocean_menu_typo_transform":"","ocean_menu_typo_transform_tablet":"","ocean_menu_typo_transform_mobile":"","ocean_menu_typo_line_height":0,"ocean_menu_typo_line_height_tablet":0,"ocean_menu_typo_line_height_mobile":0,"ocean_menu_typo_line_height_unit":"","ocean_menu_typo_spacing":0,"ocean_menu_typo_spacing_tablet":0,"ocean_menu_typo_spacing_mobile":0,"ocean_menu_typo_spacing_unit":"","ocean_menu_link_color":"","ocean_menu_link_color_hover":"","ocean_menu_link_color_active":"","ocean_menu_link_background":"","ocean_menu_link_hover_background":"","ocean_menu_link_active_background":"","ocean_menu_social_links_bg":"","ocean_menu_social_hover_links_bg":"","ocean_menu_social_links_color":"","ocean_menu_social_hover_links_color":"","ocean_disable_title":"default","ocean_disable_heading":"default","ocean_post_title":"","ocean_post_subheading":"","ocean_post_title_style":"","ocean_post_title_background_color":"","ocean_post_title_background":0,"ocean_post_title_bg_image_position":"","ocean_post_title_bg_image_attachment":"","ocean_post_title_bg_image_repeat":"","ocean_post_title_bg_image_size":"","ocean_post_title_height":0,"ocean_post_title_bg_overlay":0.5,"ocean_post_title_bg_overlay_color":"","ocean_disable_breadcrumbs":"default","ocean_breadcrumbs_color":"","ocean_breadcrumbs_separator_color":"","ocean_breadcrumbs_links_color":"","ocean_breadcrumbs_links_hover_color":"","ocean_display_footer_widgets":"default","ocean_display_footer_bottom":"default","ocean_custom_footer_template":"","ocean_post_oembed":"","ocean_post_self_hosted_media":"","ocean_post_video_embed":"","ocean_link_format":"","ocean_link_format_target":"self","ocean_quote_format":"","ocean_quote_format_link":"post","ocean_gallery_link_images":"on","ocean_gallery_id":[],"footnotes":""},"categories":[63],"tags":[],"class_list":["post-16144","post","type-post","status-publish","format-standard","hentry","category-khaebaerlaer-az","entry"],"_links":{"self":[{"href":"https:\/\/mdu.edu.az\/en\/wp-json\/wp\/v2\/posts\/16144","targetHints":{"allow":["GET"]}}],"collection":[{"href":"https:\/\/mdu.edu.az\/en\/wp-json\/wp\/v2\/posts"}],"about":[{"href":"https:\/\/mdu.edu.az\/en\/wp-json\/wp\/v2\/types\/post"}],"author":[{"embeddable":true,"href":"https:\/\/mdu.edu.az\/en\/wp-json\/wp\/v2\/users\/1"}],"replies":[{"embeddable":true,"href":"https:\/\/mdu.edu.az\/en\/wp-json\/wp\/v2\/comments?post=16144"}],"version-history":[{"count":0,"href":"https:\/\/mdu.edu.az\/en\/wp-json\/wp\/v2\/posts\/16144\/revisions"}],"wp:attachment":[{"href":"https:\/\/mdu.edu.az\/en\/wp-json\/wp\/v2\/media?parent=16144"}],"wp:term":[{"taxonomy":"category","embeddable":true,"href":"https:\/\/mdu.edu.az\/en\/wp-json\/wp\/v2\/categories?post=16144"},{"taxonomy":"post_tag","embeddable":true,"href":"https:\/\/mdu.edu.az\/en\/wp-json\/wp\/v2\/tags?post=16144"}],"curies":[{"name":"wp","href":"https:\/\/api.w.org\/{rel}","templated":true}]}}