{"id":16145,"date":"2021-11-10T09:47:46","date_gmt":"2021-11-10T06:47:46","guid":{"rendered":"https:\/\/mdu.edu.az\/minzh-evir-d-vl-t-universitetind-z-f-r-zh-n-n-h-sr-olunan-t-l-b-elmi-konfrans-ke-irilib\/"},"modified":"2021-11-10T09:47:46","modified_gmt":"2021-11-10T06:47:46","slug":"minzh-evir-d-vl-t-universitetind-z-f-r-zh-n-n-h-sr-olunan-t-l-b-elmi-konfrans-ke-irilib","status":"publish","type":"post","link":"https:\/\/mdu.edu.az\/en\/minzh-evir-d-vl-t-universitetind-z-f-r-zh-n-n-h-sr-olunan-t-l-b-elmi-konfrans-ke-irilib\/","title":{"rendered":"Ming\u0259\u00e7evir D\u00f6vl\u0259t Universitetind\u0259 Z\u0259f\u0259r G\u00fcn\u00fcn\u0259 h\u0259sr olunan t\u0259l\u0259b\u0259 elmi konfrans\u0131 ke\u00e7irilib"},"content":{"rendered":"<p style=\"margin-bottom: 0.0001pt; text-align: center; line-height: 150%; background: white none repeat scroll 0% 0%;\"><b><span style=\"font-size: 14pt; line-height: 150%; font-family: 'Arial', sans-serif; color: #002060;\">Ming\u0259&ccedil;evir D&ouml;vl\u0259t Universitetind\u0259 Z\u0259f\u0259r G&uuml;n&uuml;n\u0259 h\u0259sr olunan t\u0259l\u0259b\u0259 elmi konfrans\u0131 ke&ccedil;irilib<\/span><\/b><\/p>\n<p>&nbsp;<\/p>\n<p style=\"margin-bottom: 0.0001pt; text-align: center; line-height: 150%; background: white none repeat scroll 0% 0%;\"><b><span style=\"font-size: 14pt; line-height: 150%; font-family: 'Arial', sans-serif;\"><\/span><\/b><\/p>\n<p style=\"margin-bottom: 0.0001pt; text-align: justify; text-indent: 1cm; line-height: 150%; background: white none repeat scroll 0% 0%;\"><span style=\"color: #000000;\"><span style=\"font-size: 12pt; line-height: 150%; font-family: 'Arial', sans-serif;\">2021-ci ilin 6 noyabr tarixind\u0259 Ming\u0259&ccedil;evir D&ouml;vl\u0259t Universitetinin (MDU) \u0130qtisadiyyat v\u0259 idar\u0259etm\u0259 fak&uuml;lt\u0259sind\u0259 T\u0259l\u0259b\u0259 Elmi C\u0259miyy\u0259tinin t\u0259\u015fkilat&ccedil;\u0131l\u0131\u011f\u0131 il\u0259<\/span> <span style=\"font-size: 12pt;\">&ldquo;Az\u0259rbaycan Respublikas\u0131 regionlar\u0131n\u0131n 2019-2023-c&uuml; ill\u0259rd\u0259 sosial&ndash;iqtisadi inki\u015faf\u0131 D&ouml;vl\u0259t Proqram\u0131&rdquo;na h\u0259sr edilmi\u015f <\/span> <span style=\"font-size: 12pt; line-height: 150%; font-family: 'Arial', sans-serif;\">&ldquo;Z\u0259f\u0259r G&uuml;n&uuml;: i\u015f\u011faldan azad olunmu\u015f \u0259razil\u0259rin sosial-iqtisadi inki\u015faf tarixinin yeni ba\u015flan\u011f\u0131c\u0131<\/span><span style=\"font-size: 12pt; line-height: 150%; font-family: 'Arial', sans-serif;\">&rdquo; m&ouml;vzusunda elmi konfrans ke&ccedil;irilib. &ldquo;Microsoft Teams&rdquo; platformas\u0131 &uuml;z\u0259rind\u0259n onlayn formatda t\u0259\u015fkil edil\u0259n konfransda fak&uuml;lt\u0259nin akademik v\u0259 inzibati hey\u0259t &uuml;zvl\u0259ri, t\u0259l\u0259b\u0259 v\u0259 magistrantlar\u0131 i\u015ftirak edibl\u0259r.<\/span><\/span><\/p>\n<p style=\"margin-bottom: 0.0001pt; text-align: justify; text-indent: 1cm; line-height: 150%;\"><span style=\"font-size: 12pt; line-height: 150%; font-family: 'Arial', sans-serif; color: #000000;\">Konfransda giri\u015f s&ouml;z&uuml; il\u0259 &ccedil;\u0131x\u0131\u015f ed\u0259n MDU-nun elmi i\u015fl\u0259r &uuml;zr\u0259 prorektor \u0259v\u0259zi, professor Veys\u0259l \u018fyyubov, fak&uuml;lt\u0259 dekan\u0131, dosent N&uuml;\u015fab\u0259 Q\u0259dimli Z\u0259f\u0259r G&uuml;n&uuml; m&uuml;nasib\u0259til\u0259 t\u0259dbir i\u015ftirak&ccedil;\u0131lar\u0131n\u0131 t\u0259brik edib, t\u0259l\u0259b\u0259l\u0259rin elmi f\u0259aliyy\u0259t\u0259 c\u0259lb olunmas\u0131n\u0131n &ouml;n\u0259mind\u0259n v\u0259 konfrans\u0131n m&ouml;vzusunun aktuall\u0131\u011f\u0131ndan b\u0259hs edibl\u0259r.<\/span><\/p>\n<p style=\"margin-bottom: 0.0001pt; text-align: justify; text-indent: 27pt; line-height: 150%; background: white none repeat scroll 0% 0%;\"><span style=\"font-size: 12pt; line-height: 150%; font-family: 'Arial', sans-serif; color: #000000;\">Sonra, proqrama uy\u011fun olaraq t\u0259l\u0259b\u0259l\u0259rin m\u0259ruz\u0259l\u0259ri dinl\u0259nilib.<\/span><\/p>\n<p style=\"margin-bottom: 0.0001pt; text-align: justify; text-indent: 27pt; line-height: 150%; background: white none repeat scroll 0% 0%;\"><span style=\"color: #000000;\"><span style=\"font-size: 12pt; line-height: 150%; font-family: 'Arial', sans-serif;\">MDU-nun \u0130qtisadiyyat v\u0259 idar\u0259etm\u0259 fak&uuml;lt\u0259sinin t\u0259l\u0259b\u0259l\u0259rind\u0259n <\/span><span style=\"font-size: 12pt; line-height: 150%; font-family: 'Arial', sans-serif;\">Fidan Babayeva &ldquo;Milli birlikd\u0259n v\u0259 h\u0259mr\u0259ylikd\u0259n ke&ccedil;\u0259n \u015fanl\u0131 Z\u0259f\u0259r yolu&rdquo;, G&uuml;lt\u0259kin Musazad\u0259 &ldquo;M&ouml;ht\u0259\u015f\u0259m q\u0259l\u0259b\u0259d\u0259n b&ouml;y&uuml;k qay\u0131d\u0131\u015fa do\u011fru&rdquo;, G&uuml;lnar N\u0259sirova &ldquo;\u0130\u015f\u011faldan azad olunmu\u015f \u0259razil\u0259rin b\u0259rpas\u0131 istiqam\u0259tind\u0259 d&ouml;vl\u0259tin regional siyas\u0259tinin yeni h\u0259d\u0259fl\u0259ri&rdquo;, L\u0259man \u018fliyeva &ldquo;Qaraba\u011f\u0131n sosial-iqtisadi inki\u015faf\u0131nda Z\u0259ng\u0259zur d\u0259hlizinin rolu&rdquo;, Z\u0259min\u0259 M\u0259mm\u0259dova &ldquo;V\u0259t\u0259n m&uuml;harib\u0259sind\u0259n sonra Qaraba\u011f iqtisadiyyat\u0131n\u0131n dir&ccedil;\u0259li\u015fi&rdquo;, &Uuml;lk\u0259r Musazad\u0259, D\u0259yan\u0259t S\u0259f\u0259rov, R\u0259c\u0259b Tanr\u0131verdiyev &ldquo;Qaraba\u011fda yenid\u0259nqurma v\u0259 b\u0259rpa i\u015fl\u0259rinin v&uuml;s\u0259t almas\u0131&rdquo;, \u018flirza Abdullayev &ldquo;Qaraba\u011fda &ldquo;a\u011f\u0131ll\u0131 \u015f\u0259h\u0259r&rdquo; v\u0259 &ldquo;a\u011f\u0131ll\u0131 k\u0259nd&rdquo; konsepsiyas\u0131 layih\u0259l\u0259rinin h\u0259yata ke&ccedil;irilm\u0259si&rdquo;, Fidan Bala\u015fova &ldquo;Qaraba\u011f\u0131n b\u0259rpas\u0131nda yeni infrastruktur layih\u0259l\u0259rin rolu&rdquo;, G&uuml;l\u015f\u0259n Cahangirova &ldquo;Qaraba\u011f\u0131n m\u0259d\u0259ni h\u0259yat\u0131n\u0131n yenid\u0259n canlanmas\u0131&rdquo;, Fidan R\u0259himli &ldquo;V\u0259t\u0259n m&uuml;harib\u0259sind\u0259n sonra Qaraba\u011fda turizm potensial\u0131n\u0131n inki\u015faf\u0131&rdquo; v\u0259 Xan\u0131mt\u0259r V\u0259liyeva &ldquo;V\u0259t\u0259n m&uuml;harib\u0259sind\u0259n sonrak\u0131 d&ouml;vrd\u0259 Qaraba\u011fa xarici d\u0259st\u0259k&rdquo; <\/span><span style=\"font-size: 12pt; line-height: 150%; font-family: 'Arial', sans-serif;\">m&ouml;vzusunda m\u0259ruz\u0259l\u0259rl\u0259 &ccedil;\u0131x\u0131\u015f edibl\u0259r.<\/span><\/span><\/p>\n<p style=\"margin-bottom: 0.0001pt; text-align: justify; text-indent: 27pt; line-height: 150%; background: white none repeat scroll 0% 0%;\"><span style=\"font-size: 12pt; line-height: 150%; font-family: 'Arial', sans-serif; color: #000000;\">T\u0259l\u0259b\u0259 v\u0259 m&uuml;\u0259llim hey\u0259ti t\u0259r\u0259find\u0259n maraqla dinl\u0259nil\u0259n m\u0259ruz\u0259l\u0259r \u0259traf\u0131nda geni\u015f m&uuml;zakir\u0259l\u0259r apar\u0131l\u0131b v\u0259 t\u0259qdim edil\u0259n suallar cavabland\u0131r\u0131l\u0131b.<\/span><\/p>\n<p style=\"margin-bottom: 0.0001pt; text-align: justify; text-indent: 27pt; line-height: 150%; background: white none repeat scroll 0% 0%;\"><span style=\"font-size: 12pt; line-height: 150%; font-family: 'Arial', sans-serif;\"><span style=\"color: #000000;\">Qeyd ed\u0259k ki, MDU-da <span style=\"background: white none repeat scroll 0% 0%;\">t\u0259l\u0259b\u0259l\u0259rin elmi potensial\u0131n\u0131n &uuml;z\u0259 &ccedil;\u0131xar\u0131lmas\u0131 v\u0259 onlar\u0131n t\u0259dqiqat bacar\u0131qlar\u0131n\u0131n ink\u015faf etdirilm\u0259si diqq\u0259t m\u0259rk\u0259zind\u0259 saxlan\u0131l\u0131r v\u0259 bu m\u0259qs\u0259dl\u0259<\/span> onlar\u0131n universitetd\u0259 ke&ccedil;iril\u0259n m&uuml;xt\u0259lif formatl\u0131 elmi t\u0259dbirl\u0259r\u0259 aktiv c\u0259lb olunmas\u0131na x&uuml;susi &ouml;n\u0259m verilir.<\/span><span style=\"color: black; background: white none repeat scroll 0% 0%;\"> <\/span><\/span><\/p>\n<p>{phocagallery view=category|categoryid=754|limitstart=0|limitcount=0}<\/p>\n<p style=\"text-align: justify;\"><span style=\"font-size: 14pt; line-height: 115%; font-family: 'Arial', sans-serif;\"><\/span><\/p>","protected":false},"excerpt":{"rendered":"<p>Ming\u0259&ccedil;evir D&ouml;vl\u0259t Universitetind\u0259 Z\u0259f\u0259r G&uuml;n&uuml;n\u0259 h\u0259sr olunan t\u0259l\u0259b\u0259 elmi konfrans\u0131 ke&ccedil;irilib &nbsp; 2021-ci ilin 6 noyabr tarixind\u0259 Ming\u0259&ccedil;evir D&ouml;vl\u0259t Universitetinin (MDU) \u0130qtisadiyyat v\u0259 idar\u0259etm\u0259 fak&uuml;lt\u0259sind\u0259 T\u0259l\u0259b\u0259 Elmi C\u0259miyy\u0259tinin t\u0259\u015fkilat&ccedil;\u0131l\u0131\u011f\u0131 il\u0259 &ldquo;Az\u0259rbaycan Respublikas\u0131 regionlar\u0131n\u0131n 2019-2023-c&uuml; ill\u0259rd\u0259 sosial&ndash;iqtisadi inki\u015faf\u0131 D&ouml;vl\u0259t Proqram\u0131&rdquo;na h\u0259sr edilmi\u015f &ldquo;Z\u0259f\u0259r G&uuml;n&uuml;: i\u015f\u011faldan azad olunmu\u015f \u0259razil\u0259rin sosial-iqtisadi inki\u015faf tarixinin yeni ba\u015flan\u011f\u0131c\u0131&rdquo; m&ouml;vzusunda elmi konfrans [&hellip;]<\/p>\n","protected":false},"author":1,"featured_media":0,"comment_status":"open","ping_status":"open","sticky":false,"template":"","format":"standard","meta":{"_eb_attr":"","ocean_post_layout":"","ocean_both_sidebars_style":"","ocean_both_sidebars_content_width":0,"ocean_both_sidebars_sidebars_width":0,"ocean_sidebar":"","ocean_second_sidebar":"","ocean_disable_margins":"enable","ocean_add_body_class":"","ocean_shortcode_before_top_bar":"","ocean_shortcode_after_top_bar":"","ocean_shortcode_before_header":"","ocean_shortcode_after_header":"","ocean_has_shortcode":"","ocean_shortcode_after_title":"","ocean_shortcode_before_footer_widgets":"","ocean_shortcode_after_footer_widgets":"","ocean_shortcode_before_footer_bottom":"","ocean_shortcode_after_footer_bottom":"","ocean_display_top_bar":"default","ocean_display_header":"default","ocean_header_style":"","ocean_center_header_left_menu":"","ocean_custom_header_template":"","ocean_custom_logo":0,"ocean_custom_retina_logo":0,"ocean_custom_logo_max_width":0,"ocean_custom_logo_tablet_max_width":0,"ocean_custom_logo_mobile_max_width":0,"ocean_custom_logo_max_height":0,"ocean_custom_logo_tablet_max_height":0,"ocean_custom_logo_mobile_max_height":0,"ocean_header_custom_menu":"","ocean_menu_typo_font_family":"","ocean_menu_typo_font_subset":"","ocean_menu_typo_font_size":0,"ocean_menu_typo_font_size_tablet":0,"ocean_menu_typo_font_size_mobile":0,"ocean_menu_typo_font_size_unit":"px","ocean_menu_typo_font_weight":"","ocean_menu_typo_font_weight_tablet":"","ocean_menu_typo_font_weight_mobile":"","ocean_menu_typo_transform":"","ocean_menu_typo_transform_tablet":"","ocean_menu_typo_transform_mobile":"","ocean_menu_typo_line_height":0,"ocean_menu_typo_line_height_tablet":0,"ocean_menu_typo_line_height_mobile":0,"ocean_menu_typo_line_height_unit":"","ocean_menu_typo_spacing":0,"ocean_menu_typo_spacing_tablet":0,"ocean_menu_typo_spacing_mobile":0,"ocean_menu_typo_spacing_unit":"","ocean_menu_link_color":"","ocean_menu_link_color_hover":"","ocean_menu_link_color_active":"","ocean_menu_link_background":"","ocean_menu_link_hover_background":"","ocean_menu_link_active_background":"","ocean_menu_social_links_bg":"","ocean_menu_social_hover_links_bg":"","ocean_menu_social_links_color":"","ocean_menu_social_hover_links_color":"","ocean_disable_title":"default","ocean_disable_heading":"default","ocean_post_title":"","ocean_post_subheading":"","ocean_post_title_style":"","ocean_post_title_background_color":"","ocean_post_title_background":0,"ocean_post_title_bg_image_position":"","ocean_post_title_bg_image_attachment":"","ocean_post_title_bg_image_repeat":"","ocean_post_title_bg_image_size":"","ocean_post_title_height":0,"ocean_post_title_bg_overlay":0.5,"ocean_post_title_bg_overlay_color":"","ocean_disable_breadcrumbs":"default","ocean_breadcrumbs_color":"","ocean_breadcrumbs_separator_color":"","ocean_breadcrumbs_links_color":"","ocean_breadcrumbs_links_hover_color":"","ocean_display_footer_widgets":"default","ocean_display_footer_bottom":"default","ocean_custom_footer_template":"","ocean_post_oembed":"","ocean_post_self_hosted_media":"","ocean_post_video_embed":"","ocean_link_format":"","ocean_link_format_target":"self","ocean_quote_format":"","ocean_quote_format_link":"post","ocean_gallery_link_images":"on","ocean_gallery_id":[],"footnotes":""},"categories":[63],"tags":[],"class_list":["post-16145","post","type-post","status-publish","format-standard","hentry","category-khaebaerlaer-az","entry"],"_links":{"self":[{"href":"https:\/\/mdu.edu.az\/en\/wp-json\/wp\/v2\/posts\/16145","targetHints":{"allow":["GET"]}}],"collection":[{"href":"https:\/\/mdu.edu.az\/en\/wp-json\/wp\/v2\/posts"}],"about":[{"href":"https:\/\/mdu.edu.az\/en\/wp-json\/wp\/v2\/types\/post"}],"author":[{"embeddable":true,"href":"https:\/\/mdu.edu.az\/en\/wp-json\/wp\/v2\/users\/1"}],"replies":[{"embeddable":true,"href":"https:\/\/mdu.edu.az\/en\/wp-json\/wp\/v2\/comments?post=16145"}],"version-history":[{"count":0,"href":"https:\/\/mdu.edu.az\/en\/wp-json\/wp\/v2\/posts\/16145\/revisions"}],"wp:attachment":[{"href":"https:\/\/mdu.edu.az\/en\/wp-json\/wp\/v2\/media?parent=16145"}],"wp:term":[{"taxonomy":"category","embeddable":true,"href":"https:\/\/mdu.edu.az\/en\/wp-json\/wp\/v2\/categories?post=16145"},{"taxonomy":"post_tag","embeddable":true,"href":"https:\/\/mdu.edu.az\/en\/wp-json\/wp\/v2\/tags?post=16145"}],"curies":[{"name":"wp","href":"https:\/\/api.w.org\/{rel}","templated":true}]}}