{"id":16171,"date":"2021-11-22T22:07:57","date_gmt":"2021-11-22T19:07:57","guid":{"rendered":"https:\/\/mdu.edu.az\/t-rkiy-li-beyn-lkhalg-t-lim-il-r-minzh-evir-d-vl-t-universitetind-olublar\/"},"modified":"2021-11-22T22:07:57","modified_gmt":"2021-11-22T19:07:57","slug":"t-rkiy-li-beyn-lkhalg-t-lim-il-r-minzh-evir-d-vl-t-universitetind-olublar","status":"publish","type":"post","link":"https:\/\/mdu.edu.az\/en\/t-rkiy-li-beyn-lkhalg-t-lim-il-r-minzh-evir-d-vl-t-universitetind-olublar\/","title":{"rendered":"T\u00fcrkiy\u0259li beyn\u0259lxalq t\u0259lim\u00e7il\u0259r Ming\u0259\u00e7evir D\u00f6vl\u0259t  Universitetind\u0259 olublar"},"content":{"rendered":"<p style=\"margin-bottom: 0.0001pt; text-align: center; line-height: 150%;\"><b><span style=\"font-size: 14pt; line-height: 150%; font-family: Arial, sans-serif; color: #002060;\">T&uuml;rkiy\u0259li beyn\u0259lxalq t\u0259lim&ccedil;il\u0259r Ming\u0259&ccedil;evir D&ouml;vl\u0259t Universitetind\u0259 olublar<\/span><\/b><\/p>\n<p>&nbsp;<\/p>\n<p style=\"margin-bottom: 0.0001pt; text-align: justify; text-indent: 1cm; line-height: 150%;\"><span style=\"font-size: 12pt; line-height: 150%; font-family: Arial, sans-serif; color: #000000;\">19 noyabr 2021-ci il tarixind\u0259 t&uuml;rkiy\u0259li beyn\u0259lxalq t\u0259lim&ccedil;il\u0259r \u0130\u015f\u0131l Keskin \u015eahan v\u0259 Soner \u015eahan Ming\u0259&ccedil;evir D&ouml;vl\u0259t Universitetind\u0259 (MDU) olublar. <\/span><\/p>\n<p style=\"margin-bottom: 0.0001pt; text-align: justify; text-indent: 1cm; line-height: 150%;\"><span style=\"font-size: 12pt; line-height: 150%; font-family: Arial, sans-serif; color: #000000;\">Qonaqlar\u0131 salamlayan MDU-nun rektoru \u015eahin Bayramov qarda\u015f &ouml;lk\u0259d\u0259n g\u0259l\u0259n beyn\u0259lxalq t\u0259lim&ccedil;il\u0259rin universiteti ziyar\u0259t etm\u0259l\u0259rind\u0259n m\u0259mnunlu\u011funu ifad\u0259 edib. <\/span><\/p>\n<p style=\"margin-bottom: 0.0001pt; text-align: justify; text-indent: 1cm; line-height: 150%;\"><span style=\"font-size: 12pt; line-height: 150%; font-family: Arial, sans-serif; color: #000000;\">\u0130ki &ouml;lk\u0259 aras\u0131ndak\u0131 qarda\u015fl\u0131q m&uuml;nasib\u0259tl\u0259rinin ali t\u0259hsilin inki\u015faf\u0131na \u0259h\u0259miyy\u0259tli t&ouml;hf\u0259l\u0259r verdiyini qeyd ed\u0259n rektor MDU-nun t\u0259r\u0259fda\u015f oldu\u011fu T&uuml;rkiy\u0259 universitetl\u0259ri il\u0259 i\u015fbirliyi &ccedil;\u0259r&ccedil;iv\u0259sind\u0259 g&ouml;r&uuml;l\u0259n i\u015fl\u0259rd\u0259n v\u0259 yaranan \u0259lveri\u015fli imkanlardan b\u0259hs edib.<\/span><\/p>\n<p style=\"margin-bottom: 0.0001pt; text-align: justify; text-indent: 1cm; line-height: 150%;\"><span style=\"font-size: 12pt; line-height: 150%; font-family: Arial, sans-serif; color: #000000;\">Universitetin strateji h\u0259d\u0259fl\u0259rin\u0259 &ccedil;atmas\u0131nda kadr potensial\u0131n\u0131n g&uuml;cl\u0259ndirilm\u0259si v\u0259 h\u0259rt\u0259r\u0259fli inki\u015faf\u0131n\u0131n vacib rol oynad\u0131\u011f\u0131n\u0131 vur\u011fulayan \u015e.Bayramov bu m\u0259qs\u0259dl\u0259 davaml\u0131 \u015f\u0259kild\u0259 m&uuml;vafiq t\u0259liml\u0259rin ke&ccedil;irilm\u0259sind\u0259 v\u0259 qar\u015f\u0131l\u0131ql\u0131 faydal\u0131 \u0259m\u0259kda\u015fl\u0131q \u0259laq\u0259l\u0259rinin inki\u015faf etdirilm\u0259sind\u0259 maraql\u0131 oldu\u011funu s&ouml;yl\u0259yib.<\/span><\/p>\n<p style=\"margin-bottom: 0.0001pt; text-align: justify; text-indent: 35.4pt; line-height: 150%;\"><span style=\"font-size: 12pt; line-height: 150%; font-family: Arial, sans-serif; color: #000000;\">S\u0259mimi g&ouml;r&uuml;\u015f\u0259 v\u0259 g&ouml;st\u0259ril\u0259n diqq\u0259t\u0259 g&ouml;r\u0259 t\u0259\u015f\u0259kk&uuml;rl\u0259rini bildir\u0259n beyn\u0259lxalq t\u0259lim&ccedil;il\u0259r \u0130\u015f\u0131l Keskin \u015eahan v\u0259 Soner \u015eahan Qaraba\u011f Z\u0259f\u0259rind\u0259n sonra Az\u0259rbaycan-T&uuml;rkiy\u0259 birliyi v\u0259 qarda\u015fl\u0131\u011f\u0131n\u0131n daha y&uuml;ks\u0259k zirv\u0259l\u0259r\u0259 ucalmas\u0131ndan q&uuml;rur duyduqlar\u0131n\u0131 bildiribl\u0259r. <\/span><\/p>\n<p style=\"margin-bottom: 0.0001pt; text-align: justify; text-indent: 35.4pt; line-height: 150%;\"><span style=\"font-size: 12pt; line-height: 150%; font-family: Arial, sans-serif; color: #000000;\">MDU-da T&uuml;rkiy\u0259 universitetl\u0259ri il\u0259 \u0259m\u0259kda\u015fl\u0131\u011fa x&uuml;susi &ouml;n\u0259min verilm\u0259sind\u0259n m\u0259mnunluqlar\u0131n\u0131 ifad\u0259 ed\u0259n beyn\u0259lxalq t\u0259lim&ccedil;il\u0259r son d&ouml;vrd\u0259 universitetin modernl\u0259\u015fm\u0259si istiqam\u0259tind\u0259 g&ouml;r&uuml;l\u0259n i\u015fl\u0259ri m&uuml;sb\u0259t qiym\u0259tl\u0259ndiribl\u0259r. <\/span><\/p>\n<p style=\"margin-bottom: 0.0001pt; text-align: justify; text-indent: 35.4pt; line-height: 150%;\"><span style=\"font-size: 12pt; line-height: 150%; font-family: Arial, sans-serif; color: #000000;\">Akademik v\u0259 inzibati hey\u0259t &uuml;zvl\u0259rinin, t\u0259l\u0259b\u0259 v\u0259 magistrantlar\u0131n bilik v\u0259 bacar\u0131qlar\u0131n\u0131n art\u0131r\u0131lmas\u0131 m\u0259qs\u0259dil\u0259 \u0259m\u0259kda\u015fl\u0131\u011f\u0131n potensial istiqam\u0259tl\u0259ri bar\u0259d\u0259 fikirl\u0259rini b&ouml;l&uuml;\u015f\u0259n qonaqlar birg\u0259 f\u0259aliyy\u0259t\u0259 daim haz\u0131r olduqlar\u0131n\u0131 bildiribl\u0259r v\u0259 m&uuml;vafiq t\u0259lim layih\u0259l\u0259ri il\u0259 ba\u011fl\u0131 t\u0259klifl\u0259ri diqq\u0259t\u0259 &ccedil;atd\u0131r\u0131blar.<\/span><\/p>\n<p style=\"margin-bottom: 0.0001pt; text-align: justify; text-indent: 35.4pt; line-height: 150%;\"><span style=\"font-size: 12pt; line-height: 150%; font-family: Arial, sans-serif; color: #000000;\">Sonra g&ouml;r&uuml;\u015f qar\u015f\u0131l\u0131ql\u0131 maraq do\u011furan m\u0259s\u0259l\u0259l\u0259rin m&uuml;zakir\u0259si il\u0259 davam edib. M&uuml;zakir\u0259l\u0259rd\u0259 MDU-da f\u0259aliyy\u0259t g&ouml;st\u0259r\u0259n Qazi Universitetinin professoru Ercan Nurcan Y\u0131lmaz, \u0130qtisadiyyat v\u0259 idar\u0259etm\u0259 fak&uuml;lt\u0259sinin dekan m&uuml;avini C\u0259lil Ba\u011f\u0131rov da i\u015ftirak edib.<\/span><\/p>\n<p style=\"margin-bottom: 0.0001pt; text-align: justify; text-indent: 35.4pt; line-height: 150%;\"><span style=\"font-size: 12pt; line-height: 150%; font-family: Arial, sans-serif; color: #000000;\">Bildirilib ki, s\u0259f\u0259r &ccedil;\u0259r&ccedil;iv\u0259sind\u0259 beyn\u0259lxalq t\u0259lim&ccedil;il\u0259r \u0130\u015f\u0131l Keskin \u015eahan v\u0259 Soner \u015eahan MDU-da g\u0259nc \u0259m\u0259kda\u015flar v\u0259 t\u0259l\u0259b\u0259l\u0259r &uuml;&ccedil;&uuml;n &ldquo;\u0130nnovativ idar\u0259etm\u0259 bacar\u0131qlar\u0131&rdquo; v\u0259 &ldquo;XXI \u0259srd\u0259 karyera inki\u015faf\u0131 &uuml;&ccedil;&uuml;n pe\u015f\u0259kar bacar\u0131qlar&rdquo; m&ouml;vzular\u0131nda praktiki seminarlar ke&ccedil;iribl\u0259r.<\/span><\/p>\n<p style=\"margin-bottom: 0.0001pt; text-align: justify; text-indent: 35.4pt; line-height: 150%;\"><span style=\"font-size: 12pt; line-height: 150%; font-family: Arial, sans-serif; color: #000000;\">\u0130\u015ftirak&ccedil;\u0131lar t\u0259r\u0259find\u0259n b&ouml;y&uuml;k maraqla qar\u015f\u0131lanan seminarlarda geni\u015f fikir m&uuml;badil\u0259si apar\u0131l\u0131b v\u0259 t\u0259qdim edil\u0259n suallar \u0259trafl\u0131 cavabland\u0131r\u0131l\u0131b.<\/span><\/p>\n<p style=\"margin-bottom: 0.0001pt; text-align: justify; text-indent: 35.4pt; line-height: 150%;\"><span style=\"font-size: 12pt; line-height: 150%; font-family: Arial, sans-serif; color: #000000;\">Qeyd ed\u0259k ki, yeni d&ouml;vr&uuml;n universitetin\u0259 &ccedil;evrilm\u0259yi h\u0259d\u0259fl\u0259y\u0259n MDU-da kadr potensial\u0131n\u0131n inki\u015faf\u0131 diqq\u0259t m\u0259rk\u0259zind\u0259 saxlan\u0131l\u0131r v\u0259 bu m\u0259qs\u0259dl\u0259 beyn\u0259lxalq \u0259m\u0259kda\u015fl\u0131\u011f\u0131n imkanlar\u0131ndan geni\u015f v\u0259 effektiv sur\u0259td\u0259 faydalanma\u011fa x&uuml;susi &ouml;n\u0259m verilir. <\/span><\/p>\n<p>{phocagallery view=category|categoryid=775|limitstart=0|limitcount=0}<\/p>","protected":false},"excerpt":{"rendered":"<p>T&uuml;rkiy\u0259li beyn\u0259lxalq t\u0259lim&ccedil;il\u0259r Ming\u0259&ccedil;evir D&ouml;vl\u0259t Universitetind\u0259 olublar &nbsp; 19 noyabr 2021-ci il tarixind\u0259 t&uuml;rkiy\u0259li beyn\u0259lxalq t\u0259lim&ccedil;il\u0259r \u0130\u015f\u0131l Keskin \u015eahan v\u0259 Soner \u015eahan Ming\u0259&ccedil;evir D&ouml;vl\u0259t Universitetind\u0259 (MDU) olublar. Qonaqlar\u0131 salamlayan MDU-nun rektoru \u015eahin Bayramov qarda\u015f &ouml;lk\u0259d\u0259n g\u0259l\u0259n beyn\u0259lxalq t\u0259lim&ccedil;il\u0259rin universiteti ziyar\u0259t etm\u0259l\u0259rind\u0259n m\u0259mnunlu\u011funu ifad\u0259 edib. \u0130ki &ouml;lk\u0259 aras\u0131ndak\u0131 qarda\u015fl\u0131q m&uuml;nasib\u0259tl\u0259rinin ali t\u0259hsilin inki\u015faf\u0131na \u0259h\u0259miyy\u0259tli t&ouml;hf\u0259l\u0259r verdiyini [&hellip;]<\/p>\n","protected":false},"author":1,"featured_media":0,"comment_status":"open","ping_status":"open","sticky":false,"template":"","format":"standard","meta":{"_eb_attr":"","ocean_post_layout":"","ocean_both_sidebars_style":"","ocean_both_sidebars_content_width":0,"ocean_both_sidebars_sidebars_width":0,"ocean_sidebar":"","ocean_second_sidebar":"","ocean_disable_margins":"enable","ocean_add_body_class":"","ocean_shortcode_before_top_bar":"","ocean_shortcode_after_top_bar":"","ocean_shortcode_before_header":"","ocean_shortcode_after_header":"","ocean_has_shortcode":"","ocean_shortcode_after_title":"","ocean_shortcode_before_footer_widgets":"","ocean_shortcode_after_footer_widgets":"","ocean_shortcode_before_footer_bottom":"","ocean_shortcode_after_footer_bottom":"","ocean_display_top_bar":"default","ocean_display_header":"default","ocean_header_style":"","ocean_center_header_left_menu":"","ocean_custom_header_template":"","ocean_custom_logo":0,"ocean_custom_retina_logo":0,"ocean_custom_logo_max_width":0,"ocean_custom_logo_tablet_max_width":0,"ocean_custom_logo_mobile_max_width":0,"ocean_custom_logo_max_height":0,"ocean_custom_logo_tablet_max_height":0,"ocean_custom_logo_mobile_max_height":0,"ocean_header_custom_menu":"","ocean_menu_typo_font_family":"","ocean_menu_typo_font_subset":"","ocean_menu_typo_font_size":0,"ocean_menu_typo_font_size_tablet":0,"ocean_menu_typo_font_size_mobile":0,"ocean_menu_typo_font_size_unit":"px","ocean_menu_typo_font_weight":"","ocean_menu_typo_font_weight_tablet":"","ocean_menu_typo_font_weight_mobile":"","ocean_menu_typo_transform":"","ocean_menu_typo_transform_tablet":"","ocean_menu_typo_transform_mobile":"","ocean_menu_typo_line_height":0,"ocean_menu_typo_line_height_tablet":0,"ocean_menu_typo_line_height_mobile":0,"ocean_menu_typo_line_height_unit":"","ocean_menu_typo_spacing":0,"ocean_menu_typo_spacing_tablet":0,"ocean_menu_typo_spacing_mobile":0,"ocean_menu_typo_spacing_unit":"","ocean_menu_link_color":"","ocean_menu_link_color_hover":"","ocean_menu_link_color_active":"","ocean_menu_link_background":"","ocean_menu_link_hover_background":"","ocean_menu_link_active_background":"","ocean_menu_social_links_bg":"","ocean_menu_social_hover_links_bg":"","ocean_menu_social_links_color":"","ocean_menu_social_hover_links_color":"","ocean_disable_title":"default","ocean_disable_heading":"default","ocean_post_title":"","ocean_post_subheading":"","ocean_post_title_style":"","ocean_post_title_background_color":"","ocean_post_title_background":0,"ocean_post_title_bg_image_position":"","ocean_post_title_bg_image_attachment":"","ocean_post_title_bg_image_repeat":"","ocean_post_title_bg_image_size":"","ocean_post_title_height":0,"ocean_post_title_bg_overlay":0.5,"ocean_post_title_bg_overlay_color":"","ocean_disable_breadcrumbs":"default","ocean_breadcrumbs_color":"","ocean_breadcrumbs_separator_color":"","ocean_breadcrumbs_links_color":"","ocean_breadcrumbs_links_hover_color":"","ocean_display_footer_widgets":"default","ocean_display_footer_bottom":"default","ocean_custom_footer_template":"","ocean_post_oembed":"","ocean_post_self_hosted_media":"","ocean_post_video_embed":"","ocean_link_format":"","ocean_link_format_target":"self","ocean_quote_format":"","ocean_quote_format_link":"post","ocean_gallery_link_images":"on","ocean_gallery_id":[],"footnotes":""},"categories":[63],"tags":[],"class_list":["post-16171","post","type-post","status-publish","format-standard","hentry","category-khaebaerlaer-az","entry"],"_links":{"self":[{"href":"https:\/\/mdu.edu.az\/en\/wp-json\/wp\/v2\/posts\/16171","targetHints":{"allow":["GET"]}}],"collection":[{"href":"https:\/\/mdu.edu.az\/en\/wp-json\/wp\/v2\/posts"}],"about":[{"href":"https:\/\/mdu.edu.az\/en\/wp-json\/wp\/v2\/types\/post"}],"author":[{"embeddable":true,"href":"https:\/\/mdu.edu.az\/en\/wp-json\/wp\/v2\/users\/1"}],"replies":[{"embeddable":true,"href":"https:\/\/mdu.edu.az\/en\/wp-json\/wp\/v2\/comments?post=16171"}],"version-history":[{"count":0,"href":"https:\/\/mdu.edu.az\/en\/wp-json\/wp\/v2\/posts\/16171\/revisions"}],"wp:attachment":[{"href":"https:\/\/mdu.edu.az\/en\/wp-json\/wp\/v2\/media?parent=16171"}],"wp:term":[{"taxonomy":"category","embeddable":true,"href":"https:\/\/mdu.edu.az\/en\/wp-json\/wp\/v2\/categories?post=16171"},{"taxonomy":"post_tag","embeddable":true,"href":"https:\/\/mdu.edu.az\/en\/wp-json\/wp\/v2\/tags?post=16171"}],"curies":[{"name":"wp","href":"https:\/\/api.w.org\/{rel}","templated":true}]}}