{"id":16188,"date":"2021-11-30T13:19:42","date_gmt":"2021-11-30T10:19:42","guid":{"rendered":"https:\/\/mdu.edu.az\/ustad30\/"},"modified":"2021-11-30T13:19:42","modified_gmt":"2021-11-30T10:19:42","slug":"ustad30","status":"publish","type":"post","link":"https:\/\/mdu.edu.az\/en\/ustad30\/","title":{"rendered":"Bak\u0131 D\u00f6vl\u0259t Universiteti v\u0259 Ming\u0259\u00e7evir D\u00f6vl\u0259t Universitetinin birg\u0259 t\u0259\u015fkilat\u00e7\u0131l\u0131\u011f\u0131 il\u0259 n\u00f6vb\u0259ti m\u00fchazir\u0259 ke\u00e7irilib"},"content":{"rendered":"<p style=\"margin-bottom: 0.0001pt; text-align: center;\"><b><span style=\"font-size: 14pt; line-height: 115%; font-family: Arial; color: #333399;\">Bak\u0131 D&ouml;vl\u0259t Universiteti&nbsp;v\u0259 Ming\u0259&ccedil;evir D&ouml;vl\u0259t Universitetinin birg\u0259 t\u0259\u015fkilat&ccedil;\u0131l\u0131\u011f\u0131 il\u0259&nbsp;n&ouml;vb\u0259ti m&uuml;hazir\u0259 ke&ccedil;irilib<\/span><\/b><\/p>\n<p>&nbsp;<\/p>\n<p style=\"margin-bottom: 0.0001pt; text-align: justify; text-indent: 26.95pt;\"><span style=\"font-size: 12pt; line-height: 115%; font-family: Arial; color: #000000;\">2021-ci ilin 26 noyabr tarixind\u0259 Bak\u0131 D&ouml;vl\u0259t Universiteti (BDU) v\u0259 Ming\u0259&ccedil;evir D&ouml;vl\u0259t Universiteti (MDU) aras\u0131nda \u0259m\u0259kda\u015fl\u0131q &ccedil;\u0259r&ccedil;iv\u0259sind\u0259 realla\u015fd\u0131r\u0131lan &ldquo;Ustad d\u0259rsl\u0259ri&rdquo; layih\u0259si &uuml;zr\u0259 n&ouml;vb\u0259ti m&uuml;hazir\u0259 ke&ccedil;irilib. <\/span><\/p>\n<p style=\"margin-bottom: 0.0001pt; text-align: justify; text-indent: 26.95pt;\"><span style=\"font-size: 12pt; line-height: 115%; font-family: Arial; color: #000000;\">&ldquo;Microsoft Teams&rdquo; platformas\u0131 &uuml;z\u0259rind\u0259n onlayn formatda t\u0259\u015fkil edil\u0259n m&uuml;hazir\u0259d\u0259 h\u0259r iki universitetin professor-m&uuml;\u0259llim hey\u0259ti &uuml;zvl\u0259ri, t\u0259l\u0259b\u0259, magistrant v\u0259 doktorantlar\u0131, el\u0259c\u0259 d\u0259 &ldquo;D\u0259d\u0259 \u018fl\u0259sg\u0259r Oca\u011f\u0131&rdquo; \u0130ctimai Birliyind\u0259n A\u015f\u0131q \u018fl\u0259sg\u0259rin n\u0259tic\u0259si \u015fair\u0259 \u015eamama \u018fl\u0259sg\u0259rli v\u0259 k&ouml;t&uuml;c\u0259si \u015fair\u0259 Asim\u0259 \u018fl\u0259sg\u0259rli i\u015ftirak edibl\u0259r.<\/span><\/p>\n<p style=\"margin-bottom: 0.0001pt; text-align: justify; text-indent: 26.95pt;\"><span style=\"font-size: 12pt; line-height: 115%; font-family: Arial; color: #000000;\">M&uuml;hazir\u0259y\u0259 moderatorluq ed\u0259n MDU-nun &ldquo;Humanitar f\u0259nl\u0259r&rdquo; kafedras\u0131n\u0131n m&uuml;diri Esmira C\u0259f\u0259rova Az\u0259rbaycan Respublikas\u0131n\u0131n Prezidenti c\u0259nab \u0130lham \u018fliyevin m&uuml;vafiq S\u0259r\u0259ncam\u0131 il\u0259 bu il &ouml;lk\u0259mizd\u0259 a\u015f\u0131q s\u0259n\u0259tinin g&ouml;rk\u0259mli n&uuml;may\u0259nd\u0259si A\u015f\u0131q \u018fl\u0259sg\u0259rin anadan olmas\u0131n\u0131n 200 illik yubileyinin t\u0259nt\u0259n\u0259li \u015f\u0259kild\u0259 qeyd edildiyini diqq\u0259t\u0259 &ccedil;atd\u0131r\u0131b. Bildirib ki, iki t\u0259r\u0259fda\u015f universitetin birg\u0259 t\u0259\u015fkilat&ccedil;\u0131l\u0131\u011f\u0131 il\u0259 ke&ccedil;iril\u0259n m&uuml;hazir\u0259 el s\u0259n\u0259tkar\u0131n\u0131n parlaq poetik irsinin g\u0259ncl\u0259r aras\u0131nda t\u0259bli\u011fin\u0259 t&ouml;hf\u0259 verm\u0259k m\u0259qs\u0259di da\u015f\u0131y\u0131r.<\/span><\/p>\n<p style=\"margin-bottom: 0.0001pt; text-align: justify; text-indent: 26.95pt;\"><span style=\"font-size: 12pt; line-height: 115%; font-family: Arial; color: #000000;\">Sonra, BDU-nun Filologiya fak&uuml;lt\u0259sinin &ldquo;Az\u0259rbaycan \u015fifahi xalq \u0259d\u0259biyyat\u0131&rdquo; kafedras\u0131n\u0131n m&uuml;diri, filologiya &uuml;zr\u0259 elml\u0259r doktoru, professor S\u0259h\u0259r Orucova &ldquo;A\u015f\u0131q \u018fl\u0259sg\u0259r yarad\u0131c\u0131l\u0131\u011f\u0131nda milli-m\u0259n\u0259vi d\u0259y\u0259rl\u0259r&rdquo; m&ouml;vzusunda m\u0259ruz\u0259 il\u0259 &ccedil;\u0131x\u0131\u015f edib. <\/span><\/p>\n<p style=\"margin-bottom: 0.0001pt; text-align: justify; text-indent: 26.95pt;\"><span style=\"font-size: 12pt; line-height: 115%; font-family: Arial; color: #000000;\">M\u0259ruz\u0259d\u0259 A\u015f\u0131q \u018fl\u0259sg\u0259rin z\u0259ngin h\u0259yat v\u0259 yarad\u0131c\u0131l\u0131\u011f\u0131ndan s&ouml;hb\u0259t a&ccedil;an professor S.Orucova q&uuml;dr\u0259tli s&ouml;z ustad\u0131n\u0131n m&uuml;xt\u0259lif janrlarda yazd\u0131\u011f\u0131 &ccedil;oxlu sayda \u015feirl\u0259ri, o c&uuml;ml\u0259d\u0259n qo\u015fma, g\u0259rayl\u0131, ustadnam\u0259, v&uuml;cudnam\u0259 v\u0259 cahannam\u0259l\u0259ri il\u0259 a\u015f\u0131q \u015feirinin inki\u015faf\u0131na g&ouml;st\u0259rdiyi misilsiz xidm\u0259tl\u0259rd\u0259n v\u0259 a\u015f\u0131q s\u0259n\u0259tin\u0259 g\u0259tirdiyi m&uuml;h&uuml;m yenilikl\u0259rd\u0259n b\u0259hs edib. D\u0259d\u0259 \u018fl\u0259sg\u0259rin yarad\u0131c\u0131l\u0131\u011f\u0131nda a\u015f\u0131lanan v\u0259t\u0259n\u0259 v\u0259 t\u0259bi\u0259t\u0259 m\u0259h\u0259bb\u0259t, d&uuml;zl&uuml;k, m\u0259rdlik, s\u0259daq\u0259t, ad\u0259t-\u0259n\u0259n\u0259l\u0259r\u0259 ehtiram v\u0259 dig\u0259r y&uuml;ks\u0259k m\u0259n\u0259vi-\u0259xlaqi d\u0259y\u0259rl\u0259rd\u0259n dan\u0131\u015fan m&uuml;hazir\u0259&ccedil;i el \u015fairinin \u015feirl\u0259rind\u0259 s\u0259sl\u0259n\u0259n bir &ccedil;ox hikm\u0259tli ifad\u0259l\u0259rin g&uuml;n&uuml;m&uuml;zd\u0259 atalar s&ouml;zl\u0259ri v\u0259 z\u0259rb m\u0259s\u0259ll\u0259ri kimi istifad\u0259 edildiyini bildirib. <\/span><\/p>\n<p style=\"margin-bottom: 0.0001pt; text-align: justify; text-indent: 26.95pt;\"><span style=\"font-size: 12pt; line-height: 115%; font-family: Arial; color: #000000;\">M&uuml;hazir\u0259 i\u015ftirak&ccedil;\u0131lar\u0131 t\u0259r\u0259find\u0259n maraqla qar\u015f\u0131lanan m\u0259ruz\u0259 \u0259traf\u0131nda geni\u015f fikir m&uuml;badil\u0259si apar\u0131l\u0131b v\u0259 t\u0259qdim edil\u0259n suallar \u0259trafl\u0131 cavabland\u0131r\u0131l\u0131b. &ldquo;D\u0259d\u0259 \u018fl\u0259sg\u0259r Oca\u011f\u0131&rdquo; \u0130ctimai Birliyini t\u0259msil ed\u0259n A\u015f\u0131q \u018fl\u0259sg\u0259r n\u0259slinin davam&ccedil;\u0131lar\u0131 \u015e.\u018fl\u0259sg\u0259rli v\u0259 A.\u018fl\u0259sg\u0259rli ulu babalar\u0131 haqq\u0131nda e\u015fitdikl\u0259ri xatir\u0259l\u0259ri b&ouml;l&uuml;\u015f&uuml;bl\u0259r v\u0259 onun yarad\u0131c\u0131l\u0131\u011f\u0131ndan \u015feirl\u0259r s\u0259sl\u0259ndiribl\u0259r. <\/span><\/p>\n<p style=\"margin-bottom: 0.0001pt; text-align: justify; text-indent: 26.95pt;\"><span style=\"font-size: 12pt; line-height: 115%; font-family: Arial; color: #000000;\">Faydal\u0131 m&uuml;hazir\u0259y\u0259 v\u0259 maraql\u0131 m&uuml;zakir\u0259l\u0259r\u0259 g&ouml;r\u0259 professor S.Orucova, el\u0259c\u0259 d\u0259 \u0259m\u0259kda\u015fl\u0131\u011f\u0131n inki\u015faf\u0131nda d\u0259st\u0259yi olan h\u0259r k\u0259s\u0259 t\u0259\u015f\u0259kk&uuml;r&uuml;n&uuml; bildir\u0259n h\u0259r iki universitetin kollektiv &uuml;zvl\u0259ri layih\u0259nin icras\u0131ndan m\u0259mnunluqlar\u0131n\u0131 ifad\u0259 edibl\u0259r. <\/span><\/p>\n<p style=\"margin-bottom: 0.0001pt; text-align: justify; text-indent: 26.95pt;\"><span style=\"font-size: 12pt; line-height: 115%; font-family: Arial; color: #000000;\">Qeyd ed\u0259k ki, &ldquo;Ustad d\u0259rsl\u0259ri&rdquo; layih\u0259si cari t\u0259dris ilind\u0259 BDU v\u0259 MDU aras\u0131nda raz\u0131la\u015fd\u0131r\u0131lm\u0131\u015f birg\u0259 f\u0259aliyy\u0259t plan\u0131 &ccedil;\u0259r&ccedil;iv\u0259sind\u0259 h\u0259yata ke&ccedil;irilir. T\u0259l\u0259b\u0259 v\u0259 magistrantlar\u0131n, akademik v\u0259 inzibati hey\u0259t &uuml;zvl\u0259rinin h\u0259rt\u0259r\u0259fli inki\u015faf\u0131na h\u0259d\u0259fl\u0259n\u0259n bu f\u0259aliyy\u0259t plan\u0131 ustad d\u0259rsl\u0259ri il\u0259 yana\u015f\u0131, birg\u0259 konfranslar, d\u0259yirmi masalar, elmi seminarlar, t\u0259liml\u0259r, t\u0259cr&uuml;b\u0259 m&uuml;badil\u0259si v\u0259 m&uuml;xt\u0259lif m\u0259zmunlu t\u0259l\u0259b\u0259y&ouml;n&uuml;ml&uuml; t\u0259dbirl\u0259rin t\u0259\u015fkilini d\u0259 &ouml;z&uuml;nd\u0259 ehtiva edir.<\/span><\/p>\n<p>{phocagallery view=category|categoryid=787|limitstart=0|limitcount=0}<\/p>","protected":false},"excerpt":{"rendered":"<p>Bak\u0131 D&ouml;vl\u0259t Universiteti&nbsp;v\u0259 Ming\u0259&ccedil;evir D&ouml;vl\u0259t Universitetinin birg\u0259 t\u0259\u015fkilat&ccedil;\u0131l\u0131\u011f\u0131 il\u0259&nbsp;n&ouml;vb\u0259ti m&uuml;hazir\u0259 ke&ccedil;irilib &nbsp; 2021-ci ilin 26 noyabr tarixind\u0259 Bak\u0131 D&ouml;vl\u0259t Universiteti (BDU) v\u0259 Ming\u0259&ccedil;evir D&ouml;vl\u0259t Universiteti (MDU) aras\u0131nda \u0259m\u0259kda\u015fl\u0131q &ccedil;\u0259r&ccedil;iv\u0259sind\u0259 realla\u015fd\u0131r\u0131lan &ldquo;Ustad d\u0259rsl\u0259ri&rdquo; layih\u0259si &uuml;zr\u0259 n&ouml;vb\u0259ti m&uuml;hazir\u0259 ke&ccedil;irilib. &ldquo;Microsoft Teams&rdquo; platformas\u0131 &uuml;z\u0259rind\u0259n onlayn formatda t\u0259\u015fkil edil\u0259n m&uuml;hazir\u0259d\u0259 h\u0259r iki universitetin professor-m&uuml;\u0259llim hey\u0259ti &uuml;zvl\u0259ri, t\u0259l\u0259b\u0259, magistrant v\u0259 [&hellip;]<\/p>\n","protected":false},"author":1,"featured_media":0,"comment_status":"open","ping_status":"open","sticky":false,"template":"","format":"standard","meta":{"_eb_attr":"","ocean_post_layout":"","ocean_both_sidebars_style":"","ocean_both_sidebars_content_width":0,"ocean_both_sidebars_sidebars_width":0,"ocean_sidebar":"","ocean_second_sidebar":"","ocean_disable_margins":"enable","ocean_add_body_class":"","ocean_shortcode_before_top_bar":"","ocean_shortcode_after_top_bar":"","ocean_shortcode_before_header":"","ocean_shortcode_after_header":"","ocean_has_shortcode":"","ocean_shortcode_after_title":"","ocean_shortcode_before_footer_widgets":"","ocean_shortcode_after_footer_widgets":"","ocean_shortcode_before_footer_bottom":"","ocean_shortcode_after_footer_bottom":"","ocean_display_top_bar":"default","ocean_display_header":"default","ocean_header_style":"","ocean_center_header_left_menu":"","ocean_custom_header_template":"","ocean_custom_logo":0,"ocean_custom_retina_logo":0,"ocean_custom_logo_max_width":0,"ocean_custom_logo_tablet_max_width":0,"ocean_custom_logo_mobile_max_width":0,"ocean_custom_logo_max_height":0,"ocean_custom_logo_tablet_max_height":0,"ocean_custom_logo_mobile_max_height":0,"ocean_header_custom_menu":"","ocean_menu_typo_font_family":"","ocean_menu_typo_font_subset":"","ocean_menu_typo_font_size":0,"ocean_menu_typo_font_size_tablet":0,"ocean_menu_typo_font_size_mobile":0,"ocean_menu_typo_font_size_unit":"px","ocean_menu_typo_font_weight":"","ocean_menu_typo_font_weight_tablet":"","ocean_menu_typo_font_weight_mobile":"","ocean_menu_typo_transform":"","ocean_menu_typo_transform_tablet":"","ocean_menu_typo_transform_mobile":"","ocean_menu_typo_line_height":0,"ocean_menu_typo_line_height_tablet":0,"ocean_menu_typo_line_height_mobile":0,"ocean_menu_typo_line_height_unit":"","ocean_menu_typo_spacing":0,"ocean_menu_typo_spacing_tablet":0,"ocean_menu_typo_spacing_mobile":0,"ocean_menu_typo_spacing_unit":"","ocean_menu_link_color":"","ocean_menu_link_color_hover":"","ocean_menu_link_color_active":"","ocean_menu_link_background":"","ocean_menu_link_hover_background":"","ocean_menu_link_active_background":"","ocean_menu_social_links_bg":"","ocean_menu_social_hover_links_bg":"","ocean_menu_social_links_color":"","ocean_menu_social_hover_links_color":"","ocean_disable_title":"default","ocean_disable_heading":"default","ocean_post_title":"","ocean_post_subheading":"","ocean_post_title_style":"","ocean_post_title_background_color":"","ocean_post_title_background":0,"ocean_post_title_bg_image_position":"","ocean_post_title_bg_image_attachment":"","ocean_post_title_bg_image_repeat":"","ocean_post_title_bg_image_size":"","ocean_post_title_height":0,"ocean_post_title_bg_overlay":0.5,"ocean_post_title_bg_overlay_color":"","ocean_disable_breadcrumbs":"default","ocean_breadcrumbs_color":"","ocean_breadcrumbs_separator_color":"","ocean_breadcrumbs_links_color":"","ocean_breadcrumbs_links_hover_color":"","ocean_display_footer_widgets":"default","ocean_display_footer_bottom":"default","ocean_custom_footer_template":"","ocean_post_oembed":"","ocean_post_self_hosted_media":"","ocean_post_video_embed":"","ocean_link_format":"","ocean_link_format_target":"self","ocean_quote_format":"","ocean_quote_format_link":"post","ocean_gallery_link_images":"on","ocean_gallery_id":[],"footnotes":""},"categories":[63],"tags":[],"class_list":["post-16188","post","type-post","status-publish","format-standard","hentry","category-khaebaerlaer-az","entry"],"_links":{"self":[{"href":"https:\/\/mdu.edu.az\/en\/wp-json\/wp\/v2\/posts\/16188","targetHints":{"allow":["GET"]}}],"collection":[{"href":"https:\/\/mdu.edu.az\/en\/wp-json\/wp\/v2\/posts"}],"about":[{"href":"https:\/\/mdu.edu.az\/en\/wp-json\/wp\/v2\/types\/post"}],"author":[{"embeddable":true,"href":"https:\/\/mdu.edu.az\/en\/wp-json\/wp\/v2\/users\/1"}],"replies":[{"embeddable":true,"href":"https:\/\/mdu.edu.az\/en\/wp-json\/wp\/v2\/comments?post=16188"}],"version-history":[{"count":0,"href":"https:\/\/mdu.edu.az\/en\/wp-json\/wp\/v2\/posts\/16188\/revisions"}],"wp:attachment":[{"href":"https:\/\/mdu.edu.az\/en\/wp-json\/wp\/v2\/media?parent=16188"}],"wp:term":[{"taxonomy":"category","embeddable":true,"href":"https:\/\/mdu.edu.az\/en\/wp-json\/wp\/v2\/categories?post=16188"},{"taxonomy":"post_tag","embeddable":true,"href":"https:\/\/mdu.edu.az\/en\/wp-json\/wp\/v2\/tags?post=16188"}],"curies":[{"name":"wp","href":"https:\/\/api.w.org\/{rel}","templated":true}]}}