{"id":16202,"date":"2021-12-07T20:09:51","date_gmt":"2021-12-07T17:09:51","guid":{"rendered":"https:\/\/mdu.edu.az\/minzh-evir-d-vl-t-universitetinin-t-l-b-l-ri-az-rbaydzan-ies-d-t-lim-t-dzr-b-program-n-u-urla-ba-a-vurublar\/"},"modified":"2021-12-07T20:09:51","modified_gmt":"2021-12-07T17:09:51","slug":"minzh-evir-d-vl-t-universitetinin-t-l-b-l-ri-az-rbaydzan-ies-d-t-lim-t-dzr-b-program-n-u-urla-ba-a-vurublar","status":"publish","type":"post","link":"https:\/\/mdu.edu.az\/en\/minzh-evir-d-vl-t-universitetinin-t-l-b-l-ri-az-rbaydzan-ies-d-t-lim-t-dzr-b-program-n-u-urla-ba-a-vurublar\/","title":{"rendered":"Ming\u0259\u00e7evir D\u00f6vl\u0259t Universitetinin t\u0259l\u0259b\u0259l\u0259ri \u201cAz\u0259rbaycan \u0130ES\u201d-d\u0259 t\u0259lim-t\u0259cr\u00fcb\u0259 proqram\u0131n\u0131 u\u011furla ba\u015fa vurublar"},"content":{"rendered":"<p style=\"margin-bottom: 0.0001pt; text-align: center;\"><b><span style=\"font-size: 14pt; line-height: 115%; font-family: Arial, sans-serif; color: #002060; background: white;\">Ming\u0259&ccedil;evir D&ouml;vl\u0259t Universitetinin t\u0259l\u0259b\u0259l\u0259ri &ldquo;Az\u0259rbaycan \u0130ES&rdquo;-d\u0259 t\u0259lim-t\u0259cr&uuml;b\u0259 proqram\u0131n\u0131 u\u011furla ba\u015fa vurublar<\/span><\/b><\/p>\n<p>&nbsp;<\/p>\n<p style=\"margin-bottom: 0.0001pt; text-align: justify; text-indent: 1cm;\"><span style=\"font-size: 12pt; line-height: 115%; font-family: Arial, sans-serif; color: #000000;\">6 dekabr 2021-ci il tarixind\u0259 Ming\u0259&ccedil;evir D&ouml;vl\u0259t Universiteti (MDU) v\u0259 &ldquo;Az\u0259rbaycan \u0130ES&rdquo; MMC aras\u0131nda \u0259m\u0259kda\u015fl\u0131q &ccedil;\u0259r&ccedil;iv\u0259sind\u0259 universitetin M&uuml;h\u0259ndislik fak&uuml;lt\u0259sinin t\u0259l\u0259b\u0259l\u0259ri &uuml;&ccedil;&uuml;n n\u0259z\u0259rd\u0259 tutulan iki h\u0259ft\u0259lik t\u0259lim-t\u0259cr&uuml;b\u0259 proqram\u0131 u\u011furla ba\u015fa &ccedil;at\u0131b.<\/span><\/p>\n<p style=\"margin-bottom: 0.0001pt; text-align: justify; text-indent: 1cm;\"><span style=\"font-size: 12pt; line-height: 115%; font-family: Arial, sans-serif; color: #000000;\">Bu m&uuml;nasib\u0259tl\u0259, &ldquo;Az\u0259rbaycan \u0130ES&rdquo; MMC-nin Ba\u015f \u0130dar\u0259etm\u0259 M\u0259rk\u0259zind\u0259 t\u0259lim-t\u0259cr&uuml;b\u0259 proqram\u0131nda i\u015ftirak etmi\u015f t\u0259l\u0259b\u0259l\u0259rl\u0259 g&ouml;r&uuml;\u015f ke&ccedil;irilib. G&ouml;r&uuml;\u015fd\u0259 MDU-dan M&uuml;h\u0259ndislik fak&uuml;lt\u0259sinin dekan \u0259v\u0259zi Almaz \u018fliyeva, \u0130qtisadiyyat v\u0259 idar\u0259etm\u0259 fak&uuml;lt\u0259sinin dekan m&uuml;avini, Karyera v\u0259 \u0130nki\u015faf M\u0259rk\u0259zinin direktor \u0259v\u0259zi C\u0259lil Ba\u011f\u0131rov, akademik m\u0259sl\u0259h\u0259t&ccedil;i \u0130lham\u0259 M\u0259mm\u0259dova i\u015ftirak edib.<\/span><\/p>\n<p style=\"margin-bottom: 0.0001pt; text-align: justify; text-indent: 1cm;\"><span style=\"font-size: 12pt; line-height: 115%; font-family: Arial, sans-serif; color: #000000;\">Proqram\u0131 m&uuml;v\u0259ff\u0259qiyy\u0259tl\u0259 ba\u015fa vuran t\u0259l\u0259b\u0259l\u0259r\u0259 t\u0259brikl\u0259rini &ccedil;atd\u0131ran MDU-nun M&uuml;h\u0259ndislik fak&uuml;lt\u0259sinin dekan \u0259v\u0259zi Almaz \u018fliyeva &ldquo;Az\u0259rbaycan \u0130ES&rdquo; il\u0259 i\u015fbirliyinin u\u011furla davam etdirilm\u0259sind\u0259n m\u0259mnunlu\u011funu ifad\u0259 edib v\u0259 kadr haz\u0131rl\u0131\u011f\u0131n\u0131n keyfiyy\u0259t s\u0259viyy\u0259sinin y&uuml;ks\u0259ldilm\u0259sin\u0259 t&ouml;hf\u0259 ver\u0259n bu t\u0259\u015f\u0259bb&uuml;s&uuml;n t\u0259\u015fkilind\u0259 v\u0259 icras\u0131nda \u0259m\u0259yi olan h\u0259r k\u0259s\u0259 t\u0259\u015f\u0259kk&uuml;r&uuml;n&uuml; bildirib.<\/span><\/p>\n<p style=\"margin-bottom: 0.0001pt; text-align: justify; text-indent: 1cm;\"><span style=\"font-size: 12pt; line-height: 115%; font-family: Arial, sans-serif; color: #000000;\">MDU-nun regionda energetika m&uuml;h\u0259ndisi haz\u0131rl\u0131\u011f\u0131n\u0131 h\u0259yata ke&ccedil;ir\u0259n yegan\u0259 ali t\u0259hsil m&uuml;\u0259ssis\u0259si oldu\u011funu vur\u011fulayan &ldquo;Az\u0259rbaycan \u0130ES&rdquo;-in ba\u015f m&uuml;h\u0259ndisi Araz S&uuml;leymanl\u0131 universitetl\u0259 i\u015fbirliyi &ccedil;\u0259r&ccedil;iv\u0259sind\u0259 t\u0259l\u0259b\u0259l\u0259rin praktiki bilik v\u0259 bacar\u0131qlar\u0131n\u0131n at\u0131r\u0131lmas\u0131na, kadr potensial\u0131n\u0131n g&uuml;cl\u0259ndirilm\u0259sin\u0259 h\u0259d\u0259fl\u0259n\u0259n bu c&uuml;r birg\u0259 f\u0259aliyy\u0259tl\u0259rin davaml\u0131l\u0131\u011f\u0131n\u0131 arzulay\u0131b.<\/span><\/p>\n<p style=\"margin-bottom: 0.0001pt; text-align: justify; text-indent: 1cm;\"><span style=\"font-size: 12pt; line-height: 115%; font-family: Arial, sans-serif; color: #000000;\">Universitet v\u0259 s\u0259naye \u0259m\u0259kda\u015fl\u0131\u011f\u0131n\u0131n t\u0259hsilalanlar\u0131n karyera inki\u015faf\u0131nda &ouml;n\u0259mind\u0259n s&ouml;hb\u0259t a&ccedil;an &ldquo;Az\u0259rbaycan \u0130ES&rdquo;-in kadrlar \u015f&ouml;b\u0259sinin r\u0259isi Firuz\u0259 C\u0259biyeva proqram &ccedil;\u0259r&ccedil;iv\u0259sind\u0259 <span style=\"color: black;\">m&uuml;asir texnologiyalar il\u0259 t\u0259chiz olunmu\u015f t\u0259dris auditoriyalar\u0131nda<\/span> v\u0259 real i\u015f \u015f\u0259raitind\u0259 ke&ccedil;iril\u0259n t\u0259lim v\u0259 t\u0259cr&uuml;b\u0259 prosesind\u0259 t\u0259l\u0259b\u0259l\u0259rin f\u0259all\u0131\u011f\u0131n\u0131 y&uuml;ks\u0259k qiym\u0259tl\u0259ndirib v\u0259 onlara g\u0259l\u0259c\u0259k f\u0259aliyy\u0259tl\u0259rind\u0259 u\u011furlar arzulay\u0131b.<\/span><\/p>\n<p style=\"margin-bottom: 0.0001pt; text-align: justify; text-indent: 1cm;\"><span style=\"font-size: 12pt; line-height: 115%; font-family: Arial, sans-serif; color: #000000;\">Diqq\u0259t\u0259 &ccedil;atd\u0131r\u0131l\u0131b ki, cari ilin <span style=\"color: black;\">noyabr\u0131n 22-d\u0259n dekabr\u0131n 6-d\u0259k davam etmi\u015f s&ouml;z&uuml;ged\u0259n iki h\u0259ft\u0259lik proqram &ccedil;\u0259r&ccedil;iv\u0259sind\u0259 <\/span>MDU-nun M&uuml;h\u0259ndislik fak&uuml;lt\u0259sinin 16 t\u0259l\u0259b\u0259si t\u0259liml\u0259rd\u0259 i\u015ftirak edib, <span style=\"color: black;\">istehsalatla yax\u0131ndan tan\u0131\u015f olub, s\u0259ri\u015ft\u0259li kadrlar\u0131n bilik v\u0259 t\u0259cr&uuml;b\u0259l\u0259rind\u0259n faydalan\u0131blar. T\u0259liml\u0259r &ldquo;<\/span>Az\u0259rbaycan \u0130ES&rdquo; MMC-nin T\u0259dris m\u0259rk\u0259zinin apar\u0131c\u0131 m&uuml;t\u0259x\u0259sisi Yegan\u0259 Abdullayeva, Texniki istehsalat \u015f&ouml;b\u0259sinin r\u0259isi Ramiz Qas\u0131mov, 1 n&ouml;mr\u0259li qazan turbin sexinin r\u0259is m&uuml;avini Elbrus Qafarov, texniki istehsalat \u015f&ouml;b\u0259sinin apar\u0131c\u0131 m&uuml;h\u0259ndisi \u018fsib\u0259 Sad\u0131qova, T\u0259hl&uuml;k\u0259sizlik texnikas\u0131, texniki istismar v\u0259 \u0259m\u0259yin m&uuml;hafiz\u0259si \u015f&ouml;b\u0259sinin m&uuml;diri Aqil Mahmudov t\u0259r\u0259find\u0259n ke&ccedil;irilib.<\/span><\/p>\n<p style=\"margin-bottom: 0.0001pt; text-align: justify; text-indent: 1cm;\"><span style=\"font-size: 12pt; line-height: 115%; font-family: Arial, sans-serif; color: #000000; background: white;\">\u0130ES-d\u0259 t\u0259lim v\u0259 t\u0259cr&uuml;b\u0259l\u0259rl\u0259 ba\u011fl\u0131 t\u0259\u0259ss&uuml;ratlar\u0131n\u0131 b&ouml;l&uuml;\u015f\u0259n t\u0259l\u0259b\u0259l\u0259r t\u0259hsil ald\u0131qlar\u0131 ixtisas &uuml;zr\u0259 praktiki haz\u0131rl\u0131q s\u0259viyy\u0259l\u0259rinin y&uuml;ks\u0259ldilm\u0259si &uuml;&ccedil;&uuml;n yarad\u0131lan \u015f\u0259rait\u0259 v\u0259 g&ouml;st\u0259ril\u0259n diqq\u0259t\u0259 g&ouml;r\u0259 t\u0259\u015f\u0259kk&uuml;rl\u0259rini bildiribl\u0259r.<\/span><\/p>\n<p style=\"margin-bottom: 0.0001pt; text-align: justify; text-indent: 1cm;\"><span style=\"font-size: 12pt; line-height: 115%; font-family: Arial, sans-serif; color: #000000;\">Sonra proqram\u0131 u\u011furla ba\u015fa vuran t\u0259l\u0259b\u0259l\u0259r\u0259 sertifikatlar t\u0259qdim edilib. <\/span><\/p>\n<p style=\"margin-bottom: 0.0001pt; text-align: justify; text-indent: 1cm;\"><span style=\"font-size: 12pt; line-height: 115%; font-family: Arial, sans-serif; color: #000000;\">Qeyd ed\u0259k ki, haz\u0131rda modernl\u0259\u015fm\u0259 m\u0259rh\u0259l\u0259sind\u0259 olan MDU-da kadr haz\u0131rl\u0131\u011f\u0131n\u0131n keyfiyy\u0259tinin y&uuml;ks\u0259ldilm\u0259si, t\u0259hsilalanlara m&uuml;asir, praktiki bilik v\u0259 bacar\u0131qlar\u0131n &ouml;t&uuml;r&uuml;lm\u0259si m\u0259qs\u0259dil\u0259 s\u0259naye il\u0259 \u0259m\u0259kda\u015fl\u0131\u011f\u0131n inki\u015faf etdirilm\u0259sin\u0259 x&uuml;susi \u0259h\u0259miyy\u0259t verilir.<\/span><\/p>\n<p>{phocagallery view=category|categoryid=800|limitstart=0|limitcount=0}<\/p>","protected":false},"excerpt":{"rendered":"<p>Ming\u0259&ccedil;evir D&ouml;vl\u0259t Universitetinin t\u0259l\u0259b\u0259l\u0259ri &ldquo;Az\u0259rbaycan \u0130ES&rdquo;-d\u0259 t\u0259lim-t\u0259cr&uuml;b\u0259 proqram\u0131n\u0131 u\u011furla ba\u015fa vurublar &nbsp; 6 dekabr 2021-ci il tarixind\u0259 Ming\u0259&ccedil;evir D&ouml;vl\u0259t Universiteti (MDU) v\u0259 &ldquo;Az\u0259rbaycan \u0130ES&rdquo; MMC aras\u0131nda \u0259m\u0259kda\u015fl\u0131q &ccedil;\u0259r&ccedil;iv\u0259sind\u0259 universitetin M&uuml;h\u0259ndislik fak&uuml;lt\u0259sinin t\u0259l\u0259b\u0259l\u0259ri &uuml;&ccedil;&uuml;n n\u0259z\u0259rd\u0259 tutulan iki h\u0259ft\u0259lik t\u0259lim-t\u0259cr&uuml;b\u0259 proqram\u0131 u\u011furla ba\u015fa &ccedil;at\u0131b. Bu m&uuml;nasib\u0259tl\u0259, &ldquo;Az\u0259rbaycan \u0130ES&rdquo; MMC-nin Ba\u015f \u0130dar\u0259etm\u0259 M\u0259rk\u0259zind\u0259 t\u0259lim-t\u0259cr&uuml;b\u0259 proqram\u0131nda i\u015ftirak etmi\u015f t\u0259l\u0259b\u0259l\u0259rl\u0259 [&hellip;]<\/p>\n","protected":false},"author":1,"featured_media":0,"comment_status":"open","ping_status":"open","sticky":false,"template":"","format":"standard","meta":{"_eb_attr":"","ocean_post_layout":"","ocean_both_sidebars_style":"","ocean_both_sidebars_content_width":0,"ocean_both_sidebars_sidebars_width":0,"ocean_sidebar":"","ocean_second_sidebar":"","ocean_disable_margins":"enable","ocean_add_body_class":"","ocean_shortcode_before_top_bar":"","ocean_shortcode_after_top_bar":"","ocean_shortcode_before_header":"","ocean_shortcode_after_header":"","ocean_has_shortcode":"","ocean_shortcode_after_title":"","ocean_shortcode_before_footer_widgets":"","ocean_shortcode_after_footer_widgets":"","ocean_shortcode_before_footer_bottom":"","ocean_shortcode_after_footer_bottom":"","ocean_display_top_bar":"default","ocean_display_header":"default","ocean_header_style":"","ocean_center_header_left_menu":"","ocean_custom_header_template":"","ocean_custom_logo":0,"ocean_custom_retina_logo":0,"ocean_custom_logo_max_width":0,"ocean_custom_logo_tablet_max_width":0,"ocean_custom_logo_mobile_max_width":0,"ocean_custom_logo_max_height":0,"ocean_custom_logo_tablet_max_height":0,"ocean_custom_logo_mobile_max_height":0,"ocean_header_custom_menu":"","ocean_menu_typo_font_family":"","ocean_menu_typo_font_subset":"","ocean_menu_typo_font_size":0,"ocean_menu_typo_font_size_tablet":0,"ocean_menu_typo_font_size_mobile":0,"ocean_menu_typo_font_size_unit":"px","ocean_menu_typo_font_weight":"","ocean_menu_typo_font_weight_tablet":"","ocean_menu_typo_font_weight_mobile":"","ocean_menu_typo_transform":"","ocean_menu_typo_transform_tablet":"","ocean_menu_typo_transform_mobile":"","ocean_menu_typo_line_height":0,"ocean_menu_typo_line_height_tablet":0,"ocean_menu_typo_line_height_mobile":0,"ocean_menu_typo_line_height_unit":"","ocean_menu_typo_spacing":0,"ocean_menu_typo_spacing_tablet":0,"ocean_menu_typo_spacing_mobile":0,"ocean_menu_typo_spacing_unit":"","ocean_menu_link_color":"","ocean_menu_link_color_hover":"","ocean_menu_link_color_active":"","ocean_menu_link_background":"","ocean_menu_link_hover_background":"","ocean_menu_link_active_background":"","ocean_menu_social_links_bg":"","ocean_menu_social_hover_links_bg":"","ocean_menu_social_links_color":"","ocean_menu_social_hover_links_color":"","ocean_disable_title":"default","ocean_disable_heading":"default","ocean_post_title":"","ocean_post_subheading":"","ocean_post_title_style":"","ocean_post_title_background_color":"","ocean_post_title_background":0,"ocean_post_title_bg_image_position":"","ocean_post_title_bg_image_attachment":"","ocean_post_title_bg_image_repeat":"","ocean_post_title_bg_image_size":"","ocean_post_title_height":0,"ocean_post_title_bg_overlay":0.5,"ocean_post_title_bg_overlay_color":"","ocean_disable_breadcrumbs":"default","ocean_breadcrumbs_color":"","ocean_breadcrumbs_separator_color":"","ocean_breadcrumbs_links_color":"","ocean_breadcrumbs_links_hover_color":"","ocean_display_footer_widgets":"default","ocean_display_footer_bottom":"default","ocean_custom_footer_template":"","ocean_post_oembed":"","ocean_post_self_hosted_media":"","ocean_post_video_embed":"","ocean_link_format":"","ocean_link_format_target":"self","ocean_quote_format":"","ocean_quote_format_link":"post","ocean_gallery_link_images":"on","ocean_gallery_id":[],"footnotes":""},"categories":[63],"tags":[],"class_list":["post-16202","post","type-post","status-publish","format-standard","hentry","category-khaebaerlaer-az","entry"],"_links":{"self":[{"href":"https:\/\/mdu.edu.az\/en\/wp-json\/wp\/v2\/posts\/16202","targetHints":{"allow":["GET"]}}],"collection":[{"href":"https:\/\/mdu.edu.az\/en\/wp-json\/wp\/v2\/posts"}],"about":[{"href":"https:\/\/mdu.edu.az\/en\/wp-json\/wp\/v2\/types\/post"}],"author":[{"embeddable":true,"href":"https:\/\/mdu.edu.az\/en\/wp-json\/wp\/v2\/users\/1"}],"replies":[{"embeddable":true,"href":"https:\/\/mdu.edu.az\/en\/wp-json\/wp\/v2\/comments?post=16202"}],"version-history":[{"count":0,"href":"https:\/\/mdu.edu.az\/en\/wp-json\/wp\/v2\/posts\/16202\/revisions"}],"wp:attachment":[{"href":"https:\/\/mdu.edu.az\/en\/wp-json\/wp\/v2\/media?parent=16202"}],"wp:term":[{"taxonomy":"category","embeddable":true,"href":"https:\/\/mdu.edu.az\/en\/wp-json\/wp\/v2\/categories?post=16202"},{"taxonomy":"post_tag","embeddable":true,"href":"https:\/\/mdu.edu.az\/en\/wp-json\/wp\/v2\/tags?post=16202"}],"curies":[{"name":"wp","href":"https:\/\/api.w.org\/{rel}","templated":true}]}}