{"id":16206,"date":"2021-12-10T22:13:34","date_gmt":"2021-12-10T19:13:34","guid":{"rendered":"https:\/\/mdu.edu.az\/minzh-evir-d-vl-t-universitetind-beyn-lkhalzh-elmi-konfrans-ke-irilib\/"},"modified":"2022-06-13T09:45:21","modified_gmt":"2022-06-13T06:45:21","slug":"minzh-evir-d-vl-t-universitetind-beyn-lkhalzh-elmi-konfrans-ke-irilib","status":"publish","type":"post","link":"https:\/\/mdu.edu.az\/en\/minzh-evir-d-vl-t-universitetind-beyn-lkhalzh-elmi-konfrans-ke-irilib\/","title":{"rendered":"Ming\u0259\u00e7evir D\u00f6vl\u0259t Universitetind\u0259 beyn\u0259lxalq elmi konfrans ke\u00e7irilib"},"content":{"rendered":"<p style=\"margin-bottom: 0cm; text-align: justify; text-indent: 1cm; line-height: 150%;\"><span style=\"font-size: 12pt; line-height: 150%; font-family: 'Arial', sans-serif; color: #000000;\">10 dekabr 2021-ci il tarixind\u0259 Ming\u0259\u00e7evir D\u00f6vl\u0259t Universitetind\u0259 (MDU) Az\u0259rbaycan Respublikas\u0131n\u0131n T\u0259hsil v\u0259 \u0130qtisadiyyat nazirlikl\u0259rinin, Ming\u0259\u00e7evir \u015e\u0259h\u0259r \u0130cra Hakimiyy\u0259tinin d\u0259st\u0259yi il\u0259 \u201cDavaml\u0131 inki\u015faf strategiyas\u0131: qlobal trendl\u0259r, milli t\u0259cr\u00fcb\u0259l\u0259r v\u0259 yeni h\u0259d\u0259fl\u0259r\u201d m\u00f6vzusunda beyn\u0259lxalq elmi konfrans \u00f6z i\u015fin\u0259 ba\u015flay\u0131b.<\/span><\/p>\n<p style=\"margin-bottom: 0cm; text-align: justify; text-indent: 1cm; line-height: 150%;\"><span style=\"font-size: 12pt; line-height: 150%; font-family: 'Arial', sans-serif; color: #000000;\">\u201cZoom\u201d platformas\u0131 \u00fcz\u0259rind\u0259n onlayn formatda t\u0259\u015fkil edil\u0259n beyn\u0259lxalq konfransda d\u00fcnyan\u0131n 16 \u00f6lk\u0259sinin ali t\u0259hsil m\u00fc\u0259ssis\u0259l\u0259ri v\u0259 elmi t\u0259dqiqat institutlar\u0131ndan akademik hey\u0259t \u00fczvl\u0259ri v\u0259 aliml\u0259r qat\u0131l\u0131b.<\/span><\/p>\n<p style=\"margin-bottom: 0cm; text-align: justify; text-indent: 1cm; line-height: 150%;\"><span style=\"font-size: 12pt; line-height: 150%; font-family: 'Arial', sans-serif; color: #000000;\">Beyn\u0259lxalq konfrans\u0131n a\u00e7\u0131l\u0131\u015f-plenar iclas\u0131nda MDU-nun rektoru \u015eahin Bayramov, Az\u0259rbaycan Respublikas\u0131 T\u0259hsil nazirinin m\u00fcavini Firudin Qurbanov, Az\u0259rbaycan Respublikas\u0131 \u0130qtisadiyyat nazirinin m\u00fcavini Sahib \u018fl\u0259kb\u0259rov, Ming\u0259\u00e7evir \u015e\u0259h\u0259r \u0130cra Hakimiyy\u0259tinin ba\u015f\u00e7\u0131s\u0131 \u0130lham \u0130smay\u0131lov, BMT-nin Az\u0259rbaycandak\u0131 Rezident \u018flaq\u0259l\u0259ndiricisi Vladanka Andreeva, Az\u0259rbaycan Texniki Universitetinin rektoru Vilay\u0259t V\u0259liyev, Milli M\u0259clisin \u00fczv\u00fc \u015eahin Seyidzad\u0259, Litvan\u0131n Mykolas Romeris Universitetinin rektoru \u0130nqa Zaleniene, T\u00fcrkiy\u0259nin KTO Karatay Universitetinin rektoru Bayram Sade, L\u0259nk\u0259ran D\u00f6vl\u0259t Universitetinin rektoru Natiq \u0130brahimov, \u00c7inin Lancou Maliyy\u0259 v\u0259 \u0130qtisadiyyat Universitetinin prezidenti Venhao Cai, Q\u0131r\u011f\u0131z \u0130qtisad Universitetinin rektoru Almaz Kad\u0131raliyev v\u0259 Kiyev Milli \u0130qtisadiyyat Universitetinin rektoru Dmitro Lukyanenko \u00e7\u0131x\u0131\u015f edibl\u0259r.<\/span><\/p>\n<p style=\"margin-bottom: 0cm; text-align: justify; text-indent: 1cm; line-height: 150%;\"><span style=\"font-size: 12pt; line-height: 150%; font-family: 'Arial', sans-serif; color: #000000;\">Konfrans i\u015ftirak\u00e7\u0131lar\u0131n\u0131 salamlayan MDU-nun rektoru \u015e.Bayramov aktual m\u00f6vzuya h\u0259sr edilmi\u015f v\u0259 MDU tarixind\u0259 ilk d\u0259f\u0259 olaraq ke\u00e7iril\u0259n beyn\u0259lxalq s\u0259viyy\u0259li elmi t\u0259dbirin t\u0259\u015fkilind\u0259 d\u0259st\u0259yi v\u0259 \u0259m\u0259yi olanlara, t\u0259\u015fkilat komit\u0259sinin \u00fczvl\u0259rin\u0259, m\u0259ruz\u0259\u00e7il\u0259r\u0259, m\u0259qal\u0259 v\u0259 tezis m\u00fc\u0259llifl\u0259rin\u0259 t\u0259\u015f\u0259kk\u00fcr\u00fcn\u00fc bildirib.<\/span><\/p>\n<p style=\"margin-bottom: 0cm; text-align: justify; text-indent: 1cm; line-height: 150%;\"><span style=\"font-size: 12pt; line-height: 150%; font-family: 'Arial', sans-serif; color: #000000;\">Rektor konfrans\u0131n \u0259sas m\u0259qs\u0259dinin M\u00fcz\u0259ff\u0259r Ali Ba\u015f Komandan\u0131m\u0131z\u0131n q\u0259tiyy\u0259ti v\u0259 r\u0259\u015fad\u0259tli Az\u0259rbaycan \u018fsg\u0259rinin \u015f\u00fcca\u0259ti say\u0259sind\u0259 \u0259ld\u0259 olunan tarixi Z\u0259f\u0259rd\u0259n sonrak\u0131 m\u0259rh\u0259l\u0259nin reall\u0131qlar\u0131 n\u0259z\u0259r\u0259 al\u0131nmaqla m\u00fcvafiq istiqam\u0259tl\u0259r \u00fczr\u0259 apar\u0131lan elmi-t\u0259dqiqatlar\u0131n n\u0259tic\u0259l\u0259rinin t\u0259qdim edilm\u0259sind\u0259n ibar\u0259t oldu\u011funu vur\u011fulay\u0131b. O bildirib ki, beyn\u0259lxalq konfrans Az\u0259rbaycan Respublikas\u0131 Prezidentinin m\u00fcvafiq S\u0259r\u0259ncam\u0131 il\u0259 t\u0259sdiq olunmu\u015f \u201cAz\u0259rbaycan 2030: sosial-iqtisadi inki\u015fafa dair Milli Prioritetl\u0259r\u201dd\u0259n, el\u0259c\u0259 d\u0259 Birl\u0259\u015fmi\u015f Mill\u0259tl\u0259r T\u0259\u015fkilat\u0131n\u0131n \u201cD\u00fcnyam\u0131z\u0131n transformasiyas\u0131: 2030-cu il\u0259d\u0259k dayan\u0131ql\u0131 inki\u015faf sah\u0259sind\u0259 G\u00fcnd\u0259lik\u201dd\u0259n ir\u0259li g\u0259l\u0259n v\u0259zif\u0259l\u0259ri \u0259hat\u0259 ed\u0259n m\u00f6vzularda elmi diskussiya platformas\u0131n\u0131n yarad\u0131lmas\u0131n\u0131 h\u0259d\u0259fl\u0259yir.<\/span><\/p>\n<p style=\"margin-bottom: 0cm; text-align: justify; text-indent: 1cm; line-height: 150%;\"><span style=\"font-size: 12pt; line-height: 150%; font-family: 'Arial', sans-serif; color: #000000;\">Konfransa h\u0259m yerli, h\u0259m d\u0259 xarici ali t\u0259hsil v\u0259 elm ictimaiyy\u0259ti t\u0259r\u0259find\u0259n b\u00f6y\u00fck maraq g\u00f6st\u0259rildiyini qeyd ed\u0259n rektor 37 yerli ali t\u0259hsil v\u0259 elmi-t\u0259dqiqat m\u00fc\u0259ssis\u0259sind\u0259n, el\u0259c\u0259 d\u0259 14 xarici \u00f6lk\u0259nin 35 universitetind\u0259n \u00fcmumilikd\u0259 462 tezis v\u0259 m\u0259qal\u0259 daxil oldu\u011funu bildirib v\u0259 konfrans\u0131n i\u015fin\u0259 u\u011furlar arzulay\u0131b.<\/span><\/p>\n<p style=\"margin-bottom: 0cm; text-align: justify; text-indent: 1cm; line-height: 150%;\"><span style=\"font-size: 12pt; line-height: 150%; font-family: 'Arial', sans-serif; color: #000000;\">Konfrans i\u015ftirak\u00e7\u0131lar\u0131n\u0131 salamlamaqdan m\u0259mnunlu\u011funu ifad\u0259 ed\u0259n Az\u0259rbaycan Respublikas\u0131 T\u0259hsil nazirinin m\u00fcavini Firudin Qurbanov MDU r\u0259hb\u0259rliyini v\u0259 kollektiv \u00fczvl\u0259rini universitetd\u0259 ilk beyn\u0259lxalq elmi konfrans\u0131n ke\u00e7irilm\u0259si m\u00fcnasib\u0259til\u0259 t\u0259brik edib v\u0259 t\u0259dbirin t\u0259\u015fkilat\u00e7\u0131lar\u0131na t\u0259\u015f\u0259kk\u00fcr\u00fcn\u00fc bildirib. Regional unuversitetin bel\u0259 bir b\u00f6y\u00fck t\u0259dbirin t\u0259\u015fkilat\u00e7\u0131s\u0131 olmas\u0131n\u0131 t\u0259qdir\u0259layiq hal kimi qiym\u0259tl\u0259ndir\u0259n F.Qurbanov q\u0131sa zamanda MDU-da geni\u015f islahatlar aparmaqla t\u0259drisin keyfiyy\u0259tinin v\u0259 elmi-t\u0259dqiqatlar\u0131n s\u0259m\u0259r\u0259liliyinin y\u00fcks\u0259ldilm\u0259si istiqam\u0259tind\u0259 \u00f6n\u0259mli add\u0131mlar\u0131n at\u0131ld\u0131\u011f\u0131n\u0131 diqq\u0259t\u0259 \u00e7atd\u0131r\u0131b.<\/span><\/p>\n<p style=\"margin-bottom: 0cm; text-align: justify; text-indent: 1cm; line-height: 150%;\"><span style=\"font-size: 12pt; line-height: 150%; font-family: 'Arial', sans-serif; color: #000000;\">B\u0259\u015f\u0259riyy\u0259tin qar\u015f\u0131s\u0131nda duran qlobal probleml\u0259rin d\u00fcnyada davaml\u0131 inki\u015fafa nail olunma\u011f\u0131 z\u0259ruri v\u0259zif\u0259y\u0259 \u00e7evirdiyini bildir\u0259n nazir m\u00fcavini konfrans\u0131n m\u00f6vzusunun aktuall\u0131\u011f\u0131ndan v\u0259 \u0259h\u0259miyy\u0259tind\u0259n b\u0259hs edib. Dayan\u0131ql\u0131 sosial-iqtisadi inki\u015faf\u0131n t\u0259min edilm\u0259sinin d\u00f6vl\u0259t siyas\u0259tinin m\u00fch\u00fcm prioritetl\u0259rind\u0259n oldu\u011funu vur\u011fulayan F.Qurbanov haz\u0131rda Az\u0259rbaycan\u0131n\u0131n BMT-nin Dayan\u0131ql\u0131 \u0130nki\u015faf M\u0259qs\u0259dl\u0259rin\u0259 h\u0259ssasl\u0131qla yana\u015fan \u00f6lk\u0259l\u0259rd\u0259n oldu\u011funu bildirib.<\/span><\/p>\n<p style=\"margin-bottom: 0cm; text-align: justify; text-indent: 1cm; line-height: 150%;\"><span style=\"font-size: 12pt; line-height: 150%; font-family: 'Arial', sans-serif; color: #000000;\">D\u00f6rd\u00fcnc\u00fc Dayan\u0131ql\u0131 \u0130nki\u015faf M\u0259qs\u0259dinin h\u0259r k\u0259s \u00fc\u00e7\u00fcn inkl\u00fcziv v\u0259 keyfiyy\u0259tli t\u0259hsili t\u0259min etm\u0259k v\u0259 \u00f6m\u00fcr boyu t\u0259hsili t\u0259\u015fviq etm\u0259k oldu\u011funu qeyd ed\u0259n F.Qurbanov davaml\u0131 inki\u015faf\u0131n t\u0259min olunmas\u0131n\u0131n t\u0259hsil sistemi qar\u015f\u0131s\u0131nda \u00e7ox b\u00f6y\u00fck v\u0259zif\u0259l\u0259r qoydu\u011funu diqq\u0259t\u0259 \u00e7atd\u0131r\u0131b. M\u00fcasir t\u0259l\u0259bl\u0259r\u0259 cavab ver\u0259n t\u0259hsil sistemi v\u0259 m\u00fct\u0259x\u0259ssis haz\u0131rl\u0131\u011f\u0131 \u00fczr\u0259 yeni \u00e7a\u011f\u0131r\u0131\u015flardan dan\u0131\u015fan nazir m\u00fcavini konfransda bu istiqam\u0259td\u0259 edil\u0259c\u0259k m\u0259ruz\u0259l\u0259rin v\u0259 apar\u0131lacaq m\u00fczakir\u0259l\u0259rin faydal\u0131 olaca\u011f\u0131na \u0259minliyini s\u00f6yl\u0259yib, konfrans i\u015ftirak\u00e7\u0131lar\u0131na u\u011furlar arzulay\u0131b.<\/span><\/p>\n<p style=\"margin-bottom: 0cm; text-align: justify; text-indent: 28.1pt; line-height: 150%; background: white none repeat scroll 0% 0%;\"><span style=\"font-size: 12pt; line-height: 150%; font-family: 'Arial', sans-serif; color: #000000;\">Konfrans i\u015ftirak\u00e7\u0131lar\u0131na salamlar\u0131n\u0131 \u00e7atd\u0131ran Az\u0259rbaycan Respublikas\u0131 \u0130qtisadiyyat nazirinin m\u00fcavini Sahib \u018fl\u0259kb\u0259rov Az\u0259rbaycanda dayan\u0131ql\u0131 inki\u015faf strategiyas\u0131n\u0131n h\u0259yata ke\u00e7irilm\u0259si istiqam\u0259tind\u0259 g\u00f6r\u00fcl\u0259n i\u015fl\u0259r\u0259 t\u00f6hf\u0259 verilm\u0259sin\u0259 h\u0259d\u0259fl\u0259n\u0259n bel\u0259 bir platforman\u0131n yarad\u0131lmas\u0131na g\u00f6r\u0259 Ming\u0259\u00e7evir D\u00f6vl\u0259t Universiteti kollektivin\u0259 t\u0259\u015f\u0259kk\u00fcr\u00fcn\u00fc bildirirb. \u0130qtisadiyyat\u0131n dayan\u0131ql\u0131 v\u0259 dinamik inki\u015faf\u0131n\u0131n bu sah\u0259d\u0259ki elmi t\u0259dqiqatlar\u0131n s\u0259m\u0259r\u0259liliyind\u0259n birba\u015fa as\u0131l\u0131 oldu\u011funu diqq\u0259t\u0259 \u00e7atd\u0131ran nazir m\u00fcavini \u00f6lk\u0259mizd\u0259 qlobal trendl\u0259rin \u00f6yr\u0259nilm\u0259si v\u0259 t\u0259dqiqi bax\u0131m\u0131ndan ali t\u0259hsil m\u00fc\u0259ssis\u0259l\u0259rinin v\u0259 akademik dair\u0259l\u0259rin apard\u0131\u011f\u0131 t\u0259dqiqatlar\u0131n rolunun y\u00fcks\u0259k d\u0259y\u0259rl\u0259nirildiyini diqq\u0259t\u0259 \u00e7atd\u0131r\u0131b.<\/span><\/p>\n<p style=\"margin-bottom: 0cm; text-align: justify; text-indent: 28.1pt; line-height: 150%; background: white none repeat scroll 0% 0%;\"><span style=\"font-size: 12pt; line-height: 150%; font-family: 'Arial', sans-serif; color: #000000;\">D\u00fcnya iqtisadiyyat\u0131nda c\u0259r\u0259yan ed\u0259n prosesl\u0259r, b\u0259\u015f\u0259riyy\u0259tin ciddi narahat\u00e7\u0131l\u0131\u011f\u0131na s\u0259b\u0259b olmu\u015f COVID-19 pandemiyas\u0131n\u0131n Az\u0259rbaycan \u00fc\u00e7\u00fcn d\u0259 yeni \u00e7a\u011f\u0131r\u0131\u015flar v\u0259 reall\u0131qlar yaratd\u0131\u011f\u0131n\u0131 diqq\u0259t\u0259 \u00e7atd\u0131ran S.\u018fl\u0259kb\u0259rov bunlara adekvat cavab verm\u0259k \u00fc\u00e7\u00fcn \u00f6lk\u0259 ba\u015f\u00e7\u0131s\u0131n\u0131n m\u00fcvafiq S\u0259r\u0259ncam\u0131 il\u0259 t\u0259sdiq edilmi\u015f \u201cAz\u0259rbaycan 2030: sosial-iqtisadi inki\u015fafa dair Milli Prioritetl\u0259r\u201d \u00e7\u0259r\u00e7iv\u0259sind\u0259 qar\u015f\u0131da duran v\u0259zif\u0259l\u0259rd\u0259n b\u0259hs edib.<\/span><\/p>\n<p style=\"margin-bottom: 0cm; text-align: justify; text-indent: 28.1pt; line-height: 150%; background: white none repeat scroll 0% 0%;\"><span style=\"font-size: 12pt; line-height: 150%; font-family: 'Arial', sans-serif; color: #000000;\">Nazir m\u00fcavini 44 g\u00fcnl\u00fck V\u0259t\u0259n m\u00fcharib\u0259sind\u0259n sonra \u0259razil\u0259rin i\u015f\u011faldan azad edilm\u0259sinin regionda t\u0259hl\u00fck\u0259sizlik, sabitlik v\u0259 rifah\u0131n t\u0259min edilm\u0259sin\u0259, qar\u015f\u0131l\u0131ql\u0131 faydal\u0131 \u0259m\u0259kda\u015fl\u0131\u011f\u0131n, iqtisadi v\u0259 ticar\u0259t \u0259laq\u0259l\u0259rinin inki\u015faf etm\u0259sin\u0259, yeni beyn\u0259lxalq v\u0259 regional logistika d\u0259hlizl\u0259rinin a\u00e7\u0131lmas\u0131na v\u0259 b\u00fct\u00f6vl\u00fckd\u0259 \u00f6lk\u0259nin dayanlql\u0131 inki\u015faf\u0131na \u00e7ox ciddi t\u0259kan verdiyini bildirib. Qlobal tendensiyalar v\u0259 \u00e7a\u011f\u0131r\u0131\u015flar\u0131 q\u0259bul ed\u0259r\u0259k i\u015f\u011faldan azad olunmu\u015f \u0259razil\u0259rd\u0259 innovativ texnogiyalara \u0259saslanan m\u00fcasir infrastrukturun qurulmas\u0131ndan, \u201ca\u011f\u0131ll\u0131 \u015f\u0259h\u0259r\u201d, \u201ca\u011f\u0131ll\u0131 k\u0259nd\u201d v\u0259 ya\u015f\u0131l enerji zonas\u0131 layih\u0259l\u0259rinin realla\u015fd\u0131r\u0131lmas\u0131ndan s\u00f6hb\u0259t a\u00e7an S.\u018fl\u0259kb\u0259rov Az\u0259rbaycan\u0131n dayan\u0131ql\u0131 inki\u015faf perspektivl\u0259rind\u0259n dan\u0131\u015f\u0131b v\u0259 konfrans\u0131n i\u015fin\u0259 u\u011furlar arzulay\u0131b.<\/span><\/p>\n<p style=\"margin-bottom: 0cm; text-align: justify; text-indent: 1cm; line-height: 150%; background: white none repeat scroll 0% 0%;\"><span style=\"font-size: 12pt; line-height: 150%; font-family: 'Arial', sans-serif; color: #000000;\">Konfrans\u0131n a\u00e7\u0131l\u0131\u015f\u0131nda \u00e7\u0131x\u0131\u015f ed\u0259n Ming\u0259\u00e7evir \u015e\u0259h\u0259r \u0130cra Hakimiyy\u0259tinin ba\u015f\u00e7\u0131s\u0131 \u0130lham \u0130smay\u0131lov Ming\u0259\u00e7evir \u015f\u0259h\u0259rind\u0259 ilk d\u0259f\u0259 olaraq bel\u0259 bir beyn\u0259lxalq elmi konfrans\u0131n ke\u00e7irilm\u0259sini \u0259lam\u0259tdar hadis\u0259 kimi d\u0259y\u0259rl\u0259ndirib v\u0259 konfrans\u0131n t\u0259\u015fkilind\u0259 \u0259m\u0259yi olan h\u0259r k\u0259s\u0259 t\u0259\u015f\u0259kk\u00fcr\u00fcn\u00fc bildirib.<\/span><\/p>\n<p style=\"margin-bottom: 0cm; text-align: justify; text-indent: 1cm; line-height: 150%; background: white none repeat scroll 0% 0%;\"><span style=\"font-size: 12pt; line-height: 150%; font-family: 'Arial', sans-serif; color: #000000;\">\u018fsas\u0131 Az\u0259rbaycan xalq\u0131n\u0131n \u00fcmummilli lideri Heyd\u0259r \u018fliyev t\u0259r\u0259find\u0259n qoyulan v\u0259 haz\u0131rda m\u00f6ht\u0259r\u0259m Prezidentimiz \u0130lham \u018fliyevin r\u0259hb\u0259rliyi il\u0259 u\u011furla realla\u015fd\u0131r\u0131lan h\u0259rt\u0259r\u0259fli inki\u015faf strategiyas\u0131 say\u0259sind\u0259 Az\u0259rbaycan\u0131n art\u0131q siyasi v\u0259 iqtisadi c\u0259h\u0259td\u0259n d\u00fcnyan\u0131n q\u00fcdr\u0259tli d\u00f6vl\u0259tl\u0259rind\u0259n birin\u0259 \u00e7evrildiyini, beyn\u0259lxalq arenada s\u00f6z sahibi oldu\u011funu qeyd ed\u0259n \u0130.\u0130smay\u0131lov regionda h\u0259yata ke\u00e7iril\u0259n v\u0259 dayan\u0131ql\u0131 inki\u015fafa h\u0259d\u0259fl\u0259n\u0259n irimiqyasl\u0131 layih\u0259l\u0259rd\u0259 Az\u0259rbaycan\u0131n \u0259sas t\u0259\u015f\u0259bb\u00fcskar v\u0259 i\u015ftirak\u00e7\u0131 d\u00f6vl\u0259tl\u0259rd\u0259n oldu\u011funu diqq\u0259t\u0259 \u00e7atd\u0131r\u0131b.<\/span><\/p>\n<p style=\"margin-bottom: 0cm; text-align: justify; text-indent: 1cm; line-height: 150%; background: white none repeat scroll 0% 0%;\"><span style=\"font-size: 12pt; line-height: 150%; font-family: 'Arial', sans-serif; color: #000000;\">\u0130nki\u015faf\u0131n yeni h\u0259d\u0259fl\u0259rinin elmi \u0259saslar\u0131n\u0131n haz\u0131rlanmas\u0131n\u0131n vacibliyini qeyd ed\u0259n \u0130lham \u0130smay\u0131lov konfrans \u00e7\u0259r\u00e7iv\u0259sind\u0259 apar\u0131lacaq m\u00fczakir\u0259l\u0259rin v\u0259 yarad\u0131lacaq t\u0259r\u0259fda\u015fl\u0131qlar\u0131n Ming\u0259\u00e7evir \u015f\u0259h\u0259rinin g\u0259l\u0259c\u0259k inki\u015faf\u0131nda \u00f6n\u0259mli rol oynayaca\u011f\u0131na \u0259minliyini ifad\u0259 edib.<\/span><\/p>\n<p style=\"margin-bottom: 0cm; text-align: justify; text-indent: 1cm; line-height: 150%; background: white none repeat scroll 0% 0%;\"><span style=\"font-size: 12pt; line-height: 150%; font-family: 'Arial', sans-serif; color: #000000; background: white none repeat scroll 0% 0%;\">Beyn\u0259lxalq konfransa d\u0259v\u0259t\u0259 g\u00f6r\u0259 t\u0259\u015f\u0259kk\u00fcr\u00fcn\u00fc bildir\u0259n BMT-nin Az\u0259rbaycandak\u0131 Rezident \u018flaq\u0259l\u0259ndiricisi xan\u0131m Vladanka Andreeva 250-d\u0259n \u00e7ox i\u015ftirak\u00e7\u0131n\u0131n, o c\u00fcml\u0259d\u0259n d\u00f6vl\u0259t v\u0259 h\u00f6kum\u0259t r\u0259smil\u0259rinin d\u0259 qat\u0131ld\u0131\u011f\u0131 v\u0259 y\u00fcks\u0259k s\u0259viyy\u0259d\u0259 t\u0259\u015fkil edil\u0259n elmi t\u0259dbird\u0259 i\u015ftirak\u0131ndan m\u0259mnunlu\u011funu bildirib. Dayan\u0131ql\u0131 inki\u015faf\u0131n ba\u015fl\u0131ca 3 m\u0259qs\u0259dinin iqtisadiyyat, sosial v\u0259 \u0259traf m\u00fchit m\u0259s\u0259l\u0259l\u0259ri oldu\u011funu diqq\u0259t\u0259 \u00e7atd\u0131ran V.Andreeava Az\u0259rbaycanda bu istiqam\u0259td\u0259 g\u00f6r\u00fcl\u0259n i\u015fl\u0259ri y\u00fcks\u0259k qiym\u0259tl\u0259ndirib. Dayan\u0131ql\u0131 inki\u015faf yolu x\u0259rit\u0259sind\u0259 beyn\u0259lxalq \u0259m\u0259kda\u015fl\u0131\u011fa v\u0259 t\u0259r\u0259fda\u015fl\u0131\u011fa x\u00fcsusi \u00f6n\u0259m verildiyini qeyd ed\u0259n BMT-nin rezident \u0259laq\u0259l\u0259ndiricisi konfrans\u0131n bu bax\u0131mdan \u0259h\u0259miyy\u0259tind\u0259n dan\u0131\u015f\u0131b v\u0259 konfrans i\u015ftirak\u00e7\u0131lar\u0131na u\u011furlar arzulay\u0131b.<\/span><\/p>\n<p style=\"margin-bottom: 0cm; text-align: justify; text-indent: 1cm; line-height: 150%; background: white none repeat scroll 0% 0%;\"><span style=\"font-size: 12pt; line-height: 150%; font-family: 'Arial', sans-serif; color: #000000; background: white none repeat scroll 0% 0%;\">Son d\u00f6vrd\u0259 MDU il\u0259 i\u015fbirliyinin u\u011furla inki\u015faf etdiyini vur\u011fulayan Az\u0259rbaycan Texniki Universitetinin rektoru Vilay\u0259t V\u0259liyev t\u0259r\u0259fda\u015f universitetd\u0259 t\u0259\u015fkil edil\u0259n bel\u0259 bir m\u00f6t\u0259b\u0259r elmi t\u0259dbird\u0259 i\u015ftirak\u0131ndan m\u0259mnunlu\u011funu bildirib. Dayan\u0131ql\u0131 \u0130nki\u015faf M\u0259qs\u0259dl\u0259rin\u0259 nail olunmas\u0131nda keyfiyy\u0259tli ali t\u0259hsilin v\u0259 t\u0259dqiqatlar\u0131n \u00f6n\u0259mind\u0259n dan\u0131\u015fan rektor bu istiqam\u0259td\u0259 milli v\u0259 xarici t\u0259cr\u00fcb\u0259l\u0259rin payla\u015f\u0131lmas\u0131 bax\u0131m\u0131ndan beyn\u0259lxalq konfrans\u0131n \u0259h\u0259miyy\u0259tini diqq\u0259t\u0259 \u00e7atd\u0131r\u0131b, bel\u0259 bir \u0259lveri\u015fli elmi v\u0259 akademik platforman\u0131n davaml\u0131l\u0131\u011f\u0131n\u0131 arzulay\u0131b.<\/span><\/p>\n<p style=\"margin-bottom: 0cm; text-align: justify; text-indent: 1cm; line-height: 150%;\"><span style=\"color: #000000;\"><span style=\"font-size: 12pt; line-height: 150%; font-family: 'Arial', sans-serif; color: black; background: white none repeat scroll 0% 0%;\">Az\u0259rbaycan Respublikas\u0131 Milli M\u0259clisinin \u00fczv\u00fc \u015eahin Seyidzad\u0259 son ill\u0259rd\u0259 Az\u0259rbaycanda dayan\u0131ql\u0131 inki\u015faf\u0131n t\u0259min edilm\u0259si m\u0259qs\u0259dil\u0259 h\u0259yata ke\u00e7iril\u0259n islahatlardan v\u0259 bu kontekstd\u0259 m\u00f6vcud qanunvericilik bazas\u0131n\u0131n t\u0259kmill\u0259\u015fdirilm\u0259sind\u0259n dan\u0131\u015f\u0131b<\/span><span style=\"font-size: 12pt; line-height: 150%; font-family: 'Arial', sans-serif;\">, konfrans\u0131n \u0259h\u0259miyy\u0259tini qeyd edib.<\/span><\/span><\/p>\n<p style=\"margin-bottom: 0cm; text-align: justify; text-indent: 1cm; line-height: 150%;\"><span style=\"font-size: 12pt; line-height: 150%; font-family: 'Arial', sans-serif; color: #000000;\">Universitetl\u0259r aras\u0131nda akademik v\u0259 elmi \u0259laq\u0259l\u0259rin g\u00fccl\u0259ndirilm\u0259sinin dayan\u0131ql\u0131 inki\u015faf strategiyas\u0131na t\u00f6hf\u0259sind\u0259n b\u0259hs ed\u0259n Litvan\u0131n Mykolas Romeris Universitetinin rektoru \u0130nga Zaleniene beyn\u0259lxalq konfrans\u0131 yeni t\u0259r\u0259fda\u015fl\u0131qlar \u00fc\u00e7\u00fcn \u0259lveri\u015fli imkan v\u0259 g\u00f6z\u0259l f\u00fcrs\u0259t kimi d\u0259y\u0259rl\u0259ndirib. <\/span><\/p>\n<p style=\"margin-bottom: 0cm; text-align: justify; text-indent: 1cm; line-height: 150%;\"><span style=\"font-size: 12pt; line-height: 150%; font-family: 'Arial', sans-serif; color: #000000;\">B\u00fct\u00fcn sah\u0259l\u0259rd\u0259 oldu\u011fu kimi, t\u0259hsil sah\u0259sind\u0259 d\u0259 Az\u0259rbaycan-T\u00fcrkiy\u0259 qarda\u015fl\u0131q m\u00fcnasib\u0259tl\u0259rinin u\u011furla inki\u015faf etdiyini qeyd ed\u0259n KTO Karatay Universitetinin rektoru B.Sade dayan\u0131ql\u0131 inki\u015fafda ali t\u0259hsil m\u00fc\u0259ssis\u0259l\u0259rinin rolundan, iqtisadi inki\u015fafa, sosial rifaha v\u0259 \u0259traf m\u00fchitin davaml\u0131l\u0131\u011f\u0131na xidm\u0259t ed\u0259n layih\u0259l\u0259r \u00e7\u0259r\u00e7iv\u0259sind\u0259 birg\u0259 elmi t\u0259dqiqatlar\u0131n apar\u0131lmas\u0131n\u0131n \u00f6n\u0259mind\u0259n b\u0259hs edib v\u0259 bu bax\u0131mdan konfrans\u0131n b\u00f6y\u00fck imkanlar yaratd\u0131\u011f\u0131n\u0131 diqq\u0259t\u0259 \u00e7atd\u0131r\u0131b.<\/span><\/p>\n<p style=\"margin-bottom: 0cm; text-align: justify; text-indent: 1cm; line-height: 150%;\"><span style=\"font-size: 12pt; line-height: 150%; font-family: 'Arial', sans-serif; color: #000000;\">Regionda yerl\u0259\u015f\u0259n universitetl\u0259rin dayan\u0131ql\u0131 inki\u015fafa t\u00f6hf\u0259l\u0259ri v\u0259 strateji f\u0259aliyy\u0259tl\u0259ri bar\u0259d\u0259 dan\u0131\u015fan L\u0259nk\u0259ran D\u00f6vl\u0259t Universitetinin rektoru N.\u0130brahimov t\u0259dqiqat potensial\u0131n\u0131n inki\u015faf etdirilm\u0259si v\u0259 elmi t\u0259dqiqatlar\u0131n s\u0259m\u0259r\u0259li n\u0259tic\u0259l\u0259rinin geni\u015f ictimaiyy\u0259t\u0259 t\u0259qdim olunmas\u0131 bax\u0131m\u0131ndan bel\u0259 elmi t\u0259dbirl\u0259rin davaml\u0131 olaraq ke\u00e7irilm\u0259sinin \u0259h\u0259miyy\u0259tini vur\u011fulay\u0131b v\u0259 konfrans\u0131n i\u015fin\u0259 u\u011furlar arzulay\u0131b.<\/span><\/p>\n<p style=\"margin-bottom: 0cm; text-align: justify; text-indent: 1cm; line-height: 150%;\"><span style=\"font-size: 12pt; line-height: 150%; font-family: 'Arial', sans-serif; color: #000000;\">\u0130ki universitet aras\u0131nda yarad\u0131lan i\u015fbirliyind\u0259n m\u0259mnunlu\u011funu bildir\u0259n \u00c7inin Lancou Maliyy\u0259 v\u0259 \u0130qtisadiyyat Universitetinin prezidenti Venhao Cai r\u0259hb\u0259rlik etdiyi ali t\u0259hsil m\u00fc\u0259ssis\u0259sind\u0259 ke\u00e7iril\u0259n beyn\u0259lxalq elmi t\u0259dbirl\u0259rd\u0259 MDU-nun f\u0259al t\u0259msil olundu\u011funu diqq\u0259t\u0259 \u00e7atd\u0131r\u0131b, pandemiya d\u00f6vr\u00fcnd\u0259 t\u0259hsil sah\u0259sind\u0259 g\u0259l\u0259c\u0259k i\u015fbirliyinin istiqam\u0259tl\u0259rinin m\u00fc\u0259yy\u0259n edilm\u0259si bax\u0131m\u0131ndan konfrans\u0131n faydal\u0131 olaca\u011f\u0131na inand\u0131\u011f\u0131n\u0131 s\u00f6yl\u0259yib. <\/span><\/p>\n<p style=\"margin-bottom: 0cm; text-align: justify; text-indent: 1cm; line-height: 150%;\"><span style=\"font-size: 12pt; line-height: 150%; font-family: 'Arial', sans-serif; color: #000000;\">Q\u0131r\u011f\u0131z \u0130qtisadiyyat Universitetinin rektoru A.Kad\u0131raliyev t\u0259msil etdiyi \u00f6lk\u0259d\u0259 dayan\u0131ql\u0131 inki\u015faf\u0131n t\u0259min edilm\u0259si sah\u0259sind\u0259 \u0259ld\u0259 edil\u0259n nailiyy\u0259tl\u0259rd\u0259n, ya\u015f\u0131l iqtisadiyyata ke\u00e7idl\u0259 ba\u011fl\u0131 g\u00f6r\u00fcl\u0259n i\u015fl\u0259rd\u0259n, bu m\u0259qs\u0259dl\u0259 r\u0259hb\u0259rlik etdiyi universitetin i\u015ftirak etdiyi yerli v\u0259 beyn\u0259lxalq layih\u0259l\u0259rd\u0259n dan\u0131\u015f\u0131b, konfrans\u0131n qar\u015f\u0131l\u0131ql\u0131 faydal\u0131 \u0259m\u0259kda\u015fl\u0131\u011fa t\u00f6hf\u0259 ver\u0259c\u0259yini bildirib. <\/span><\/p>\n<p style=\"margin-bottom: 0cm; text-align: justify; text-indent: 1cm; line-height: 150%;\"><span style=\"font-size: 12pt; line-height: 150%; font-family: 'Arial', sans-serif; color: #000000;\">Kiyev Milli \u0130qtisadiyyat Universitetinin rektoru D.Lukyanenko Az\u0259rbaycan\u0131n regional ali t\u0259hsil m\u00fc\u0259ssis\u0259l\u0259rind\u0259n biri olan MDU il\u0259 \u0259m\u0259kda\u015fl\u0131q \u00e7\u0259r\u00e7iv\u0259sind\u0259 akademik v\u0259 elmi potensial\u0131n g\u00fccl\u0259ndirilm\u0259si m\u0259qs\u0259dil\u0259 h\u0259yata ke\u00e7iril\u0259n birg\u0259 t\u0259dbirl\u0259rd\u0259n dan\u0131\u015f\u0131b, konfrans \u00e7\u0259r\u00e7iv\u0259sind\u0259 ir\u0259li s\u00fcr\u00fcl\u0259c\u0259k v\u0259 dayan\u0131ql\u0131 inki\u015fafa fayda qazand\u0131racaq yeni f\u0259aliyy\u0259t t\u0259\u015f\u0259bb\u00fcsl\u0259ri \u00fczr\u0259 universitetl\u0259r aras\u0131nda h\u0259rt\u0259r\u0259fli \u0259m\u0259kda\u015fl\u0131\u011fa haz\u0131r oldu\u011funu diqq\u0259t\u0259 \u00e7atd\u0131r\u0131b.<\/span><\/p>\n<p style=\"margin-bottom: 0cm; text-align: justify; text-indent: 1cm; line-height: 150%;\"><span style=\"font-size: 12pt; line-height: 150%; font-family: 'Arial', sans-serif; color: #000000;\">Daha sonra konfrans\u0131n plenar iclas\u0131 ke\u00e7irilib. Plenar iclasda AMEA-n\u0131n m\u00fcxbir \u00fczvi Akif Musayev \u201c\u0130\u015f\u011faldan azad olunmu\u015f \u0259razil\u0259rin b\u0259rpas\u0131: m\u00f6vcud v\u0259ziyy\u0259t v\u0259 effektiv m\u0259skunla\u015fd\u0131rma\u201d, MDU-nun Qazi Universitetind\u0259n olan qonaq professoru Ercan Nurcan Y\u0131lmaz \u201c4.0 S\u0259naye inqilab\u0131 v\u0259 kibert\u0259hl\u00fck\u0259sizlik\u201d, Az\u0259rbaycan D\u00f6vl\u0259t \u0130qtisad Universitetinin professoru Zahid M\u0259mm\u0259dov \u201cM\u00fcasir d\u00f6vrd\u0259 universitetl\u0259r: yeni \u00e7a\u011f\u0131r\u0131\u015flar, trendl\u0259r, paradiqmalar v\u0259 g\u00f6zl\u0259ntil\u0259r\u201d, M.V.Lomonosov ad\u0131na Moskva D\u00f6vl\u0259t Universitetinin professoru Serqey Nikonorov \u201cDavaml\u0131 inki\u015faf v\u0259 Paris \u0130qlim Sazi\u015fi \u00e7\u0259r\u00e7iv\u0259sind\u0259 biznesin karbon neytrall\u0131\u011f\u0131na ke\u00e7idind\u0259 m\u00fcasir trendl\u0259r\u201d, MDU-nun dosenti Aid\u0259 Mustafayeva \u201cS\u00fcni intellekt texnologiyalar\u0131n\u0131n inki\u015faf perspektivl\u0259ri\u201d, Mykolas Romeris Universitetinin professoru Paulo Pereira \u201c4-c\u00fc Davaml\u0131 \u0130nki\u015faf M\u0259qs\u0259di (Keyfiyy\u0259tli t\u0259hsil) kontekstind\u0259 ali t\u0259hsilin \u00f6n\u0259mi\u201d v\u0259 V.Hetman ad\u0131na Kiyev Milli \u0130qtisadiyyat Universitetinin dosenti Oleksandr Fedirko \u201cAvropada klasterl\u0259\u015fm\u0259: Ukrayna \u00fc\u00e7\u00fcn t\u0259cr\u00fcb\u0259 v\u0259 perspektivl\u0259r\u201d m\u00f6vzular\u0131nda m\u0259ruz\u0259l\u0259r edibl\u0259r. B\u00f6y\u00fck maraqla qar\u015f\u0131lanan m\u0259ruz\u0259l\u0259r \u0259traf\u0131nda m\u00fczakir\u0259l\u0259r apar\u0131l\u0131b v\u0259 t\u0259qdim edil\u0259n suallar cavabland\u0131r\u0131l\u0131b.<\/span><\/p>\n<p style=\"margin-bottom: 0cm; text-align: justify; text-indent: 1cm; line-height: 150%;\"><span style=\"font-size: 12pt; line-height: 150%; font-family: 'Arial', sans-serif; color: #000000;\">Konfrans dekabr\u0131n 11-d\u0259k \u00fc\u00e7 b\u00f6lm\u0259d\u0259 (\u0130qtisad elml\u0259ri v\u0259 idar\u0259etm\u0259; T\u0259bi\u0259t v\u0259 texnika elml\u0259ri; T\u0259hsil v\u0259 humanitar elml\u0259r) i\u015fini davam etdir\u0259c\u0259k. B\u00f6lm\u0259 iclaslar\u0131nda davaml\u0131 iqtisadi inki\u015faf\u0131n qlobal trendl\u0259ri, regionlar\u0131n tarazl\u0131 inki\u015faf\u0131, ekoloji dayan\u0131ql\u0131\u011f\u0131n t\u0259mini, enerji sektorunun inki\u015faf\u0131nda m\u00fcasir tendensiyalar, postpandemiya d\u00f6vr\u00fcnd\u0259 d\u00f6rd\u00fcnc\u00fc s\u0259naye inqilab\u0131n\u0131n inki\u015faf perspektivl\u0259ri, t\u0259hsil sah\u0259sind\u0259 milli v\u0259 beyn\u0259lxalq t\u0259cr\u00fcb\u0259, 44 g\u00fcnl\u00fck V\u0259t\u0259n m\u00fcharib\u0259sind\u0259n sonra b\u00f6lg\u0259d\u0259 yeni geoiqtisadi v\u0259 geosiyasi reall\u0131qlar, i\u015f\u011faldan azad edilmi\u015f \u0259razil\u0259rin b\u0259rpas\u0131 v\u0259 dig\u0259r m\u00f6vzularda m\u0259ruz\u0259l\u0259r dinl\u0259nil\u0259c\u0259k v\u0259 m\u00fczakir\u0259l\u0259r apar\u0131lacaq.<\/span><\/p>\n<p style=\"margin: 0cm 0cm 0cm 1cm; text-align: justify; line-height: 150%;\"><span style=\"font-size: 12pt; line-height: 150%; font-family: 'Arial', sans-serif; color: #000000;\">Dekabr\u0131n 11-d\u0259 beyn\u0259lxalq elmi konfrans\u0131n yekun iclas\u0131 ke\u00e7iril\u0259c\u0259k.<\/span><\/p>\n<p style=\"margin-bottom: 0cm; text-align: justify; text-indent: 1cm; line-height: 150%;\"><span style=\"font-size: 12pt; line-height: 150%; font-family: 'Arial', sans-serif; color: #000000;\">Beyn\u0259lxalq elmi konfrans Az\u0259rbaycan Respublikas\u0131 T\u0259hsil Nazirliyinin 15 mart 2021-ci il tarixli m\u00fcvafiq m\u0259ktubu il\u0259 t\u0259qdim olunmu\u015f \u201cAli t\u0259hsil m\u00fc\u0259ssis\u0259l\u0259rind\u0259 2021-ci ild\u0259 ke\u00e7iril\u0259c\u0259k beyn\u0259lxalq v\u0259 respublika s\u0259viyy\u0259li elmi konfrans v\u0259 simpoziumlar\u0131n siyah\u0131s\u0131\u201dna \u0259sas\u0259n t\u0259\u015fkil olunur.<\/span><\/p>\n<p style=\"margin-bottom: 0cm; text-align: justify; text-indent: 1cm; line-height: 150%;\"><span style=\"font-size: 12pt; line-height: 150%; font-family: 'Arial', sans-serif; color: #000000;\">Konfransa &#8220;T-Network&#8221; t\u0259hsil i\u015f\u00e7il\u0259rinin t\u0259cr\u00fcb\u0259 v\u0259 kommunikasiya platformas\u0131 t\u0259r\u0259find\u0259n t\u0259\u015fkilati d\u0259st\u0259k, Az\u0259rbaycan D\u00f6vl\u0259t \u0130nformasiya Agentliyi (AZ\u018fRTAC), \u201cAz\u0259rbaycan m\u00fc\u0259llimi\u201d q\u0259zeti, Trend M\u00fcst\u0259qil \u0130nformasiya Agentliyi, \u201cM\u0259kt\u0259b Gu\u015f\u0259si\u201d jurnal\u0131, mi-news.az, AzEdu.az v\u0259 \u201cMing\u0259\u00e7evir\u201d q\u0259zeti t\u0259r\u0259find\u0259n media d\u0259st\u0259yi g\u00f6st\u0259rilir.<\/span><\/p>\n<p style=\"margin-bottom: 0cm; text-align: justify; text-indent: 1cm; line-height: 150%;\"><span style=\"font-size: 12pt; line-height: 150%; font-family: 'Arial', sans-serif; color: #000000;\">Qeyd ed\u0259k ki, haz\u0131rda modernl\u0259\u015fm\u0259 m\u0259rh\u0259l\u0259sind\u0259 olan MDU-da elmi f\u0259aliyy\u0259tin s\u0259m\u0259r\u0259liliyinin art\u0131r\u0131lmas\u0131na, dayan\u0131ql\u0131 inki\u015faf\u0131n m\u00fcxt\u0259lif aspektl\u0259rin\u0259 dair n\u0259tic\u0259y\u00f6n\u00fcml\u00fc elmi ara\u015fd\u0131rmalar\u0131n apar\u0131lmas\u0131na, yerli v\u0259 xarici t\u0259r\u0259fda\u015flarla birg\u0259 elmi t\u0259dbirl\u0259rin ke\u00e7irilm\u0259sin\u0259 x\u00fcsusi \u00f6n\u0259m verilir. Bu kontekstd\u0259, 2021-ci ild\u0259 MDU-nun tarixind\u0259 ilk elmi jurnal hesab edil\u0259n \u201cDayan\u0131ql\u0131 inki\u015faf\u201d multidisiplinar elmi jurnal\u0131 t\u0259sis edilib.<\/span><\/p>","protected":false},"excerpt":{"rendered":"<p>10 dekabr 2021-ci il tarixind\u0259 Ming\u0259\u00e7evir D\u00f6vl\u0259t Universitetind\u0259 (MDU) Az\u0259rbaycan Respublikas\u0131n\u0131n T\u0259hsil v\u0259 \u0130qtisadiyyat nazirlikl\u0259rinin, Ming\u0259\u00e7evir \u015e\u0259h\u0259r \u0130cra Hakimiyy\u0259tinin d\u0259st\u0259yi il\u0259 \u201cDavaml\u0131 inki\u015faf strategiyas\u0131: qlobal trendl\u0259r, milli t\u0259cr\u00fcb\u0259l\u0259r v\u0259 yeni h\u0259d\u0259fl\u0259r\u201d m\u00f6vzusunda beyn\u0259lxalq elmi konfrans \u00f6z i\u015fin\u0259 ba\u015flay\u0131b. \u201cZoom\u201d platformas\u0131 \u00fcz\u0259rind\u0259n onlayn formatda t\u0259\u015fkil edil\u0259n beyn\u0259lxalq konfransda d\u00fcnyan\u0131n 16 \u00f6lk\u0259sinin ali t\u0259hsil m\u00fc\u0259ssis\u0259l\u0259ri v\u0259 elmi [&hellip;]<\/p>\n","protected":false},"author":1,"featured_media":22023,"comment_status":"open","ping_status":"open","sticky":false,"template":"","format":"gallery","meta":{"_eb_attr":"","ocean_post_layout":"","ocean_both_sidebars_style":"","ocean_both_sidebars_content_width":0,"ocean_both_sidebars_sidebars_width":0,"ocean_sidebar":"0","ocean_second_sidebar":"0","ocean_disable_margins":"enable","ocean_add_body_class":"","ocean_shortcode_before_top_bar":"","ocean_shortcode_after_top_bar":"","ocean_shortcode_before_header":"","ocean_shortcode_after_header":"","ocean_has_shortcode":"","ocean_shortcode_after_title":"","ocean_shortcode_before_footer_widgets":"","ocean_shortcode_after_footer_widgets":"","ocean_shortcode_before_footer_bottom":"","ocean_shortcode_after_footer_bottom":"","ocean_display_top_bar":"default","ocean_display_header":"default","ocean_header_style":"","ocean_center_header_left_menu":"0","ocean_custom_header_template":"0","ocean_custom_logo":0,"ocean_custom_retina_logo":0,"ocean_custom_logo_max_width":0,"ocean_custom_logo_tablet_max_width":0,"ocean_custom_logo_mobile_max_width":0,"ocean_custom_logo_max_height":0,"ocean_custom_logo_tablet_max_height":0,"ocean_custom_logo_mobile_max_height":0,"ocean_header_custom_menu":"0","ocean_menu_typo_font_family":"0","ocean_menu_typo_font_subset":"","ocean_menu_typo_font_size":0,"ocean_menu_typo_font_size_tablet":0,"ocean_menu_typo_font_size_mobile":0,"ocean_menu_typo_font_size_unit":"px","ocean_menu_typo_font_weight":"","ocean_menu_typo_font_weight_tablet":"","ocean_menu_typo_font_weight_mobile":"","ocean_menu_typo_transform":"","ocean_menu_typo_transform_tablet":"","ocean_menu_typo_transform_mobile":"","ocean_menu_typo_line_height":0,"ocean_menu_typo_line_height_tablet":0,"ocean_menu_typo_line_height_mobile":0,"ocean_menu_typo_line_height_unit":"","ocean_menu_typo_spacing":0,"ocean_menu_typo_spacing_tablet":0,"ocean_menu_typo_spacing_mobile":0,"ocean_menu_typo_spacing_unit":"","ocean_menu_link_color":"","ocean_menu_link_color_hover":"","ocean_menu_link_color_active":"","ocean_menu_link_background":"","ocean_menu_link_hover_background":"","ocean_menu_link_active_background":"","ocean_menu_social_links_bg":"","ocean_menu_social_hover_links_bg":"","ocean_menu_social_links_color":"","ocean_menu_social_hover_links_color":"","ocean_disable_title":"default","ocean_disable_heading":"default","ocean_post_title":"","ocean_post_subheading":"","ocean_post_title_style":"","ocean_post_title_background_color":"","ocean_post_title_background":0,"ocean_post_title_bg_image_position":"","ocean_post_title_bg_image_attachment":"","ocean_post_title_bg_image_repeat":"","ocean_post_title_bg_image_size":"","ocean_post_title_height":0,"ocean_post_title_bg_overlay":0.5,"ocean_post_title_bg_overlay_color":"","ocean_disable_breadcrumbs":"default","ocean_breadcrumbs_color":"","ocean_breadcrumbs_separator_color":"","ocean_breadcrumbs_links_color":"","ocean_breadcrumbs_links_hover_color":"","ocean_display_footer_widgets":"default","ocean_display_footer_bottom":"default","ocean_custom_footer_template":"0","ocean_post_oembed":"","ocean_post_self_hosted_media":"","ocean_post_video_embed":"","ocean_link_format":"","ocean_link_format_target":"self","ocean_quote_format":"","ocean_quote_format_link":"post","ocean_gallery_link_images":"on","ocean_gallery_id":[22001,22002,22003,22004,22005,22006,22007,22008,22009,22010,22012,22013,22014,22015,22016,22017,22018,22019,22020,22021,22022,22023,22024,22025,22026,22027,22028,22029,22030,22031,22032,22033,22034,22035,22036,22037,22038],"footnotes":""},"categories":[83],"tags":[],"class_list":["post-16206","post","type-post","status-publish","format-gallery","has-post-thumbnail","hentry","category-iqtisadiyyat-kafedrasi","post_format-post-format-gallery","entry","has-media"],"_links":{"self":[{"href":"https:\/\/mdu.edu.az\/en\/wp-json\/wp\/v2\/posts\/16206","targetHints":{"allow":["GET"]}}],"collection":[{"href":"https:\/\/mdu.edu.az\/en\/wp-json\/wp\/v2\/posts"}],"about":[{"href":"https:\/\/mdu.edu.az\/en\/wp-json\/wp\/v2\/types\/post"}],"author":[{"embeddable":true,"href":"https:\/\/mdu.edu.az\/en\/wp-json\/wp\/v2\/users\/1"}],"replies":[{"embeddable":true,"href":"https:\/\/mdu.edu.az\/en\/wp-json\/wp\/v2\/comments?post=16206"}],"version-history":[{"count":1,"href":"https:\/\/mdu.edu.az\/en\/wp-json\/wp\/v2\/posts\/16206\/revisions"}],"predecessor-version":[{"id":22040,"href":"https:\/\/mdu.edu.az\/en\/wp-json\/wp\/v2\/posts\/16206\/revisions\/22040"}],"wp:featuredmedia":[{"embeddable":true,"href":"https:\/\/mdu.edu.az\/en\/wp-json\/wp\/v2\/media\/22023"}],"wp:attachment":[{"href":"https:\/\/mdu.edu.az\/en\/wp-json\/wp\/v2\/media?parent=16206"}],"wp:term":[{"taxonomy":"category","embeddable":true,"href":"https:\/\/mdu.edu.az\/en\/wp-json\/wp\/v2\/categories?post=16206"},{"taxonomy":"post_tag","embeddable":true,"href":"https:\/\/mdu.edu.az\/en\/wp-json\/wp\/v2\/tags?post=16206"}],"curies":[{"name":"wp","href":"https:\/\/api.w.org\/{rel}","templated":true}]}}