{"id":16212,"date":"2021-12-12T12:07:43","date_gmt":"2021-12-12T09:07:43","guid":{"rendered":"https:\/\/mdu.edu.az\/rektor-ahin-bayramov-bu-zh-n-ulu-nd-rin-ruhu-add-r-onun-ideyalar-arzular-reall-a-evrilib-az-rtadz-12-12-2021\/"},"modified":"2021-12-12T12:07:43","modified_gmt":"2021-12-12T09:07:43","slug":"rektor-ahin-bayramov-bu-zh-n-ulu-nd-rin-ruhu-add-r-onun-ideyalar-arzular-reall-a-evrilib-az-rtadz-12-12-2021","status":"publish","type":"post","link":"https:\/\/mdu.edu.az\/en\/rektor-ahin-bayramov-bu-zh-n-ulu-nd-rin-ruhu-add-r-onun-ideyalar-arzular-reall-a-evrilib-az-rtadz-12-12-2021\/","title":{"rendered":"Rektor \u015eahin Bayramov: Bu g\u00fcn Ulu \u00d6nd\u0259rin ruhu \u015fadd\u0131r, onun ideyalar\u0131, arzular\u0131 reall\u0131\u011fa \u00e7evrilib (&#8220;AZ\u018fRTAC&#8221; 12.12.2021)"},"content":{"rendered":"<p style=\"margin-bottom: 0.0001pt; text-align: center;\"><b><span style=\"font-size: 14pt; line-height: 107%; font-family: Arial, sans-serif; color: #002060;\">\u015eahin Bayramov: Bu g&uuml;n Ulu &Ouml;nd\u0259rin ruhu \u015fadd\u0131r, onun ideyalar\u0131, arzular\u0131 reall\u0131\u011fa &ccedil;evrilib<\/span><\/b><\/p>\n<p>&nbsp;<\/p>\n<p style=\"text-align: center;\"><img decoding=\"async\" src=\"images\/photo\/0001.JPG\" alt=\"\" \/><\/p>\n<p style=\"margin-bottom: 0.0001pt; text-align: justify; text-indent: 1cm;\"><span style=\"font-size: 12pt; line-height: 107%; font-family: Arial, sans-serif;\"><\/span><\/p>\n<p style=\"margin-bottom: 0.0001pt; text-align: justify; text-indent: 1cm;\"><span style=\"font-size: 12pt; line-height: 107%; font-family: Arial, sans-serif; color: #000000;\">Bak\u0131, 12 dekabr,&nbsp;<span style=\"color: #0000ff;\"><a href=\"https:\/\/azertag.az\/xeber\/Sahin_Bayramov_Bu_gun_Ulu_Onderin_ruhu_saddir_onun_ideyalari_arzulari_realliga_chevrilib-1949286\" target=\"_blank\" style=\"background-position: 0px 0px; color: #0000ff;\" rel=\"noopener\">AZ\u018fRTAC<\/a><\/span><\/span><\/p>\n<p>&nbsp;<\/p>\n<p style=\"margin-bottom: 0.0001pt; text-align: justify; text-indent: 1cm;\"><span style=\"font-size: 12pt; line-height: 107%; font-family: Arial, sans-serif; color: #000000;\"><\/span><\/p>\n<p style=\"margin-bottom: 0.0001pt; text-align: justify; text-indent: 1cm; orphans: 2; widows: 2; word-spacing: 0px;\"><span style=\"font-size: 12pt; line-height: 107%; font-family: Arial, sans-serif; color: #000000;\">Bu g&uuml;n Az\u0259rbaycan xalq\u0131n\u0131n b&ouml;y&uuml;k o\u011flu, &uuml;mummilli lider Heyd\u0259r \u018fliyevin \u0259ziz xatir\u0259sini v\u0259fat\u0131n\u0131n 18-ci ild&ouml;n&uuml;m&uuml;nd\u0259 b&ouml;y&uuml;k q&uuml;rur v\u0259 ehtiramla yad edirik. Dan\u0131lmaz h\u0259qiq\u0259tdir ki, m&uuml;asir, m&uuml;st\u0259qil, q&uuml;dr\u0259tli Az\u0259rbaycan Heyd\u0259r \u018fliyevin ad\u0131 il\u0259 ba\u011fl\u0131d\u0131r. Ulu &Ouml;nd\u0259rin ad\u0131 Az\u0259rbaycan xalq\u0131n\u0131n r\u0259mzin\u0259 &ccedil;evrilib. Bu g&uuml;n Heyd\u0259r \u018fliyev dedikd\u0259 Az\u0259rbaycan, Az\u0259rbaycan dedikd\u0259 Heyd\u0259r \u018fliyev yada d&uuml;\u015f&uuml;r.<\/span><\/p>\n<p style=\"margin-bottom: 0.0001pt; text-align: justify; text-indent: 1cm; orphans: 2; widows: 2; word-spacing: 0px;\"><span style=\"font-size: 12pt; line-height: 107%; font-family: Arial, sans-serif; color: #000000;\">Bu s&ouml;zl\u0259ri&nbsp;<a href=\"https:\/\/azertag.az\/\" target=\"_blank\" style=\"background-position: 0px 0px; color: #000000;\" rel=\"noopener\">AZ\u018fRTAC<\/a>-a a&ccedil;\u0131qlamas\u0131nda Ming\u0259&ccedil;evir D&ouml;vl\u0259t Universitetinin rektoru \u015eahin Bayramov deyib.<\/span><\/p>\n<p style=\"margin-bottom: 0.0001pt; text-align: justify; text-indent: 1cm; orphans: 2; widows: 2; word-spacing: 0px;\"><span style=\"font-size: 12pt; line-height: 107%; font-family: Arial, sans-serif; color: #000000;\">Rektor bildirib ki, m&uuml;st\u0259qilliyin ilk ill\u0259rind\u0259, \u0259n a\u011f\u0131r v\u0259 ke\u015fm\u0259ke\u015fli d&ouml;vr&uuml;nd\u0259 xalq\u0131n &ccedil;a\u011f\u0131r\u0131\u015f\u0131na cavab verm\u0259si, ail\u0259sin\u0259 v\u0259 &ouml;z&uuml;n\u0259 qar\u015f\u0131 h\u0259yati t\u0259hl&uuml;k\u0259y\u0259 baxmayaraq hakimiyy\u0259t\u0259 qay\u0131tmas\u0131, xilaskarl\u0131q missiyas\u0131n\u0131 u\u011furla h\u0259yata ke&ccedil;irm\u0259si Ulu &Ouml;nd\u0259rin milli m\u0259nafel\u0259ri h\u0259r \u015feyd\u0259n &uuml;st&uuml;n tutmas\u0131ndan ir\u0259li g\u0259lirdi. B&ouml;y&uuml;k f\u0259dakarl\u0131\u011f\u0131 v\u0259 \u0259zmkarl\u0131\u011f\u0131, uzaqg&ouml;r\u0259n v\u0259 m&uuml;drik siyas\u0259ti, g&uuml;cl&uuml; siyasi irad\u0259si, y&uuml;ks\u0259k intellekti v\u0259 unikal liderlik keyfiyy\u0259tl\u0259ri il\u0259 Heyd\u0259r \u018fliyev &ouml;lk\u0259mizi m\u0259hv olmaq t\u0259hl&uuml;k\u0259sind\u0259n xilas etdi, d&ouml;vl\u0259t m&uuml;st\u0259qilliyimizi qorudu v\u0259 m&ouml;hk\u0259ml\u0259ndirdi, m&uuml;asir v\u0259 h\u0259rt\u0259r\u0259fli inki\u015faf ed\u0259n Az\u0259rbaycan\u0131 xalq\u0131m\u0131za miras qoydu.<\/span><\/p>\n<p style=\"margin-bottom: 0.0001pt; text-align: justify; text-indent: 1cm; orphans: 2; widows: 2; word-spacing: 0px;\"><span style=\"font-size: 12pt; line-height: 107%; font-family: Arial, sans-serif; color: #000000;\">&ldquo;Bu g&uuml;n Ulu &Ouml;nd\u0259rin ruhu \u015fadd\u0131r, onun ideyalar\u0131, arzular\u0131 reall\u0131\u011fa &ccedil;evrilib v\u0259 Az\u0259rbaycan adl\u0131 \u0259n b&ouml;y&uuml;k miras\u0131 etibarl\u0131 \u0259ll\u0259rd\u0259dir&rdquo;, &ndash; dey\u0259n \u015eahin Bayramov qeyd edib ki, \u0259b\u0259diya\u015far liderin memar\u0131 oldu\u011fu m&uuml;asir Az\u0259rbaycan, onun layiqli siyasi davam&ccedil;\u0131s\u0131 Prezident \u0130lham \u018fliyevin r\u0259hb\u0259rliyi il\u0259 yeni keyfiyy\u0259t m&uuml;st\u0259visind\u0259 s&uuml;r\u0259tl\u0259 inki\u015faf edir, n\u0259h\u0259ng u\u011furlara imza at\u0131r, d&uuml;nyan\u0131n siyasi x\u0259rit\u0259sind\u0259 m&ouml;vqeyini daha da g&uuml;cl\u0259ndirir, tariximizin qalibiyy\u0259tl\u0259rl\u0259 dolu \u015fanl\u0131 s\u0259hif\u0259l\u0259ri yaz\u0131l\u0131r.<\/span><\/p>\n<p style=\"margin-bottom: 0.0001pt; text-align: justify; text-indent: 1cm; orphans: 2; widows: 2; word-spacing: 0px;\"><span style=\"font-size: 12pt; line-height: 107%; font-family: Arial, sans-serif; color: #000000;\">\u015eahin Bayramov deyib: &ldquo;44 g&uuml;nl&uuml;k V\u0259t\u0259n m&uuml;harib\u0259sind\u0259 M&uuml;z\u0259ff\u0259r Ali Ba\u015f Komandan\u0131m\u0131z\u0131n q\u0259tiyy\u0259ti v\u0259 yenilm\u0259z Az\u0259rbaycan \u0259sg\u0259rinin q\u0259hr\u0259manl\u0131\u011f\u0131 say\u0259sind\u0259 &Uuml;mummilli Liderin \u0259n b&ouml;y&uuml;k arzusu olan Az\u0259rbaycan\u0131n \u0259razi b&uuml;t&ouml;vl&uuml;y&uuml; t\u0259min olundu, tarixi \u0259dal\u0259t b\u0259rpa edildi, milli q&uuml;rurumuz qorundu. Uzun ill\u0259r erm\u0259ni vandalizmin\u0259 m\u0259ruz qalm\u0131\u015f do\u011fma yurdlar\u0131m\u0131z indi s&uuml;r\u0259tl\u0259 dir&ccedil;\u0259ldilir, regionda s&uuml;lh\u0259, t\u0259hl&uuml;k\u0259sizliy\u0259 v\u0259 rifaha h\u0259d\u0259fl\u0259n\u0259n irimiqyasl\u0131 layih\u0259l\u0259r h\u0259yata ke&ccedil;irilir&rdquo;.<\/span><\/p>\n<p style=\"margin-bottom: 0.0001pt; text-align: justify; text-indent: 1cm; orphans: 2; widows: 2; word-spacing: 0px;\"><span style=\"font-size: 12pt; line-height: 107%; font-family: Arial, sans-serif; color: #000000;\">Ming\u0259&ccedil;evir D&ouml;vl\u0259t Universitetinin rektoru bildirib ki, ill\u0259r ke&ccedil;dikc\u0259 \u0259z\u0259m\u0259ti v\u0259 n\u0259h\u0259ngliyi daha ayd\u0131n g&ouml;r&uuml;n\u0259n dahi \u015f\u0259xsiyy\u0259tin xilaskarl\u0131q missiyas\u0131, bir &ouml;m&uuml;r\u0259 s\u0131\u011fmayan &ccedil;ox\u015fax\u0259li titanik f\u0259aliyy\u0259ti, &ouml;lk\u0259mizin m&uuml;st\u0259qil, h\u0259rt\u0259r\u0259fli, dayan\u0131ql\u0131 v\u0259 dinamik inki\u015faf\u0131nda misilsiz v\u0259 m&uuml;st\u0259sna xidm\u0259tl\u0259ri q\u0259dirbil\u0259n xalq\u0131m\u0131z t\u0259r\u0259find\u0259n d\u0259rin minn\u0259tdarl\u0131q hissl\u0259ri il\u0259 daim xat\u0131rlan\u0131r, \u0259b\u0259diya\u015far liderin z\u0259ngin d&ouml;vl\u0259t&ccedil;ilik t\u0259cr&uuml;b\u0259sinin &ouml;yr\u0259nilm\u0259sin\u0259 h\u0259r zaman ehtiyac duyulur.<\/span><\/p>\n<p style=\"margin-bottom: 0.0001pt; text-align: justify; text-indent: 1cm; orphans: 2; widows: 2; word-spacing: 0px;\"><span style=\"font-size: 12pt; line-height: 107%; font-family: Arial, sans-serif; color: #000000;\">&ldquo;&Ouml;mr&uuml;n&uuml; Az\u0259rbaycan\u0131n firavan g\u0259l\u0259c\u0259yin\u0259 h\u0259sr ed\u0259n Ulu &Ouml;nd\u0259rimizin &ouml;rn\u0259k h\u0259yat v\u0259 f\u0259aliyy\u0259ti, z\u0259ngin irsinin davaml\u0131 t\u0259dqiqi v\u0259 g\u0259nc n\u0259sil aras\u0131nda t\u0259bli\u011fi &ouml;lk\u0259mizin ali t\u0259hsil m&uuml;\u0259ssis\u0259l\u0259rind\u0259 V\u0259t\u0259nin\u0259, d&ouml;vl\u0259tin\u0259 v\u0259 xalq\u0131na ba\u011fl\u0131 m&uuml;t\u0259x\u0259ssis kadrlar\u0131n haz\u0131rlanmas\u0131 i\u015fin\u0259 &ccedil;ox b&ouml;y&uuml;k t&ouml;hf\u0259l\u0259r verir. Dahi \u015f\u0259xsiyy\u0259tin \u0259ziz xatir\u0259si daim xalq\u0131m\u0131z\u0131n q\u0259lbind\u0259 ya\u015fayacaqd\u0131r&rdquo;, &#8211; dey\u0259 rektor \u0259lav\u0259 edib.<\/span><\/p>\n<p style=\"margin-bottom: 0.0001pt; text-align: justify; text-indent: 1cm;\"><span style=\"font-size: 12pt; line-height: 107%; font-family: Arial, sans-serif; color: #000000;\"><\/span><\/p>","protected":false},"excerpt":{"rendered":"<p>\u015eahin Bayramov: Bu g&uuml;n Ulu &Ouml;nd\u0259rin ruhu \u015fadd\u0131r, onun ideyalar\u0131, arzular\u0131 reall\u0131\u011fa &ccedil;evrilib &nbsp; Bak\u0131, 12 dekabr,&nbsp;AZ\u018fRTAC &nbsp; Bu g&uuml;n Az\u0259rbaycan xalq\u0131n\u0131n b&ouml;y&uuml;k o\u011flu, &uuml;mummilli lider Heyd\u0259r \u018fliyevin \u0259ziz xatir\u0259sini v\u0259fat\u0131n\u0131n 18-ci ild&ouml;n&uuml;m&uuml;nd\u0259 b&ouml;y&uuml;k q&uuml;rur v\u0259 ehtiramla yad edirik. Dan\u0131lmaz h\u0259qiq\u0259tdir ki, m&uuml;asir, m&uuml;st\u0259qil, q&uuml;dr\u0259tli Az\u0259rbaycan Heyd\u0259r \u018fliyevin ad\u0131 il\u0259 ba\u011fl\u0131d\u0131r. Ulu &Ouml;nd\u0259rin ad\u0131 Az\u0259rbaycan [&hellip;]<\/p>\n","protected":false},"author":1,"featured_media":0,"comment_status":"open","ping_status":"open","sticky":false,"template":"","format":"standard","meta":{"_eb_attr":"","ocean_post_layout":"","ocean_both_sidebars_style":"","ocean_both_sidebars_content_width":0,"ocean_both_sidebars_sidebars_width":0,"ocean_sidebar":"","ocean_second_sidebar":"","ocean_disable_margins":"enable","ocean_add_body_class":"","ocean_shortcode_before_top_bar":"","ocean_shortcode_after_top_bar":"","ocean_shortcode_before_header":"","ocean_shortcode_after_header":"","ocean_has_shortcode":"","ocean_shortcode_after_title":"","ocean_shortcode_before_footer_widgets":"","ocean_shortcode_after_footer_widgets":"","ocean_shortcode_before_footer_bottom":"","ocean_shortcode_after_footer_bottom":"","ocean_display_top_bar":"default","ocean_display_header":"default","ocean_header_style":"","ocean_center_header_left_menu":"","ocean_custom_header_template":"","ocean_custom_logo":0,"ocean_custom_retina_logo":0,"ocean_custom_logo_max_width":0,"ocean_custom_logo_tablet_max_width":0,"ocean_custom_logo_mobile_max_width":0,"ocean_custom_logo_max_height":0,"ocean_custom_logo_tablet_max_height":0,"ocean_custom_logo_mobile_max_height":0,"ocean_header_custom_menu":"","ocean_menu_typo_font_family":"","ocean_menu_typo_font_subset":"","ocean_menu_typo_font_size":0,"ocean_menu_typo_font_size_tablet":0,"ocean_menu_typo_font_size_mobile":0,"ocean_menu_typo_font_size_unit":"px","ocean_menu_typo_font_weight":"","ocean_menu_typo_font_weight_tablet":"","ocean_menu_typo_font_weight_mobile":"","ocean_menu_typo_transform":"","ocean_menu_typo_transform_tablet":"","ocean_menu_typo_transform_mobile":"","ocean_menu_typo_line_height":0,"ocean_menu_typo_line_height_tablet":0,"ocean_menu_typo_line_height_mobile":0,"ocean_menu_typo_line_height_unit":"","ocean_menu_typo_spacing":0,"ocean_menu_typo_spacing_tablet":0,"ocean_menu_typo_spacing_mobile":0,"ocean_menu_typo_spacing_unit":"","ocean_menu_link_color":"","ocean_menu_link_color_hover":"","ocean_menu_link_color_active":"","ocean_menu_link_background":"","ocean_menu_link_hover_background":"","ocean_menu_link_active_background":"","ocean_menu_social_links_bg":"","ocean_menu_social_hover_links_bg":"","ocean_menu_social_links_color":"","ocean_menu_social_hover_links_color":"","ocean_disable_title":"default","ocean_disable_heading":"default","ocean_post_title":"","ocean_post_subheading":"","ocean_post_title_style":"","ocean_post_title_background_color":"","ocean_post_title_background":0,"ocean_post_title_bg_image_position":"","ocean_post_title_bg_image_attachment":"","ocean_post_title_bg_image_repeat":"","ocean_post_title_bg_image_size":"","ocean_post_title_height":0,"ocean_post_title_bg_overlay":0.5,"ocean_post_title_bg_overlay_color":"","ocean_disable_breadcrumbs":"default","ocean_breadcrumbs_color":"","ocean_breadcrumbs_separator_color":"","ocean_breadcrumbs_links_color":"","ocean_breadcrumbs_links_hover_color":"","ocean_display_footer_widgets":"default","ocean_display_footer_bottom":"default","ocean_custom_footer_template":"","ocean_post_oembed":"","ocean_post_self_hosted_media":"","ocean_post_video_embed":"","ocean_link_format":"","ocean_link_format_target":"self","ocean_quote_format":"","ocean_quote_format_link":"post","ocean_gallery_link_images":"on","ocean_gallery_id":[],"footnotes":""},"categories":[63],"tags":[],"class_list":["post-16212","post","type-post","status-publish","format-standard","hentry","category-khaebaerlaer-az","entry"],"_links":{"self":[{"href":"https:\/\/mdu.edu.az\/en\/wp-json\/wp\/v2\/posts\/16212","targetHints":{"allow":["GET"]}}],"collection":[{"href":"https:\/\/mdu.edu.az\/en\/wp-json\/wp\/v2\/posts"}],"about":[{"href":"https:\/\/mdu.edu.az\/en\/wp-json\/wp\/v2\/types\/post"}],"author":[{"embeddable":true,"href":"https:\/\/mdu.edu.az\/en\/wp-json\/wp\/v2\/users\/1"}],"replies":[{"embeddable":true,"href":"https:\/\/mdu.edu.az\/en\/wp-json\/wp\/v2\/comments?post=16212"}],"version-history":[{"count":0,"href":"https:\/\/mdu.edu.az\/en\/wp-json\/wp\/v2\/posts\/16212\/revisions"}],"wp:attachment":[{"href":"https:\/\/mdu.edu.az\/en\/wp-json\/wp\/v2\/media?parent=16212"}],"wp:term":[{"taxonomy":"category","embeddable":true,"href":"https:\/\/mdu.edu.az\/en\/wp-json\/wp\/v2\/categories?post=16212"},{"taxonomy":"post_tag","embeddable":true,"href":"https:\/\/mdu.edu.az\/en\/wp-json\/wp\/v2\/tags?post=16212"}],"curies":[{"name":"wp","href":"https:\/\/api.w.org\/{rel}","templated":true}]}}