{"id":16263,"date":"2022-01-21T19:06:08","date_gmt":"2022-01-21T16:06:08","guid":{"rendered":"https:\/\/mdu.edu.az\/bir-grup-valideyn-n-vb-ti-d-f-minzh-evir-d-vl-t-universitetind-imtahan-prosesini-m-ahid-edib\/"},"modified":"2022-01-21T19:06:08","modified_gmt":"2022-01-21T16:06:08","slug":"bir-grup-valideyn-n-vb-ti-d-f-minzh-evir-d-vl-t-universitetind-imtahan-prosesini-m-ahid-edib","status":"publish","type":"post","link":"https:\/\/mdu.edu.az\/en\/bir-grup-valideyn-n-vb-ti-d-f-minzh-evir-d-vl-t-universitetind-imtahan-prosesini-m-ahid-edib\/","title":{"rendered":"Bir qrup valideyn n\u00f6vb\u0259ti d\u0259f\u0259 Ming\u0259\u00e7evir D\u00f6vl\u0259t Universitetind\u0259 imtahan prosesini m\u00fc\u015fahid\u0259 edib"},"content":{"rendered":"<p style=\"margin-bottom: 0.0001pt; text-align: center; text-indent: 35.3pt; line-height: 150%;\"><b><span style=\"font-size: 14pt; line-height: 150%; font-family: Arial, sans-serif; color: #002060; background: white;\">Bir qrup valideyn n&ouml;vb\u0259ti d\u0259f\u0259 Ming\u0259&ccedil;evir D&ouml;vl\u0259t Universitetind\u0259 imtahan prosesini m&uuml;\u015fahid\u0259 edib<\/span><\/b><\/p>\n<p>&nbsp;<\/p>\n<p style=\"margin-bottom: 0.0001pt; text-align: justify; text-indent: 35.3pt; line-height: 150%;\"><span style=\"color: #000000;\"><span style=\"font-size: 12pt; line-height: 150%; font-family: Arial, sans-serif;\">2022-ci ilin 21 yanvar tarixind\u0259 bir qrup valideyn n&ouml;vb\u0259ti d\u0259f\u0259 <\/span><span style=\"font-size: 12pt; line-height: 150%; font-family: Arial, sans-serif;\">Ming\u0259&ccedil;evir D&ouml;vl\u0259t Universitetind\u0259 <\/span><span style=\"font-size: 12pt; line-height: 150%; font-family: Arial, sans-serif;\">(MDU) cari t\u0259dris ilinin pay\u0131z imtahan sessiyas\u0131 &ccedil;\u0259r&ccedil;iv\u0259sind\u0259 \u0259yani formada t\u0259\u015fkil edil\u0259n imtahan prosesini izl\u0259yibl\u0259r.<\/span><\/span><\/p>\n<p style=\"margin-bottom: 0.0001pt; text-align: justify; text-indent: 35.3pt; line-height: 150%;\"><span style=\"font-size: 12pt; line-height: 150%; font-family: Arial, sans-serif; color: #000000;\">Valideynl\u0259r imtahanlar\u0131n ke&ccedil;irilm\u0259si mexanizmi v\u0259 t\u0259l\u0259b\u0259l\u0259rin biliyinin qiym\u0259tl\u0259ndirilm\u0259si qaydalar\u0131 il\u0259 yax\u0131ndan tan\u0131\u015f olublar. \u0130mtahan sessiyas\u0131 m&uuml;dd\u0259tind\u0259 <span style=\"color: black;\">&ldquo;\u0130mtahan Q\u0259rargah\u0131&rdquo;n\u0131n, &ldquo;\u0130mtahanlara d\u0259st\u0259k qrupu&rdquo;nun, &ldquo;Apellyasiya Komissiyas\u0131&rdquo;n\u0131n v\u0259 &ldquo;Qaynar x\u0259tt&rdquo;in f\u0259aliyy\u0259ti bar\u0259d\u0259 valideynl\u0259r\u0259 \u0259yani \u015f\u0259kild\u0259 m\u0259lumat verilib, onlar\u0131 maraqland\u0131ran suallar cavabland\u0131r\u0131l\u0131b.<\/span><\/span><\/p>\n<p style=\"margin-bottom: 0.0001pt; text-align: justify; text-indent: 35.3pt; line-height: 150%;\"><span style=\"font-size: 12pt; line-height: 150%; font-family: Arial, sans-serif; color: #000000;\">T\u0259l\u0259b\u0259l\u0259rin imtahanlara laz\u0131mi \u015f\u0259kild\u0259 haz\u0131rla\u015fmas\u0131 m\u0259qs\u0259dil\u0259 yarad\u0131lan imkanlardan m\u0259mnunluqlar\u0131n\u0131 ifad\u0259 ed\u0259n valideynl\u0259r imtahan prosesinin m&uuml;t\u0259\u015f\u0259kkil, obyektiv v\u0259 \u015f\u0259ffaf ke&ccedil;irilm\u0259sin\u0259 g&ouml;r\u0259 universitetin r\u0259hb\u0259rliyin\u0259 t\u0259\u015f\u0259kk&uuml;rl\u0259rini bildiribl\u0259r.<\/span><\/p>\n<p style=\"margin-bottom: 0.0001pt; text-align: justify; text-indent: 35.3pt; line-height: 150%;\"><span style=\"font-size: 12pt; line-height: 150%; font-family: Arial, sans-serif; color: #000000;\">Bundan \u0259vv\u0259l, valideynl\u0259r cari ilin 7 yanvar v\u0259 14 yanvar tarixl\u0259rind\u0259 d\u0259 universitetin imtahan sessiyas\u0131n\u0131 izl\u0259yibl\u0259r.<\/span><\/p>\n<p style=\"margin-bottom: 0.0001pt; text-align: justify; text-indent: 35.3pt; line-height: 150%;\"><span style=\"color: #000000;\"><span style=\"font-size: 12pt; line-height: 150%; font-family: Arial, sans-serif;\">Qeyd ed\u0259k ki, MDU-da yanvar\u0131n 5-d\u0259n ba\u015flanan pay\u0131z imtahan sessiyas\u0131 fevral\u0131n 2-d\u0259k davam ed\u0259c\u0259kdir. Cari imtahan sessiyas\u0131nda ba\u015f tutacaq 900-d\u0259n &ccedil;ox imtahanda 3000-d\u0259n art\u0131q t\u0259l\u0259b\u0259 v\u0259 magistrant\u0131n i\u015ftirak\u0131 g&ouml;zl\u0259nilir. Sessiya il\u0259 ba\u011fl\u0131 b&uuml;t&uuml;n texniki v\u0259 t\u0259\u015fkilati i\u015fl\u0259r vaxt\u0131nda g&ouml;r&uuml;l&uuml;b, t\u0259l\u0259b\u0259l\u0259rin cari qiym\u0259tl\u0259ndirilm\u0259si ba\u015fa &ccedil;atd\u0131r\u0131l\u0131b,&nbsp;h\u0259r bir f\u0259nn &uuml;zr\u0259 imtahan suallar\u0131 v\u0259 h\u0259min suallar\u0131n q\u0131sald\u0131lm\u0131\u015f cavablar\u0131 t\u0259l\u0259b\u0259l\u0259r\u0259 &ccedil;atd\u0131r\u0131l\u0131b. \u0130mtahan sessiyas\u0131n\u0131n obyektiv, \u015f\u0259ffaf v\u0259 m&uuml;t\u0259\u015f\u0259kkil ke&ccedil;irilm\u0259sini t\u0259min etm\u0259k v\u0259 dig\u0259r m&uuml;v<\/span><span style=\"font-size: 12pt; line-height: 150%; font-family: Arial, sans-serif;\">\u0430<\/span><span style=\"font-size: 12pt; line-height: 150%; font-family: Arial, sans-serif;\">fiq t\u0259dbirl\u0259ri h\u0259y<\/span><span style=\"font-size: 12pt; line-height: 150%; font-family: Arial, sans-serif;\">\u0430<\/span><span style=\"font-size: 12pt; line-height: 150%; font-family: Arial, sans-serif;\">t<\/span><span style=\"font-size: 12pt; line-height: 150%; font-family: Arial, sans-serif;\">\u0430<\/span><span style=\"font-size: 12pt; line-height: 150%; font-family: Arial, sans-serif;\"> k<\/span><span style=\"font-size: 12pt; line-height: 150%; font-family: Arial, sans-serif;\">\u0435<\/span><span style=\"font-size: 12pt; line-height: 150%; font-family: Arial, sans-serif;\">&ccedil;irm\u0259k m\u0259qs\u0259dil\u0259&nbsp;&ldquo;\u0130mtahan Q\u0259rargah\u0131&rdquo;, &ldquo;\u0130mtahanlara d\u0259st\u0259k qrupu&rdquo; v\u0259 &ldquo;Apellyasiya Komissiyas\u0131&rdquo; yarad\u0131l\u0131b, &ldquo;Qaynar x\u0259tt&rdquo; f\u0259aliyy\u0259t g&ouml;st\u0259rir. Bununla yana\u015f\u0131, sessiya \u0259rzind\u0259 h\u0259r h\u0259ft\u0259nin c&uuml;m\u0259 ax\u015fam\u0131 rektorun i\u015ftirak\u0131 il\u0259 &ldquo;A&ccedil;\u0131q Qap\u0131&rdquo; g&uuml;nl\u0259ri ke&ccedil;irilir.<\/span><\/span><\/p>\n<p>{phocagallery view=category|categoryid=845|limitstart=0|limitcount=0}<\/p>","protected":false},"excerpt":{"rendered":"<p>Bir qrup valideyn n&ouml;vb\u0259ti d\u0259f\u0259 Ming\u0259&ccedil;evir D&ouml;vl\u0259t Universitetind\u0259 imtahan prosesini m&uuml;\u015fahid\u0259 edib &nbsp; 2022-ci ilin 21 yanvar tarixind\u0259 bir qrup valideyn n&ouml;vb\u0259ti d\u0259f\u0259 Ming\u0259&ccedil;evir D&ouml;vl\u0259t Universitetind\u0259 (MDU) cari t\u0259dris ilinin pay\u0131z imtahan sessiyas\u0131 &ccedil;\u0259r&ccedil;iv\u0259sind\u0259 \u0259yani formada t\u0259\u015fkil edil\u0259n imtahan prosesini izl\u0259yibl\u0259r. Valideynl\u0259r imtahanlar\u0131n ke&ccedil;irilm\u0259si mexanizmi v\u0259 t\u0259l\u0259b\u0259l\u0259rin biliyinin qiym\u0259tl\u0259ndirilm\u0259si qaydalar\u0131 il\u0259 yax\u0131ndan tan\u0131\u015f olublar. \u0130mtahan [&hellip;]<\/p>\n","protected":false},"author":1,"featured_media":0,"comment_status":"open","ping_status":"open","sticky":false,"template":"","format":"standard","meta":{"_eb_attr":"","ocean_post_layout":"","ocean_both_sidebars_style":"","ocean_both_sidebars_content_width":0,"ocean_both_sidebars_sidebars_width":0,"ocean_sidebar":"","ocean_second_sidebar":"","ocean_disable_margins":"enable","ocean_add_body_class":"","ocean_shortcode_before_top_bar":"","ocean_shortcode_after_top_bar":"","ocean_shortcode_before_header":"","ocean_shortcode_after_header":"","ocean_has_shortcode":"","ocean_shortcode_after_title":"","ocean_shortcode_before_footer_widgets":"","ocean_shortcode_after_footer_widgets":"","ocean_shortcode_before_footer_bottom":"","ocean_shortcode_after_footer_bottom":"","ocean_display_top_bar":"default","ocean_display_header":"default","ocean_header_style":"","ocean_center_header_left_menu":"","ocean_custom_header_template":"","ocean_custom_logo":0,"ocean_custom_retina_logo":0,"ocean_custom_logo_max_width":0,"ocean_custom_logo_tablet_max_width":0,"ocean_custom_logo_mobile_max_width":0,"ocean_custom_logo_max_height":0,"ocean_custom_logo_tablet_max_height":0,"ocean_custom_logo_mobile_max_height":0,"ocean_header_custom_menu":"","ocean_menu_typo_font_family":"","ocean_menu_typo_font_subset":"","ocean_menu_typo_font_size":0,"ocean_menu_typo_font_size_tablet":0,"ocean_menu_typo_font_size_mobile":0,"ocean_menu_typo_font_size_unit":"px","ocean_menu_typo_font_weight":"","ocean_menu_typo_font_weight_tablet":"","ocean_menu_typo_font_weight_mobile":"","ocean_menu_typo_transform":"","ocean_menu_typo_transform_tablet":"","ocean_menu_typo_transform_mobile":"","ocean_menu_typo_line_height":0,"ocean_menu_typo_line_height_tablet":0,"ocean_menu_typo_line_height_mobile":0,"ocean_menu_typo_line_height_unit":"","ocean_menu_typo_spacing":0,"ocean_menu_typo_spacing_tablet":0,"ocean_menu_typo_spacing_mobile":0,"ocean_menu_typo_spacing_unit":"","ocean_menu_link_color":"","ocean_menu_link_color_hover":"","ocean_menu_link_color_active":"","ocean_menu_link_background":"","ocean_menu_link_hover_background":"","ocean_menu_link_active_background":"","ocean_menu_social_links_bg":"","ocean_menu_social_hover_links_bg":"","ocean_menu_social_links_color":"","ocean_menu_social_hover_links_color":"","ocean_disable_title":"default","ocean_disable_heading":"default","ocean_post_title":"","ocean_post_subheading":"","ocean_post_title_style":"","ocean_post_title_background_color":"","ocean_post_title_background":0,"ocean_post_title_bg_image_position":"","ocean_post_title_bg_image_attachment":"","ocean_post_title_bg_image_repeat":"","ocean_post_title_bg_image_size":"","ocean_post_title_height":0,"ocean_post_title_bg_overlay":0.5,"ocean_post_title_bg_overlay_color":"","ocean_disable_breadcrumbs":"default","ocean_breadcrumbs_color":"","ocean_breadcrumbs_separator_color":"","ocean_breadcrumbs_links_color":"","ocean_breadcrumbs_links_hover_color":"","ocean_display_footer_widgets":"default","ocean_display_footer_bottom":"default","ocean_custom_footer_template":"","ocean_post_oembed":"","ocean_post_self_hosted_media":"","ocean_post_video_embed":"","ocean_link_format":"","ocean_link_format_target":"self","ocean_quote_format":"","ocean_quote_format_link":"post","ocean_gallery_link_images":"on","ocean_gallery_id":[],"footnotes":""},"categories":[63],"tags":[],"class_list":["post-16263","post","type-post","status-publish","format-standard","hentry","category-khaebaerlaer-az","entry"],"_links":{"self":[{"href":"https:\/\/mdu.edu.az\/en\/wp-json\/wp\/v2\/posts\/16263","targetHints":{"allow":["GET"]}}],"collection":[{"href":"https:\/\/mdu.edu.az\/en\/wp-json\/wp\/v2\/posts"}],"about":[{"href":"https:\/\/mdu.edu.az\/en\/wp-json\/wp\/v2\/types\/post"}],"author":[{"embeddable":true,"href":"https:\/\/mdu.edu.az\/en\/wp-json\/wp\/v2\/users\/1"}],"replies":[{"embeddable":true,"href":"https:\/\/mdu.edu.az\/en\/wp-json\/wp\/v2\/comments?post=16263"}],"version-history":[{"count":0,"href":"https:\/\/mdu.edu.az\/en\/wp-json\/wp\/v2\/posts\/16263\/revisions"}],"wp:attachment":[{"href":"https:\/\/mdu.edu.az\/en\/wp-json\/wp\/v2\/media?parent=16263"}],"wp:term":[{"taxonomy":"category","embeddable":true,"href":"https:\/\/mdu.edu.az\/en\/wp-json\/wp\/v2\/categories?post=16263"},{"taxonomy":"post_tag","embeddable":true,"href":"https:\/\/mdu.edu.az\/en\/wp-json\/wp\/v2\/tags?post=16263"}],"curies":[{"name":"wp","href":"https:\/\/api.w.org\/{rel}","templated":true}]}}