{"id":16278,"date":"2022-02-02T07:57:15","date_gmt":"2022-02-02T04:57:15","guid":{"rendered":"https:\/\/mdu.edu.az\/ahin-bayramov-az-rbaydzan-zh-ndzl-ri-lk-mizin-t-r-zhzhisi-u-runda-prezidentin-traf-nda-s-kh-birl-ibl-r-az-rtadz-02-02-2022\/"},"modified":"2022-02-02T07:57:15","modified_gmt":"2022-02-02T04:57:15","slug":"ahin-bayramov-az-rbaydzan-zh-ndzl-ri-lk-mizin-t-r-zhzhisi-u-runda-prezidentin-traf-nda-s-kh-birl-ibl-r-az-rtadz-02-02-2022","status":"publish","type":"post","link":"https:\/\/mdu.edu.az\/en\/ahin-bayramov-az-rbaydzan-zh-ndzl-ri-lk-mizin-t-r-zhzhisi-u-runda-prezidentin-traf-nda-s-kh-birl-ibl-r-az-rtadz-02-02-2022\/","title":{"rendered":"\u015eahin Bayramov: Az\u0259rbaycan g\u0259ncl\u0259ri \u00f6lk\u0259mizin t\u0259r\u0259qqisi u\u011frunda Prezidentin \u0259traf\u0131nda s\u0131x birl\u0259\u015fibl\u0259r (AZ\u018fRTAC, 02.02.2022)"},"content":{"rendered":"<p style=\"text-align: center;\"><b><span style=\"font-size: 14pt; font-family: Arial, sans-serif; color: #002060;\">\u015eahin Bayramov: Az\u0259rbaycan g\u0259ncl\u0259ri &ouml;lk\u0259mizin t\u0259r\u0259qqisi u\u011frunda Prezidentin \u0259traf\u0131nda s\u0131x birl\u0259\u015fibl\u0259r<\/span><\/b><\/p>\n<p style=\"text-align: center;\"><b><span style=\"font-size: 14pt; font-family: Arial, sans-serif; color: #002060;\"><\/span><\/b>&nbsp;<\/p>\n<p style=\"text-align: center;\"><img decoding=\"async\" src=\"images\/photo\/REKTOR.jpg\" alt=\"\" \/><\/p>\n<p style=\"text-align: justify; text-indent: 1cm;\"><span style=\"font-size: 12pt; font-family: Arial, sans-serif;\"><\/span><\/p>\n<p style=\"text-align: justify; text-indent: 1cm;\"><span style=\"font-size: 12pt; font-family: Arial, sans-serif; color: #0000ff;\">Bak\u0131, 2 fevral,&nbsp;<a href=\"https:\/\/azertag.az\/xeber\/Sahin_Bayramov_Azerbaycan_gencleri_olkemizin_tereqqisi_ugrunda_Prezidentin_etrafinda_six_birlesibler-1996844\" target=\"_blank\" style=\"background-position: 0px 0px; color: #0000ff;\" rel=\"noopener\"><span style=\"color: #990000; text-decoration: none;\">AZ\u018fRTAC<\/span><\/a><\/span><\/p>\n<p style=\"text-align: justify; text-indent: 1cm;\"><span style=\"font-size: 12pt; font-family: Arial, sans-serif;\"><\/span><\/p>\n<p style=\"text-align: justify; text-indent: 1cm; orphans: 2; widows: 2; word-spacing: 0px;\"><span style=\"font-size: 12pt; font-family: Arial, sans-serif; color: #000000;\">2 fevral &ndash; Az\u0259rbaycan G\u0259ncl\u0259ri G&uuml;n&uuml; &ouml;lk\u0259mizd\u0259 ham\u0131 t\u0259r\u0259find\u0259n b&ouml;y&uuml;k sevinc v\u0259 y&uuml;ks\u0259k f\u0259xar\u0259t hissl\u0259ri il\u0259 qeyd olunur. &Uuml;mummilli lider Heyd\u0259r \u018fliyev Az\u0259rbaycanda hakimiyy\u0259td\u0259 oldu\u011fu b&uuml;t&uuml;n d&ouml;vrl\u0259rd\u0259 g\u0259ncl\u0259r\u0259 x&uuml;susi diqq\u0259t v\u0259 qay\u011f\u0131 g&ouml;st\u0259rmi\u015f, g\u0259ncl\u0259rin h\u0259rt\u0259r\u0259fli inki\u015faf\u0131n\u0131 d&ouml;vl\u0259t siyas\u0259tinin prioritetl\u0259rind\u0259n biri hesab etmi\u015fdir. M\u0259hz Ulu &Ouml;nd\u0259rin say\u0259sind\u0259 &ouml;lk\u0259mizd\u0259 u\u011furlu g\u0259ncl\u0259r siyas\u0259ti formala\u015fm\u0131\u015f, sa\u011flam g\u0259ncliyin yeti\u015fm\u0259si &uuml;&ccedil;&uuml;n z\u0259ruri istitusional baza yarad\u0131lm\u0131\u015f v\u0259 Az\u0259rbaycan g\u0259nci d&uuml;nya g\u0259ncl\u0259ri aras\u0131nda &ouml;z layiqli yerini tutmu\u015fdur.<\/span><\/p>\n<p style=\"text-align: justify; text-indent: 1cm; orphans: 2; widows: 2; word-spacing: 0px;\"><span style=\"font-size: 12pt; font-family: Arial, sans-serif;\"><span style=\"color: #000000;\"><a href=\"https:\/\/azertag.az\/xeber\/Sahin_Bayramov_Azerbaycan_gencleri_olkemizin_tereqqisi_ugrunda_Prezidentin_etrafinda_six_birlesibler-1996844\" target=\"_blank\" style=\"background-position: 0px 0px; color: #000000;\" rel=\"noopener\"><span style=\"color: #990000; text-decoration: none;\">AZ\u018fRTAC<\/span><\/a>&nbsp;x\u0259b\u0259r verir ki, bu fikirl\u0259ri Ming\u0259&ccedil;evir D&ouml;vl\u0259t Universitetinin rektoru \u015eahin Bayramov s&ouml;yl\u0259yib.<\/span><\/span><\/p>\n<p style=\"text-align: justify; text-indent: 1cm; orphans: 2; widows: 2; word-spacing: 0px;\"><span style=\"font-size: 12pt; font-family: Arial, sans-serif; color: #000000;\">Rektor bildirib ki, dahi \u015f\u0259xsiyy\u0259tin layiqli davam&ccedil;\u0131s\u0131, Prezident \u0130lham \u018fliyev yeni d&ouml;vr&uuml;n reall\u0131qlar\u0131na uy\u011fun olaraq m&uuml;asir d&uuml;nyag&ouml;r&uuml;\u015fl&uuml;, innovativ d&uuml;\u015f&uuml;nc\u0259li, milli-m\u0259n\u0259vi d\u0259y\u0259rl\u0259ri &uuml;st&uuml;n tutan, Heyd\u0259r \u018fliyev ideyalar\u0131na sadiq v\u0259 Az\u0259rbaycan&ccedil;\u0131l\u0131q m\u0259fkur\u0259sin\u0259 ba\u011fl\u0131 Az\u0259rbaycan g\u0259ncl\u0259rinin formala\u015fmas\u0131 &uuml;&ccedil;&uuml;n b&uuml;t&uuml;n imkanlar\u0131 yarad\u0131b. Dan\u0131lmaz h\u0259qiq\u0259tdir ki, bu g&uuml;n Az\u0259rbaycan g\u0259ncl\u0259rinin \u0259n yax\u0131n dostu v\u0259 d\u0259st\u0259kl\u0259yicisi m\u0259hz Prezident \u0130lham \u018fliyevdir.<\/span><\/p>\n<p style=\"text-align: justify; text-indent: 1cm; orphans: 2; widows: 2; word-spacing: 0px;\"><span style=\"font-size: 12pt; font-family: Arial, sans-serif; color: #000000;\">&ldquo;M&uuml;z\u0259ff\u0259r Ali Ba\u015f Komandan\u0131m\u0131z\u0131n birba\u015fa r\u0259hb\u0259rliyi il\u0259 qazand\u0131\u011f\u0131m\u0131z tarixi Z\u0259f\u0259rin qazan\u0131lmas\u0131nda Az\u0259rbaycan g\u0259ncl\u0259ri m&uuml;st\u0259sna rol oynay\u0131b. Qalib S\u0259rk\u0259rd\u0259mizin tap\u015f\u0131r\u0131\u011f\u0131 il\u0259 d&uuml;\u015fm\u0259ni \u0259z\u0259li torpaqlar\u0131m\u0131zdan qovan v\u0259 Qaraba\u011f h\u0259sr\u0259tin\u0259 son qoyan m\u0259hz Az\u0259rbaycan g\u0259ncl\u0259ri olub. V\u0259t\u0259nimizi do\u011fma anas\u0131ndan v\u0259 \u0259ziz can\u0131ndan &ccedil;ox sev\u0259n q\u0259hr\u0259man \u015f\u0259hidl\u0259rimizin tam \u0259ks\u0259riyy\u0259ti m\u0259hz Az\u0259rbaycan g\u0259ncl\u0259ri idi. V\u0259t\u0259n yolunda sa\u011flaml\u0131\u011f\u0131n\u0131 itirmi\u015f qazi qarda\u015flar\u0131m\u0131z da Az\u0259rbaycan g\u0259ncl\u0259ri ad\u0131na \u015f\u0259r\u0259f g\u0259tirmi\u015fl\u0259r.<\/span><\/p>\n<p style=\"text-align: justify; text-indent: 1cm; orphans: 2; widows: 2; word-spacing: 0px;\"><span style=\"font-size: 12pt; font-family: Arial, sans-serif; color: #000000;\">Bu g&uuml;n Az\u0259rbaycan g\u0259ncl\u0259ri n&uuml;fuzlu qlobal t\u0259dbirl\u0259rin tribunalar\u0131nda milli maraqlar\u0131m\u0131z\u0131 y&uuml;ks\u0259k s\u0259viyy\u0259d\u0259 m&uuml;dafi\u0259 edir, d&uuml;nyan\u0131n n&uuml;fuzlu idman arenalar\u0131nda &uuml;&ccedil;r\u0259ngli bayra\u011f\u0131m\u0131z\u0131 dal\u011faland\u0131r\u0131r, qabaqc\u0131l t\u0259hsil v\u0259 elm platformalar\u0131nda m&uuml;h&uuml;m nailiyy\u0259tl\u0259r qazan\u0131r, z\u0259ngin tarixi olan milli m\u0259d\u0259niyy\u0259timizi beyn\u0259lxalq miqyasda layiqinc\u0259 t\u0259msil edirl\u0259r.<\/span><\/p>\n<p style=\"text-align: justify; text-indent: 1cm; orphans: 2; widows: 2; word-spacing: 0px;\"><span style=\"font-size: 12pt; font-family: Arial, sans-serif; color: #000000;\">Haz\u0131rda Az\u0259rbaycan g\u0259ncl\u0259ri \u0259razi b&uuml;t&ouml;vl&uuml;y&uuml; b\u0259rpa olunmu\u015f &ouml;lk\u0259mizin parlaq g\u0259l\u0259c\u0259yinin qurulmas\u0131, do\u011fma Qaraba\u011f\u0131m\u0131zda h\u0259yat\u0131n b\u0259rpa olunmas\u0131 v\u0259 respublikam\u0131z\u0131n davaml\u0131 t\u0259r\u0259qqisinin t\u0259min olunmas\u0131 amallar\u0131 u\u011frunda Prezidentimizin \u0259traf\u0131nda s\u0131x birl\u0259\u015fib. Bu bax\u0131mdan, Prezidentimizin Az\u0259rbaycan g\u0259ncin\u0259 verdiyi y&uuml;ks\u0259k d\u0259y\u0259r q&uuml;rurvericidir: &ldquo;Az\u0259rbaycan g\u0259ncl\u0259ri f\u0259ald\u0131r, v\u0259t\u0259np\u0259rv\u0259rdir, biliklidir, savadl\u0131d\u0131r. G\u0259ncl\u0259r, m\u0259n siz\u0259 inan\u0131ram, g&uuml;v\u0259nir\u0259m&rdquo;, &#8211; dey\u0259 \u015e.Bayramov qeyd edib.<\/span><\/p>\n<p style=\"text-align: justify; text-indent: 1cm;\"><span style=\"font-size: 12pt; font-family: Arial, sans-serif;\"><\/span><\/p>","protected":false},"excerpt":{"rendered":"<p>\u015eahin Bayramov: Az\u0259rbaycan g\u0259ncl\u0259ri &ouml;lk\u0259mizin t\u0259r\u0259qqisi u\u011frunda Prezidentin \u0259traf\u0131nda s\u0131x birl\u0259\u015fibl\u0259r &nbsp; Bak\u0131, 2 fevral,&nbsp;AZ\u018fRTAC 2 fevral &ndash; Az\u0259rbaycan G\u0259ncl\u0259ri G&uuml;n&uuml; &ouml;lk\u0259mizd\u0259 ham\u0131 t\u0259r\u0259find\u0259n b&ouml;y&uuml;k sevinc v\u0259 y&uuml;ks\u0259k f\u0259xar\u0259t hissl\u0259ri il\u0259 qeyd olunur. &Uuml;mummilli lider Heyd\u0259r \u018fliyev Az\u0259rbaycanda hakimiyy\u0259td\u0259 oldu\u011fu b&uuml;t&uuml;n d&ouml;vrl\u0259rd\u0259 g\u0259ncl\u0259r\u0259 x&uuml;susi diqq\u0259t v\u0259 qay\u011f\u0131 g&ouml;st\u0259rmi\u015f, g\u0259ncl\u0259rin h\u0259rt\u0259r\u0259fli inki\u015faf\u0131n\u0131 d&ouml;vl\u0259t siyas\u0259tinin prioritetl\u0259rind\u0259n biri [&hellip;]<\/p>\n","protected":false},"author":1,"featured_media":0,"comment_status":"open","ping_status":"open","sticky":false,"template":"","format":"standard","meta":{"_eb_attr":"","ocean_post_layout":"","ocean_both_sidebars_style":"","ocean_both_sidebars_content_width":0,"ocean_both_sidebars_sidebars_width":0,"ocean_sidebar":"","ocean_second_sidebar":"","ocean_disable_margins":"enable","ocean_add_body_class":"","ocean_shortcode_before_top_bar":"","ocean_shortcode_after_top_bar":"","ocean_shortcode_before_header":"","ocean_shortcode_after_header":"","ocean_has_shortcode":"","ocean_shortcode_after_title":"","ocean_shortcode_before_footer_widgets":"","ocean_shortcode_after_footer_widgets":"","ocean_shortcode_before_footer_bottom":"","ocean_shortcode_after_footer_bottom":"","ocean_display_top_bar":"default","ocean_display_header":"default","ocean_header_style":"","ocean_center_header_left_menu":"","ocean_custom_header_template":"","ocean_custom_logo":0,"ocean_custom_retina_logo":0,"ocean_custom_logo_max_width":0,"ocean_custom_logo_tablet_max_width":0,"ocean_custom_logo_mobile_max_width":0,"ocean_custom_logo_max_height":0,"ocean_custom_logo_tablet_max_height":0,"ocean_custom_logo_mobile_max_height":0,"ocean_header_custom_menu":"","ocean_menu_typo_font_family":"","ocean_menu_typo_font_subset":"","ocean_menu_typo_font_size":0,"ocean_menu_typo_font_size_tablet":0,"ocean_menu_typo_font_size_mobile":0,"ocean_menu_typo_font_size_unit":"px","ocean_menu_typo_font_weight":"","ocean_menu_typo_font_weight_tablet":"","ocean_menu_typo_font_weight_mobile":"","ocean_menu_typo_transform":"","ocean_menu_typo_transform_tablet":"","ocean_menu_typo_transform_mobile":"","ocean_menu_typo_line_height":0,"ocean_menu_typo_line_height_tablet":0,"ocean_menu_typo_line_height_mobile":0,"ocean_menu_typo_line_height_unit":"","ocean_menu_typo_spacing":0,"ocean_menu_typo_spacing_tablet":0,"ocean_menu_typo_spacing_mobile":0,"ocean_menu_typo_spacing_unit":"","ocean_menu_link_color":"","ocean_menu_link_color_hover":"","ocean_menu_link_color_active":"","ocean_menu_link_background":"","ocean_menu_link_hover_background":"","ocean_menu_link_active_background":"","ocean_menu_social_links_bg":"","ocean_menu_social_hover_links_bg":"","ocean_menu_social_links_color":"","ocean_menu_social_hover_links_color":"","ocean_disable_title":"default","ocean_disable_heading":"default","ocean_post_title":"","ocean_post_subheading":"","ocean_post_title_style":"","ocean_post_title_background_color":"","ocean_post_title_background":0,"ocean_post_title_bg_image_position":"","ocean_post_title_bg_image_attachment":"","ocean_post_title_bg_image_repeat":"","ocean_post_title_bg_image_size":"","ocean_post_title_height":0,"ocean_post_title_bg_overlay":0.5,"ocean_post_title_bg_overlay_color":"","ocean_disable_breadcrumbs":"default","ocean_breadcrumbs_color":"","ocean_breadcrumbs_separator_color":"","ocean_breadcrumbs_links_color":"","ocean_breadcrumbs_links_hover_color":"","ocean_display_footer_widgets":"default","ocean_display_footer_bottom":"default","ocean_custom_footer_template":"","ocean_post_oembed":"","ocean_post_self_hosted_media":"","ocean_post_video_embed":"","ocean_link_format":"","ocean_link_format_target":"self","ocean_quote_format":"","ocean_quote_format_link":"post","ocean_gallery_link_images":"on","ocean_gallery_id":[],"footnotes":""},"categories":[63],"tags":[],"class_list":["post-16278","post","type-post","status-publish","format-standard","hentry","category-khaebaerlaer-az","entry"],"_links":{"self":[{"href":"https:\/\/mdu.edu.az\/en\/wp-json\/wp\/v2\/posts\/16278","targetHints":{"allow":["GET"]}}],"collection":[{"href":"https:\/\/mdu.edu.az\/en\/wp-json\/wp\/v2\/posts"}],"about":[{"href":"https:\/\/mdu.edu.az\/en\/wp-json\/wp\/v2\/types\/post"}],"author":[{"embeddable":true,"href":"https:\/\/mdu.edu.az\/en\/wp-json\/wp\/v2\/users\/1"}],"replies":[{"embeddable":true,"href":"https:\/\/mdu.edu.az\/en\/wp-json\/wp\/v2\/comments?post=16278"}],"version-history":[{"count":0,"href":"https:\/\/mdu.edu.az\/en\/wp-json\/wp\/v2\/posts\/16278\/revisions"}],"wp:attachment":[{"href":"https:\/\/mdu.edu.az\/en\/wp-json\/wp\/v2\/media?parent=16278"}],"wp:term":[{"taxonomy":"category","embeddable":true,"href":"https:\/\/mdu.edu.az\/en\/wp-json\/wp\/v2\/categories?post=16278"},{"taxonomy":"post_tag","embeddable":true,"href":"https:\/\/mdu.edu.az\/en\/wp-json\/wp\/v2\/tags?post=16278"}],"curies":[{"name":"wp","href":"https:\/\/api.w.org\/{rel}","templated":true}]}}