{"id":16297,"date":"2022-02-14T19:54:52","date_gmt":"2022-02-14T16:54:52","guid":{"rendered":"https:\/\/mdu.edu.az\/u-a-sevzhisi-h-r-bir-az-rbaydzanl-n-n-m-n-vi-d-y-rinin-ayr-lmaz-hiss-sidir\/"},"modified":"2022-05-06T14:31:52","modified_gmt":"2022-05-06T11:31:52","slug":"u-a-sevzhisi-h-r-bir-az-rbaydzanl-n-n-m-n-vi-d-y-rinin-ayr-lmaz-hiss-sidir","status":"publish","type":"post","link":"https:\/\/mdu.edu.az\/en\/u-a-sevzhisi-h-r-bir-az-rbaydzanl-n-n-m-n-vi-d-y-rinin-ayr-lmaz-hiss-sidir\/","title":{"rendered":"\u015eu\u015fa sevgisi h\u0259r bir az\u0259rbaycanl\u0131n\u0131n m\u0259n\u0259vi d\u0259y\u0259rinin ayr\u0131lmaz hiss\u0259sidir"},"content":{"rendered":"<p style=\"text-align: center;\">\n<div dir=\"auto\" style=\"margin: 0px; padding: 0px; border: 0px; font-size: 15px; line-height: inherit; font-family: 'Segoe UI', 'Segoe UI Web (West European)', -apple-system, BlinkMacSystemFont, Roboto, 'Helvetica Neue', sans-serif; vertical-align: baseline; color: #212121;\"><a style=\"margin: 0px; padding: 0px; border: 0px; font: inherit; vertical-align: baseline;\" href=\"https:\/\/azedu.az\/az\/news\/52833-susa-sevgisi-her-bir-azerbaycanlinin-menevi-deyerinin-ayrilmaz-hissesidir\" target=\"_blank\" rel=\"noopener noreferrer\" data-auth=\"NotApplicable\" data-linkindex=\"0\">https:\/\/azedu.az\/<\/a><\/div>\n<div dir=\"auto\" style=\"margin: 0px; padding: 0px; border: 0px; font-size: 15px; line-height: inherit; font-family: 'Segoe UI', 'Segoe UI Web (West European)', -apple-system, BlinkMacSystemFont, Roboto, 'Helvetica Neue', sans-serif; vertical-align: baseline; color: #212121;\"><a style=\"margin: 0px; padding: 0px; border: 0px; font: inherit; vertical-align: baseline;\" href=\"http:\/\/ikisahil.az\/post\/285962-shusha-sevgisi-her-bir-azerbaycanlinin-menevi-deyerinin-ayrilmaz-hissesidir\" target=\"_blank\" rel=\"noopener noreferrer\" data-auth=\"NotApplicable\" data-linkindex=\"1\">http:\/\/ikisahil.az\/<\/a><\/div>\n<p style=\"text-align: justify; text-indent: 1cm;\"><span style=\"font-size: 12pt; font-family: Arial, sans-serif; color: #000000;\">Az\u0259rbaycan Respublikas\u0131n\u0131n Da\u011fl\u0131q Qaraba\u011f b\u00f6lg\u0259sind\u0259 yerl\u0259\u015f\u0259n m\u0259d\u0259niyy\u0259t \u015f\u0259h\u0259rl\u0259rind\u0259n birin\u0259 \u00e7evril\u0259n \u015eu\u015fa \u015f\u0259h\u0259ri \u201cQaraba\u011f\u0131n incisi\u201d kimi d\u00fcnya \u015f\u00f6hr\u0259ti qazanm\u0131\u015fd\u0131r. Bu \u0259srar\u0259ngiz \u015f\u0259h\u0259rin t\u0259m\u0259li 1752-ci ild\u0259 Qaraba\u011f xan\u0131 Cavan\u015firl\u0259r s\u00fclal\u0259sind\u0259n olan P\u0259nah\u0259li xan t\u0259r\u0259find\u0259n qoyulmu\u015fdur.<\/span><\/p>\n<p style=\"text-align: justify; text-indent: 1cm;\"><span style=\"font-size: 12pt; font-family: Arial, sans-serif; color: #000000;\"> XVIII \u0259srd\u0259 \u015eu\u015fa \u015f\u0259h\u0259ri Az\u0259rbaycan\u0131n \u0259n m\u00fch\u00fcm \u015f\u0259h\u0259rl\u0259rind\u0259n biri idi. XIX \u0259srin sonu v\u0259 XX \u0259srin \u0259vv\u0259ll\u0259rind\u0259 \u015eu\u015fa Qafqaz\u0131n musiqi m\u0259rk\u0259zin\u0259 \u00e7evrilmi\u015fdir. \u015eu\u015fan\u0131 &#8220;Ki\u00e7ik Paris&#8221;, &#8220;Qafqaz\u0131n s\u0259n\u0259t m\u0259b\u0259di&#8221;, &#8220;Az\u0259rbaycan musiqisinin be\u015fiyi&#8221; v\u0259 &#8220;Zaqafqaziyan\u0131n konservatoriyas\u0131&#8221; adland\u0131r\u0131rd\u0131lar.<\/span><\/p>\n<p style=\"text-align: justify; text-indent: 1cm;\"><span style=\"font-size: 12pt; font-family: Arial, sans-serif; color: #000000;\">\u015eu\u015fan\u0131 t\u0259r\u0259nn\u00fcm ed\u0259n dig\u0259r g\u00f6z\u0259llikl\u0259rd\u0259n biri d\u0259 Xar\u0131 b\u00fclb\u00fcld\u00fcr. \u201cXar\u0131 b\u00fclb\u00fcl\u201d adlanan qeyri-adi g\u00fcl \u015eu\u015fa da\u011flar\u0131nda yeti\u015fir. Bu g\u00fcl \u015eu\u015fan\u0131n milli simvolu hesab olunur. Qaraba\u011f h\u0259sr\u0259tli Xar\u0131 b\u00fclb\u00fcl Az\u0259rbaycan Ordusunun q\u0259l\u0259b\u0259si n\u0259tic\u0259sind\u0259 ill\u0259r sonra yenid\u0259n \u00e7i\u00e7\u0259kl\u0259nm\u0259y\u0259 ba\u015flay\u0131b. Xar\u0131 b\u00fclb\u00fcl sanki g\u00fcl\u00fcn \u00fcz\u0259rin\u0259 qonmu\u015f b\u00fclb\u00fcl\u00fc xat\u0131rlad\u0131r. H\u0259rfi m\u0259nas\u0131 \u201ctikanl\u0131 b\u00fclb\u00fcl\u201d anlam\u0131na g\u0259l\u0259n \u201cXar\u0131 b\u00fclb\u00fcl\u201d t\u0259bi\u0259t\u0259 g\u00f6z\u0259llik b\u0259x\u015f etm\u0259kl\u0259 yana\u015f\u0131, m\u00fcalic\u0259vi \u0259h\u0259miyy\u0259tli bitkidir. Ondan xalq t\u0259bab\u0259tind\u0259 m\u00fcxt\u0259lif x\u0259st\u0259likl\u0259rin m\u00fcalic\u0259sind\u0259 geni\u015f istifad\u0259 edilir.<\/span><\/p>\n<p style=\"text-align: justify; text-indent: 1cm;\"><span style=\"font-size: 12pt; font-family: Arial, sans-serif; color: #000000;\">\u0130ngilis s\u0259yyah v\u0259 aliml\u0259ri C.Morye v\u0259 R.Burter \u015eu\u015fan\u0131n q\u0259dim \u015f\u0259h\u0259r olmas\u0131 il\u0259 ba\u011fl\u0131 maraql\u0131 fikirl\u0259r s\u00f6yl\u0259mi\u015fl\u0259r. C.Moryenin fikrinc\u0259, \u015eu\u015fa h\u0259l\u0259 eradan \u0259vv\u0259l insan m\u0259sk\u0259ni olmu\u015fdur. R.Burter is\u0259 yaz\u0131r ki, \u201c\u015eu\u015fada Qafqaz\u0131n ba\u015fqa yerl\u0259rind\u0259 olmayan Avropa \u015f\u0259h\u0259rl\u0259rind\u0259ki kimi da\u015f binalar, geni\u015f k\u00fc\u00e7\u0259l\u0259r, q\u0259dim Roma hamamlar\u0131n\u0131 xat\u0131rladan g\u00f6z\u0259l hamam qal\u0131qlar\u0131 vard\u0131r\u201d. B\u00fct\u00fcn bunlar \u015eu\u015fan\u0131n h\u0259l\u0259 \u00e7ox q\u0259dimd\u0259n m\u00f6vcud olmas\u0131 haqq\u0131nda fikir s\u00f6yl\u0259m\u0259y\u0259 \u0259sas verir. Tarixi m\u0259nb\u0259l\u0259rd\u0259 \u015eu\u015fan\u0131n h\u0259tta XIII \u0259srd\u0259 d\u0259 Az\u0259rbaycan\u0131n m\u0259\u015fhur \u015f\u0259h\u0259rl\u0259rind\u0259n biri olmas\u0131 haqq\u0131nda faktlar vard\u0131r.<\/span><\/p>\n<p style=\"text-align: justify; text-indent: 1cm;\"><span style=\"font-size: 12pt; font-family: Arial, sans-serif; color: #000000;\">Lakin 1905-ci ild\u0259n \u00c7ar h\u00f6kum\u0259tinin himay\u0259darl\u0131\u011f\u0131 il\u0259 \u015eu\u015fada erm\u0259nil\u0259r az\u0259rbaycanl\u0131lar\u0131 s\u0131x\u0131\u015fd\u0131rma\u011fa ba\u015flam\u0131\u015f, \u00f6z qar\u015f\u0131lar\u0131na qoyduqlar\u0131 m\u0259qs\u0259d\u0259 \u00e7atmaq \u00fc\u00e7\u00fcn durmadan \u0259ll\u0259rind\u0259n g\u0259l\u0259ni etmi\u015fl\u0259r. \u015eu\u015fa g\u00fcnd\u0259n-g\u00fcn\u0259 g\u00f6z\u0259ll\u0259\u015fdikc\u0259 xain qon\u015fular\u0131m\u0131z bu valehedici \u015f\u0259h\u0259rd\u0259n g\u00f6zl\u0259rini \u00e7\u0259km\u0259mi\u015f, erm\u0259ni vandallar\u0131 1992-ci il may ay\u0131n\u0131n 8-d\u0259 \u015eu\u015fan\u0131 i\u015f\u011fal etmi\u015fl\u0259r. Bu amans\u0131z i\u015f\u011fal\u0131n n\u0259tic\u0259sind\u0259 \u015f\u0259h\u0259rd\u0259 195 n\u0259f\u0259r Az\u0259rbaycan v\u0259t\u0259nda\u015f\u0131 v\u0259h\u015fic\u0259sin\u0259 q\u0259tl\u0259 yetirilmi\u015f, 165 n\u0259f\u0259r yaralanm\u0131\u015f, onlardan 150 n\u0259f\u0259ri \u0259lil olmu\u015f, 552 k\u00f6rp\u0259 valideynl\u0259rini itirmi\u015f, 20 mind\u0259n art\u0131q \u0259hali is\u0259 do\u011fma yuvas\u0131n\u0131 t\u0259rk ed\u0259r\u0259k m\u0259cburi k\u00f6\u00e7k\u00fcn v\u0259ziyy\u0259tin\u0259 d\u00fc\u015fm\u00fc\u015fd\u00fcr. Ne\u00e7\u0259-ne\u00e7\u0259 g\u00fcnahs\u0131z \u0259hali is\u0259 \u0259sir v\u0259 itkin d\u00fc\u015fm\u00fc\u015fd\u00fcr.<\/span><\/p>\n<p style=\"text-align: justify; text-indent: 1cm;\"><span style=\"font-size: 12pt; font-family: Arial, sans-serif; color: #000000;\">B\u00fct\u00fcn bunlara baxmayaraq, Az\u0259rbaycan xalq\u0131 sin\u0259sin\u0259 da\u015f bas\u0131b bu z\u00fclm\u0259 d\u0259, bu d\u0259rd\u0259 d\u0259 d\u00f6zd\u00fc, bir g\u00fcn i\u015f\u011fal olunmu\u015f torpaqlar\u0131m\u0131z\u0131n yenid\u0259n qaytar\u0131laca\u011f\u0131 \u00fcmidi il\u0259 ya\u015fad\u0131. H\u0259r bayram qeyd edil\u0259nd\u0259 u\u015faqdan b\u00f6y\u00fcy\u0259 h\u0259r k\u0259s \u201c\u0130n\u015fallah g\u0259l\u0259n bayram\u0131 \u015eu\u015fada qeyd ed\u0259rik!\u201d- dedi. \u018flb\u0259tt\u0259, bu 28 illik m\u00fcbariz\u0259 yolu \u00e7\u0259tin oldu.<\/span><\/p>\n<p style=\"text-align: justify; text-indent: 1cm;\"><span style=\"font-size: 12pt; font-family: Arial, sans-serif; color: #000000;\">Silahl\u0131 Q\u00fcvv\u0259l\u0259rin Ali Ba\u015f Komandan\u0131 \u0130lham \u018fliyevin r\u0259hb\u0259rliyi il\u0259 Az\u0259rbaycan Ordusu Erm\u0259nistan\u0131n i\u015f\u011fal\u0131 alt\u0131nda olan torpaqlar\u0131m\u0131z\u0131 azad etm\u0259k \u00fc\u00e7\u00fcn sentyabr\u0131n-27-d\u0259 ba\u015flayan v\u0259 44 g\u00fcn davam ed\u0259n h\u0259rbi \u0259m\u0259liyyatlarla d\u00fc\u015fm\u0259nin 28 il \u0259rzind\u0259 qurdu\u011fu ordunu v\u0259 istehkamlar\u0131 darmada\u011f\u0131n etdi.<\/span><\/p>\n<p style=\"text-align: justify; text-indent: 1cm;\"><span style=\"font-size: 12pt; font-family: Arial, sans-serif; color: #000000;\">N\u0259hay\u0259t noyabr\u0131n 8-d\u0259 az\u0259rbaycanl\u0131lar\u0131n ill\u0259rdir h\u0259sr\u0259tind\u0259 oldu\u011fu \u015eu\u015fa \u015f\u0259h\u0259ri i\u015f\u011faldan azad edildi v\u0259 el\u0259 h\u0259min g\u00fcn \u015eu\u015fada Az\u0259rbaycan bayra\u011f\u0131 qald\u0131r\u0131ld\u0131. Az\u0259rbaycan Respublikas\u0131n\u0131n prezidenti d\u00f6vl\u0259t ba\u015f\u00e7\u0131m\u0131z da sevinc v\u0259 iftixar hissi il\u0259 demi\u015fdir: \u201c \u018fziz \u015eu\u015fa, s\u0259n azadsan! \u018fziz \u015eu\u015fa, biz qay\u0131tm\u0131\u015f\u0131q! \u018fziz \u015eu\u015fa, biz s\u0259ni dir\u00e7\u0259ld\u0259c\u0259yik!\u201d.<\/span><\/p>\n<p style=\"text-align: justify; text-indent: 1cm;\"><span style=\"font-size: 12pt; font-family: Arial, sans-serif; color: #000000;\">Qaraba\u011f\u0131n d\u00f6y\u00fcn\u0259n \u00fcr\u0259yi \u015eu\u015fan\u0131n azad olunmas\u0131 bir daha g\u00f6st\u0259rdi ki, \u015f\u0259hidl\u0259rimizin qan\u0131 yerd\u0259 qalmad\u0131.<\/span><\/p>\n<p style=\"text-align: justify; text-indent: 1cm;\"><span style=\"font-size: 12pt; font-family: Arial, sans-serif; color: #000000;\"> C\u0259nab Prezidentimiz \u015eu\u015fan\u0131n Az\u0259rbaycan xalq\u0131 \u00fc\u00e7\u00fcn tarixi \u0259h\u0259miyy\u0259tini n\u0259z\u0259r\u0259 alaraq Az\u0259rbaycan Respublikas\u0131n\u0131n Konstitusiyas\u0131n\u0131n 109-cu madd\u0259sinin 32-ci b\u0259ndini r\u0259hb\u0259r tutaraq 2022-ci ili \u201c\u015eu\u015fa ili\u201delan etdi. Bu bir daha s\u00fcbut etdi ki, m\u0259d\u0259niyy\u0259timizin be\u015fiyi olan \u015eu\u015fa \u015f\u0259h\u0259ri Az\u0259rbaycan tarixin\u0259 q\u0131z\u0131l h\u0259rfl\u0259rl\u0259 yaz\u0131l\u0131b. Bu sevinci biz\u0259 ya\u015fadan \u0259sg\u0259rl\u0259rimiz qar\u015f\u0131s\u0131nda ba\u015f \u0259yirik. Biz\u0259 bu sevinci ya\u015fadan \u0259sg\u0259rl\u0259rimiz aras\u0131nda \u015e\u0259hidlik zirv\u0259sin\u0259 ucalan Ming\u0259\u00e7evir D\u00f6vl\u0259t Universitetinin (MDU) m\u0259zun \u015f\u0259hidl\u0259ri d\u0259 var.<\/span><\/p>\n<p style=\"text-align: justify; text-indent: 1cm;\"><span style=\"font-size: 12pt; font-family: Arial, sans-serif; color: #000000;\">Bildiyiniz kimi, MDU-nun m\u00fc\u0259llim hey\u0259ti h\u0259r bir tarixi \u0259h\u0259miyy\u0259tli hadis\u0259ni yaddaqalan etm\u0259k, t\u0259l\u0259b\u0259l\u0259rd\u0259 v\u0259t\u0259np\u0259rv\u0259rlik hissini a\u015f\u0131lay\u0131b onlar\u0131 bu ruhda yeti\u015fdirm\u0259k \u00fc\u00e7\u00fcn \u0259lind\u0259n g\u0259l\u0259ni edir. MDU-nun h\u0259v\u0259skar t\u0259l\u0259b\u0259l\u0259ri m\u00fcvafiq t\u0259dbirl\u0259r plan\u0131 \u0259sas\u0131nda haz\u0131rlanm\u0131\u015f t\u0259dbirl\u0259rd\u0259 b\u00f6y\u00fck h\u0259v\u0259sl\u0259 i\u015ftirak edir, el\u0259c\u0259 d\u0259 g\u0259l\u0259c\u0259kd\u0259 ba\u015f tutacaq bir s\u0131ra tarixi \u0259h\u0259miyy\u0259t da\u015f\u0131yan t\u0259dbirl\u0259rin \u015eu\u015fada ke\u00e7irilm\u0259si arzusunda oldu\u011funu da tez-tez vur\u011fulay\u0131rlar.<\/span><\/p>\n<p style=\"text-align: justify; text-indent: 1cm;\"><span style=\"font-size: 12pt; font-family: Arial, sans-serif; color: #000000;\">Universitetin rektoru \u015eahin Bayramov da \u00f6z n\u00f6vb\u0259sind\u0259, bu yolda t\u0259l\u0259b\u0259b\u0259l\u0259ri d\u0259st\u0259kl\u0259y\u0259r\u0259k onlar\u0131n haz\u0131rlad\u0131\u011f\u0131 h\u0259r t\u0259dbird\u0259 yax\u0131ndan i\u015ftirak edir, g\u0259ncl\u0259ri h\u0259r bir c\u0259h\u0259td\u0259n d\u0259st\u0259kl\u0259diyini, u\u011furlar\u0131n\u0131n davaml\u0131l\u0131\u011f\u0131n\u0131 t\u0259min etm\u0259k \u00fc\u00e7\u00fcn \u0259lind\u0259n g\u0259l\u0259ni ed\u0259c\u0259yini v\u0259 onlara m\u0259n\u0259vi dayaq oldu\u011funu d\u0259f\u0259l\u0259rl\u0259 qeyd edib.<\/span><\/p>\n<p style=\"text-align: justify; text-indent: 1cm;\"><span style=\"font-size: 12pt; font-family: Arial, sans-serif; color: #000000;\">Qaraba\u011f\u0131n tac\u0131 olan \u015eu\u015fan\u0131n xalq\u0131m\u0131z \u00fc\u00e7\u00fcn m\u00fcq\u0259dd\u0259s v\u0259 \u0259ziz m\u0259kan oldu\u011funu v\u0259 \u015eu\u015fa sevgisinin h\u0259r bir az\u0259rbaycanl\u0131n\u0131n m\u0259n\u0259vi d\u0259y\u0259rl\u0259rinin ayr\u0131lmaz par\u00e7as\u0131 oldu\u011funu n\u0259z\u0259r\u0259 alaraq \u015eu\u015fa ilinin h\u0259r k\u0259s\u0259 u\u011fur v\u0259 sevinc g\u0259tir\u0259c\u0259yin\u0259 b\u00fct\u00fcn s\u0259mimi q\u0259lbiml\u0259 inan\u0131ram.<\/span><\/p>\n<p style=\"text-align: justify; text-indent: 1cm;\">\n<p style=\"text-align: justify; text-indent: 1cm;\"><span style=\"color: #000000;\"><b><span style=\"font-size: 12pt; font-family: Arial, sans-serif;\">Ming\u0259\u00e7evir D\u00f6vl\u0259t Universitetinin <\/span><\/b><\/span><\/p>\n<p style=\"text-align: justify; text-indent: 1cm;\"><span style=\"color: #000000;\"><b><span style=\"font-size: 12pt; font-family: Arial, sans-serif;\">Xarici dill\u0259r kafedras\u0131n\u0131n m\u00fc\u0259llimi               <\/span><\/b><\/span><\/p>\n<p style=\"text-align: justify; text-indent: 1cm;\"><span style=\"color: #000000;\"><b><span style=\"font-size: 12pt; font-family: Arial, sans-serif;\">X\u0259dic\u0259 \u018fliyeva M\u00f6hs\u00fcm q\u0131z\u0131<\/span><\/b><\/span><\/p>\n<p style=\"text-align: justify; text-indent: 1cm;\">","protected":false},"excerpt":{"rendered":"<p>https:\/\/azedu.az\/ http:\/\/ikisahil.az\/ Az\u0259rbaycan Respublikas\u0131n\u0131n Da\u011fl\u0131q Qaraba\u011f b\u00f6lg\u0259sind\u0259 yerl\u0259\u015f\u0259n m\u0259d\u0259niyy\u0259t \u015f\u0259h\u0259rl\u0259rind\u0259n birin\u0259 \u00e7evril\u0259n \u015eu\u015fa \u015f\u0259h\u0259ri \u201cQaraba\u011f\u0131n incisi\u201d kimi d\u00fcnya \u015f\u00f6hr\u0259ti qazanm\u0131\u015fd\u0131r. Bu \u0259srar\u0259ngiz \u015f\u0259h\u0259rin t\u0259m\u0259li 1752-ci ild\u0259 Qaraba\u011f xan\u0131 Cavan\u015firl\u0259r s\u00fclal\u0259sind\u0259n olan P\u0259nah\u0259li xan t\u0259r\u0259find\u0259n qoyulmu\u015fdur. XVIII \u0259srd\u0259 \u015eu\u015fa \u015f\u0259h\u0259ri Az\u0259rbaycan\u0131n \u0259n m\u00fch\u00fcm \u015f\u0259h\u0259rl\u0259rind\u0259n biri idi. XIX \u0259srin sonu v\u0259 XX \u0259srin \u0259vv\u0259ll\u0259rind\u0259 \u015eu\u015fa Qafqaz\u0131n musiqi [&hellip;]<\/p>\n","protected":false},"author":1,"featured_media":23951,"comment_status":"open","ping_status":"open","sticky":false,"template":"","format":"gallery","meta":{"_eb_attr":"","ocean_post_layout":"","ocean_both_sidebars_style":"","ocean_both_sidebars_content_width":0,"ocean_both_sidebars_sidebars_width":0,"ocean_sidebar":"","ocean_second_sidebar":"","ocean_disable_margins":"enable","ocean_add_body_class":"","ocean_shortcode_before_top_bar":"","ocean_shortcode_after_top_bar":"","ocean_shortcode_before_header":"","ocean_shortcode_after_header":"","ocean_has_shortcode":"","ocean_shortcode_after_title":"","ocean_shortcode_before_footer_widgets":"","ocean_shortcode_after_footer_widgets":"","ocean_shortcode_before_footer_bottom":"","ocean_shortcode_after_footer_bottom":"","ocean_display_top_bar":"default","ocean_display_header":"default","ocean_header_style":"","ocean_center_header_left_menu":"","ocean_custom_header_template":"","ocean_custom_logo":0,"ocean_custom_retina_logo":0,"ocean_custom_logo_max_width":0,"ocean_custom_logo_tablet_max_width":0,"ocean_custom_logo_mobile_max_width":0,"ocean_custom_logo_max_height":0,"ocean_custom_logo_tablet_max_height":0,"ocean_custom_logo_mobile_max_height":0,"ocean_header_custom_menu":"","ocean_menu_typo_font_family":"","ocean_menu_typo_font_subset":"","ocean_menu_typo_font_size":0,"ocean_menu_typo_font_size_tablet":0,"ocean_menu_typo_font_size_mobile":0,"ocean_menu_typo_font_size_unit":"px","ocean_menu_typo_font_weight":"","ocean_menu_typo_font_weight_tablet":"","ocean_menu_typo_font_weight_mobile":"","ocean_menu_typo_transform":"","ocean_menu_typo_transform_tablet":"","ocean_menu_typo_transform_mobile":"","ocean_menu_typo_line_height":0,"ocean_menu_typo_line_height_tablet":0,"ocean_menu_typo_line_height_mobile":0,"ocean_menu_typo_line_height_unit":"","ocean_menu_typo_spacing":0,"ocean_menu_typo_spacing_tablet":0,"ocean_menu_typo_spacing_mobile":0,"ocean_menu_typo_spacing_unit":"","ocean_menu_link_color":"","ocean_menu_link_color_hover":"","ocean_menu_link_color_active":"","ocean_menu_link_background":"","ocean_menu_link_hover_background":"","ocean_menu_link_active_background":"","ocean_menu_social_links_bg":"","ocean_menu_social_hover_links_bg":"","ocean_menu_social_links_color":"","ocean_menu_social_hover_links_color":"","ocean_disable_title":"default","ocean_disable_heading":"default","ocean_post_title":"","ocean_post_subheading":"","ocean_post_title_style":"","ocean_post_title_background_color":"","ocean_post_title_background":0,"ocean_post_title_bg_image_position":"","ocean_post_title_bg_image_attachment":"","ocean_post_title_bg_image_repeat":"","ocean_post_title_bg_image_size":"","ocean_post_title_height":0,"ocean_post_title_bg_overlay":0.5,"ocean_post_title_bg_overlay_color":"","ocean_disable_breadcrumbs":"default","ocean_breadcrumbs_color":"","ocean_breadcrumbs_separator_color":"","ocean_breadcrumbs_links_color":"","ocean_breadcrumbs_links_hover_color":"","ocean_display_footer_widgets":"default","ocean_display_footer_bottom":"default","ocean_custom_footer_template":"","ocean_post_oembed":"","ocean_post_self_hosted_media":"","ocean_post_video_embed":"","ocean_link_format":"","ocean_link_format_target":"self","ocean_quote_format":"","ocean_quote_format_link":"post","ocean_gallery_link_images":"on","ocean_gallery_id":[23951],"footnotes":""},"categories":[94],"tags":[],"class_list":["post-16297","post","type-post","status-publish","format-gallery","has-post-thumbnail","hentry","category-xarici-diller","post_format-post-format-gallery","entry","has-media"],"_links":{"self":[{"href":"https:\/\/mdu.edu.az\/en\/wp-json\/wp\/v2\/posts\/16297","targetHints":{"allow":["GET"]}}],"collection":[{"href":"https:\/\/mdu.edu.az\/en\/wp-json\/wp\/v2\/posts"}],"about":[{"href":"https:\/\/mdu.edu.az\/en\/wp-json\/wp\/v2\/types\/post"}],"author":[{"embeddable":true,"href":"https:\/\/mdu.edu.az\/en\/wp-json\/wp\/v2\/users\/1"}],"replies":[{"embeddable":true,"href":"https:\/\/mdu.edu.az\/en\/wp-json\/wp\/v2\/comments?post=16297"}],"version-history":[{"count":2,"href":"https:\/\/mdu.edu.az\/en\/wp-json\/wp\/v2\/posts\/16297\/revisions"}],"predecessor-version":[{"id":23954,"href":"https:\/\/mdu.edu.az\/en\/wp-json\/wp\/v2\/posts\/16297\/revisions\/23954"}],"wp:featuredmedia":[{"embeddable":true,"href":"https:\/\/mdu.edu.az\/en\/wp-json\/wp\/v2\/media\/23951"}],"wp:attachment":[{"href":"https:\/\/mdu.edu.az\/en\/wp-json\/wp\/v2\/media?parent=16297"}],"wp:term":[{"taxonomy":"category","embeddable":true,"href":"https:\/\/mdu.edu.az\/en\/wp-json\/wp\/v2\/categories?post=16297"},{"taxonomy":"post_tag","embeddable":true,"href":"https:\/\/mdu.edu.az\/en\/wp-json\/wp\/v2\/tags?post=16297"}],"curies":[{"name":"wp","href":"https:\/\/api.w.org\/{rel}","templated":true}]}}