{"id":16323,"date":"2022-02-26T09:10:52","date_gmt":"2022-02-26T06:10:52","guid":{"rendered":"https:\/\/mdu.edu.az\/ahin-bayramov-khodzal-fadzi-sini-he-zaman-unutmayadza-zh-az-rtadz-26-02-2022\/"},"modified":"2022-02-26T09:10:52","modified_gmt":"2022-02-26T06:10:52","slug":"ahin-bayramov-khodzal-fadzi-sini-he-zaman-unutmayadza-zh-az-rtadz-26-02-2022","status":"publish","type":"post","link":"https:\/\/mdu.edu.az\/en\/ahin-bayramov-khodzal-fadzi-sini-he-zaman-unutmayadza-zh-az-rtadz-26-02-2022\/","title":{"rendered":"\u015eahin Bayramov: \u201cXocal\u0131 faci\u0259sini he\u00e7 zaman unutmayaca\u011f\u0131q\u201d (AZ\u018fRTAC, 26.02.2022)"},"content":{"rendered":"<p style=\"text-align: center;\"><span style=\"color: #000000;\"><b><span style=\"font-size: 14pt; font-family: Arial, sans-serif;\">\u015eahin Bayramov: &ldquo;Xocal\u0131 faci\u0259sini he&ccedil; zaman unutmayaca\u011f\u0131q&rdquo;<\/span><\/b><\/span><\/p>\n<p>&nbsp;<\/p>\n<p style=\"text-align: center;\"><img decoding=\"async\" src=\"images\/photo\/REKTOR.jpg\" alt=\"\" \/><\/p>\n<p><a href=\"https:\/\/azertag.az\/xeber\/Sahin_Bayramov_Xocali_faciesini_hech_zaman_unutmayacagiq-2030459\" target=\"_blank\" rel=\"noopener\"><span style=\"color: #0000ff; font-family: Arial, sans-serif; font-size: 16px; text-align: justify; text-indent: 37.7953px;\">Bak\u0131, 26 fevral,&nbsp;<\/span><span style=\"color: #990000;\">AZ\u018fRTAC<\/span><\/a><\/p>\n<p style=\"text-align: justify; text-indent: 1cm;\"><span style=\"font-size: 12pt; font-family: Arial, sans-serif; color: #000000;\">Bu g&uuml;n Az\u0259rbaycan tarixinin \u0259n d\u0259h\u015f\u0259tli s\u0259hif\u0259l\u0259rind\u0259n biri olan Xocal\u0131 soyq\u0131r\u0131m\u0131ndan otuz il &ouml;t&uuml;r. Erm\u0259ni fa\u015fizminin i&ccedil; &uuml;z&uuml;n&uuml; bir daha d&uuml;nyaya a&ccedil;\u0131b g&ouml;st\u0259r\u0259n bu qanl\u0131 hadis\u0259, t\u0259kc\u0259 Az\u0259rbaycan xalq\u0131na qar\u015f\u0131 deyil, b&uuml;t&uuml;n b\u0259\u015f\u0259riyy\u0259t\u0259 qar\u015f\u0131 y&ouml;n\u0259lmi\u015f tarixi cinay\u0259tdir.<\/span><\/p>\n<p style=\"text-align: justify; text-indent: 1cm;\"><span style=\"font-size: 12pt; font-family: Arial, sans-serif; color: #000000;\">D&uuml;z otuz il \u0259vv\u0259l, 1992-ci ilin fevral ay\u0131nda soyuq q\u0131\u015f gec\u0259sind\u0259 erm\u0259ni c\u0259lladlar\u0131 Xocal\u0131 \u015f\u0259h\u0259rind\u0259 he&ccedil; bir g&uuml;nah\u0131 olmayan dinc insanlar\u0131, o c&uuml;ml\u0259d\u0259n qocalar\u0131, qad\u0131nlar\u0131 v\u0259 u\u015faqlar\u0131 yaln\u0131z az\u0259rbaycanl\u0131 olduqlar\u0131 &uuml;&ccedil;&uuml;n x&uuml;susi amans\u0131zl\u0131qla q\u0259tl\u0259 yetirm\u0259kl\u0259 insanl\u0131q tarixin\u0259 qara l\u0259k\u0259l\u0259r vurdular.<\/span><\/p>\n<p style=\"text-align: justify; text-indent: 1cm;\"><span style=\"font-size: 12pt; font-family: Arial, sans-serif; color: #000000;\">V\u0259h\u015fi v\u0259 vandal xisl\u0259tli d&uuml;\u015fm\u0259n q\u0259tliam\u0131 t&ouml;r\u0259tm\u0259kl\u0259 Az\u0259rbaycan insan\u0131n\u0131 qoxutmaq v\u0259 onun m&uuml;barizlik \u0259zmini q\u0131rmaq ist\u0259s\u0259 d\u0259, &ouml;z m\u0259nfur niyy\u0259tl\u0259rin\u0259 nail ola bilm\u0259di. 44 g&uuml;nl&uuml;k V\u0259t\u0259n M&uuml;harib\u0259sind\u0259 qazan\u0131lan tarixi Z\u0259f\u0259r d&uuml;\u015fm\u0259n\u0259 \u0259n k\u0259s\u0259rli cavab oldu. Ali Ba\u015f Komandan\u0131m\u0131z\u0131n r\u0259hb\u0259rliyi il\u0259 q\u0259hr\u0259man \u0259sg\u0259r v\u0259 zabitl\u0259rimiz d&ouml;y&uuml;\u015f meydan\u0131nda sars\u0131d\u0131c\u0131 z\u0259rb\u0259l\u0259rl\u0259 d&uuml;\u015fm\u0259nin belini q\u0131rd\u0131, onu \u0259z\u0259li torpaqlar\u0131m\u0131zdan qovub &ccedil;\u0131xard\u0131 v\u0259 tarixi \u0259dal\u0259ti b\u0259rpa etdi. Art\u0131q do\u011fma Qaraba\u011f\u0131m\u0131z azadd\u0131r v\u0259 g&uuml;n&uuml;-g&uuml;nd\u0259n dir&ccedil;\u0259lir. \u018fmin\u0259m ki, bu g&uuml;n b&uuml;t&uuml;n \u015f\u0259hidl\u0259rimizin, el\u0259c\u0259 d\u0259 Xocal\u0131 qurbanlar\u0131n\u0131n ruhu \u015fadd\u0131r. <\/span><\/p>\n<p style=\"text-align: justify; text-indent: 1cm;\"><span style=\"font-size: 12pt; font-family: Arial, sans-serif; color: #000000;\">Eyni zamanda, &uuml;mummilli lider Heyd\u0259r \u018fliyevin qeyd etdiyi kimi: &ldquo;Az\u0259rbaycan h&ouml;kum\u0259ti v\u0259 xalq\u0131 qar\u015f\u0131s\u0131nda Xocal\u0131 soyq\u0131r\u0131m\u0131 v\u0259 b&uuml;t&ouml;vl&uuml;kd\u0259 erm\u0259nil\u0259rin Qaraba\u011fda t&ouml;r\u0259tdikl\u0259ri v\u0259h\u015filikl\u0259r haqq\u0131nda h\u0259qiq\u0259tl\u0259ri oldu\u011fu kimi, b&uuml;t&uuml;n miqyas\u0131 v\u0259 d\u0259h\u015f\u0259tl\u0259ri il\u0259 d&uuml;nya d&ouml;vl\u0259tl\u0259rin\u0259, parlamentl\u0259rin\u0259, geni\u015f ictimaiyy\u0259t\u0259 &ccedil;atd\u0131rmaq, b&uuml;t&uuml;n bunlar\u0131n \u0259sl soyq\u0131r\u0131m\u0131 akt\u0131 kimi tan\u0131nmas\u0131na nail olmaq v\u0259zif\u0259si durur. Bu, Xocal\u0131 \u015f\u0259hidl\u0259rinin ruhu qar\u015f\u0131s\u0131nda bizim v\u0259t\u0259nda\u015fl\u0131q v\u0259 insanl\u0131q borcumuzdur&rdquo;.<\/span><\/p>\n<p style=\"text-align: justify; text-indent: 1cm;\"><span style=\"font-size: 12pt; font-family: Arial, sans-serif; color: #000000;\">Bununla yana\u015f\u0131, faci\u0259y\u0259 beyn\u0259lxalq miqyasda obyektiv h&uuml;quqi-siyasi qiym\u0259tin verilm\u0259si v\u0259 g&uuml;nahkarlar\u0131n layiqinc\u0259 c\u0259zaland\u0131r\u0131lmas\u0131 insanl\u0131q \u0259leyhin\u0259 olan bel\u0259 amans\u0131z q\u0259tliam aktlar\u0131n\u0131n g\u0259l\u0259c\u0259kd\u0259 t\u0259krarlanmamas\u0131 &uuml;&ccedil;&uuml;n vacib \u015f\u0259rtdir. Bu m\u0259qs\u0259dl\u0259, d&ouml;vl\u0259timiz t\u0259r\u0259find\u0259n, el\u0259c\u0259 d\u0259 Heyd\u0259r \u018fliyev Fondunun t\u0259\u015f\u0259bb&uuml;s&uuml; v\u0259 t\u0259\u015fkilat&ccedil;\u0131l\u0131\u011f\u0131 il\u0259 h\u0259yata ke&ccedil;iril\u0259n sistemli t\u0259dbirl\u0259rin n\u0259tic\u0259sidir ki, bir &ccedil;ox &ouml;lk\u0259l\u0259rd\u0259 Xocal\u0131 faci\u0259si soyq\u0131r\u0131m v\u0259 q\u0259tliam akt\u0131 kimi t\u0259sdiq olunub.<\/span><\/p>\n<p style=\"text-align: justify; text-indent: 1cm;\"><span style=\"font-size: 12pt; font-family: Arial, sans-serif; color: #000000;\">M&ouml;ht\u0259r\u0259m Prezidentimiz c\u0259nab \u0130lham \u018fliyevin m&uuml;vafiq S\u0259r\u0259ncam\u0131na uy\u011fun olaraq, haz\u0131rda &ouml;lk\u0259mizd\u0259 Xocal\u0131 soyq\u0131r\u0131m\u0131n\u0131n otuzuncu ild&ouml;n&uuml;m&uuml;n\u0259 h\u0259sr olunan &ccedil;oxlsayl\u0131 t\u0259dbirl\u0259r h\u0259yata ke&ccedil;irilir. Bu t\u0259dbirl\u0259r\u0259 ali t\u0259hsil m&uuml;\u0259ssis\u0259si olaraq t&ouml;hf\u0259 verm\u0259k m\u0259qs\u0259dil\u0259, Xocal\u0131 h\u0259qiq\u0259tl\u0259rinin ara\u015fd\u0131r\u0131lmas\u0131, &ouml;yr\u0259nilm\u0259si, g\u0259nc n\u0259sill\u0259r\u0259 &ouml;t&uuml;r&uuml;lm\u0259si, el\u0259c\u0259 d\u0259 &ouml;lk\u0259 daxilind\u0259 v\u0259 onun h&uuml;dudlar\u0131ndan k\u0259narda daha geni\u015f ictimaiyy\u0259t\u0259 &ccedil;atd\u0131r\u0131lmas\u0131 v\u0259 t\u0259bli\u011f edilm\u0259si \u0259sas v\u0259zif\u0259l\u0259rimizd\u0259n hesab olunur. <\/span><\/p>\n<p style=\"text-align: justify; text-indent: 1cm;\"><span style=\"font-size: 12pt; font-family: Arial, sans-serif; color: #000000;\">N\u0259 q\u0259d\u0259r ill\u0259r ke&ccedil;s\u0259 d\u0259, Xocal\u0131 faci\u0259sini he&ccedil; zaman unutmayaca\u011f\u0131q. Xocal\u0131 soyq\u0131r\u0131m\u0131 zaman\u0131 q\u0259tl\u0259 yetirilmi\u015f soyda\u015flar\u0131m\u0131z\u0131n \u0259ziz xatir\u0259sini faci\u0259nin otuzuncu ild&ouml;n&uuml;m&uuml;nd\u0259 d\u0259rin h&uuml;znl\u0259 v\u0259 b&ouml;y&uuml;k ehtiramla yad ed\u0259r\u0259k Uca Allahdan b&uuml;t&uuml;n \u015f\u0259hidl\u0259rimiz\u0259 r\u0259hm\u0259t, qazil\u0259rimiz\u0259 is\u0259 \u015f\u0259fa dil\u0259yir\u0259m.<\/span><\/p>","protected":false},"excerpt":{"rendered":"<p>\u015eahin Bayramov: &ldquo;Xocal\u0131 faci\u0259sini he&ccedil; zaman unutmayaca\u011f\u0131q&rdquo; &nbsp; Bak\u0131, 26 fevral,&nbsp;AZ\u018fRTAC Bu g&uuml;n Az\u0259rbaycan tarixinin \u0259n d\u0259h\u015f\u0259tli s\u0259hif\u0259l\u0259rind\u0259n biri olan Xocal\u0131 soyq\u0131r\u0131m\u0131ndan otuz il &ouml;t&uuml;r. Erm\u0259ni fa\u015fizminin i&ccedil; &uuml;z&uuml;n&uuml; bir daha d&uuml;nyaya a&ccedil;\u0131b g&ouml;st\u0259r\u0259n bu qanl\u0131 hadis\u0259, t\u0259kc\u0259 Az\u0259rbaycan xalq\u0131na qar\u015f\u0131 deyil, b&uuml;t&uuml;n b\u0259\u015f\u0259riyy\u0259t\u0259 qar\u015f\u0131 y&ouml;n\u0259lmi\u015f tarixi cinay\u0259tdir. D&uuml;z otuz il \u0259vv\u0259l, 1992-ci ilin fevral [&hellip;]<\/p>\n","protected":false},"author":1,"featured_media":0,"comment_status":"open","ping_status":"open","sticky":false,"template":"","format":"standard","meta":{"_eb_attr":"","ocean_post_layout":"","ocean_both_sidebars_style":"","ocean_both_sidebars_content_width":0,"ocean_both_sidebars_sidebars_width":0,"ocean_sidebar":"","ocean_second_sidebar":"","ocean_disable_margins":"enable","ocean_add_body_class":"","ocean_shortcode_before_top_bar":"","ocean_shortcode_after_top_bar":"","ocean_shortcode_before_header":"","ocean_shortcode_after_header":"","ocean_has_shortcode":"","ocean_shortcode_after_title":"","ocean_shortcode_before_footer_widgets":"","ocean_shortcode_after_footer_widgets":"","ocean_shortcode_before_footer_bottom":"","ocean_shortcode_after_footer_bottom":"","ocean_display_top_bar":"default","ocean_display_header":"default","ocean_header_style":"","ocean_center_header_left_menu":"","ocean_custom_header_template":"","ocean_custom_logo":0,"ocean_custom_retina_logo":0,"ocean_custom_logo_max_width":0,"ocean_custom_logo_tablet_max_width":0,"ocean_custom_logo_mobile_max_width":0,"ocean_custom_logo_max_height":0,"ocean_custom_logo_tablet_max_height":0,"ocean_custom_logo_mobile_max_height":0,"ocean_header_custom_menu":"","ocean_menu_typo_font_family":"","ocean_menu_typo_font_subset":"","ocean_menu_typo_font_size":0,"ocean_menu_typo_font_size_tablet":0,"ocean_menu_typo_font_size_mobile":0,"ocean_menu_typo_font_size_unit":"px","ocean_menu_typo_font_weight":"","ocean_menu_typo_font_weight_tablet":"","ocean_menu_typo_font_weight_mobile":"","ocean_menu_typo_transform":"","ocean_menu_typo_transform_tablet":"","ocean_menu_typo_transform_mobile":"","ocean_menu_typo_line_height":0,"ocean_menu_typo_line_height_tablet":0,"ocean_menu_typo_line_height_mobile":0,"ocean_menu_typo_line_height_unit":"","ocean_menu_typo_spacing":0,"ocean_menu_typo_spacing_tablet":0,"ocean_menu_typo_spacing_mobile":0,"ocean_menu_typo_spacing_unit":"","ocean_menu_link_color":"","ocean_menu_link_color_hover":"","ocean_menu_link_color_active":"","ocean_menu_link_background":"","ocean_menu_link_hover_background":"","ocean_menu_link_active_background":"","ocean_menu_social_links_bg":"","ocean_menu_social_hover_links_bg":"","ocean_menu_social_links_color":"","ocean_menu_social_hover_links_color":"","ocean_disable_title":"default","ocean_disable_heading":"default","ocean_post_title":"","ocean_post_subheading":"","ocean_post_title_style":"","ocean_post_title_background_color":"","ocean_post_title_background":0,"ocean_post_title_bg_image_position":"","ocean_post_title_bg_image_attachment":"","ocean_post_title_bg_image_repeat":"","ocean_post_title_bg_image_size":"","ocean_post_title_height":0,"ocean_post_title_bg_overlay":0.5,"ocean_post_title_bg_overlay_color":"","ocean_disable_breadcrumbs":"default","ocean_breadcrumbs_color":"","ocean_breadcrumbs_separator_color":"","ocean_breadcrumbs_links_color":"","ocean_breadcrumbs_links_hover_color":"","ocean_display_footer_widgets":"default","ocean_display_footer_bottom":"default","ocean_custom_footer_template":"","ocean_post_oembed":"","ocean_post_self_hosted_media":"","ocean_post_video_embed":"","ocean_link_format":"","ocean_link_format_target":"self","ocean_quote_format":"","ocean_quote_format_link":"post","ocean_gallery_link_images":"on","ocean_gallery_id":[],"footnotes":""},"categories":[63],"tags":[],"class_list":["post-16323","post","type-post","status-publish","format-standard","hentry","category-khaebaerlaer-az","entry"],"_links":{"self":[{"href":"https:\/\/mdu.edu.az\/en\/wp-json\/wp\/v2\/posts\/16323","targetHints":{"allow":["GET"]}}],"collection":[{"href":"https:\/\/mdu.edu.az\/en\/wp-json\/wp\/v2\/posts"}],"about":[{"href":"https:\/\/mdu.edu.az\/en\/wp-json\/wp\/v2\/types\/post"}],"author":[{"embeddable":true,"href":"https:\/\/mdu.edu.az\/en\/wp-json\/wp\/v2\/users\/1"}],"replies":[{"embeddable":true,"href":"https:\/\/mdu.edu.az\/en\/wp-json\/wp\/v2\/comments?post=16323"}],"version-history":[{"count":0,"href":"https:\/\/mdu.edu.az\/en\/wp-json\/wp\/v2\/posts\/16323\/revisions"}],"wp:attachment":[{"href":"https:\/\/mdu.edu.az\/en\/wp-json\/wp\/v2\/media?parent=16323"}],"wp:term":[{"taxonomy":"category","embeddable":true,"href":"https:\/\/mdu.edu.az\/en\/wp-json\/wp\/v2\/categories?post=16323"},{"taxonomy":"post_tag","embeddable":true,"href":"https:\/\/mdu.edu.az\/en\/wp-json\/wp\/v2\/tags?post=16323"}],"curies":[{"name":"wp","href":"https:\/\/api.w.org\/{rel}","templated":true}]}}