{"id":25238,"date":"2022-05-20T14:26:04","date_gmt":"2022-05-20T11:26:04","guid":{"rendered":"https:\/\/mdu.edu.az\/?p=25238"},"modified":"2023-09-11T10:44:35","modified_gmt":"2023-09-11T07:44:35","slug":"mdu-iqtisadiyyat-institutu-il%c9%99-%c9%99m%c9%99kdasliq-ed%c9%99c%c9%99k","status":"publish","type":"post","link":"https:\/\/mdu.edu.az\/en\/mdu-iqtisadiyyat-institutu-il%c9%99-%c9%99m%c9%99kdasliq-ed%c9%99c%c9%99k\/","title":{"rendered":"MDU \u0130qtisadiyyat \u0130nstitutu il\u0259 \u0259m\u0259kda\u015fl\u0131q ed\u0259c\u0259k"},"content":{"rendered":"<p><a rel=\"noreferrer noopener\" href=\"https:\/\/www.muallim.edu.az\/news.php?id=20604\" target=\"_blank\">&#8220;Az\u0259rbaycan m\u00fc\u0259llimi&#8221;, 20.05.2022<\/a><\/p>\n\n\n\n<p><a href=\"https:\/\/mdu.edu.az\/wp-content\/uploads\/2022\/05\/20-MAY-N-19-7.pdf\" target=\"_blank\" rel=\"noreferrer noopener\">Q\u0259zetin PDF versiyas\u0131<\/a><\/p>\n\n\n\n<p><strong>Elmi potensial\u0131n g\u00fccl\u0259ndirilm\u0259si m\u0259qs\u0259dil\u0259 t\u0259r\u0259fl\u0259r aras\u0131nda m\u00fcvafiq istiqam\u0259tl\u0259r \u00fczr\u0259 birg\u0259 f\u0259aliyy\u0259t realla\u015fd\u0131r\u0131lacaq<\/strong><\/p>\n\n\n\n<p>May\u0131n 17-d\u0259 AMEA \u0130qtisadiyyat \u0130nstitutu v\u0259 Ming\u0259\u00e7evir D\u00f6vl\u0259t Universitetinin (MDU) birg\u0259 t\u0259\u015fkilat\u00e7\u0131l\u0131\u011f\u0131 il\u0259 \u201cDavaml\u0131 inki\u015faf\u0131n milli prioritetl\u0259ri v\u0259 m\u00fcasir transformasiya siyas\u0259tinin reall\u0131qlar\u0131\u201d m\u00f6vzusunda elmi konfrans ke\u00e7irilib. Konfransda AMEA \u0130qtisadiyyat \u0130nstitutunun bir qrup alimi, universitetin professor-m\u00fc\u0259llim hey\u0259ti \u00fczvl\u0259ri, t\u0259l\u0259b\u0259l\u0259r v\u0259 magistrantlar i\u015ftirak edibl\u0259r.<\/p>\n\n\n\n<p>\u018fvv\u0259lc\u0259 V\u0259t\u0259n u\u011frunda canlar\u0131n\u0131 f\u0259da etmi\u015f \u015f\u0259hidl\u0259rin \u0259ziz xatir\u0259si bir d\u0259qiq\u0259lik s\u00fckutla yad edilib.<\/p>\n\n\n\n<p>Konfrans i\u015ftirak\u00e7\u0131lar\u0131n\u0131 salamlayan MDU-nun rektoru \u015eahin Bayramov aktual m\u00f6vzuya h\u0259sr edilmi\u015f elmi t\u0259dbirin t\u0259\u015fkilind\u0259 \u0259m\u0259yi olan h\u0259r k\u0259s\u0259, o c\u00fcml\u0259d\u0259n g\u00f6st\u0259rdikl\u0259ri d\u0259st\u0259y\u0259 g\u00f6r\u0259 AMEA \u0130qtisadiyyat \u0130nstitutunun v\u0259 Ming\u0259\u00e7evir \u015f\u0259h\u0259r \u0130cra Hakimiyy\u0259tinin r\u0259hb\u0259rliyin\u0259 t\u0259\u015f\u0259kk\u00fcr\u00fcn\u00fc bildirib.<\/p>\n\n\n\n<p>M\u00fcz\u0259ff\u0259r Ali Ba\u015f Komandan, m\u00f6ht\u0259r\u0259m Prezident \u0130lham \u018fliyevin q\u0259tiyy\u0259tli siyas\u0259ti v\u0259 yenilm\u0259z Az\u0259rbaycan \u018fsg\u0259rinin q\u0259hr\u0259manl\u0131\u011f\u0131 say\u0259sind\u0259 qazan\u0131lan tarixi Z\u0259f\u0259rd\u0259n sonra b\u00f6lg\u0259d\u0259 yeni geosiyasi reall\u0131qlar\u0131n yarand\u0131\u011f\u0131n\u0131 qeyd ed\u0259n \u015e.Bayramov postkonflikt d\u00f6vr\u00fcn\u00fcn yeni imkanlar formala\u015fd\u0131rmas\u0131 il\u0259 yana\u015f\u0131, m\u00fch\u00fcm \u00e7a\u011f\u0131r\u0131\u015flar da do\u011furdu\u011funu diqq\u0259t\u0259 \u00e7atd\u0131r\u0131b.<\/p>\n\n\n\n<p>M\u00fcasir d\u00f6vr\u00fcn prioritetl\u0259ri kontekstind\u0259 ali t\u0259hsil m\u00fc\u0259ssis\u0259l\u0259ri v\u0259 elmi-t\u0259dqiqat institutlar\u0131n\u0131n qar\u015f\u0131s\u0131nda duran v\u0259zif\u0259l\u0259rd\u0259n dan\u0131\u015fan rektor Az\u0259rbaycan\u0131n dayan\u0131ql\u0131 v\u0259 innovativ inki\u015faf\u0131, i\u015f\u011faldan azad edilmi\u015f \u0259razil\u0259rin dir\u00e7\u0259ldilm\u0259si v\u0259 dig\u0259r aktual m\u00f6vzularda apar\u0131lan t\u0259dqiqatlar\u0131n n\u0259tic\u0259l\u0259rinin t\u0259qdim edil\u0259c\u0259yi birg\u0259 elmi konfrans\u0131n bu istiqam\u0259td\u0259 g\u00f6r\u00fcl\u0259n i\u015fl\u0259r\u0259 t\u00f6hf\u0259 m\u0259qs\u0259di da\u015f\u0131d\u0131\u011f\u0131n\u0131 vur\u011fulay\u0131b. \u015e.Bayramov proqrama daxil olan m\u0259ruz\u0259l\u0259r \u0259traf\u0131nda maraql\u0131 elmi m\u00fczakir\u0259l\u0259rin apar\u0131laca\u011f\u0131na \u0259minliyini bildirib v\u0259 konfrans\u0131n i\u015fin\u0259 u\u011furlar arzulay\u0131b.<\/p>\n\n\n\n<p>MDU-nun kollektivi il\u0259 bir arada olmaqdan m\u0259mnunlu\u011funu ifad\u0259 ed\u0259n AMEA \u0130qtisadiyyat \u0130nstitutunun ba\u015f direktoru Nazim \u0130manov konfransa d\u0259v\u0259t\u0259 g\u00f6r\u0259 universitet r\u0259hb\u0259rliyin\u0259 t\u0259\u015f\u0259kk\u00fcr\u00fcn\u00fc bildirib. Paytaxdan k\u0259narda, regionlarda elmi m\u00fchitin formala\u015fmas\u0131n\u0131n m\u00fch\u00fcm \u0259h\u0259miyy\u0259tind\u0259n dan\u0131\u015fan N.\u0130manov bu bax\u0131mdan birg\u0259 konfrans\u0131n ke\u00e7irilm\u0259si il\u0259 ba\u011fl\u0131 MDU-nun t\u0259\u015f\u0259bb\u00fcs\u00fcn\u00fc y\u00fcks\u0259k qiym\u0259tl\u0259ndirib v\u0259 elmi-t\u0259dqiqat institutu olaraq \u0259m\u0259kda\u015fl\u0131\u011fa daim a\u00e7\u0131q olduqlar\u0131n\u0131 qeyd edib.<\/p>\n\n\n\n<p>S\u0259batl\u0131, dayan\u0131ql\u0131 v\u0259 davaml\u0131 inki\u015faf\u0131n t\u0259min olunmas\u0131n\u0131n d\u00f6vl\u0259t siyas\u0259tinin prioritetl\u0259rind\u0259n oldu\u011funu diqq\u0259t\u0259 \u00e7atd\u0131ran N.\u0130manov konfrans\u0131n m\u00f6vzusunun aktuall\u0131\u011f\u0131ndan s\u00f6hb\u0259t a\u00e7\u0131b. Haz\u0131rda \u00f6lk\u0259 ba\u015f\u00e7\u0131s\u0131n\u0131n davaml\u0131 inki\u015faf sah\u0259sind\u0259 m\u00fc\u0259yy\u0259n etdiyi prioritetl\u0259rl\u0259 ba\u011fl\u0131 t\u0259dqiqatlar\u0131n apar\u0131lmas\u0131n\u0131n elmi-t\u0259dqiqat v\u0259 ali t\u0259hsil m\u00fc\u0259ssis\u0259l\u0259rind\u0259 elmi f\u0259aliyy\u0259tin ba\u015fl\u0131ca istiqam\u0259tl\u0259rini t\u0259\u015fkil etdiyini vur\u011fulayan institutun ba\u015f direktoru son d\u00f6vrd\u0259 MDU-da bel\u0259 m\u00f6vzulara x\u00fcsusi \u00f6n\u0259m verilm\u0259sini t\u0259qdir\u0259layiq hesab edib.<\/p>\n\n\n\n<p>Do\u011fma Qaraba\u011f\u0131n dir\u00e7\u0259li\u015find\u0259n v\u0259 uzunm\u00fcdd\u0259tli perspektivd\u0259 onun m\u00fcqayis\u0259li \u00fcst\u00fcnl\u00fckl\u0259rinin art\u0131r\u0131lmas\u0131ndan b\u0259hs ed\u0259n N.\u0130manov bununla ba\u011fl\u0131 elmi c\u0259h\u0259td\u0259n \u0259sasland\u0131r\u0131lm\u0131\u015f strateji bax\u0131\u015flar\u0131n ortaya \u00e7\u0131xar\u0131lmas\u0131 m\u0259qs\u0259dil\u0259 r\u0259hb\u0259rlik etdiyi institutda apar\u0131lan elmi t\u0259dqiqatlar\u0131n v\u0259ziyy\u0259ti bar\u0259d\u0259 m\u0259lumat verib. Bu istiqam\u0259td\u0259 elmi potensial\u0131n inki\u015faf etdirilm\u0259sind\u0259 m\u00fcxt\u0259lif formatda ke\u00e7iril\u0259n elmi t\u0259dbirl\u0259rin \u0259h\u0259miyy\u0259tind\u0259n dan\u0131\u015fan N.\u0130manov konfrans\u0131n davaml\u0131 olmas\u0131n\u0131 arzulay\u0131b.<\/p>\n\n\n\n<p>AMEA \u0130qtisadiyyat \u0130nstitutu v\u0259 MDU aras\u0131nda \u0259m\u0259kda\u015fl\u0131q \u00e7\u0259r\u00e7iv\u0259sind\u0259 Ming\u0259\u00e7evird\u0259 bel\u0259 bir elmi konfrans\u0131n t\u0259\u015fkilind\u0259n m\u0259mnunluq hissi ke\u00e7irdiyini bildir\u0259n Ming\u0259\u00e7evir \u015f\u0259h\u0259r \u0130cra Hakimiyy\u0259tinin ba\u015f\u00e7\u0131s\u0131 \u0130lham \u0130smay\u0131lov h\u0259r iki qurumun r\u0259hb\u0259rliyin\u0259 v\u0259 \u0259m\u0259kda\u015flar\u0131na t\u0259\u015f\u0259kk\u00fcr edib.<\/p>\n\n\n\n<p>Konfrans\u0131n aktual m\u00f6vzuya h\u0259sr olundu\u011funu diqq\u0259t\u0259 \u00e7atd\u0131ran \u0130.\u0130smay\u0131lov bu g\u00fcn Az\u0259rbaycan\u0131n u\u011furlu davaml\u0131 inki\u015faf modelinin \u0259sas\u0131nda \u00dcmummilli Lider, m\u00fcst\u0259qil d\u00f6vl\u0259t\u00e7iliyimizin memar\u0131 Heyd\u0259r \u018fliyevin uzaqg\u00f6r\u0259n siyas\u0259ti v\u0259 ideyalar\u0131n\u0131n, onun titanik f\u0259aliyy\u0259tinin n\u0259tic\u0259l\u0259rinin dayand\u0131\u011f\u0131n\u0131 qeyd edib.<\/p>\n\n\n\n<p>M\u00f6ht\u0259r\u0259m Prezident \u0130lham \u018fliyevin d\u00fc\u015f\u00fcn\u00fclm\u00fc\u015f, ard\u0131c\u0131l v\u0259 sistemli siyas\u0259ti say\u0259sind\u0259 \u00f6lk\u0259mizin yeni keyfiyy\u0259t m\u0259rh\u0259l\u0259sin\u0259 q\u0259d\u0259m qoydu\u011funu, m\u00f6ht\u0259\u015f\u0259m q\u0259l\u0259b\u0259l\u0259r\u0259 v\u0259 nailiyy\u0259tl\u0259r\u0259 imza atd\u0131\u011f\u0131n\u0131 vur\u011fulayan icra ba\u015f\u00e7\u0131s\u0131 m\u00fcasir d\u00f6vr\u00fcn \u00e7a\u011f\u0131r\u0131\u015flar\u0131n\u0131n elmi \u0259saslarla t\u0259hlili v\u0259 h\u0259llind\u0259 elm ictimaiyy\u0259tinin, aliml\u0259rin \u00fcz\u0259rin\u0259 b\u00f6y\u00fck v\u0259zif\u0259l\u0259r d\u00fc\u015fd\u00fcy\u00fcn\u00fc deyib. Tarixi Z\u0259f\u0259rd\u0259n d\u0259rhal sonra i\u015f\u011faldan azad edilmi\u015f \u0259razil\u0259rd\u0259 s\u00fcr\u0259tli, irimiqyasl\u0131 b\u0259rpa v\u0259 quruculuq i\u015fl\u0259rinin h\u0259yata ke\u00e7irilm\u0259sinin d\u00f6vl\u0259tin q\u00fcdr\u0259tinin g\u00f6st\u0259ricisi oldu\u011funu bildir\u0259n \u0130.\u0130smay\u0131lov proqramda bununla ba\u011fl\u0131 m\u00f6vzulara geni\u015f yer ayr\u0131lmas\u0131n\u0131 m\u00fcsb\u0259t d\u0259y\u0259rl\u0259ndirib, konfrans i\u015ftirak\u00e7\u0131lar\u0131na v\u0259 m\u0259ruz\u0259\u00e7il\u0259r\u0259 u\u011furlar arzulay\u0131b.<\/p>\n\n\n\n<p>Sonra konfransda elmi m\u0259ruz\u0259l\u0259r dinl\u0259nilib. AMEA \u0130qtisadiyyat \u0130nstitutundan Postkonflikt \u018frazil\u0259rin B\u0259rpas\u0131 Elmi M\u0259rk\u0259zinin r\u0259hb\u0259ri, AMEA-n\u0131n m\u00fcxbir \u00fczv\u00fc, professor Akif Musayev \u201cPost-konflikt \u0259razil\u0259rin b\u0259rpas\u0131 v\u0259 yenid\u0259n qurulmas\u0131n\u0131n maliyy\u0259l\u0259\u015fm\u0259sind\u0259 d\u00f6vl\u0259t-\u00f6z\u0259l \u0259m\u0259kda\u015fl\u0131\u011f\u0131\u201d, Xidm\u0259t sektorunun iqtisadiyyat\u0131 \u015f\u00f6b\u0259sinin m\u00fcdiri, professor M\u00fc\u015fviq Ataki\u015fiyev \u201cD\u00f6rd\u00fcnc\u00fc s\u0259naye inqilab\u0131 kontekstind\u0259 Az\u0259rbaycan s\u0259nayesinin inki\u015faf prioritetl\u0259ri\u201d v\u0259 icra\u00e7\u0131 direktor v\u0259zif\u0259sini icra ed\u0259n, dosent Allahyar Muradov \u201cAz\u0259rbaycan\u0131n innovativ iqtisadi inki\u015faf\u0131n\u0131n m\u00fchit \u00e7\u0259r\u00e7iv\u0259si: real v\u0259ziyy\u0259t v\u0259 perspektivl\u0259r\u201d m\u00f6vzular\u0131nda \u00e7\u0131x\u0131\u015f edibl\u0259r. MDU \u0259m\u0259kda\u015flar\u0131ndan is\u0259 S\u0259nayenin t\u0259\u015fkili v\u0259 idar\u0259etm\u0259 kafedras\u0131n\u0131n m\u00fcdiri, dosent Emiliya H\u00fcseynova \u201cDayan\u0131ql\u0131 m\u0259skunla\u015fma v\u0259 iqtisadi f\u0259aliyy\u0259t\u0259 reinteqrasiya\u201d, \u0130qtisadiyyat v\u0259 idar\u0259etm\u0259 fak\u00fclt\u0259sinin dekan\u0131, dosent N\u00fc\u015fab\u0259 Q\u0259dimli \u201cM\u00fcasir \u0259m\u0259k bazar\u0131n\u0131n t\u0259l\u0259bl\u0259rin\u0259 uy\u011fun kadr haz\u0131rl\u0131\u011f\u0131nda regional universitetl\u0259rin rolu\u201d, \u0130qtisadiyyat kafedras\u0131n\u0131n ba\u015f m\u00fc\u0259llimi Arif Ta\u011f\u0131yev \u201c\u0130\u015f\u011faldan azad edilmi\u015f \u0259razil\u0259rin b\u0259rpas\u0131 istiqam\u0259tind\u0259 d\u00f6vl\u0259tin regional siyas\u0259tinin yeni prioritetl\u0259ri\u201d v\u0259 \u0130qtisadiyyat kafedras\u0131n\u0131n m\u00fc\u0259llimi V\u00fcqar M\u0259mm\u0259dli \u201cMilli Prioritetl\u0259rin realla\u015fd\u0131r\u0131lmas\u0131n\u0131n maliyy\u0259 t\u0259minat\u0131n\u0131n \u0259sas m\u0259nb\u0259l\u0259ri\u201d m\u00f6vzular\u0131nda m\u0259ruz\u0259l\u0259rini diqq\u0259t\u0259 \u00e7atd\u0131r\u0131blar.<\/p>\n\n\n\n<p>M\u0259ruz\u0259l\u0259r \u0259traf\u0131nda geni\u015f fikir m\u00fcbadil\u0259si apar\u0131l\u0131b v\u0259 konfrans i\u015ftirak\u00e7\u0131lar\u0131n\u0131n \u00e7oxsayl\u0131 suallar\u0131 cavabland\u0131r\u0131l\u0131b.<\/p>\n\n\n\n<p>Konfrans \u00e7\u0259r\u00e7iv\u0259sind\u0259 AMEA-n\u0131n \u0130qtisadiyyat \u0130nstitutu v\u0259 Ming\u0259\u00e7evir D\u00f6vl\u0259t Universiteti aras\u0131nda qar\u015f\u0131l\u0131ql\u0131 \u0259m\u0259kda\u015fl\u0131q haqq\u0131nda Anla\u015fma Memorandumu imzalan\u0131b. Memorandum elmi potensial\u0131n g\u00fccl\u0259ndirilm\u0259si m\u0259qs\u0259dil\u0259 t\u0259r\u0259fl\u0259r aras\u0131nda m\u00fcvafiq istiqam\u0259tl\u0259r \u00fczr\u0259 birg\u0259 f\u0259aliyy\u0259tl\u0259rin realla\u015fd\u0131r\u0131lmas\u0131n\u0131 \u00f6z\u00fcnd\u0259 ehtiva edir. Memorandumda elmi kadrlar\u0131n h\u0259rt\u0259r\u0259fli inki\u015faf\u0131, g\u0259nc doktorant v\u0259 t\u0259dqiqat\u00e7\u0131lar\u0131n elmi bilikl\u0259rinin art\u0131r\u0131lmas\u0131, birg\u0259 t\u0259dqiqatlar\u0131n apar\u0131lmas\u0131 v\u0259 birg\u0259 n\u0259\u015frl\u0259rin haz\u0131rlanmas\u0131, magistrantlar\u0131n elmi-pedaqoji t\u0259cr\u00fcb\u0259si \u00fc\u00e7\u00fcn laz\u0131mi \u015f\u0259raitin yarad\u0131lmas\u0131, m\u00fcvafiq sah\u0259l\u0259r \u00fczr\u0259 elmi-t\u0259dqiqat istiqam\u0259tl\u0259rinin birlikd\u0259 m\u00fc\u0259yy\u0259n edilm\u0259si, ortaq konfranslar\u0131n, seminarlar\u0131n v\u0259 \u201cd\u0259yirmi masa\u201dlar\u0131n ke\u00e7irilm\u0259si, ustad d\u0259rsl\u0259rinin t\u0259\u015fkili, m\u00fcvafiq layih\u0259 v\u0259 proqramlarda birg\u0259 i\u015ftirak\u0131n t\u0259min edilm\u0259si v\u0259 qar\u015f\u0131l\u0131ql\u0131 maraq do\u011furan dig\u0259r sah\u0259l\u0259rd\u0259 \u0259m\u0259kda\u015fl\u0131\u011f\u0131n inki\u015faf etdirilm\u0259si x\u00fcsusi qeyd edilib.<\/p>\n\n\n\n<p>Qeyd ed\u0259k ki, haz\u0131rda modernl\u0259\u015fm\u0259 m\u0259rh\u0259l\u0259sind\u0259 olan MDU-da elmi f\u0259aliyy\u0259tin s\u0259m\u0259r\u0259liliyinin art\u0131r\u0131lmas\u0131na, davaml\u0131 v\u0259 dayan\u0131ql\u0131 inki\u015faf\u0131n m\u00fcxt\u0259lif aspektl\u0259rin\u0259 dair n\u0259tic\u0259y\u00f6n\u00fcml\u00fc elmi ara\u015fd\u0131rmalar\u0131n apar\u0131lmas\u0131na, yerli v\u0259 xarici t\u0259r\u0259fda\u015flarla birg\u0259 elmi t\u0259dbirl\u0259rin ke\u00e7irilm\u0259sin\u0259 x\u00fcsusi \u00f6n\u0259m verilir. Bu kontekstd\u0259, 2021-ci ild\u0259 MDU-nun tarixind\u0259 ilk elmi jurnal hesab edil\u0259n \u201cDayan\u0131ql\u0131 inki\u015faf\u201d multidisiplinar elmi jurnal\u0131 t\u0259sis olunub. El\u0259c\u0259 d\u0259, universitetd\u0259 \u201cDavaml\u0131 inki\u015faf strategiyas\u0131: qlobal trendl\u0259r, milli t\u0259cr\u00fcb\u0259l\u0259r v\u0259 yeni h\u0259d\u0259fl\u0259r\u201d adl\u0131 ilk beyn\u0259lxalq konfrans ke\u00e7irilib, \u201cDayan\u0131ql\u0131 \u0130nki\u015faf v\u0259 Regional \u0130nnovasiyalar\u201d T\u0259dqiqat M\u0259rk\u0259zinin yarad\u0131lmas\u0131 il\u0259 ba\u011fl\u0131 Elmi \u015eura t\u0259r\u0259find\u0259n q\u0259rar q\u0259bul olunub.<\/p>","protected":false},"excerpt":{"rendered":"<p>&#8220;Az\u0259rbaycan m\u00fc\u0259llimi&#8221;, 20.05.2022 Q\u0259zetin PDF versiyas\u0131 Elmi potensial\u0131n g\u00fccl\u0259ndirilm\u0259si m\u0259qs\u0259dil\u0259 t\u0259r\u0259fl\u0259r aras\u0131nda m\u00fcvafiq istiqam\u0259tl\u0259r \u00fczr\u0259 birg\u0259 f\u0259aliyy\u0259t realla\u015fd\u0131r\u0131lacaq May\u0131n 17-d\u0259 AMEA \u0130qtisadiyyat \u0130nstitutu v\u0259 Ming\u0259\u00e7evir D\u00f6vl\u0259t Universitetinin (MDU) birg\u0259 t\u0259\u015fkilat\u00e7\u0131l\u0131\u011f\u0131 il\u0259 \u201cDavaml\u0131 inki\u015faf\u0131n milli prioritetl\u0259ri v\u0259 m\u00fcasir transformasiya siyas\u0259tinin reall\u0131qlar\u0131\u201d m\u00f6vzusunda elmi konfrans ke\u00e7irilib. Konfransda AMEA \u0130qtisadiyyat \u0130nstitutunun bir qrup alimi, universitetin professor-m\u00fc\u0259llim hey\u0259ti \u00fczvl\u0259ri, [&hellip;]<\/p>\n","protected":false},"author":2,"featured_media":25114,"comment_status":"open","ping_status":"open","sticky":false,"template":"","format":"standard","meta":{"_eb_attr":"","ocean_post_layout":"","ocean_both_sidebars_style":"","ocean_both_sidebars_content_width":0,"ocean_both_sidebars_sidebars_width":0,"ocean_sidebar":"0","ocean_second_sidebar":"0","ocean_disable_margins":"enable","ocean_add_body_class":"","ocean_shortcode_before_top_bar":"","ocean_shortcode_after_top_bar":"","ocean_shortcode_before_header":"","ocean_shortcode_after_header":"","ocean_has_shortcode":"","ocean_shortcode_after_title":"","ocean_shortcode_before_footer_widgets":"","ocean_shortcode_after_footer_widgets":"","ocean_shortcode_before_footer_bottom":"","ocean_shortcode_after_footer_bottom":"","ocean_display_top_bar":"default","ocean_display_header":"default","ocean_header_style":"","ocean_center_header_left_menu":"0","ocean_custom_header_template":"0","ocean_custom_logo":0,"ocean_custom_retina_logo":0,"ocean_custom_logo_max_width":0,"ocean_custom_logo_tablet_max_width":0,"ocean_custom_logo_mobile_max_width":0,"ocean_custom_logo_max_height":0,"ocean_custom_logo_tablet_max_height":0,"ocean_custom_logo_mobile_max_height":0,"ocean_header_custom_menu":"0","ocean_menu_typo_font_family":"0","ocean_menu_typo_font_subset":"","ocean_menu_typo_font_size":0,"ocean_menu_typo_font_size_tablet":0,"ocean_menu_typo_font_size_mobile":0,"ocean_menu_typo_font_size_unit":"px","ocean_menu_typo_font_weight":"","ocean_menu_typo_font_weight_tablet":"","ocean_menu_typo_font_weight_mobile":"","ocean_menu_typo_transform":"","ocean_menu_typo_transform_tablet":"","ocean_menu_typo_transform_mobile":"","ocean_menu_typo_line_height":0,"ocean_menu_typo_line_height_tablet":0,"ocean_menu_typo_line_height_mobile":0,"ocean_menu_typo_line_height_unit":"","ocean_menu_typo_spacing":0,"ocean_menu_typo_spacing_tablet":0,"ocean_menu_typo_spacing_mobile":0,"ocean_menu_typo_spacing_unit":"","ocean_menu_link_color":"","ocean_menu_link_color_hover":"","ocean_menu_link_color_active":"","ocean_menu_link_background":"","ocean_menu_link_hover_background":"","ocean_menu_link_active_background":"","ocean_menu_social_links_bg":"","ocean_menu_social_hover_links_bg":"","ocean_menu_social_links_color":"","ocean_menu_social_hover_links_color":"","ocean_disable_title":"default","ocean_disable_heading":"default","ocean_post_title":"","ocean_post_subheading":"","ocean_post_title_style":"","ocean_post_title_background_color":"","ocean_post_title_background":0,"ocean_post_title_bg_image_position":"","ocean_post_title_bg_image_attachment":"","ocean_post_title_bg_image_repeat":"","ocean_post_title_bg_image_size":"","ocean_post_title_height":0,"ocean_post_title_bg_overlay":0.5,"ocean_post_title_bg_overlay_color":"","ocean_disable_breadcrumbs":"default","ocean_breadcrumbs_color":"","ocean_breadcrumbs_separator_color":"","ocean_breadcrumbs_links_color":"","ocean_breadcrumbs_links_hover_color":"","ocean_display_footer_widgets":"default","ocean_display_footer_bottom":"default","ocean_custom_footer_template":"0","ocean_post_oembed":"","ocean_post_self_hosted_media":"","ocean_post_video_embed":"","ocean_link_format":"","ocean_link_format_target":"self","ocean_quote_format":"","ocean_quote_format_link":"post","ocean_gallery_link_images":"on","ocean_gallery_id":[],"footnotes":""},"categories":[150,31],"tags":[],"class_list":["post-25238","post","type-post","status-publish","format-standard","has-post-thumbnail","hentry","category-azmuellim","category-mdu_xeberleri","entry","has-media"],"_links":{"self":[{"href":"https:\/\/mdu.edu.az\/en\/wp-json\/wp\/v2\/posts\/25238","targetHints":{"allow":["GET"]}}],"collection":[{"href":"https:\/\/mdu.edu.az\/en\/wp-json\/wp\/v2\/posts"}],"about":[{"href":"https:\/\/mdu.edu.az\/en\/wp-json\/wp\/v2\/types\/post"}],"author":[{"embeddable":true,"href":"https:\/\/mdu.edu.az\/en\/wp-json\/wp\/v2\/users\/2"}],"replies":[{"embeddable":true,"href":"https:\/\/mdu.edu.az\/en\/wp-json\/wp\/v2\/comments?post=25238"}],"version-history":[{"count":4,"href":"https:\/\/mdu.edu.az\/en\/wp-json\/wp\/v2\/posts\/25238\/revisions"}],"predecessor-version":[{"id":40757,"href":"https:\/\/mdu.edu.az\/en\/wp-json\/wp\/v2\/posts\/25238\/revisions\/40757"}],"wp:featuredmedia":[{"embeddable":true,"href":"https:\/\/mdu.edu.az\/en\/wp-json\/wp\/v2\/media\/25114"}],"wp:attachment":[{"href":"https:\/\/mdu.edu.az\/en\/wp-json\/wp\/v2\/media?parent=25238"}],"wp:term":[{"taxonomy":"category","embeddable":true,"href":"https:\/\/mdu.edu.az\/en\/wp-json\/wp\/v2\/categories?post=25238"},{"taxonomy":"post_tag","embeddable":true,"href":"https:\/\/mdu.edu.az\/en\/wp-json\/wp\/v2\/tags?post=25238"}],"curies":[{"name":"wp","href":"https:\/\/api.w.org\/{rel}","templated":true}]}}