{"id":28813,"date":"2022-06-26T15:10:29","date_gmt":"2022-06-26T12:10:29","guid":{"rendered":"https:\/\/mdu.edu.az\/?p=28813"},"modified":"2022-09-30T08:19:23","modified_gmt":"2022-09-30T05:19:23","slug":"sahin-bayramov-c%c9%99nubi-qafqazin-%c9%99n-guclu-silahli-quvv%c9%99si-hesab-edil%c9%99n-qalib-az%c9%99rbaycan-ordusu-il%c9%99-qurur-duyuruq","status":"publish","type":"post","link":"https:\/\/mdu.edu.az\/en\/sahin-bayramov-c%c9%99nubi-qafqazin-%c9%99n-guclu-silahli-quvv%c9%99si-hesab-edil%c9%99n-qalib-az%c9%99rbaycan-ordusu-il%c9%99-qurur-duyuruq\/","title":{"rendered":"\u015eahin Bayramov: C\u0259nubi Qafqaz\u0131n \u0259n g\u00fccl\u00fc silahl\u0131 q\u00fcvv\u0259si hesab edil\u0259n qalib Az\u0259rbaycan Ordusu il\u0259 q\u00fcrur duyuruq"},"content":{"rendered":"<p>Bak\u0131, 26 iyun,&nbsp;<a href=\"https:\/\/azertag.az\/xeber\/Sahin_Bayramov_Cenubi_Qafqazin_en_guclu_silahli_quvvesi_hesab_edilen_qalib_Azerbaycan_Ordusu_ile_qurur_duyuruq-2193929\" target=\"_blank\" rel=\"noreferrer noopener\">AZ\u018fRTAC<\/a><\/p>\n\n\n\n<p>Bu g\u00fcn Az\u0259rbaycan Silahl\u0131 Q\u00fcvv\u0259l\u0259rinin yaranmas\u0131n\u0131n 104 illiyini qalib \u00f6lk\u0259nin qalib v\u0259t\u0259nda\u015flar\u0131 kimi sonsuz sevinc v\u0259 f\u0259xar\u0259t hissl\u0259ri il\u0259 y\u00fcks\u0259k bayram \u0259hval-ruhiyy\u0259sind\u0259 qeyd edirik.<\/p>\n\n\n\n<p>Az\u0259rbaycan Xalq C\u00fcmhuriyy\u0259ti d\u00f6vr\u00fcnd\u0259 ilk h\u0259rbi hiss\u0259 kimi yarad\u0131lan \u0259lahidd\u0259 Az\u0259rbaycan korpusunun \u00f6mr\u00fc q\u0131sa olsa da, \u00fcmummilli lider Heyd\u0259r \u018fliyevin ad\u0131 il\u0259 ba\u011fl\u0131 olan m\u00fcasir Az\u0259rbaycan Silahl\u0131 Q\u00fcvv\u0259l\u0259rinin formala\u015fd\u0131r\u0131lmas\u0131 v\u0259 g\u00fccl\u0259ndirilm\u0259si strategiyas\u0131 haz\u0131rda Prezident \u0130lham \u018fliyev t\u0259r\u0259find\u0259n u\u011furla davam etdirilir. Bu g\u00fcn d\u00fcnyan\u0131n 50 \u0259n g\u00fccl\u00fc ordular\u0131 s\u0131ras\u0131nda yer alan, C\u0259nubi Qafqaz\u0131n \u0259n g\u00fccl\u00fc silahl\u0131 q\u00fcvv\u0259si hesab edil\u0259n qalib Az\u0259rbaycan Ordusu il\u0259 q\u00fcrur duyuruq.<\/p>\n\n\n\n<p>Bu fikirl\u0259ri&nbsp;<a href=\"https:\/\/azertag.az\/xeber\/Sahin_Bayramov_Cenubi_Qafqazin_en_guclu_silahli_quvvesi_hesab_edilen_qalib_Azerbaycan_Ordusu_ile_qurur_duyuruq-2193929\" target=\"_blank\" rel=\"noreferrer noopener\">AZ\u018fRTAC<\/a>-a a\u00e7\u0131qlamas\u0131nda Ming\u0259\u00e7evir D\u00f6vl\u0259t Universitetinin (MDU) rektoru \u015eahin Bayramov bildirib.<\/p>\n\n\n\n<p>Qeyd edib ki, 44 g\u00fcnl\u00fck V\u0259t\u0259n m\u00fcharib\u0259sind\u0259 M\u00fcz\u0259ff\u0259r Ali Ba\u015f Komandan \u0130lham \u018fliyevin r\u0259hb\u0259rliyi il\u0259 r\u0259\u015fad\u0259tli Az\u0259rbaycan Silahl\u0131 Q\u00fcvv\u0259l\u0259rinin q\u0259hr\u0259man \u0259sg\u0259r v\u0259 zabitl\u0259ri do\u011fma yurdlar\u0131m\u0131z\u0131 d\u00fc\u015fm\u0259n i\u015f\u011fal\u0131ndan azad ed\u0259r\u0259k tarixi \u0259dal\u0259ti v\u0259 milli q\u00fcrurumuzu b\u0259rpa etdi. Ordumuz q\u0131sa m\u00fcdd\u0259td\u0259 apard\u0131\u011f\u0131 \u0259ks-h\u00fccum \u0259m\u0259liyyatlar\u0131 n\u0259tic\u0259sind\u0259 m\u00f6hk\u0259m tikil\u0259n istehkamlara v\u0259 m\u00fcr\u0259kk\u0259b relyefin yaratd\u0131\u011f\u0131 t\u0259bii mane\u0259l\u0259r\u0259 baxmayaraq, otuz il\u0259 yax\u0131n i\u015f\u011fal alt\u0131nda qalan torpaqlar\u0131m\u0131zdan d\u00fc\u015fm\u0259ni qovdu v\u0259 erm\u0259nil\u0259rin \u201cm\u0259\u011flubedilm\u0259z ordu\u201d mifini darmada\u011f\u0131n etdi. Dinc sakinl\u0259rimizi h\u0259d\u0259f\u0259 alaraq d\u00fc\u015fm\u0259n xain v\u0259 m\u0259nfur \u0259m\u0259ll\u0259r\u0259 \u0259l atsa da, Silahl\u0131 Q\u00fcvv\u0259l\u0259rimiz yaln\u0131z d\u00f6y\u00fc\u015f meydan\u0131nda onlara sars\u0131d\u0131c\u0131 z\u0259rb\u0259l\u0259r vuraraq \u00f6z g\u00fcc\u00fcn\u00fc v\u0259 yenilm\u0259zliyini bariz \u015f\u0259kild\u0259 d\u00fcnyaya n\u00fcmayi\u015f etdirdi. Ordumuz m\u00fcasir texnologiyalardan istifad\u0259 etm\u0259kl\u0259 XXI \u0259sr \u00fc\u00e7\u00fcn n\u00fcmun\u0259vi hesab edil\u0259n d\u00f6y\u00fc\u015f strategiyas\u0131 v\u0259 taktikas\u0131 il\u0259 ad\u0131n\u0131 d\u00fcnya h\u0259rb tarixin\u0259 \u015f\u0259r\u0259fl\u0259 yazd\u0131. T\u0259sad\u00fcfi deyil ki, bu g\u00fcn d\u00fcnyan\u0131n bir \u00e7ox h\u0259rbi t\u0259hsil m\u00fc\u0259ssis\u0259l\u0259rind\u0259 v\u0259 t\u0259dqiqat m\u0259rk\u0259zl\u0259rind\u0259 Ordumuzun \u015fanl\u0131 qalibiyy\u0259t t\u0259cr\u00fcb\u0259si \u00f6yr\u0259nilir v\u0259 t\u0259hlil edilir.<\/p>\n\n\n\n<p>\u018fsg\u0259r v\u0259 zabitl\u0259rimizin pe\u015f\u0259kar haz\u0131rl\u0131qlar\u0131 il\u0259 yana\u015f\u0131, onlar\u0131n y\u00fcks\u0259k m\u0259n\u0259vi ruha sahib olmas\u0131 da tarixi Z\u0259f\u0259rin qazan\u0131lmas\u0131nda h\u0259lledici amill\u0259rd\u0259n oldu\u011funu s\u00f6yl\u0259y\u0259n rektor deyib: \u201cPrezident \u0130lham \u018fliyevin qeyd etdiyi kimi, \u201cH\u0259rb\u00e7il\u0259rimizin h\u0259m pe\u015f\u0259karl\u0131\u011f\u0131, h\u0259m fiziki g\u00fcc\u00fc, m\u0259n\u0259vi haz\u0131rl\u0131\u011f\u0131, v\u0259t\u0259np\u0259rv\u0259rliyi, f\u0259dakarl\u0131\u011f\u0131 bu \u015f\u0259r\u0259fli Q\u0259l\u0259b\u0259miz\u0259 nail olmaq \u00fc\u00e7\u00fcn biz\u0259 imkan yaratd\u0131\u201d. \u015e\u00fcbh\u0259sizdir ki, 44 g\u00fcnl\u00fck V\u0259t\u0259n m\u00fcharib\u0259sind\u0259 h\u0259rb\u00e7il\u0259rimizin bu y\u00fcks\u0259k m\u0259n\u0259vi ruhu v\u0259 m\u00fcbarizlik \u0259zmi Ali Ba\u015f Komandan\u0131n b\u00f6y\u00fck s\u0259rk\u0259rd\u0259lik m\u0259har\u0259tind\u0259n, onun c\u0259sar\u0259tli v\u0259 q\u0259tiyy\u0259tli \u00e7\u0131x\u0131\u015flar\u0131ndan, xalq\u0131n m\u0259n\u0259vi d\u0259st\u0259yind\u0259n, haqq-\u0259dal\u0259tin t\u0259r\u0259fimizd\u0259 olmas\u0131ndan v\u0259 v\u0259t\u0259np\u0259rv\u0259rlik t\u0259rbiy\u0259sind\u0259n qaynaqlan\u0131rd\u0131. X\u00fcsusil\u0259 qeyd olunmal\u0131d\u0131r ki, tarixi Z\u0259f\u0259r y\u00fcr\u00fc\u015f\u00fcnd\u0259 \u0259sas missiyan\u0131 m\u0259hz Prezident \u0130lham \u018fliyevin r\u0259hb\u0259rliyi d\u00f6vr\u00fcnd\u0259 v\u0259t\u0259np\u0259rv\u0259rlik ruhunda yeti\u015f\u0259n g\u0259nc n\u0259sil yerin\u0259 yetirdi.<\/p>\n\n\n\n<p>V\u0259t\u0259nimizin b\u00fct\u00f6vl\u00fcy\u00fc v\u0259 parlaq g\u0259l\u0259c\u0259yi namin\u0259 qanlar\u0131 v\u0259 canlar\u0131 bahas\u0131na tarixi Z\u0259f\u0259rin qazan\u0131lmas\u0131nda b\u00f6y\u00fck pay sahibi olan q\u0259hr\u0259man \u015f\u0259hidl\u0259rimizin \u0259ziz xatir\u0259sini b\u00f6y\u00fck ehtiram v\u0259 sonsuz minn\u0259tdarl\u0131q hissl\u0259ri il\u0259 yad edirik, onlar\u0131n ruhlar\u0131 qar\u015f\u0131s\u0131nda ba\u015f \u0259yirik. Allahdan \u015f\u0259hidl\u0259rimiz\u0259 r\u0259hm\u0259t, qazil\u0259rimiz\u0259 is\u0259 \u015f\u0259fa dil\u0259yirik.<\/p>\n\n\n\n<p>D\u00f6vl\u0259t m\u00fcst\u0259qilliyimizin qarant\u0131 olan Silahl\u0131 Q\u00fcvv\u0259l\u0259rin g\u00fccl\u0259ndirilm\u0259si sah\u0259sind\u0259 i\u015fl\u0259r postm\u00fcharib\u0259 d\u00f6vr\u00fcnd\u0259 d\u0259 u\u011furla davam etdirilir. \u00d6lk\u0259 ba\u015f\u00e7\u0131s\u0131n\u0131n vur\u011fulad\u0131\u011f\u0131 kimi, \u201cAz\u0259rbaycan Ordusu bundan sonra da \u00f6z pe\u015f\u0259karl\u0131\u011f\u0131n\u0131 v\u0259 y\u00fcks\u0259k m\u0259n\u0259vi ruhunu qoruyacaqd\u0131r\u201d. Ordumuzun maddi-texniki bazas\u0131n\u0131n g\u00fccl\u0259ndirilm\u0259si, y\u00fcks\u0259kixtisasl\u0131 zabitl\u0259rin v\u0259 pe\u015f\u0259kar h\u0259rb\u00e7i kadrlar\u0131n yeti\u015fdirilm\u0259si istiqam\u0259tind\u0259 h\u0259yata ke\u00e7irilm\u0259kd\u0259 olan m\u0259qs\u0259dy\u00f6nl\u00fc t\u0259dbirl\u0259r dem\u0259y\u0259 \u0259sas verir ki, \u00f6lk\u0259mizin \u0259razi b\u00fct\u00f6vl\u00fcy\u00fc, suverenliyi v\u0259 m\u00fcst\u0259qilliyi etibarl\u0131 \u015f\u0259kild\u0259 qorunur. Ya\u015fas\u0131n Ali Ba\u015f Komandan! Ya\u015fas\u0131n Az\u0259rbaycan Silahl\u0131 Q\u00fcvv\u0259l\u0259ri! Ya\u015fas\u0131n Az\u0259rbaycan xalq\u0131!\u201d.<\/p>","protected":false},"excerpt":{"rendered":"<p>Bak\u0131, 26 iyun,&nbsp;AZ\u018fRTAC Bu g\u00fcn Az\u0259rbaycan Silahl\u0131 Q\u00fcvv\u0259l\u0259rinin yaranmas\u0131n\u0131n 104 illiyini qalib \u00f6lk\u0259nin qalib v\u0259t\u0259nda\u015flar\u0131 kimi sonsuz sevinc v\u0259 f\u0259xar\u0259t hissl\u0259ri il\u0259 y\u00fcks\u0259k bayram \u0259hval-ruhiyy\u0259sind\u0259 qeyd edirik. Az\u0259rbaycan Xalq C\u00fcmhuriyy\u0259ti d\u00f6vr\u00fcnd\u0259 ilk h\u0259rbi hiss\u0259 kimi yarad\u0131lan \u0259lahidd\u0259 Az\u0259rbaycan korpusunun \u00f6mr\u00fc q\u0131sa olsa da, \u00fcmummilli lider Heyd\u0259r \u018fliyevin ad\u0131 il\u0259 ba\u011fl\u0131 olan m\u00fcasir Az\u0259rbaycan Silahl\u0131 Q\u00fcvv\u0259l\u0259rinin [&hellip;]<\/p>\n","protected":false},"author":1,"featured_media":20750,"comment_status":"open","ping_status":"open","sticky":false,"template":"","format":"standard","meta":{"_eb_attr":"","ocean_post_layout":"","ocean_both_sidebars_style":"","ocean_both_sidebars_content_width":0,"ocean_both_sidebars_sidebars_width":0,"ocean_sidebar":"0","ocean_second_sidebar":"0","ocean_disable_margins":"enable","ocean_add_body_class":"","ocean_shortcode_before_top_bar":"","ocean_shortcode_after_top_bar":"","ocean_shortcode_before_header":"","ocean_shortcode_after_header":"","ocean_has_shortcode":"","ocean_shortcode_after_title":"","ocean_shortcode_before_footer_widgets":"","ocean_shortcode_after_footer_widgets":"","ocean_shortcode_before_footer_bottom":"","ocean_shortcode_after_footer_bottom":"","ocean_display_top_bar":"default","ocean_display_header":"default","ocean_header_style":"","ocean_center_header_left_menu":"0","ocean_custom_header_template":"0","ocean_custom_logo":0,"ocean_custom_retina_logo":0,"ocean_custom_logo_max_width":0,"ocean_custom_logo_tablet_max_width":0,"ocean_custom_logo_mobile_max_width":0,"ocean_custom_logo_max_height":0,"ocean_custom_logo_tablet_max_height":0,"ocean_custom_logo_mobile_max_height":0,"ocean_header_custom_menu":"0","ocean_menu_typo_font_family":"0","ocean_menu_typo_font_subset":"","ocean_menu_typo_font_size":0,"ocean_menu_typo_font_size_tablet":0,"ocean_menu_typo_font_size_mobile":0,"ocean_menu_typo_font_size_unit":"px","ocean_menu_typo_font_weight":"","ocean_menu_typo_font_weight_tablet":"","ocean_menu_typo_font_weight_mobile":"","ocean_menu_typo_transform":"","ocean_menu_typo_transform_tablet":"","ocean_menu_typo_transform_mobile":"","ocean_menu_typo_line_height":0,"ocean_menu_typo_line_height_tablet":0,"ocean_menu_typo_line_height_mobile":0,"ocean_menu_typo_line_height_unit":"","ocean_menu_typo_spacing":0,"ocean_menu_typo_spacing_tablet":0,"ocean_menu_typo_spacing_mobile":0,"ocean_menu_typo_spacing_unit":"","ocean_menu_link_color":"","ocean_menu_link_color_hover":"","ocean_menu_link_color_active":"","ocean_menu_link_background":"","ocean_menu_link_hover_background":"","ocean_menu_link_active_background":"","ocean_menu_social_links_bg":"","ocean_menu_social_hover_links_bg":"","ocean_menu_social_links_color":"","ocean_menu_social_hover_links_color":"","ocean_disable_title":"default","ocean_disable_heading":"default","ocean_post_title":"","ocean_post_subheading":"","ocean_post_title_style":"","ocean_post_title_background_color":"","ocean_post_title_background":0,"ocean_post_title_bg_image_position":"","ocean_post_title_bg_image_attachment":"","ocean_post_title_bg_image_repeat":"","ocean_post_title_bg_image_size":"","ocean_post_title_height":0,"ocean_post_title_bg_overlay":0.5,"ocean_post_title_bg_overlay_color":"","ocean_disable_breadcrumbs":"default","ocean_breadcrumbs_color":"","ocean_breadcrumbs_separator_color":"","ocean_breadcrumbs_links_color":"","ocean_breadcrumbs_links_hover_color":"","ocean_display_footer_widgets":"default","ocean_display_footer_bottom":"default","ocean_custom_footer_template":"0","ocean_post_oembed":"","ocean_post_self_hosted_media":"","ocean_post_video_embed":"","ocean_link_format":"","ocean_link_format_target":"self","ocean_quote_format":"","ocean_quote_format_link":"post","ocean_gallery_link_images":"off","ocean_gallery_id":[],"footnotes":""},"categories":[108],"tags":[],"class_list":["post-28813","post","type-post","status-publish","format-standard","has-post-thumbnail","hentry","category-vtnprvrlik","entry","has-media"],"_links":{"self":[{"href":"https:\/\/mdu.edu.az\/en\/wp-json\/wp\/v2\/posts\/28813","targetHints":{"allow":["GET"]}}],"collection":[{"href":"https:\/\/mdu.edu.az\/en\/wp-json\/wp\/v2\/posts"}],"about":[{"href":"https:\/\/mdu.edu.az\/en\/wp-json\/wp\/v2\/types\/post"}],"author":[{"embeddable":true,"href":"https:\/\/mdu.edu.az\/en\/wp-json\/wp\/v2\/users\/1"}],"replies":[{"embeddable":true,"href":"https:\/\/mdu.edu.az\/en\/wp-json\/wp\/v2\/comments?post=28813"}],"version-history":[{"count":1,"href":"https:\/\/mdu.edu.az\/en\/wp-json\/wp\/v2\/posts\/28813\/revisions"}],"predecessor-version":[{"id":28814,"href":"https:\/\/mdu.edu.az\/en\/wp-json\/wp\/v2\/posts\/28813\/revisions\/28814"}],"wp:featuredmedia":[{"embeddable":true,"href":"https:\/\/mdu.edu.az\/en\/wp-json\/wp\/v2\/media\/20750"}],"wp:attachment":[{"href":"https:\/\/mdu.edu.az\/en\/wp-json\/wp\/v2\/media?parent=28813"}],"wp:term":[{"taxonomy":"category","embeddable":true,"href":"https:\/\/mdu.edu.az\/en\/wp-json\/wp\/v2\/categories?post=28813"},{"taxonomy":"post_tag","embeddable":true,"href":"https:\/\/mdu.edu.az\/en\/wp-json\/wp\/v2\/tags?post=28813"}],"curies":[{"name":"wp","href":"https:\/\/api.w.org\/{rel}","templated":true}]}}