{"id":38905,"date":"2022-10-15T17:06:45","date_gmt":"2022-10-15T14:06:45","guid":{"rendered":"https:\/\/mdu.edu.az\/?p=38905"},"modified":"2022-10-15T21:29:13","modified_gmt":"2022-10-15T18:29:13","slug":"ilham_aliyev_reghbet_beslenen_lider","status":"publish","type":"post","link":"https:\/\/mdu.edu.az\/en\/ilham_aliyev_reghbet_beslenen_lider\/","title":{"rendered":"\u015eahin Bayramov: Prezident \u0130lham \u018fliyev d\u00fcnyada \u0259n \u00e7ox r\u0259\u011fb\u0259t b\u0259sl\u0259nil\u0259n liderl\u0259r s\u0131ras\u0131ndad\u0131r"},"content":{"rendered":"<div data-elementor-type=\"wp-post\" data-elementor-id=\"38905\" class=\"elementor elementor-38905\" data-elementor-settings=\"{&quot;element_pack_global_tooltip_width&quot;:{&quot;unit&quot;:&quot;px&quot;,&quot;size&quot;:&quot;&quot;,&quot;sizes&quot;:[]},&quot;element_pack_global_tooltip_width_tablet&quot;:{&quot;unit&quot;:&quot;px&quot;,&quot;size&quot;:&quot;&quot;,&quot;sizes&quot;:[]},&quot;element_pack_global_tooltip_width_mobile&quot;:{&quot;unit&quot;:&quot;px&quot;,&quot;size&quot;:&quot;&quot;,&quot;sizes&quot;:[]},&quot;element_pack_global_tooltip_padding&quot;:{&quot;unit&quot;:&quot;px&quot;,&quot;top&quot;:&quot;&quot;,&quot;right&quot;:&quot;&quot;,&quot;bottom&quot;:&quot;&quot;,&quot;left&quot;:&quot;&quot;,&quot;isLinked&quot;:true},&quot;element_pack_global_tooltip_padding_tablet&quot;:{&quot;unit&quot;:&quot;px&quot;,&quot;top&quot;:&quot;&quot;,&quot;right&quot;:&quot;&quot;,&quot;bottom&quot;:&quot;&quot;,&quot;left&quot;:&quot;&quot;,&quot;isLinked&quot;:true},&quot;element_pack_global_tooltip_padding_mobile&quot;:{&quot;unit&quot;:&quot;px&quot;,&quot;top&quot;:&quot;&quot;,&quot;right&quot;:&quot;&quot;,&quot;bottom&quot;:&quot;&quot;,&quot;left&quot;:&quot;&quot;,&quot;isLinked&quot;:true},&quot;element_pack_global_tooltip_border_radius&quot;:{&quot;unit&quot;:&quot;px&quot;,&quot;top&quot;:&quot;&quot;,&quot;right&quot;:&quot;&quot;,&quot;bottom&quot;:&quot;&quot;,&quot;left&quot;:&quot;&quot;,&quot;isLinked&quot;:true},&quot;element_pack_global_tooltip_border_radius_tablet&quot;:{&quot;unit&quot;:&quot;px&quot;,&quot;top&quot;:&quot;&quot;,&quot;right&quot;:&quot;&quot;,&quot;bottom&quot;:&quot;&quot;,&quot;left&quot;:&quot;&quot;,&quot;isLinked&quot;:true},&quot;element_pack_global_tooltip_border_radius_mobile&quot;:{&quot;unit&quot;:&quot;px&quot;,&quot;top&quot;:&quot;&quot;,&quot;right&quot;:&quot;&quot;,&quot;bottom&quot;:&quot;&quot;,&quot;left&quot;:&quot;&quot;,&quot;isLinked&quot;:true}}\" data-elementor-post-type=\"post\">\n\t\t\t\t\t\t<section data-particle_enable=\"false\" data-particle-mobile-disabled=\"false\" class=\"elementor-section elementor-top-section elementor-element elementor-element-372f323b elementor-section-boxed elementor-section-height-default elementor-section-height-default\" data-id=\"372f323b\" data-element_type=\"section\" data-e-type=\"section\">\n\t\t\t\t\t\t<div class=\"elementor-container elementor-column-gap-default\">\n\t\t\t\t\t<div class=\"elementor-column elementor-col-100 elementor-top-column elementor-element elementor-element-11d1ba06\" data-id=\"11d1ba06\" data-element_type=\"column\" data-e-type=\"column\">\n\t\t\t<div class=\"elementor-widget-wrap elementor-element-populated\">\n\t\t\t\t\t\t<div class=\"elementor-element elementor-element-2a3ea4c6 elementor-widget elementor-widget-text-editor\" data-id=\"2a3ea4c6\" data-element_type=\"widget\" data-e-type=\"widget\" data-widget_type=\"text-editor.default\">\n\t\t\t\t<div class=\"elementor-widget-container\">\n\t\t\t\t\t\t\t\t\t\n<p><a href=\"https:\/\/azertag.az\/xeber\/Sahin_Bayramov_Prezident_Ilham_Aliyev_dunyada_en_chox_regbet_beslenilen_liderler_sirasindadir-2335556\">Bak\u0131, 15 oktyabr 2022-ci il, AZ\u018fRTAC<\/a><\/p>\n\n<p>H\u0259r bir xalq\u0131n taleyind\u0259 el\u0259 \u0259lam\u0259tdar g\u00fcnl\u0259r var ki, bu tarixd\u0259n ba\u015flayaraq onun g\u0259l\u0259c\u0259k m\u00fcq\u0259dd\u0259rat\u0131n\u0131 m\u00fc\u0259yy\u0259n ed\u0259n m\u00fch\u00fcm hadis\u0259l\u0259rin \u0259sas\u0131 qoyulub. M\u0259hz oktyabr\u0131n 15-i Az\u0259rbaycan xalq\u0131n\u0131n taleyind\u0259 bel\u0259 \u00f6n\u0259mli g\u00fcnl\u0259rd\u0259n hesab edilir. M\u0259lum oldu\u011fu kimi, d\u00fcz 19 il bundan \u0259vv\u0259l bu tarixd\u0259 ulu \u00f6nd\u0259r Heyd\u0259r \u018fliyevin siyasi kursunun layiqli davam\u00e7\u0131s\u0131 \u0130lham \u018fliyev xalq\u0131m\u0131z\u0131n etimad\u0131n\u0131 qazanaraq Az\u0259rbaycan Respublikas\u0131n\u0131n Prezidenti se\u00e7ildi v\u0259 bununla da m\u00fcst\u0259qil \u00f6lk\u0259mizin m\u00fcasir tarixind\u0259 yeni inki\u015faf m\u0259rh\u0259l\u0259si ba\u015fland\u0131.<br \/><br \/><\/p>\n\n<p><a href=\"https:\/\/azertag.az\" target=\"_blank\" rel=\"noreferrer noopener\">AZ\u018fRTAC<\/a> x\u0259b\u0259r verir ki, bu fikirl\u0259ri Ming\u0259\u00e7evir D\u00f6vl\u0259t Universitetinin rektoru \u015eahin Bayramov deyib.<br \/><br \/><\/p>\n\n<p>Rektor bildirib ki, \u00f6t\u0259n ill\u0259r \u0259rzind\u0259 \u00dcmummilli Liderin m\u00fc\u0259yy\u0259n etdiyi h\u0259rt\u0259r\u0259fli inki\u015faf strategiyas\u0131n\u0131 yeni keyfiyy\u0259t m\u00fcst\u0259visind\u0259 f\u00f6vq\u0259lad\u0259 u\u011furla h\u0259yata ke\u00e7ir\u0259n \u0130lham \u018fliyev y\u00fcr\u00fctd\u00fcy\u00fc m\u0259qs\u0259dy\u00f6nl\u00fc, sistemli, uzaqg\u00f6r\u0259n v\u0259 q\u0259tiyy\u0259tli siyas\u0259ti say\u0259sind\u0259 Az\u0259rbaycan\u0131 d\u00fcnyada m\u00f6vqel\u0259rini daha da g\u00fccl\u0259ndir\u0259n v\u0259 yeni geosiyasi reall\u0131qlar yaradan q\u00fcdr\u0259tli d\u00f6vl\u0259t\u0259 \u00e7evirib.<br \/><br \/><\/p>\n\n<p>\u201cM\u0259hz M\u00fcz\u0259ff\u0259r Ali Ba\u015f Komandan\u0131m\u0131z, Qalib S\u0259rk\u0259rd\u0259miz \u0130lham \u018fliyevin m\u00fcdrik r\u0259hb\u0259rliyi il\u0259 r\u0259\u015fad\u0259tli Az\u0259rbaycan Ordusu tarixi Z\u0259f\u0259r qazand\u0131, do\u011fma v\u0259 \u0259z\u0259li torpaqlar\u0131m\u0131z\u0131 i\u015f\u011faldan azad ed\u0259r\u0259k \u0259razi b\u00fct\u00f6vl\u00fcy\u00fcm\u00fcz\u00fc t\u0259min etdi v\u0259 30 illik yurd h\u0259sr\u0259tin\u0259 son qoydu. Bu g\u00fcn d\u0259 Az\u0259rbaycan tarixin \u015fanl\u0131 s\u0259hif\u0259l\u0259rini yazmaqda davam edir. Az\u0259rbaycan Prezidentinin Qaraba\u011fda v\u0259 \u015e\u0259rqi-Z\u0259ng\u0259zurda apard\u0131\u011f\u0131 n\u0259h\u0259ng quruculuq i\u015fl\u0259ri, qlobal siyasi arenada misilsiz diplomatik u\u011furlar\u0131 h\u0259r birimiz\u0259 sonsuz f\u0259xar\u0259t hissl\u0259ri ya\u015fad\u0131r v\u0259 \u00f6lk\u0259mizin etibarl\u0131 g\u0259l\u0259c\u0259yi, t\u0259hl\u00fck\u0259siz v\u0259 davaml\u0131 inki\u015faf\u0131 \u00fc\u00e7\u00fcn m\u00f6hk\u0259m t\u0259m\u0259ll\u0259r yarad\u0131r.<br \/><br \/><\/p>\n\n<p>Q\u00fcrur duyuruq ki, do\u011fma Az\u0259rbaycan\u0131m\u0131z\u0131 m\u00fcasir d\u00fcnyan\u0131n apar\u0131c\u0131 aktorlar\u0131ndan birin\u0259 \u00e7evir\u0259n Prezidentimiz haz\u0131rda d\u00fcnyada \u0259n \u00e7ox r\u0259\u011fb\u0259t b\u0259sl\u0259nil\u0259n liderl\u0259r s\u0131ras\u0131ndad\u0131r\u201d, &#8211; dey\u0259 Universitetin rektoru vur\u011fulay\u0131b.<\/p>\n\t\t\t\t\t\t\t\t<\/div>\n\t\t\t\t<\/div>\n\t\t\t\t\t<\/div>\n\t\t<\/div>\n\t\t\t\t\t<\/div>\n\t\t<\/section>\n\t\t\t\t<\/div>","protected":false},"excerpt":{"rendered":"<p>Bak\u0131, 15 oktyabr 2022-ci il, AZ\u018fRTAC H\u0259r bir xalq\u0131n taleyind\u0259 el\u0259 \u0259lam\u0259tdar g\u00fcnl\u0259r var ki, bu tarixd\u0259n ba\u015flayaraq onun g\u0259l\u0259c\u0259k m\u00fcq\u0259dd\u0259rat\u0131n\u0131 m\u00fc\u0259yy\u0259n ed\u0259n m\u00fch\u00fcm hadis\u0259l\u0259rin \u0259sas\u0131 qoyulub. M\u0259hz oktyabr\u0131n 15-i Az\u0259rbaycan xalq\u0131n\u0131n taleyind\u0259 bel\u0259 \u00f6n\u0259mli g\u00fcnl\u0259rd\u0259n hesab edilir. M\u0259lum oldu\u011fu kimi, d\u00fcz 19 il bundan \u0259vv\u0259l bu tarixd\u0259 ulu \u00f6nd\u0259r Heyd\u0259r \u018fliyevin siyasi kursunun layiqli [&hellip;]<\/p>\n","protected":false},"author":2,"featured_media":38906,"comment_status":"closed","ping_status":"open","sticky":false,"template":"","format":"standard","meta":{"_eb_attr":"","ocean_post_layout":"","ocean_both_sidebars_style":"","ocean_both_sidebars_content_width":0,"ocean_both_sidebars_sidebars_width":0,"ocean_sidebar":"0","ocean_second_sidebar":"0","ocean_disable_margins":"enable","ocean_add_body_class":"","ocean_shortcode_before_top_bar":"","ocean_shortcode_after_top_bar":"","ocean_shortcode_before_header":"","ocean_shortcode_after_header":"","ocean_has_shortcode":"","ocean_shortcode_after_title":"","ocean_shortcode_before_footer_widgets":"","ocean_shortcode_after_footer_widgets":"","ocean_shortcode_before_footer_bottom":"","ocean_shortcode_after_footer_bottom":"","ocean_display_top_bar":"default","ocean_display_header":"default","ocean_header_style":"","ocean_center_header_left_menu":"0","ocean_custom_header_template":"0","ocean_custom_logo":0,"ocean_custom_retina_logo":0,"ocean_custom_logo_max_width":0,"ocean_custom_logo_tablet_max_width":0,"ocean_custom_logo_mobile_max_width":0,"ocean_custom_logo_max_height":0,"ocean_custom_logo_tablet_max_height":0,"ocean_custom_logo_mobile_max_height":0,"ocean_header_custom_menu":"0","ocean_menu_typo_font_family":"0","ocean_menu_typo_font_subset":"","ocean_menu_typo_font_size":0,"ocean_menu_typo_font_size_tablet":0,"ocean_menu_typo_font_size_mobile":0,"ocean_menu_typo_font_size_unit":"px","ocean_menu_typo_font_weight":"","ocean_menu_typo_font_weight_tablet":"","ocean_menu_typo_font_weight_mobile":"","ocean_menu_typo_transform":"","ocean_menu_typo_transform_tablet":"","ocean_menu_typo_transform_mobile":"","ocean_menu_typo_line_height":0,"ocean_menu_typo_line_height_tablet":0,"ocean_menu_typo_line_height_mobile":0,"ocean_menu_typo_line_height_unit":"","ocean_menu_typo_spacing":0,"ocean_menu_typo_spacing_tablet":0,"ocean_menu_typo_spacing_mobile":0,"ocean_menu_typo_spacing_unit":"","ocean_menu_link_color":"","ocean_menu_link_color_hover":"","ocean_menu_link_color_active":"","ocean_menu_link_background":"","ocean_menu_link_hover_background":"","ocean_menu_link_active_background":"","ocean_menu_social_links_bg":"","ocean_menu_social_hover_links_bg":"","ocean_menu_social_links_color":"","ocean_menu_social_hover_links_color":"","ocean_disable_title":"default","ocean_disable_heading":"default","ocean_post_title":"","ocean_post_subheading":"","ocean_post_title_style":"","ocean_post_title_background_color":"","ocean_post_title_background":0,"ocean_post_title_bg_image_position":"","ocean_post_title_bg_image_attachment":"","ocean_post_title_bg_image_repeat":"","ocean_post_title_bg_image_size":"","ocean_post_title_height":0,"ocean_post_title_bg_overlay":0.5,"ocean_post_title_bg_overlay_color":"","ocean_disable_breadcrumbs":"default","ocean_breadcrumbs_color":"","ocean_breadcrumbs_separator_color":"","ocean_breadcrumbs_links_color":"","ocean_breadcrumbs_links_hover_color":"","ocean_display_footer_widgets":"default","ocean_display_footer_bottom":"default","ocean_custom_footer_template":"0","ocean_post_oembed":"","ocean_post_self_hosted_media":"","ocean_post_video_embed":"","ocean_link_format":"","ocean_link_format_target":"self","ocean_quote_format":"","ocean_quote_format_link":"post","ocean_gallery_link_images":"on","ocean_gallery_id":[38906],"footnotes":""},"categories":[31],"tags":[],"class_list":["post-38905","post","type-post","status-publish","format-standard","has-post-thumbnail","hentry","category-mdu_xeberleri","entry","has-media"],"_links":{"self":[{"href":"https:\/\/mdu.edu.az\/en\/wp-json\/wp\/v2\/posts\/38905","targetHints":{"allow":["GET"]}}],"collection":[{"href":"https:\/\/mdu.edu.az\/en\/wp-json\/wp\/v2\/posts"}],"about":[{"href":"https:\/\/mdu.edu.az\/en\/wp-json\/wp\/v2\/types\/post"}],"author":[{"embeddable":true,"href":"https:\/\/mdu.edu.az\/en\/wp-json\/wp\/v2\/users\/2"}],"replies":[{"embeddable":true,"href":"https:\/\/mdu.edu.az\/en\/wp-json\/wp\/v2\/comments?post=38905"}],"version-history":[{"count":7,"href":"https:\/\/mdu.edu.az\/en\/wp-json\/wp\/v2\/posts\/38905\/revisions"}],"predecessor-version":[{"id":38914,"href":"https:\/\/mdu.edu.az\/en\/wp-json\/wp\/v2\/posts\/38905\/revisions\/38914"}],"wp:featuredmedia":[{"embeddable":true,"href":"https:\/\/mdu.edu.az\/en\/wp-json\/wp\/v2\/media\/38906"}],"wp:attachment":[{"href":"https:\/\/mdu.edu.az\/en\/wp-json\/wp\/v2\/media?parent=38905"}],"wp:term":[{"taxonomy":"category","embeddable":true,"href":"https:\/\/mdu.edu.az\/en\/wp-json\/wp\/v2\/categories?post=38905"},{"taxonomy":"post_tag","embeddable":true,"href":"https:\/\/mdu.edu.az\/en\/wp-json\/wp\/v2\/tags?post=38905"}],"curies":[{"name":"wp","href":"https:\/\/api.w.org\/{rel}","templated":true}]}}