{"id":43412,"date":"2023-02-15T10:18:17","date_gmt":"2023-02-15T07:18:17","guid":{"rendered":"https:\/\/mdu.edu.az\/?p=43412"},"modified":"2023-02-15T16:00:01","modified_gmt":"2023-02-15T13:00:01","slug":"heyd%c9%99r-%c9%99liyev-ilin%c9%99-h%c9%99sr-olunan-heyd%c9%99r-%c9%99liyev-100-must%c9%99qil-az%c9%99rbaycanin-qurucusu-v%c9%99-h%c9%99rt%c9%99r%c9%99fli-inkisaf","status":"publish","type":"post","link":"https:\/\/mdu.edu.az\/en\/heyd%c9%99r-%c9%99liyev-ilin%c9%99-h%c9%99sr-olunan-heyd%c9%99r-%c9%99liyev-100-must%c9%99qil-az%c9%99rbaycanin-qurucusu-v%c9%99-h%c9%99rt%c9%99r%c9%99fli-inkisaf\/","title":{"rendered":"5-6 may 2023-c\u00fc il tarixl\u0259rind\u0259 Ming\u0259\u00e7evir D\u00f6vl\u0259t Universitetind\u0259\u00a0\u201cHeyd\u0259r \u018fliyev \u0130li\u201dn\u0259 h\u0259sr olunan \u201cHeyd\u0259r \u018fliyev \u2013 100: m\u00fcst\u0259qil Az\u0259rbaycan\u0131n qurucusu v\u0259 h\u0259rt\u0259r\u0259fli inki\u015faf strategiyas\u0131n\u0131n m\u00fc\u0259llifi\u201d m\u00f6vzusunda Respublika elmi konfrans\u0131 ke\u00e7iril\u0259c\u0259kdir."},"content":{"rendered":"\n<p>Az\u0259rbaycan Respublikas\u0131n\u0131n Elm v\u0259 T\u0259hsil Nazirliyinin 03 fevral 2023-ci il tarixli, 329\/2-668\/2023 n\u00f6mr\u0259li m\u0259ktubu il\u0259 daxil olmu\u015f \u201cAz\u0259rbaycan Respublikas\u0131 Elm v\u0259 T\u0259hsil Nazirliyi sistemind\u0259 f\u0259aliyy\u0259t g\u00f6st\u0259r\u0259n ali t\u0259hsil m\u00fc\u0259ssis\u0259l\u0259rind\u0259 2023-c\u00fc ild\u0259 ke\u00e7iril\u0259c\u0259k beyn\u0259lxalq v\u0259 respublika s\u0259viyy\u0259li elmi konfrans, simpozium, forum v\u0259 konqresl\u0259rin siyah\u0131s\u0131\u201dna \u0259sas\u0259n, 5-6 may 2023-c\u00fc il tarixl\u0259rind\u0259 Ming\u0259\u00e7evir D\u00f6vl\u0259t Universitetind\u0259 \u201cHeyd\u0259r \u018fliyev \u0130li\u201dn\u0259 h\u0259sr olunan <strong>\u201cHeyd\u0259r \u018fliyev \u2013 100: m\u00fcst\u0259qil Az\u0259rbaycan\u0131n qurucusu v\u0259 h\u0259rt\u0259r\u0259fli inki\u015faf strategiyas\u0131n\u0131n m\u00fc\u0259llifi\u201d <\/strong>m\u00f6vzusunda Respublika elmi konfrans\u0131 ke\u00e7iril\u0259c\u0259kdir.<\/p>\n\n\n\n<p>Konfransa a\u015fa\u011f\u0131dak\u0131 istiqam\u0259tl\u0259r \u00fczr\u0259 m\u0259qal\u0259 v\u0259 tezisl\u0259r q\u0259bul edilir:<\/p>\n\n\n\n<p>1. Heyd\u0259r \u018fliyev m\u00fcasir Az\u0259rbaycan\u0131n memar\u0131d\u0131r<\/p>\n\n\n\n<p>2. Heyd\u0259r \u018fliyev v\u0259 m\u00fcasir d\u00f6vl\u0259t\u00e7ilik tariximiz<\/p>\n\n\n\n<p>3. Heyd\u0259r \u018fliyev v\u0259 Az\u0259rbaycanda v\u0259t\u0259nda\u015f c\u0259miyy\u0259tinin formala\u015fmas\u0131<\/p>\n\n\n\n<p>4. Az\u0259rbaycanda sosial h\u0259mr\u0259yliyin \u0259sas\u0131n\u0131 qoyan \u00dcmummilli Lider<\/p>\n\n\n\n<p>5. Heyd\u0259r \u018fliyev v\u0259 milli Konstitusiyan\u0131n t\u0259nt\u0259n\u0259si<\/p>\n\n\n\n<p>6. Heyd\u0259r \u018fliyev v\u0259 tarixi q\u0259l\u0259b\u0259l\u0259rimizin strateji \u0259saslar\u0131<\/p>\n\n\n\n<p>7. Milli-m\u0259n\u0259vi d\u0259y\u0259rl\u0259rin qorunmas\u0131nda Heyd\u0259r \u018flyevin xidm\u0259tl\u0259ri<\/p>\n\n\n\n<p>8. Heyd\u0259r \u018fliyev v\u0259 d\u00f6vl\u0259t-din m\u00fcnasib\u0259tl\u0259ri<\/p>\n\n\n\n<p>9. Heyd\u0259r \u018fliyev: multikulturalizm v\u0259 tolerantl\u0131q ideologiyas\u0131<\/p>\n\n\n\n<p>10. Heyd\u0259r \u018fliyev v\u0259 Az\u0259rbaycan dilinin m\u00fcasir inki\u015faf tendensiyalar\u0131<\/p>\n\n\n\n<p>11. Heyd\u0259r \u018fliyev v\u0259 Az\u0259rbaycan\u0131n xarici siyas\u0259t strategiyas\u0131<\/p>\n\n\n\n<p>12. Heyd\u0259r \u018fliyev v\u0259 Az\u0259rbaycan \u0259d\u0259biyyat\u0131n\u0131n intibah\u0131<\/p>\n\n\n\n<p>13. Heyd\u0259r \u018fliyev \u2013 Az\u0259rbaycan elminin, t\u0259hsilinin v\u0259 m\u0259d\u0259niyy\u0259tinin b\u00f6y\u00fck himay\u0259dar\u0131<\/p>\n\n\n\n<p>14. Heyd\u0259r \u018fliyev milli iqtisadi inki\u015faf strategiyas\u0131n\u0131n m\u00fc\u0259llifidir<\/p>\n\n\n\n<p>15. Heyd\u0259r \u018fliyev v\u0259 neft sektorunun inki\u015faf\u0131<\/p>\n\n\n\n<p>16. Heyd\u0259r \u018fliyev v\u0259 milli s\u0259naye-energetika kompleksinin inki\u015faf\u0131<\/p>\n\n\n\n<p>17. Az\u0259rbaycan\u0131n d\u00fcnya birliyin\u0259 inteqrasiyas\u0131nda Heyd\u0259r \u018flyevin tarixi rolu<\/p>\n\n\n\n<p>18. Heyd\u0259r \u018fliyev v\u0259 t\u00fcrk d\u00fcnyas\u0131n\u0131n y\u00fcks\u0259li\u015fi<\/p>\n\n\n\n<p>19. Ordu quruculu\u011funda Ulu \u00d6nd\u0259rin tarixi rolu<\/p>\n\n\n\n<p>20. Heyd\u0259r \u018fliyev irsi v\u0259 Az\u0259rbaycan g\u0259ncliyi<\/p>\n\n\n\n<p>21. G\u0259ncl\u0259rin v\u0259t\u0259np\u0259rv\u0259rlik t\u0259rbiy\u0259si v\u0259 Heyd\u0259r \u018fliyevin z\u0259ngin irsi<\/p>\n\n\n\n<p>22. Heyd\u0259r \u018fliyev \u2013 Tarixi Z\u0259f\u0259r\u0259 aparan siyas\u0259tin banisi<\/p>\n\n\n\n<p>Konfransda ali t\u0259hsil v\u0259 elmi-t\u0259dqiqat m\u00fc\u0259ssis\u0259l\u0259rini t\u0259msil ed\u0259n professor-m\u00fc\u0259llim hey\u0259ti, doktorant, dissertant v\u0259 elmi i\u015f\u00e7il\u0259r i\u015ftirak ed\u0259 bil\u0259rl\u0259r.<\/p>\n\n\n\n<p>Konfrans materiallar\u0131 toplu \u015f\u0259klind\u0259 \u00e7ap olunacaqd\u0131r.<\/p>\n\n\n\n<p><strong>M\u018fQAL\u018f V\u018f TEZ\u0130SL\u018fRIN T\u018fRT\u0130B\u0130N\u018f QOYULAN T\u018fL\u018fBL\u018fR:<\/strong><\/p>\n\n\n\n<ul class=\"wp-block-list\">\n<li>m\u0259qal\u0259 v\u0259 tezisl\u0259r Az\u0259rbaycan, t\u00fcrk, ingilis v\u0259 rus dill\u0259rind\u0259n birind\u0259 t\u0259qdim olunur;<\/li>\n\n\n\n<li>m\u0259tn A4 format\u0131nda (210&#215;297 mm), Times New Roman \u015frifti il\u0259 y\u0131\u011f\u0131l\u0131r (\u015friftin \u00f6l\u00e7\u00fcs\u00fc \u2013 12 pt; s\u0259tirl\u0259raras\u0131 interval \u2013 1 sm; abzas \u2013 1 sm; bo\u015f sah\u0259l\u0259r &#8211; h\u0259r t\u0259r\u0259fd\u0259n 2 sm);<\/li>\n\n\n\n<li>m\u0259qal\u0259 v\u0259 ya tezisin h\u0259cmi 5 s\u0259hif\u0259d\u0259n art\u0131q olmamal\u0131d\u0131r;<\/li>\n\n\n\n<li>ilk s\u0259tird\u0259 m\u0259rk\u0259zd\u0259 tezisin ad\u0131 (b\u00f6y\u00fck h\u0259rfl\u0259rl\u0259, qal\u0131n \u015frift il\u0259), n\u00f6vb\u0259ti s\u0259tirl\u0259rd\u0259 m\u00fc\u0259llifin ad\u0131, atas\u0131n\u0131n ad\u0131 v\u0259 soyad\u0131 (tam a\u00e7\u0131q \u015f\u0259kild\u0259, ki\u00e7ik h\u0259rfl\u0259rl\u0259, qal\u0131n \u015frift il\u0259), elmi d\u0259r\u0259c\u0259si, elmi ad\u0131, i\u015fl\u0259diyi v\u0259 ya t\u0259hsil ald\u0131\u011f\u0131 (<em>doktorant v\u0259 dissertantlar \u00fc\u00e7\u00fcn<\/em>) m\u00fc\u0259ssis\u0259nin ad\u0131, elektron \u00fcnvan v\u0259 \u0259laq\u0259 telefonu yaz\u0131lmal\u0131d\u0131r (bax: N\u00fcmun\u0259 1);<\/li>\n\n\n\n<li>istifad\u0259 edilmi\u015f \u0259d\u0259biyyat siyah\u0131s\u0131 m\u0259tnin sonunda \u0259lifba s\u0131ras\u0131 il\u0259 verilir (istinad olunan \u0259d\u0259biyyat\u0131n n\u00f6mr\u0259si m\u0259tnd\u0259 kvadrat m\u00f6t\u0259riz\u0259d\u0259 g\u00f6st\u0259rilir: m\u0259s\u0259l\u0259n, [2]).<\/li>\n<\/ul>\n\n\n\n<p>M\u0259qal\u0259 v\u0259 ya tezisin konfrans materiallar\u0131na daxil edilm\u0259si T\u0259\u015fkilat Komit\u0259sinin m\u00fcvafiq q\u0259rar\u0131 il\u0259 m\u00fc\u0259yy\u0259n edil\u0259c\u0259kdir. Z\u0259rur\u0259t yarand\u0131qda T\u0259\u015fkilat Komit\u0259sinin irad v\u0259 qeydl\u0259ri \u0259sas\u0131nda m\u00fc\u0259llif t\u0259r\u0259find\u0259n m\u0259qal\u0259 v\u0259 ya tezis \u00fcz\u0259rind\u0259 d\u00fcz\u0259li\u015f edil\u0259r\u0259k t\u0259krar g\u00f6nd\u0259rilm\u0259si n\u0259z\u0259rd\u0259 tutulur. T\u0259\u015fkilat Komit\u0259sinin irad v\u0259 qeydl\u0259ri q\u0259bul edilm\u0259dikd\u0259 v\u0259 d\u00fcz\u0259li\u015f edil\u0259r\u0259k vaxt\u0131nda g\u00f6nd\u0259rilm\u0259dikd\u0259 m\u0259qal\u0259 v\u0259 ya tezis konfrans materiallar\u0131na daxil edilm\u0259y\u0259c\u0259kdir.<\/p>\n\n\n\n<p>Konfransa t\u0259qdim edilmi\u015f m\u0259qal\u0259 v\u0259 tezisl\u0259r geri qaytar\u0131lm\u0131r.<\/p>\n\n\n\n<p>Bir n\u0259f\u0259rin m\u00fc\u0259llifliyi v\u0259 ya h\u0259mm\u00fc\u0259llifliyi il\u0259 yaln\u0131z bir m\u0259qal\u0259 v\u0259 ya tezis q\u0259bul edilir.<\/p>\n\n\n\n<p><strong>M\u0259qal\u0259 v\u0259 tezisl\u0259r 20 aprel 2023-c\u00fc il tarixind\u0259n gec olmayaraq elektron variantda a\u015fa\u011f\u0131dak\u0131 \u00fcnvana g\u00f6nd\u0259rilm\u0259lidir:<\/strong><\/p>\n\n\n\n<p><strong><a href=\"mailto:konfrans@mdu.edu.az\">konfrans@mdu.edu.az<\/a><\/strong><\/p>\n\n\n\n<p><strong>M\u0259sul katib: V\u00fcqar Mustafayev<\/strong><\/p>\n\n\n\n<p><strong>\u018flaq\u0259 telefonu: (+99455) 289 12 66<\/strong><\/p>\n\n\n\n<p>________________________________________________________________________<\/p>\n\n\n\n<p><strong><u>N\u00fcmun\u0259 1.<\/u><\/strong><\/p>\n\n\n\n<p><strong>M\u018fQAL\u018f V\u018f YA TEZ\u0130S\u0130N ADI<\/strong><\/p>\n\n\n\n<p><strong>Ad\u0131 Atas\u0131n\u0131n ad\u0131 Soyad\u0131 (tam a\u00e7\u0131q \u015f\u0259kild\u0259)<\/strong><\/p>\n\n\n\n<p>elmi d\u0259r\u0259c\u0259si, elmi ad\u0131<\/p>\n\n\n\n<p>i\u015fl\u0259diyi v\u0259 ya t\u0259hsil ald\u0131\u011f\u0131 (<em>doktorant v\u0259 dissertantlar \u00fc\u00e7\u00fcn<\/em>) m\u00fc\u0259ssis\u0259nin ad\u0131<\/p>\n\n\n\n<p>elektron po\u00e7t \u00fcnvan\u0131<\/p>\n\n\n\n<p>\u0259laq\u0259 telefonu \u018fsas m\u0259tn \u018fsas m\u0259tn [2] \u018fsas m\u0259tn \u018fsas m\u0259tn \u018fsas m\u0259tn \u018fsas m\u0259tn \u018fsas m\u0259tn [7] \u018fsas m\u0259tn \u018fsas m\u0259tn \u018fsas m\u0259tn \u018fsas m\u0259tn \u018fsas m\u0259tn \u018fsas m\u0259tn [1] \u018fsas m\u0259tn \u018fsas m\u0259tn \u018fsas m\u0259tn \u018fsas m\u0259tn \u018fsas m\u0259tn \u018fsas m\u0259tn \u018fsas m\u0259tn [5] \u018fsas m\u0259tn \u018fsas m\u0259tn \u018fsas m\u0259tn \u018fsas m\u0259tn \u018fsas m\u0259tn [3] \u018fsas m\u0259tn \u018fsas m\u0259tn \u018fsas m\u0259tn [6] \u018fsas m\u0259tn \u018fsas m\u0259tn \u018fsas m\u0259tn \u018fsas m\u0259tn [4] \u018fsas m\u0259tn \u018fsas m\u0259tn<\/p>\n","protected":false},"excerpt":{"rendered":"<p>Az\u0259rbaycan Respublikas\u0131n\u0131n Elm v\u0259 T\u0259hsil Nazirliyinin 03 fevral 2023-ci il tarixli, 329\/2-668\/2023 n\u00f6mr\u0259li m\u0259ktubu il\u0259 daxil olmu\u015f \u201cAz\u0259rbaycan Respublikas\u0131 Elm v\u0259 T\u0259hsil Nazirliyi sistemind\u0259 f\u0259aliyy\u0259t g\u00f6st\u0259r\u0259n ali t\u0259hsil m\u00fc\u0259ssis\u0259l\u0259rind\u0259 2023-c\u00fc ild\u0259 ke\u00e7iril\u0259c\u0259k beyn\u0259lxalq v\u0259 respublika s\u0259viyy\u0259li elmi konfrans, simpozium, forum v\u0259 konqresl\u0259rin siyah\u0131s\u0131\u201dna \u0259sas\u0259n, 5-6 may 2023-c\u00fc il tarixl\u0259rind\u0259 Ming\u0259\u00e7evir D\u00f6vl\u0259t Universitetind\u0259 \u201cHeyd\u0259r \u018fliyev \u0130li\u201dn\u0259 [&hellip;]<\/p>\n","protected":false},"author":1,"featured_media":43413,"comment_status":"closed","ping_status":"closed","sticky":false,"template":"","format":"gallery","meta":{"_eb_attr":"","ocean_post_layout":"","ocean_both_sidebars_style":"","ocean_both_sidebars_content_width":0,"ocean_both_sidebars_sidebars_width":0,"ocean_sidebar":"0","ocean_second_sidebar":"0","ocean_disable_margins":"enable","ocean_add_body_class":"","ocean_shortcode_before_top_bar":"","ocean_shortcode_after_top_bar":"","ocean_shortcode_before_header":"","ocean_shortcode_after_header":"","ocean_has_shortcode":"","ocean_shortcode_after_title":"","ocean_shortcode_before_footer_widgets":"","ocean_shortcode_after_footer_widgets":"","ocean_shortcode_before_footer_bottom":"","ocean_shortcode_after_footer_bottom":"","ocean_display_top_bar":"default","ocean_display_header":"default","ocean_header_style":"","ocean_center_header_left_menu":"0","ocean_custom_header_template":"0","ocean_custom_logo":0,"ocean_custom_retina_logo":0,"ocean_custom_logo_max_width":0,"ocean_custom_logo_tablet_max_width":0,"ocean_custom_logo_mobile_max_width":0,"ocean_custom_logo_max_height":0,"ocean_custom_logo_tablet_max_height":0,"ocean_custom_logo_mobile_max_height":0,"ocean_header_custom_menu":"0","ocean_menu_typo_font_family":"0","ocean_menu_typo_font_subset":"","ocean_menu_typo_font_size":0,"ocean_menu_typo_font_size_tablet":0,"ocean_menu_typo_font_size_mobile":0,"ocean_menu_typo_font_size_unit":"px","ocean_menu_typo_font_weight":"","ocean_menu_typo_font_weight_tablet":"","ocean_menu_typo_font_weight_mobile":"","ocean_menu_typo_transform":"","ocean_menu_typo_transform_tablet":"","ocean_menu_typo_transform_mobile":"","ocean_menu_typo_line_height":0,"ocean_menu_typo_line_height_tablet":0,"ocean_menu_typo_line_height_mobile":0,"ocean_menu_typo_line_height_unit":"","ocean_menu_typo_spacing":0,"ocean_menu_typo_spacing_tablet":0,"ocean_menu_typo_spacing_mobile":0,"ocean_menu_typo_spacing_unit":"","ocean_menu_link_color":"","ocean_menu_link_color_hover":"","ocean_menu_link_color_active":"","ocean_menu_link_background":"","ocean_menu_link_hover_background":"","ocean_menu_link_active_background":"","ocean_menu_social_links_bg":"","ocean_menu_social_hover_links_bg":"","ocean_menu_social_links_color":"","ocean_menu_social_hover_links_color":"","ocean_disable_title":"default","ocean_disable_heading":"default","ocean_post_title":"","ocean_post_subheading":"","ocean_post_title_style":"","ocean_post_title_background_color":"","ocean_post_title_background":0,"ocean_post_title_bg_image_position":"","ocean_post_title_bg_image_attachment":"","ocean_post_title_bg_image_repeat":"","ocean_post_title_bg_image_size":"","ocean_post_title_height":0,"ocean_post_title_bg_overlay":0.5,"ocean_post_title_bg_overlay_color":"","ocean_disable_breadcrumbs":"default","ocean_breadcrumbs_color":"","ocean_breadcrumbs_separator_color":"","ocean_breadcrumbs_links_color":"","ocean_breadcrumbs_links_hover_color":"","ocean_display_footer_widgets":"default","ocean_display_footer_bottom":"default","ocean_custom_footer_template":"0","ocean_post_oembed":"","ocean_post_self_hosted_media":"","ocean_post_video_embed":"","ocean_link_format":"","ocean_link_format_target":"self","ocean_quote_format":"","ocean_quote_format_link":"post","ocean_gallery_link_images":"on","ocean_gallery_id":[43413],"footnotes":""},"categories":[34,122],"tags":[],"class_list":["post-43412","post","type-post","status-publish","format-gallery","has-post-thumbnail","hentry","category-elanlar","category-heydr-liyev-100-il","post_format-post-format-gallery","entry","has-media"],"_links":{"self":[{"href":"https:\/\/mdu.edu.az\/en\/wp-json\/wp\/v2\/posts\/43412","targetHints":{"allow":["GET"]}}],"collection":[{"href":"https:\/\/mdu.edu.az\/en\/wp-json\/wp\/v2\/posts"}],"about":[{"href":"https:\/\/mdu.edu.az\/en\/wp-json\/wp\/v2\/types\/post"}],"author":[{"embeddable":true,"href":"https:\/\/mdu.edu.az\/en\/wp-json\/wp\/v2\/users\/1"}],"replies":[{"embeddable":true,"href":"https:\/\/mdu.edu.az\/en\/wp-json\/wp\/v2\/comments?post=43412"}],"version-history":[{"count":4,"href":"https:\/\/mdu.edu.az\/en\/wp-json\/wp\/v2\/posts\/43412\/revisions"}],"predecessor-version":[{"id":43437,"href":"https:\/\/mdu.edu.az\/en\/wp-json\/wp\/v2\/posts\/43412\/revisions\/43437"}],"wp:featuredmedia":[{"embeddable":true,"href":"https:\/\/mdu.edu.az\/en\/wp-json\/wp\/v2\/media\/43413"}],"wp:attachment":[{"href":"https:\/\/mdu.edu.az\/en\/wp-json\/wp\/v2\/media?parent=43412"}],"wp:term":[{"taxonomy":"category","embeddable":true,"href":"https:\/\/mdu.edu.az\/en\/wp-json\/wp\/v2\/categories?post=43412"},{"taxonomy":"post_tag","embeddable":true,"href":"https:\/\/mdu.edu.az\/en\/wp-json\/wp\/v2\/tags?post=43412"}],"curies":[{"name":"wp","href":"https:\/\/api.w.org\/{rel}","templated":true}]}}