{"id":43696,"date":"2023-02-25T17:10:00","date_gmt":"2023-02-25T14:10:00","guid":{"rendered":"https:\/\/mdu.edu.az\/?p=43696"},"modified":"2023-02-25T17:10:00","modified_gmt":"2023-02-25T14:10:00","slug":"xocaliya-%c9%99dal%c9%99t-kampaniyasi-xocali-soyqiriminin-tanidilmasi-istiqam%c9%99tind%c9%99-%c9%99n-ugurlu-addimdir","status":"publish","type":"post","link":"https:\/\/mdu.edu.az\/en\/xocaliya-%c9%99dal%c9%99t-kampaniyasi-xocali-soyqiriminin-tanidilmasi-istiqam%c9%99tind%c9%99-%c9%99n-ugurlu-addimdir\/","title":{"rendered":"\u201cXocal\u0131ya \u0259dal\u0259t!\u201d kampaniyas\u0131 Xocal\u0131 soyq\u0131r\u0131m\u0131n\u0131n tan\u0131d\u0131lmas\u0131 istiqam\u0259tind\u0259 \u0259n u\u011furlu add\u0131md\u0131r"},"content":{"rendered":"<p>B\u0259\u015f\u0259r tarixind\u0259 \u0259n qanl\u0131 faci\u0259l\u0259rd\u0259n biri olan Xocal\u0131 soyq\u0131r\u0131m\u0131n\u0131n t\u00f6r\u0259dilm\u0259sind\u0259n 31 il \u00f6tm\u0259sin\u0259 baxmayaraq, erm\u0259nil\u0259rin t\u00f6r\u0259tdiyi bu v\u0259h\u015fi cinay\u0259t akt\u0131 t\u0259\u0259ss\u00fcfl\u0259r olsun ki, h\u0259l\u0259 d\u0259 d\u00fcnya birliyi t\u0259r\u0259find\u0259n laz\u0131mi h\u00fcquqi qiym\u0259tini almam\u0131\u015fd\u0131r. T\u0259kc\u0259 Az\u0259rbaycan xalq\u0131na qar\u015f\u0131 deyil, b\u00fct\u00fcn b\u0259\u015f\u0259riyy\u0259t\u0259 qar\u015f\u0131 t\u00f6r\u0259dilmi\u015f cinay\u0259t olan Xocal\u0131 faci\u0259sinin beyn\u0259lxalq al\u0259md\u0259 soyq\u0131r\u0131m\u0131 kimi tan\u0131d\u0131lmas\u0131, bu cinay\u0259tin beyn\u0259lxalq miqyasda \u00f6z h\u00fcquqi-siyasi qiym\u0259tini almas\u0131, cinay\u0259tkarlar\u0131n m\u0259suliyy\u0259t\u0259 c\u0259lb edilm\u0259si d\u00f6vl\u0259timizin qar\u015f\u0131s\u0131nda duran \u0259n vacib m\u0259s\u0259l\u0259l\u0259rd\u0259n biridir. Son d\u00f6vrl\u0259rd\u0259 Xocal\u0131 h\u0259qiq\u0259tl\u0259rinin d\u00fcnyada tan\u0131d\u0131lmas\u0131, bu faci\u0259nin beyn\u0259lxalq miqyasda t\u0259bli\u011fi sah\u0259sind\u0259 Az\u0259rbaycan d\u00f6vl\u0259ti t\u0259r\u0259find\u0259n xeyli i\u015fl\u0259r g\u00f6r\u00fclm\u00fc\u015fd\u00fcr. Xocal\u0131 soyq\u0131r\u0131m\u0131n\u0131n d\u00fcnyada tan\u0131d\u0131lmas\u0131 istiqam\u0259tind\u0259 g\u00f6r\u00fcl\u0259n i\u015fl\u0259r \u00e7\u0259r\u00e7iv\u0259sind\u0259 Heyd\u0259r \u018fliyev Fondunun f\u0259aliyy\u0259tini x\u00fcsusi qeyd etm\u0259k laz\u0131md\u0131r. Fond Az\u0259rbaycan h\u0259qiq\u0259tl\u0259rinin d\u00fcnya ictimaiyy\u0259tin\u0259 \u00e7atd\u0131r\u0131lmas\u0131, \u00f6lk\u0259mizin \u00fczl\u0259\u015fdiyi t\u0259cav\u00fczkarl\u0131q fakt\u0131n\u0131n if\u015fa edilm\u0259si istiqam\u0259tind\u0259 m\u0259qs\u0259dy\u00f6nl\u00fc v\u0259 ard\u0131c\u0131l i\u015f apar\u0131r. Fondun d\u0259st\u0259yi il\u0259 h\u0259r il m\u00fcxt\u0259lif \u00f6lk\u0259l\u0259rd\u0259 Xocal\u0131 faci\u0259sin\u0259 h\u0259sr olunmu\u015f konfranslar, t\u0259dbirl\u0259r ke\u00e7irilir, bu istiqam\u0259td\u0259 x\u00fcsusi t\u0259bli\u011fat kampaniyas\u0131 apar\u0131l\u0131r.<\/p>\n\n\n\n<p>Heyd\u0259r \u018fliyev Fondunun vitse-prezidenti Leyla xan\u0131m \u018fliyevan\u0131n t\u0259\u015f\u0259bb\u00fcs\u00fc v\u0259 r\u0259hb\u0259rliyi alt\u0131nda \u0130slam Konfrans\u0131 G\u0259ncl\u0259r Forumu il\u0259 \u0259m\u0259kda\u015fl\u0131q \u00e7\u0259r\u00e7iv\u0259sind\u0259 \u201cXocal\u0131ya \u0259dal\u0259t!\u201d beyn\u0259lxalq kampaniyas\u0131na start verilm\u0259si Xocal\u0131 soyq\u0131r\u0131m\u0131 il\u0259 ba\u011fl\u0131 h\u0259qiq\u0259tl\u0259rin d\u00fcnya ictimaiyy\u0259tin\u0259 \u00e7atd\u0131r\u0131lmas\u0131 m\u0259qs\u0259dini da\u015f\u0131y\u0131r. Daha d\u0259qiq des\u0259k, 2008-ci il may\u0131n 8-d\u0259n \u0130slam Konfrans\u0131 G\u0259ncl\u0259r Forumunun M\u0259d\u0259niyy\u0259tl\u0259raras\u0131 Dialoq \u00fczr\u0259 Ba\u015f \u018flaq\u0259l\u0259ndiricisi Leyla xan\u0131m \u018fliyevan\u0131n t\u0259\u015f\u0259bb\u00fcs\u00fc il\u0259 t\u0259sis edilmi\u015f, f\u0259aliyy\u0259tin\u0259 2009-cu ilin fevral\u0131ndan start veril\u0259n v\u0259 haz\u0131rda 70-d\u0259n art\u0131q \u00f6lk\u0259d\u0259 y\u00fczl\u0259rl\u0259 k\u00f6n\u00fcll\u00fcn\u00fcn i\u015ftirak\u0131 il\u0259 u\u011furla davam etdiril\u0259n \u201cXocal\u0131ya \u0259dal\u0259t!\u201d beyn\u0259lxalq kampaniyas\u0131 \u00f6z t\u00f6hf\u0259sini verm\u0259kd\u0259dir. Kampaniyan\u0131n m\u0259qs\u0259di beyn\u0259lxalq ictimaiyy\u0259ti Xocal\u0131 faci\u0259si il\u0259 ba\u011fl\u0131 m\u0259lumatland\u0131rmaq, q\u0259tliama beyn\u0259lxalq al\u0259md\u0259 h\u00fcquqi-siyasi qiym\u0259tin verilm\u0259sin\u0259 v\u0259 bu qanl\u0131 soyq\u0131r\u0131m\u0131 qurbanlar\u0131n\u0131n xatir\u0259sinin an\u0131lmas\u0131na nail olmaqd\u0131r. M\u0259hz \u201cXocal\u0131ya \u0259dal\u0259t\u201d beyn\u0259lxalq kampaniyas\u0131n\u0131n s\u0259yi il\u0259 Xocal\u0131 soyq\u0131r\u0131m\u0131n\u0131n ad\u0131 \u0130sve\u00e7d\u0259 yarad\u0131lm\u0131\u015f v\u0259 virtual al\u0259md\u0259 geni\u015f v\u00fcs\u0259t alm\u0131\u015f m\u00fck\u0259mm\u0259l \u201cBeyn\u0259lxalq M\u00fcharib\u0259 Qurbanlar\u0131 Memorial\u0131\u201d arxiv layih\u0259sin\u0259 daxil edilmi\u015fdir. Xocal\u0131 soyq\u0131r\u0131m\u0131n\u0131n ad\u0131 Srebrenitsa, Xolokost kimi soyq\u0131r\u0131mlar\u0131 v\u0259 q\u0259tliamlarla bir s\u0131rada \u00e7\u0259kilib. \u201cXocal\u0131ya \u0259dal\u0259t!\u201d kampaniyas\u0131 f\u0259aliyy\u0259t g\u00f6st\u0259rdiyi 10 il \u0259rzind\u0259 add\u0131mbaadd\u0131m Xocal\u0131 h\u0259qiq\u0259tl\u0259rinin d\u00fcnya birliyin\u0259 \u00e7atd\u0131ra\u0131lmas\u0131 istiqam\u0259tind\u0259 \u00e7oxsayl\u0131 v\u0259 m\u0259qs\u0259dy\u00f6nl\u00fc t\u0259dbirl\u0259r h\u0259yata ke\u00e7irmi\u015fdir. H\u0259l\u0259 2008-ci ilin oktyabr ay\u0131nda Leyla xan\u0131m \u018fliyevan\u0131n t\u0259klifi il\u0259 \u0130slam \u00f6lk\u0259l\u0259rinin ali t\u0259hsil v\u0259 elm nazirl\u0259rinin IV konfrans\u0131nda erm\u0259nil\u0259rin Xocal\u0131da t\u00f6r\u0259tdikl\u0259ri q\u0259tliam haqq\u0131ndak\u0131 h\u0259qiq\u0259tl\u0259rin \u0130salm Konfrans\u0131 T\u0259\u015fkilat\u0131na \u00fczv \u00f6lk\u0259l\u0259rin ali m\u0259kt\u0259b d\u0259rslikl\u0259rin\u0259 sal\u0131nmas\u0131 haqq\u0131nda m\u00fch\u00fcm q\u0259tnam\u0259 q\u0259bul edilmi\u015fdir. 10 dekabr 2010-cu ild\u0259 \u0130nsan H\u00fcquqlar\u0131 G\u00fcn\u00fc h\u0259ft\u0259sin\u0259 h\u0259sr olunmu\u015f t\u0259dbir \u00e7\u0259r\u00e7iv\u0259sind\u0259 is\u0259 \u201cXocal\u0131ya \u0259dal\u0259t!\u201d kampaniyas\u0131n\u0131n yeni internet sayt\u0131 ictimaiyy\u0259t\u0259 t\u0259qdim edilmi\u015f, kampaniyan\u0131n \u201cFacebook\u201d, \u201cTwitter\u201d v\u0259 \u201cYoutube\u201d kimi sosial \u015f\u0259b\u0259k\u0259l\u0259rd\u0259ki f\u0259aliyy\u0259ti bar\u0259d\u0259 m\u0259lumat verilmi\u015fdir. B\u00fct\u00fcn bunlar is\u0259 kampaniyaya, h\u0259m d\u0259 sosial \u015f\u0259b\u0259k\u0259l\u0259r vasit\u0259sil\u0259 \u00f6z f\u0259aliyy\u0259tini daha da geni\u015fl\u0259ndirm\u0259k imkan\u0131 vermi\u015fdir. T\u0259kc\u0259 2010-cu ild\u0259 h\u0259yata ke\u00e7iril\u0259n t\u0259dbirl\u0259r say\u0259sind\u0259 d\u00fcnyan\u0131n 50-d\u0259n \u00e7ox \u00f6lk\u0259si, 125 t\u0259\u015fkilat\u0131 v\u0259 130 mind\u0259n \u00e7ox adam bilavasit\u0259 kampaniyan\u0131n i\u015fin\u0259 c\u0259lb edilmi\u015fdir. \u201cXocal\u0131ya \u0259dal\u0259t!\u201d kampaniyas\u0131 \u00e7\u0259r\u00e7iv\u0259sind\u0259 apar\u0131lan g\u0259rgin v\u0259 m\u0259qs\u0259dy\u00f6nl\u00fc i\u015f n\u0259hay\u0259t ki, 2011-ci ild\u0259n \u00f6z\u00fcn\u00fcn ilk b\u0259hr\u0259l\u0259rini verdi. \u0130lk olaraq AB\u015e-\u0131n Texas v\u0259 Nyu-Cersi \u015ftatlar\u0131, onlar\u0131n ard\u0131nca is\u0259 2012-ci ild\u0259 Meksika, Pakistan v\u0259 Kolumbiya d\u00f6vl\u0259tl\u0259ri Xocal\u0131 soyq\u0131r\u0131m\u0131n\u0131 r\u0259sm\u0259n tan\u0131yan d\u00f6vl\u0259tl\u0259r oldular. Bu u\u011furlardan ruhlanan kampaniya \u00f6z f\u0259aliyy\u0259t dair\u0259sini daha da geni\u015fl\u0259ndirdi. 2014-c\u00fc ild\u0259 kampaniyan\u0131n f\u0259aliyy\u0259ti art\u0131q, d\u00fcnyan\u0131n 70-d\u0259n \u00e7ox \u00f6lk\u0259sini \u0259hat\u0259 edirdi. 2013 v\u0259 2014-c\u00fc ill\u0259rd\u0259 daha 3 d\u00f6vl\u0259t v\u0259 AB\u015e-\u0131n daha 10 \u015ftat\u0131 Xocal\u0131 soyq\u0131r\u0131m\u0131n\u0131 tan\u0131d\u0131lar. Bel\u0259likl\u0259, 2014-c\u00fc ild\u0259 c\u0259mi 5 ya\u015f\u0131 tamam olan \u201cXocal\u0131ya \u0259dal\u0259t!\u201d kampaniyas\u0131 100 illik t\u0259bli\u011fat say\u0259sind\u0259 d\u00fcnyada b\u0259rq\u0259rar olan \u201cerm\u0259ni mifi\u201dni da\u011f\u0131tma\u011fa nail oldu. \u201cXocal\u0131ya \u0259dal\u0259t!\u201d kampaniyas\u0131n\u0131n f\u0259aliyy\u0259tini beyn\u0259lxalq s\u0259viyy\u0259d\u0259 daha da geni\u015fl\u0259ndirm\u0259k m\u0259qs\u0259dil\u0259 \u00f6lk\u0259 ba\u015f\u00e7\u0131s\u0131 c\u0259nab \u0130lham \u018fliyev t\u0259r\u0259find\u0259n 2014-c\u00fc il 13 fevral tarixli \u201cXocal\u0131ya \u0259dal\u0259t!\u201d kampaniyas\u0131 istiqam\u0259tind\u0259 t\u0259dbirl\u0259r plan\u0131 haqq\u0131nda\u201d S\u0259r\u0259ncam imzaland\u0131. S\u0259r\u0259ncam kampaniyan\u0131n f\u0259aliyy\u0259tind\u0259 yeni m\u0259rh\u0259l\u0259nin ba\u015flan\u011f\u0131c\u0131n\u0131 qoydu. Leyla xan\u0131m \u018fliyevan\u0131n bilavasit\u0259 r\u0259hb\u0259rliyi alt\u0131nda \u201cXocal\u0131ya \u0259dal\u0259t!\u201d kampaniyas\u0131 \u00f6z f\u0259aliyy\u0259t dair\u0259sini daha da geni\u015fl\u0259ndir\u0259r\u0259k Xocal\u0131 soyq\u0131r\u0131m\u0131n\u0131n tan\u0131d\u0131lmas\u0131 istiqam\u0259tind\u0259 yeni u\u011furlara imza atd\u0131. T\u0259kc\u0259 2016-c\u0131 ild\u0259 daha bir d\u00f6vl\u0259t v\u0259 AB\u015e-\u0131n 4 \u015ftat\u0131 Xocal\u0131 soyq\u0131r\u0131m\u0131n\u0131 tan\u0131d\u0131lar. 2017-ci ild\u0259 is\u0259 Cibuti Respublikas\u0131n\u0131n Milli Assambleyas\u0131 Xocal\u0131 soyqr\u0131m\u0131n\u0131n tan\u0131nmas\u0131 il\u0259 ba\u011fl\u0131 q\u0259tnam\u0259 q\u0259bul etmi\u015fdir. Bel\u0259likl\u0259, \u201cXocal\u0131ya \u0259dal\u0259t!\u201d kampaniyas\u0131 \u00e7\u0259r\u00e7iv\u0259sind\u0259 bu g\u00fcn Xocal\u0131 soyq\u0131r\u0131m\u0131 d\u00fcnyan\u0131n 15 d\u00f6vl\u0259ti v\u0259 AB\u015e-\u0131n 21 \u015ftat\u0131 t\u0259r\u0259find\u0259n tan\u0131nmaqdad\u0131r. \u0130ki g\u00fcn \u00f6nc\u0259, 23 fevralda Bel\u00e7ikan\u0131n paytaxt\u0131 Br\u00fcsseld\u0259 izdihaml\u0131 \u201c\u00dcmumavropa Qaraba\u011f mitinqi\u201dnin ke\u00e7irilm\u0259si kampaniyan\u0131n \u0259n u\u011furlu add\u0131mlar\u0131ndan biri hesab edilm\u0259lidir.<\/p>\n\n\n\n<p>Lakin qeyd etm\u0259k laz\u0131md\u0131r ki, Xocal\u0131 h\u0259qiq\u0259tl\u0259rinin d\u00fcnyaya \u00e7atd\u0131r\u0131lmas\u0131 i\u015fi t\u0259kc\u0259 d\u00f6vl\u0259t qurumlar\u0131n\u0131n deyil, h\u0259m d\u0259 qeyri-d\u00f6vl\u0259t t\u0259\u015fkilatlar\u0131n\u0131n v\u0259 ayr\u0131-ayr\u0131 v\u0259t\u0259nda\u015flar\u0131n, o c\u00fcml\u0259d\u0259n biz g\u0259ncl\u0259rin f\u0259aliyy\u0259tinin \u0259sas istiqam\u0259tin\u0259 \u00e7evrilm\u0259lidir. Heyd\u0259r \u018fliyev Fondunun Prezidenti Mehriban xan\u0131m \u018fliyevan\u0131n qeyd etdiyi kimi: \u201cBizim h\u0259r birimiz harada ya\u015fama\u011f\u0131m\u0131zdan as\u0131l\u0131 olmayaraq, bu kampaniyalara d\u0259st\u0259k verm\u0259liyik. H\u0259r\u0259nin g\u00fcc\u00fc n\u0259y\u0259 \u00e7at\u0131rsa, Az\u0259rbaycan h\u0259qiq\u0259tl\u0259rinin, Az\u0259rbaycan xalq\u0131n\u0131n ba\u015f\u0131na g\u0259tiril\u0259n b\u00fct\u00fcn m\u00fcsib\u0259tl\u0259rin t\u0259bli\u011f edilm\u0259si, erm\u0259ni yalanlar\u0131n\u0131n qar\u015f\u0131s\u0131n\u0131n al\u0131nmas\u0131 istiqam\u0259tind\u0259 \u00f6z f\u0259aliyy\u0259tini ortaya qoymal\u0131d\u0131r. Burada h\u0259r k\u0259sin \u00fcz\u0259rin\u0259 d\u00fc\u015f\u0259n \u00f6z\u00fcn\u0259m\u0259xsus m\u0259suliyy\u0259t pay\u0131 var. Ham\u0131 bu m\u0259suliyy\u0259ti ba\u015fa d\u00fc\u015fm\u0259lidir v\u0259 he\u00e7 k\u0259s g\u00f6zl\u0259m\u0259m\u0259lidir ki, bunu kims\u0259 ba\u015fqalar\u0131 etsin\u201d.<\/p>\n\n\n\n<p>H\u00f6rm\u0259tli konfrans i\u015ftirak\u00e7\u0131lar\u0131, Mehriban xan\u0131m \u018fliyevan\u0131n \u00e7a\u011f\u0131r\u0131\u015f\u0131na qo\u015fularaq biz d\u0259 hesab edirik ki, bu g\u00fcn siyasi m\u00f6vqeyind\u0259n, ictimai m\u0259n\u015f\u0259yind\u0259n, sosial m\u0259nsubiyy\u0259tind\u0259n, cinsind\u0259n as\u0131l\u0131 olmayaraq h\u0259r bir az\u0259rbaycanl\u0131 \u00f6z\u00fcn\u00fc bu ruhda k\u00f6kl\u0259m\u0259li, x\u00fcsus\u0259n d\u0259 Xocal\u0131 soyq\u0131r\u0131m\u0131n\u0131 d\u00fcnyaya tan\u0131tmaq \u00fc\u00e7\u00fcn \u0259lind\u0259n g\u0259l\u0259ni \u0259sirg\u0259m\u0259m\u0259lidir. Bunu ilk n\u00f6vb\u0259d\u0259, h\u0259r bir az\u0259rbaycanl\u0131n\u0131n vicdan s\u0259si, v\u0259t\u0259nda\u015fl\u0131q m\u0259suliyy\u0259ti t\u0259l\u0259b edir.<\/p>\n\n\n\n<p><strong>Nizami Zeynalov<\/strong><\/p>\n\n\n\n<p><strong>Tarix \u00fczr\u0259 f\u0259ls\u0259f\u0259 doktoru, dosent<\/strong><\/p>\n\n\n\n<p><strong>Mingachevir State University<\/strong><\/p>","protected":false},"excerpt":{"rendered":"<p>B\u0259\u015f\u0259r tarixind\u0259 \u0259n qanl\u0131 faci\u0259l\u0259rd\u0259n biri olan Xocal\u0131 soyq\u0131r\u0131m\u0131n\u0131n t\u00f6r\u0259dilm\u0259sind\u0259n 31 il \u00f6tm\u0259sin\u0259 baxmayaraq, erm\u0259nil\u0259rin t\u00f6r\u0259tdiyi bu v\u0259h\u015fi cinay\u0259t akt\u0131 t\u0259\u0259ss\u00fcfl\u0259r olsun ki, h\u0259l\u0259 d\u0259 d\u00fcnya birliyi t\u0259r\u0259find\u0259n laz\u0131mi h\u00fcquqi qiym\u0259tini almam\u0131\u015fd\u0131r. T\u0259kc\u0259 Az\u0259rbaycan xalq\u0131na qar\u015f\u0131 deyil, b\u00fct\u00fcn b\u0259\u015f\u0259riyy\u0259t\u0259 qar\u015f\u0131 t\u00f6r\u0259dilmi\u015f cinay\u0259t olan Xocal\u0131 faci\u0259sinin beyn\u0259lxalq al\u0259md\u0259 soyq\u0131r\u0131m\u0131 kimi tan\u0131d\u0131lmas\u0131, bu cinay\u0259tin beyn\u0259lxalq miqyasda \u00f6z [&hellip;]<\/p>\n","protected":false},"author":2,"featured_media":43698,"comment_status":"closed","ping_status":"closed","sticky":false,"template":"","format":"standard","meta":{"_eb_attr":"","ocean_post_layout":"","ocean_both_sidebars_style":"","ocean_both_sidebars_content_width":0,"ocean_both_sidebars_sidebars_width":0,"ocean_sidebar":"","ocean_second_sidebar":"","ocean_disable_margins":"enable","ocean_add_body_class":"","ocean_shortcode_before_top_bar":"","ocean_shortcode_after_top_bar":"","ocean_shortcode_before_header":"","ocean_shortcode_after_header":"","ocean_has_shortcode":"","ocean_shortcode_after_title":"","ocean_shortcode_before_footer_widgets":"","ocean_shortcode_after_footer_widgets":"","ocean_shortcode_before_footer_bottom":"","ocean_shortcode_after_footer_bottom":"","ocean_display_top_bar":"default","ocean_display_header":"default","ocean_header_style":"","ocean_center_header_left_menu":"","ocean_custom_header_template":"","ocean_custom_logo":0,"ocean_custom_retina_logo":0,"ocean_custom_logo_max_width":0,"ocean_custom_logo_tablet_max_width":0,"ocean_custom_logo_mobile_max_width":0,"ocean_custom_logo_max_height":0,"ocean_custom_logo_tablet_max_height":0,"ocean_custom_logo_mobile_max_height":0,"ocean_header_custom_menu":"","ocean_menu_typo_font_family":"","ocean_menu_typo_font_subset":"","ocean_menu_typo_font_size":0,"ocean_menu_typo_font_size_tablet":0,"ocean_menu_typo_font_size_mobile":0,"ocean_menu_typo_font_size_unit":"px","ocean_menu_typo_font_weight":"","ocean_menu_typo_font_weight_tablet":"","ocean_menu_typo_font_weight_mobile":"","ocean_menu_typo_transform":"","ocean_menu_typo_transform_tablet":"","ocean_menu_typo_transform_mobile":"","ocean_menu_typo_line_height":0,"ocean_menu_typo_line_height_tablet":0,"ocean_menu_typo_line_height_mobile":0,"ocean_menu_typo_line_height_unit":"","ocean_menu_typo_spacing":0,"ocean_menu_typo_spacing_tablet":0,"ocean_menu_typo_spacing_mobile":0,"ocean_menu_typo_spacing_unit":"","ocean_menu_link_color":"","ocean_menu_link_color_hover":"","ocean_menu_link_color_active":"","ocean_menu_link_background":"","ocean_menu_link_hover_background":"","ocean_menu_link_active_background":"","ocean_menu_social_links_bg":"","ocean_menu_social_hover_links_bg":"","ocean_menu_social_links_color":"","ocean_menu_social_hover_links_color":"","ocean_disable_title":"default","ocean_disable_heading":"default","ocean_post_title":"","ocean_post_subheading":"","ocean_post_title_style":"","ocean_post_title_background_color":"","ocean_post_title_background":0,"ocean_post_title_bg_image_position":"","ocean_post_title_bg_image_attachment":"","ocean_post_title_bg_image_repeat":"","ocean_post_title_bg_image_size":"","ocean_post_title_height":0,"ocean_post_title_bg_overlay":0.5,"ocean_post_title_bg_overlay_color":"","ocean_disable_breadcrumbs":"default","ocean_breadcrumbs_color":"","ocean_breadcrumbs_separator_color":"","ocean_breadcrumbs_links_color":"","ocean_breadcrumbs_links_hover_color":"","ocean_display_footer_widgets":"default","ocean_display_footer_bottom":"default","ocean_custom_footer_template":"","ocean_post_oembed":"","ocean_post_self_hosted_media":"","ocean_post_video_embed":"","ocean_link_format":"","ocean_link_format_target":"self","ocean_quote_format":"","ocean_quote_format_link":"post","ocean_gallery_link_images":"on","ocean_gallery_id":[],"footnotes":""},"categories":[31],"tags":[],"class_list":["post-43696","post","type-post","status-publish","format-standard","has-post-thumbnail","hentry","category-mdu_xeberleri","entry","has-media"],"_links":{"self":[{"href":"https:\/\/mdu.edu.az\/en\/wp-json\/wp\/v2\/posts\/43696","targetHints":{"allow":["GET"]}}],"collection":[{"href":"https:\/\/mdu.edu.az\/en\/wp-json\/wp\/v2\/posts"}],"about":[{"href":"https:\/\/mdu.edu.az\/en\/wp-json\/wp\/v2\/types\/post"}],"author":[{"embeddable":true,"href":"https:\/\/mdu.edu.az\/en\/wp-json\/wp\/v2\/users\/2"}],"replies":[{"embeddable":true,"href":"https:\/\/mdu.edu.az\/en\/wp-json\/wp\/v2\/comments?post=43696"}],"version-history":[{"count":1,"href":"https:\/\/mdu.edu.az\/en\/wp-json\/wp\/v2\/posts\/43696\/revisions"}],"predecessor-version":[{"id":43697,"href":"https:\/\/mdu.edu.az\/en\/wp-json\/wp\/v2\/posts\/43696\/revisions\/43697"}],"wp:featuredmedia":[{"embeddable":true,"href":"https:\/\/mdu.edu.az\/en\/wp-json\/wp\/v2\/media\/43698"}],"wp:attachment":[{"href":"https:\/\/mdu.edu.az\/en\/wp-json\/wp\/v2\/media?parent=43696"}],"wp:term":[{"taxonomy":"category","embeddable":true,"href":"https:\/\/mdu.edu.az\/en\/wp-json\/wp\/v2\/categories?post=43696"},{"taxonomy":"post_tag","embeddable":true,"href":"https:\/\/mdu.edu.az\/en\/wp-json\/wp\/v2\/tags?post=43696"}],"curies":[{"name":"wp","href":"https:\/\/api.w.org\/{rel}","templated":true}]}}