{"id":43894,"date":"2023-02-28T17:47:29","date_gmt":"2023-02-28T14:47:29","guid":{"rendered":"https:\/\/mdu.edu.az\/?p=43894"},"modified":"2023-02-28T17:48:10","modified_gmt":"2023-02-28T14:48:10","slug":"ming%c9%99cevid%c9%99-heyd%c9%99r-%c9%99liyev-ili-c%c9%99rciv%c9%99sind%c9%99-elmi-praktik-konfrans-kecirilib","status":"publish","type":"post","link":"https:\/\/mdu.edu.az\/en\/ming%c9%99cevid%c9%99-heyd%c9%99r-%c9%99liyev-ili-c%c9%99rciv%c9%99sind%c9%99-elmi-praktik-konfrans-kecirilib\/","title":{"rendered":"Ming\u0259\u00e7evid\u0259  &#8220;Heyd\u0259r \u018fliyev \u0130li&#8221; \u00e7\u0259r\u00e7iv\u0259sind\u0259 elmi-praktik konfrans ke\u00e7irilib"},"content":{"rendered":"<p>1 \/ 2<\/p>\n\n\n\n<p><strong>Ming\u0259\u00e7evird\u0259 \u201cHeyd\u0259r \u018fliyev \u0130li\u201d \u00e7\u0259r\u00e7iv\u0259sind\u0259 elmi-praktik konfrans ke\u00e7irilib<\/strong><\/p>\n\n\n\n<p>2023-c\u00fc ilin fevral\u0131n 28-d\u0259 Ming\u0259\u00e7evir D\u00f6vl\u0259t Universiteti (MDU) v\u0259 Yeni Az\u0259rbaycan&nbsp;Partiyas\u0131n\u0131n (YAP) Ming\u0259\u00e7evir \u015f\u0259h\u0259r t\u0259\u015fkilat\u0131n\u0131n birg\u0259 t\u0259\u015fkilat\u00e7\u0131l\u0131\u011f\u0131 il\u0259 \u201cHeyd\u0259r \u018fliyev \u0130li\u201d&nbsp;\u00e7\u0259r\u00e7iv\u0259sind\u0259 Heyd\u0259r \u018fliyevin Az\u0259rbaycana r\u0259hb\u0259rliyinin birinci d\u00f6vr\u00fcn\u0259 h\u0259sr olunan&nbsp;\u201c\u00dcmummilli Lider: tarix yaradan Heyd\u0259r \u018fliyev n\u00fcmun\u0259si\u201d m\u00f6vzusunda elmi-praktik konfrans&nbsp;ke\u00e7irilib. Konfransda MDU-nun bir qrup akademik v\u0259 inzibati hey\u0259t \u00fczv\u00fc, t\u0259l\u0259b\u0259 v\u0259&nbsp;magistrantlar\u0131, \u015f\u0259h\u0259r partiya t\u0259\u015fkilat\u0131n\u0131n n\u00fcmay\u0259nd\u0259l\u0259ri i\u015ftirak edibl\u0259r. &nbsp;<\/p>\n\n\n\n<p>\u018fvv\u0259lc\u0259, Ulu \u00d6nd\u0259rimizin v\u0259 V\u0259t\u0259n u\u011frunda can\u0131ndan ke\u00e7\u0259n q\u0259hr\u0259man \u015f\u0259hidl\u0259rimizin&nbsp;\u0259ziz xatir\u0259si bir d\u0259qiq\u0259lik s\u00fckutla yad edilib v\u0259 Az\u0259rbaycan Respublikas\u0131n\u0131n D\u00f6vl\u0259t Himni&nbsp;s\u0259sl\u0259ndirilib. &nbsp;<\/p>\n\n\n\n<p>Konfrans\u0131n a\u00e7\u0131l\u0131\u015f\u0131nda \u00e7\u0131x\u0131\u015f ed\u0259n MDU-nun rektoru \u015eahin Bayramov \u00fcmummilli lider&nbsp;Heyd\u0259r \u018fliyevin 100 illik yubileyi \u00e7\u0259r\u00e7iv\u0259sind\u0259 t\u0259\u015fkil olunan elmi t\u0259dbirin m\u00fcst\u0259qil&nbsp;Az\u0259rbaycan\u0131n qurucusu olan dahi \u015f\u0259xsiyy\u0259tin z\u0259ngin irsinin \u00f6yr\u0259nilm\u0259si v\u0259 g\u0259nc n\u0259sil&nbsp;aras\u0131nda t\u0259bli\u011fi m\u0259qs\u0259di da\u015f\u0131d\u0131\u011f\u0131n\u0131 vur\u011fulay\u0131b. Rektor qeyd edib ki, MDU il\u0259 YAP Ming\u0259\u00e7evir&nbsp;\u015f\u0259h\u0259r t\u0259\u015fkilat\u0131n\u0131n i\u015fbirliyi \u00e7\u0259r\u00e7iv\u0259sind\u0259 cari ild\u0259 \u0259b\u0259diya\u015far liderin \u00e7ox\u015fax\u0259li f\u0259aliy\u0259tinin&nbsp;m\u00fcxt\u0259lif tarixi d\u00f6vrl\u0259rin\u0259 h\u0259sr olunan silsil\u0259vi elmi konfranslar\u0131n ke\u00e7iril\u0259c\u0259yi n\u0259z\u0259rd\u0259 tutulub.&nbsp;Bug\u00fcnk\u00fc elmi t\u0259dbird\u0259 \u00dcmummilli Liderin Az\u0259rbaycana birinci r\u0259hb\u0259rliyi d\u00f6vr\u00fcnd\u0259 h\u0259yata&nbsp;ke\u00e7irdiyi titanik f\u0259aliyy\u0259tl\u0259rin m\u00fcxt\u0259lif aspektl\u0259ri il\u0259 ba\u011fl\u0131 elmi m\u0259ruz\u0259l\u0259rin t\u0259qdim edil\u0259c\u0259yini&nbsp;diqq\u0259t\u0259 \u00e7atd\u0131ran \u015e.Bayramov konfrans\u0131n i\u015fin\u0259 u\u011furlar arzulay\u0131b.<\/p>\n\n\n\n<p>Konfrans i\u015ftirak\u00e7\u0131lar\u0131n\u0131 salamlayan YAP Ming\u0259\u00e7evir \u015f\u0259h\u0259r t\u0259\u015fkilat\u0131n\u0131n s\u0259dri B\u0259xtiyar&nbsp;Mustafayev \u201cHeyd\u0259r \u018fliyev \u0130li\u201d \u00e7\u0259r\u00e7iv\u0259sind\u0259 \u00f6lk\u0259mizd\u0259, o c\u00fcml\u0259d\u0259n Ming\u0259\u00e7evir \u015f\u0259h\u0259rind\u0259&nbsp;m\u00fcxt\u0259lif formatl\u0131 t\u0259dbirl\u0259rin ke\u00e7irildiyini bildirib. \u00d6lk\u0259 iqtisadiyyat\u0131n\u0131n v\u0259 energetikas\u0131n\u0131n&nbsp;inki\u015faf\u0131nda Ming\u0259\u00e7evirin \u00f6n\u0259minin v\u0259 potensial\u0131n\u0131n Heyd\u0259r \u018fliyev t\u0259r\u0259find\u0259n h\u0259r zaman&nbsp;y\u00fcks\u0259k qiym\u0259tl\u0259ndirildiyini bildir\u0259n B.Mustafayev \u00dcmummilli Liderin \u015f\u0259h\u0259rin h\u0259rt\u0259r\u0259fli&nbsp;inki\u015faf\u0131na g\u00f6st\u0259rdiyi b\u00f6y\u00fck diqq\u0259t v\u0259 qay\u011f\u0131dan b\u0259hs edib. Ulu \u00d6nd\u0259rin z\u0259ngin irsinin&nbsp;\u00f6yr\u0259nilm\u0259si v\u0259 t\u0259bli\u011fi il\u0259 ba\u011fl\u0131 MDU-da \u00e7oxsayl\u0131 t\u0259dbirl\u0259rin t\u0259\u015fkil edildiyini diqq\u0259t\u0259 \u00e7atd\u0131ran&nbsp;s\u0259dr son d\u00f6vrd\u0259 universitetd\u0259 bu istiqam\u0259td\u0259 formala\u015fm\u0131\u015f m\u00fcvafiq elmi potensial\u0131n v\u0259&nbsp;t\u0259cr\u00fcb\u0259nin \u015f\u0259h\u0259rin ictimai-siyasi h\u0259yat\u0131na da \u0259h\u0259miyy\u0259tli t\u00f6hf\u0259 verm\u0259sind\u0259n m\u0259mnunlu\u011funu&nbsp;ifad\u0259 edib. &nbsp;<\/p>\n\n\n\n<p>Sonra, \u201cQ\u0259lbl\u0259rd\u0259 v\u0259 xatir\u0259l\u0259rd\u0259 \u0259b\u0259dil\u0259\u015f\u0259n \u00fcmummilli lider Heyd\u0259r \u018fliyev\u201d adl\u0131&nbsp;video\u00e7arx n\u00fcmayi\u015f olunub v\u0259 konfrans\u0131n proqram\u0131na uy\u011fun olaraq m\u0259ruz\u0259l\u0259r dinl\u0259nilib. &nbsp;<\/p>\n\n\n\n<p>MDU-nun \u0259m\u0259kda\u015flar\u0131ndan F\u0259rid\u0259 H\u0259s\u0259nli \u201cHeyd\u0259r \u018fliyev: Az\u0259rbaycanda milli&nbsp;oyan\u0131\u015f\u0131n xarakteri v\u0259 m\u00fcst\u0259qilliy\u0259 do\u011fru b\u00f6y\u00fck qay\u0131d\u0131\u015f\u0131n ba\u015flanmas\u0131\u201d, Saqib M\u0259mm\u0259dov<\/p>\n\n\n\n<hr class=\"wp-block-separator has-alpha-channel-opacity\"\/>\n\n\n\n<p>\u201cAz\u0259rbaycan Respublikas\u0131nda neft s\u0259nayesinin b\u0259rpas\u0131 v\u0259 inki\u015faf\u0131 sah\u0259sind\u0259 Heyd\u0259r&nbsp;\u018fliyevin misilsiz xidm\u0259tl\u0259ri\u201d, Tansu \u018fhm\u0259dzad\u0259 \u201cAz\u0259rbaycan Respublikas\u0131n\u0131n maliyy\u0259&nbsp;sisteminin formala\u015fmas\u0131nda v\u0259 inki\u015faf etdirilm\u0259sind\u0259 Heyd\u0259r \u018fliyevin m\u00f6ht\u0259\u015f\u0259m tarixi rolu\u201d&nbsp;v\u0259 Nat\u0259van V\u0259liyeva \u201cHeyd\u0259r \u018fliyevin Az\u0259rbaycana birinci r\u0259hb\u0259rliyi d\u00f6vr\u00fcnd\u0259 iqtisadiyyat\u0131n&nbsp;aqrar sektorunun inki\u015faf tendensiyalar\u0131\u201d m\u00f6vzusunda m\u0259ruz\u0259l\u0259rl\u0259 \u00e7\u0131x\u0131\u015f edibl\u0259r.<\/p>\n\n\n\n<p>M\u0259ruz\u0259l\u0259r i\u015ftirak\u00e7\u0131lar t\u0259r\u0259find\u0259n maraqla qar\u015f\u0131lan\u0131b. &nbsp;<\/p>\n\n\n\n<p>Sonda, Yeni Az\u0259rbaycan Partiyas\u0131na \u00fczv olan MDU \u0259m\u0259kda\u015flar\u0131na \u00fczvl\u00fck v\u0259siq\u0259l\u0259ri&nbsp;t\u0259qdim olunub.<\/p>\n\n\n\n<p>Qeyd ed\u0259k ki, \u201cHeyd\u0259r \u018fliyev \u0130li\u201d \u00e7\u0259r\u00e7iv\u0259sind\u0259 MDU-da Ming\u0259\u00e7evir \u015e\u0259h\u0259r \u0130cra&nbsp;Hakimiyy\u0259ti, YAP Ming\u0259\u00e7evir \u015f\u0259h\u0259r t\u0259\u015fkilat\u0131 v\u0259 dig\u0259r t\u0259r\u0259fda\u015flarla birlikd\u0259 m\u00fcxt\u0259lif formatl\u0131&nbsp;t\u0259dbirl\u0259r ke\u00e7irilir. &nbsp;<\/p>","protected":false},"excerpt":{"rendered":"<p>1 \/ 2 Ming\u0259\u00e7evird\u0259 \u201cHeyd\u0259r \u018fliyev \u0130li\u201d \u00e7\u0259r\u00e7iv\u0259sind\u0259 elmi-praktik konfrans ke\u00e7irilib 2023-c\u00fc ilin fevral\u0131n 28-d\u0259 Ming\u0259\u00e7evir D\u00f6vl\u0259t Universiteti (MDU) v\u0259 Yeni Az\u0259rbaycan&nbsp;Partiyas\u0131n\u0131n (YAP) Ming\u0259\u00e7evir \u015f\u0259h\u0259r t\u0259\u015fkilat\u0131n\u0131n birg\u0259 t\u0259\u015fkilat\u00e7\u0131l\u0131\u011f\u0131 il\u0259 \u201cHeyd\u0259r \u018fliyev \u0130li\u201d&nbsp;\u00e7\u0259r\u00e7iv\u0259sind\u0259 Heyd\u0259r \u018fliyevin Az\u0259rbaycana r\u0259hb\u0259rliyinin birinci d\u00f6vr\u00fcn\u0259 h\u0259sr olunan&nbsp;\u201c\u00dcmummilli Lider: tarix yaradan Heyd\u0259r \u018fliyev n\u00fcmun\u0259si\u201d m\u00f6vzusunda elmi-praktik konfrans&nbsp;ke\u00e7irilib. Konfransda MDU-nun bir qrup akademik v\u0259 [&hellip;]<\/p>\n","protected":false},"author":2,"featured_media":43908,"comment_status":"closed","ping_status":"closed","sticky":false,"template":"","format":"gallery","meta":{"_eb_attr":"","ocean_post_layout":"","ocean_both_sidebars_style":"","ocean_both_sidebars_content_width":0,"ocean_both_sidebars_sidebars_width":0,"ocean_sidebar":"","ocean_second_sidebar":"","ocean_disable_margins":"enable","ocean_add_body_class":"","ocean_shortcode_before_top_bar":"","ocean_shortcode_after_top_bar":"","ocean_shortcode_before_header":"","ocean_shortcode_after_header":"","ocean_has_shortcode":"","ocean_shortcode_after_title":"","ocean_shortcode_before_footer_widgets":"","ocean_shortcode_after_footer_widgets":"","ocean_shortcode_before_footer_bottom":"","ocean_shortcode_after_footer_bottom":"","ocean_display_top_bar":"default","ocean_display_header":"default","ocean_header_style":"","ocean_center_header_left_menu":"","ocean_custom_header_template":"","ocean_custom_logo":0,"ocean_custom_retina_logo":0,"ocean_custom_logo_max_width":0,"ocean_custom_logo_tablet_max_width":0,"ocean_custom_logo_mobile_max_width":0,"ocean_custom_logo_max_height":0,"ocean_custom_logo_tablet_max_height":0,"ocean_custom_logo_mobile_max_height":0,"ocean_header_custom_menu":"","ocean_menu_typo_font_family":"","ocean_menu_typo_font_subset":"","ocean_menu_typo_font_size":0,"ocean_menu_typo_font_size_tablet":0,"ocean_menu_typo_font_size_mobile":0,"ocean_menu_typo_font_size_unit":"px","ocean_menu_typo_font_weight":"","ocean_menu_typo_font_weight_tablet":"","ocean_menu_typo_font_weight_mobile":"","ocean_menu_typo_transform":"","ocean_menu_typo_transform_tablet":"","ocean_menu_typo_transform_mobile":"","ocean_menu_typo_line_height":0,"ocean_menu_typo_line_height_tablet":0,"ocean_menu_typo_line_height_mobile":0,"ocean_menu_typo_line_height_unit":"","ocean_menu_typo_spacing":0,"ocean_menu_typo_spacing_tablet":0,"ocean_menu_typo_spacing_mobile":0,"ocean_menu_typo_spacing_unit":"","ocean_menu_link_color":"","ocean_menu_link_color_hover":"","ocean_menu_link_color_active":"","ocean_menu_link_background":"","ocean_menu_link_hover_background":"","ocean_menu_link_active_background":"","ocean_menu_social_links_bg":"","ocean_menu_social_hover_links_bg":"","ocean_menu_social_links_color":"","ocean_menu_social_hover_links_color":"","ocean_disable_title":"default","ocean_disable_heading":"default","ocean_post_title":"","ocean_post_subheading":"","ocean_post_title_style":"","ocean_post_title_background_color":"","ocean_post_title_background":0,"ocean_post_title_bg_image_position":"","ocean_post_title_bg_image_attachment":"","ocean_post_title_bg_image_repeat":"","ocean_post_title_bg_image_size":"","ocean_post_title_height":0,"ocean_post_title_bg_overlay":0.5,"ocean_post_title_bg_overlay_color":"","ocean_disable_breadcrumbs":"default","ocean_breadcrumbs_color":"","ocean_breadcrumbs_separator_color":"","ocean_breadcrumbs_links_color":"","ocean_breadcrumbs_links_hover_color":"","ocean_display_footer_widgets":"default","ocean_display_footer_bottom":"default","ocean_custom_footer_template":"","ocean_post_oembed":"","ocean_post_self_hosted_media":"","ocean_post_video_embed":"","ocean_link_format":"","ocean_link_format_target":"self","ocean_quote_format":"","ocean_quote_format_link":"post","ocean_gallery_link_images":"on","ocean_gallery_id":[43895,43896,43897,43898,43899,43900,43901,43902,43903,43904,43909,43905,43906,43907,43908],"footnotes":""},"categories":[122],"tags":[],"class_list":["post-43894","post","type-post","status-publish","format-gallery","has-post-thumbnail","hentry","category-heydr-liyev-100-il","post_format-post-format-gallery","entry","has-media"],"_links":{"self":[{"href":"https:\/\/mdu.edu.az\/en\/wp-json\/wp\/v2\/posts\/43894","targetHints":{"allow":["GET"]}}],"collection":[{"href":"https:\/\/mdu.edu.az\/en\/wp-json\/wp\/v2\/posts"}],"about":[{"href":"https:\/\/mdu.edu.az\/en\/wp-json\/wp\/v2\/types\/post"}],"author":[{"embeddable":true,"href":"https:\/\/mdu.edu.az\/en\/wp-json\/wp\/v2\/users\/2"}],"replies":[{"embeddable":true,"href":"https:\/\/mdu.edu.az\/en\/wp-json\/wp\/v2\/comments?post=43894"}],"version-history":[{"count":1,"href":"https:\/\/mdu.edu.az\/en\/wp-json\/wp\/v2\/posts\/43894\/revisions"}],"predecessor-version":[{"id":43910,"href":"https:\/\/mdu.edu.az\/en\/wp-json\/wp\/v2\/posts\/43894\/revisions\/43910"}],"wp:featuredmedia":[{"embeddable":true,"href":"https:\/\/mdu.edu.az\/en\/wp-json\/wp\/v2\/media\/43908"}],"wp:attachment":[{"href":"https:\/\/mdu.edu.az\/en\/wp-json\/wp\/v2\/media?parent=43894"}],"wp:term":[{"taxonomy":"category","embeddable":true,"href":"https:\/\/mdu.edu.az\/en\/wp-json\/wp\/v2\/categories?post=43894"},{"taxonomy":"post_tag","embeddable":true,"href":"https:\/\/mdu.edu.az\/en\/wp-json\/wp\/v2\/tags?post=43894"}],"curies":[{"name":"wp","href":"https:\/\/api.w.org\/{rel}","templated":true}]}}