{"id":48506,"date":"2023-05-20T15:17:54","date_gmt":"2023-05-20T12:17:54","guid":{"rendered":"https:\/\/mdu.edu.az\/?p=48506"},"modified":"2023-05-20T15:17:54","modified_gmt":"2023-05-20T12:17:54","slug":"seminar_19-05-23","status":"publish","type":"post","link":"https:\/\/mdu.edu.az\/en\/seminar_19-05-23\/","title":{"rendered":"Ming\u0259\u00e7evird\u0259 \u201cHeyd\u0259r \u018fliyev \u0130li\u201d \u00e7\u0259r\u00e7iv\u0259sind\u0259 elmi seminar ke\u00e7irilib"},"content":{"rendered":"<p>2023-c\u00fc il may\u0131n 19-da Ming\u0259\u00e7evir D\u00f6vl\u0259t Universiteti (MDU) v\u0259 M\u0259rk\u0259zi Aran Regional T\u0259hsil \u0130dar\u0259sinin (RT\u0130) birg\u0259 t\u0259\u015fkilat\u00e7\u0131l\u0131\u011f\u0131 il\u0259 \u201cHeyd\u0259r \u018fliyev \u0130li\u201d \u00e7\u0259r\u00e7iv\u0259sind\u0259 \u201cHeyd\u0259r \u018fliyevin z\u0259ngin d\u00f6vl\u0259t\u00e7ilik irsinin \u0259sas istiqam\u0259tl\u0259ri\u201d m\u00f6vzusunda elmi seminar ke\u00e7irilib. MDU-nun evsahibliyi il\u0259 ke\u00e7iril\u0259n seminarda Ming\u0259\u00e7evir \u015f\u0259h\u0259rinin \u00fcmumi t\u0259hsil m\u0259kt\u0259bl\u0259rinin direktorlar\u0131 v\u0259 universitetin professor-m\u00fc\u0259llim hey\u0259ti \u00fczvl\u0259ri i\u015ftirak edib.<\/p>\n\n\n\n<p>Seminar i\u015ftirak\u00e7\u0131lar\u0131n\u0131 salamlayan MDU-nun rektoru \u015eahin Bayramov v\u0259 M\u0259rk\u0259zi Aran RT\u0130-nin Ming\u0259\u00e7evir \u015f\u0259h\u0259ri \u00fczr\u0259 T\u0259hsil sektorunun m\u00fcdiri Sevinc H\u0259s\u0259nova \u00fcmummilli liderin m\u00fcasir Az\u0259rbaycan\u0131 m\u00f6hk\u0259m t\u0259m\u0259ll\u0259r \u00fcz\u0259rind\u0259 quraraq v\u0259 onun davaml\u0131 inki\u015faf\u0131 \u00fc\u00e7\u00fcn etibarl\u0131 z\u0259min formala\u015fd\u0131raraq xalq\u0131m\u0131z \u00fc\u00e7\u00fcn z\u0259ngin d\u00f6vl\u0259t\u00e7ilik irsi miras qoydu\u011funu qeyd edibl\u0259r. Bildiribl\u0259r ki, Ulu \u00d6nd\u0259r \u00e7ox\u015fax\u0259li f\u0259aliyy\u0259tind\u0259 t\u0259hsilin inki\u015faf\u0131na h\u0259r zaman b\u00f6y\u00fck \u00f6n\u0259m verib, g\u0259l\u0259c\u0259k n\u0259slin yeti\u015fdirilm\u0259si v\u0259 h\u0259rt\u0259r\u0259fli inki\u015faf\u0131na y\u00fcks\u0259k diqq\u0259t v\u0259 qay\u011f\u0131 il\u0259 yana\u015f\u0131b. Vaxtil\u0259 uzaqg\u00f6r\u0259n tarixi \u015f\u0259xsiyy\u0259tin m\u00fcvafiq tap\u015f\u0131r\u0131qlar\u0131 \u0259sas\u0131nda m\u00fcxt\u0259lif \u00f6lk\u0259l\u0259rin n\u00fcfuzlu ali m\u0259kt\u0259bl\u0259rin\u0259 t\u0259hsil alma\u011fa g\u00f6nd\u0259ril\u0259n g\u0259ncl\u0259rin m\u00fcst\u0259qillik d\u00f6vr\u00fcnd\u0259 \u00f6lk\u0259 iqtisadiyyat\u0131n\u0131n bir \u00e7ox sah\u0259l\u0259rinin inki\u015faf\u0131na t\u00f6hf\u0259 verm\u0259si \u0259b\u0259diya\u015far liderin z\u0259ngin d\u00f6vl\u0259t\u00e7ilik irsinin \u0259sas istiqam\u0259tl\u0259rind\u0259n birini t\u0259\u015fkil edir. Milli maraqlar\u0131n, milli-m\u0259n\u0259vi d\u0259y\u0259rl\u0259rin v\u0259 az\u0259rbaycan\u00e7\u0131l\u0131q ideologiyas\u0131n\u0131n prioritetlik t\u0259\u015fkil etdiyi v\u0259 xalq\u0131m\u0131z\u0131n milli s\u0259rv\u0259tin\u0259 \u00e7evril\u0259n bu z\u0259ngin v\u0259 \u00e7ox\u015fax\u0259li d\u00f6vl\u0259t\u00e7ilik irsinin \u00f6yr\u0259nilm\u0259si v\u0259 t\u0259bli\u011fi \u0259sas v\u0259 \u015f\u0259r\u0259fli v\u0259zif\u0259l\u0259rd\u0259n hesab edilir. Diqq\u0259t\u0259 \u00e7atd\u0131r\u0131l\u0131b ki, \u201cHeyd\u0259r \u018fliyev \u0130li\u201d \u00e7\u0259r\u00e7iv\u0259sind\u0259 MDU v\u0259 M\u0259rk\u0259zi Aran RT\u0130 aras\u0131nda imzalanm\u0131\u015f T\u0259dbirl\u0259r Plan\u0131 da m\u0259hz Ulu \u00d6nd\u0259rin irsinin \u00f6yr\u0259nilm\u0259si v\u0259 t\u0259bli\u011fi istiqam\u0259tind\u0259 \u00e7oxsayl\u0131 birg\u0259 f\u0259aliyy\u0259tl\u0259rin h\u0259yata ke\u00e7irilm\u0259sini n\u0259z\u0259rd\u0259 tutur v\u0259 haz\u0131rki seminar bu m\u0259qs\u0259d\u0259 xidm\u0259t edir.<\/p>\n\n\n\n<p>&nbsp;Sonra seminar\u0131n proqram\u0131na uy\u011fun olaraq m\u0259ruz\u0259l\u0259r dinl\u0259nilib. MDU \u0259m\u0259kda\u015flar\u0131ndan Namaz Manafov \u201cHeyd\u0259r \u018fliyevin ana dilimizin inki\u015faf\u0131nda tarixi xidm\u0259tl\u0259ri\u201d, Flora Namazova \u201cHeyd\u0259r \u018fliyev v\u0259 Az\u0259rbaycan \u0259d\u0259biyyat\u0131\u201d, Asim M\u0259mm\u0259dov \u201cM\u00fcasir Az\u0259rbaycan d\u00f6vl\u0259tinin memar\u0131 v\u0259 qurucusu\u201d, Rahil\u0259 M\u0259mm\u0259dova \u201cMilli-m\u0259n\u0259vi d\u0259y\u0259rl\u0259rimizin qoruyucusu\u201d v\u0259 G\u00fcnel Yunusova \u201cHeyd\u0259r \u018fliyevin irsi milli s\u0259rv\u0259timizdir\u201d m\u00f6vzusunda m\u0259ruz\u0259l\u0259rl\u0259 \u00e7\u0131x\u0131\u015f edibl\u0259r.<\/p>\n\n\n\n<p>T\u0259qdim olunan m\u0259ruz\u0259l\u0259r maraqla qar\u015f\u0131lan\u0131b.<\/p>\n\n\n\n<p>Qeyd ed\u0259k ki, Ming\u0259\u00e7evird\u0259 v\u0259 MDU-da \u201cHeyd\u0259r \u018fliyev \u0130li\u201d \u00e7\u0259r\u00e7iv\u0259sind\u0259 m\u00fcxt\u0259lif formatl\u0131 t\u0259dbirl\u0259r h\u0259yata ke\u00e7irilir. S\u00f6z\u00fcged\u0259n seminar 2023-c\u00fc il aprelin 20-d\u0259 MDU il\u0259 M\u0259rk\u0259zi Aran RT\u0130 aras\u0131nda t\u0259sdiq edilmi\u015f T\u0259dbirl\u0259r Plan\u0131na uy\u011fun olaraq ke\u00e7irilib. T\u0259dbirl\u0259r Plan\u0131 \u00fcmummilli lider Heyd\u0259r \u018fliyevin z\u0259ngin d\u00f6vl\u0259t\u00e7ilik irsinin \u00f6yr\u0259nilm\u0259si v\u0259 t\u0259bli\u011fi m\u0259qs\u0259dil\u0259 elmi konfrans, seminar v\u0259 m\u00fchazir\u0259l\u0259ri, pedaqoji ixtisaslar \u00fczr\u0259 kadr haz\u0131rl\u0131\u011f\u0131n\u0131n t\u0259kmill\u0259\u015fdirilm\u0259sin\u0259 dair d\u0259yirmi masalar\u0131, g\u0259nc m\u00fc\u0259lliml\u0259r v\u0259 yeni t\u0259yin olunmu\u015f m\u0259kt\u0259b direktorlar\u0131 \u00fc\u00e7\u00fcn ustad d\u0259rsl\u0259ri, \u015fagirdl\u0259rin \u201cSabah\u0131n aliml\u0259ri\u201d m\u00fcsabiq\u0259sin\u0259 haz\u0131rlanmas\u0131n\u0131 v\u0259 sair t\u0259dbirl\u0259ri \u00f6z\u00fcnd\u0259 ehtiva edir. &nbsp;T\u0259dbirl\u0259r Plan\u0131 \u00e7\u0259r\u00e7iv\u0259sind\u0259 t\u0259qdim olunan imkanlardan MDU \u0259m\u0259kda\u015flar\u0131 v\u0259 t\u0259l\u0259b\u0259l\u0259ri, M\u0259rk\u0259zi Aran RT\u0130-nin 7 \u015f\u0259h\u0259r v\u0259 rayon (Ming\u0259\u00e7evir, Yevlax, A\u011fda\u015f, G\u00f6y\u00e7ay, Ucar, Z\u0259rdab, K\u00fcrd\u0259mir) \u00fczr\u0259 inzibati-pedaqoji hey\u0259ti v\u0259 \u015fagirdl\u0259ri faydalana bil\u0259c\u0259kl\u0259r.<\/p>","protected":false},"excerpt":{"rendered":"<p>2023-c\u00fc il may\u0131n 19-da Ming\u0259\u00e7evir D\u00f6vl\u0259t Universiteti (MDU) v\u0259 M\u0259rk\u0259zi Aran Regional T\u0259hsil \u0130dar\u0259sinin (RT\u0130) birg\u0259 t\u0259\u015fkilat\u00e7\u0131l\u0131\u011f\u0131 il\u0259 \u201cHeyd\u0259r \u018fliyev \u0130li\u201d \u00e7\u0259r\u00e7iv\u0259sind\u0259 \u201cHeyd\u0259r \u018fliyevin z\u0259ngin d\u00f6vl\u0259t\u00e7ilik irsinin \u0259sas istiqam\u0259tl\u0259ri\u201d m\u00f6vzusunda elmi seminar ke\u00e7irilib. MDU-nun evsahibliyi il\u0259 ke\u00e7iril\u0259n seminarda Ming\u0259\u00e7evir \u015f\u0259h\u0259rinin \u00fcmumi t\u0259hsil m\u0259kt\u0259bl\u0259rinin direktorlar\u0131 v\u0259 universitetin professor-m\u00fc\u0259llim hey\u0259ti \u00fczvl\u0259ri i\u015ftirak edib. Seminar i\u015ftirak\u00e7\u0131lar\u0131n\u0131 salamlayan MDU-nun [&hellip;]<\/p>\n","protected":false},"author":2,"featured_media":48519,"comment_status":"closed","ping_status":"closed","sticky":false,"template":"","format":"gallery","meta":{"_eb_attr":"","ocean_post_layout":"","ocean_both_sidebars_style":"","ocean_both_sidebars_content_width":0,"ocean_both_sidebars_sidebars_width":0,"ocean_sidebar":"0","ocean_second_sidebar":"0","ocean_disable_margins":"enable","ocean_add_body_class":"","ocean_shortcode_before_top_bar":"","ocean_shortcode_after_top_bar":"","ocean_shortcode_before_header":"","ocean_shortcode_after_header":"","ocean_has_shortcode":"","ocean_shortcode_after_title":"","ocean_shortcode_before_footer_widgets":"","ocean_shortcode_after_footer_widgets":"","ocean_shortcode_before_footer_bottom":"","ocean_shortcode_after_footer_bottom":"","ocean_display_top_bar":"default","ocean_display_header":"default","ocean_header_style":"","ocean_center_header_left_menu":"0","ocean_custom_header_template":"0","ocean_custom_logo":0,"ocean_custom_retina_logo":0,"ocean_custom_logo_max_width":0,"ocean_custom_logo_tablet_max_width":0,"ocean_custom_logo_mobile_max_width":0,"ocean_custom_logo_max_height":0,"ocean_custom_logo_tablet_max_height":0,"ocean_custom_logo_mobile_max_height":0,"ocean_header_custom_menu":"0","ocean_menu_typo_font_family":"0","ocean_menu_typo_font_subset":"","ocean_menu_typo_font_size":0,"ocean_menu_typo_font_size_tablet":0,"ocean_menu_typo_font_size_mobile":0,"ocean_menu_typo_font_size_unit":"px","ocean_menu_typo_font_weight":"","ocean_menu_typo_font_weight_tablet":"","ocean_menu_typo_font_weight_mobile":"","ocean_menu_typo_transform":"","ocean_menu_typo_transform_tablet":"","ocean_menu_typo_transform_mobile":"","ocean_menu_typo_line_height":0,"ocean_menu_typo_line_height_tablet":0,"ocean_menu_typo_line_height_mobile":0,"ocean_menu_typo_line_height_unit":"","ocean_menu_typo_spacing":0,"ocean_menu_typo_spacing_tablet":0,"ocean_menu_typo_spacing_mobile":0,"ocean_menu_typo_spacing_unit":"","ocean_menu_link_color":"","ocean_menu_link_color_hover":"","ocean_menu_link_color_active":"","ocean_menu_link_background":"","ocean_menu_link_hover_background":"","ocean_menu_link_active_background":"","ocean_menu_social_links_bg":"","ocean_menu_social_hover_links_bg":"","ocean_menu_social_links_color":"","ocean_menu_social_hover_links_color":"","ocean_disable_title":"default","ocean_disable_heading":"default","ocean_post_title":"","ocean_post_subheading":"","ocean_post_title_style":"","ocean_post_title_background_color":"","ocean_post_title_background":0,"ocean_post_title_bg_image_position":"","ocean_post_title_bg_image_attachment":"","ocean_post_title_bg_image_repeat":"","ocean_post_title_bg_image_size":"","ocean_post_title_height":0,"ocean_post_title_bg_overlay":0.5,"ocean_post_title_bg_overlay_color":"","ocean_disable_breadcrumbs":"default","ocean_breadcrumbs_color":"","ocean_breadcrumbs_separator_color":"","ocean_breadcrumbs_links_color":"","ocean_breadcrumbs_links_hover_color":"","ocean_display_footer_widgets":"default","ocean_display_footer_bottom":"default","ocean_custom_footer_template":"0","ocean_post_oembed":"","ocean_post_self_hosted_media":"","ocean_post_video_embed":"","ocean_link_format":"","ocean_link_format_target":"self","ocean_quote_format":"","ocean_quote_format_link":"post","ocean_gallery_link_images":"on","ocean_gallery_id":[48507,48508,48510,48511,48509,48512,48513,48514,48515,48516,48517,48518,48519],"footnotes":""},"categories":[122,31],"tags":[],"class_list":["post-48506","post","type-post","status-publish","format-gallery","has-post-thumbnail","hentry","category-heydr-liyev-100-il","category-mdu_xeberleri","post_format-post-format-gallery","entry","has-media"],"_links":{"self":[{"href":"https:\/\/mdu.edu.az\/en\/wp-json\/wp\/v2\/posts\/48506","targetHints":{"allow":["GET"]}}],"collection":[{"href":"https:\/\/mdu.edu.az\/en\/wp-json\/wp\/v2\/posts"}],"about":[{"href":"https:\/\/mdu.edu.az\/en\/wp-json\/wp\/v2\/types\/post"}],"author":[{"embeddable":true,"href":"https:\/\/mdu.edu.az\/en\/wp-json\/wp\/v2\/users\/2"}],"replies":[{"embeddable":true,"href":"https:\/\/mdu.edu.az\/en\/wp-json\/wp\/v2\/comments?post=48506"}],"version-history":[{"count":0,"href":"https:\/\/mdu.edu.az\/en\/wp-json\/wp\/v2\/posts\/48506\/revisions"}],"wp:featuredmedia":[{"embeddable":true,"href":"https:\/\/mdu.edu.az\/en\/wp-json\/wp\/v2\/media\/48519"}],"wp:attachment":[{"href":"https:\/\/mdu.edu.az\/en\/wp-json\/wp\/v2\/media?parent=48506"}],"wp:term":[{"taxonomy":"category","embeddable":true,"href":"https:\/\/mdu.edu.az\/en\/wp-json\/wp\/v2\/categories?post=48506"},{"taxonomy":"post_tag","embeddable":true,"href":"https:\/\/mdu.edu.az\/en\/wp-json\/wp\/v2\/tags?post=48506"}],"curies":[{"name":"wp","href":"https:\/\/api.w.org\/{rel}","templated":true}]}}