{"id":51658,"date":"2023-09-26T09:48:11","date_gmt":"2023-09-26T06:48:11","guid":{"rendered":"https:\/\/mdu.edu.az\/?p=51658"},"modified":"2023-09-26T10:00:21","modified_gmt":"2023-09-26T07:00:21","slug":"ucar_25-09-23","status":"publish","type":"post","link":"https:\/\/mdu.edu.az\/en\/ucar_25-09-23\/","title":{"rendered":"Ucarda \u201cHeyd\u0259r \u018fliyev \u0130li\u201d \u00e7\u0259r\u00e7iv\u0259sind\u0259 elmi seminar ke\u00e7irilib"},"content":{"rendered":"<p>2023-c\u00fc ilin sentyabr\u0131n 25-d\u0259 \u201cHeyd\u0259r \u018fliyev \u0130li\u201d \u00e7\u0259r\u00e7iv\u0259sind\u0259 Ming\u0259\u00e7evir D\u00f6vl\u0259t Universiteti (MDU) il\u0259 M\u0259rk\u0259zi Aran Regional T\u0259hsil \u0130dar\u0259si (RT\u0130) aras\u0131nda imzalanm\u0131\u015f T\u0259dbirl\u0259r Plan\u0131na uy\u011fun olaraq&nbsp;Ucar rayonunda \u201cHeyd\u0259r \u018fliyevin z\u0259ngin d\u00f6vl\u0259t\u00e7ilik irsinin \u0259sas istiqam\u0259tl\u0259ri\u201d m\u00f6vzusunda elmi seminar ke\u00e7irilib. Heyd\u0259r \u018fliyev Fondu t\u0259r\u0259find\u0259n tikilmi\u015f Ucar rayonu R\u0259st\u0259c\u0259 k\u0259nd tam orta m\u0259kt\u0259bind\u0259 ba\u015f tutan t\u0259dbird\u0259&nbsp; MDU-nun rektoru \u015eahin Bayramov, M\u0259rk\u0259zi Aran RT\u0130-nin m\u00fcdiri El\u00e7in K\u0259rimov, h\u0259min idar\u0259nin \u0259m\u0259kda\u015flar\u0131, rayonunun \u00fcmumi t\u0259hsil m\u00fc\u0259ssis\u0259l\u0259rinin r\u0259hb\u0259rl\u0259ri v\u0259 universitetin bir qrup professor-m\u00fc\u0259llim hey\u0259ti \u00fczv\u00fc i\u015ftirak edibl\u0259r.<\/p>\n\n\n\n<p>\u00dcmummilli Liderimizin 100 illik yubileyin\u0259 h\u0259sr olunan t\u0259dbird\u0259n \u00f6nc\u0259 \u015fagirdl\u0259rin r\u0259sm-\u0259l i\u015fl\u0259rind\u0259n ibar\u0259t s\u0259rgiy\u0259 bax\u0131\u015f ke\u00e7irilib.<\/p>\n\n\n\n<p>T\u0259dbir Az\u0259rbaycan Respublikas\u0131n\u0131n D\u00f6vl\u0259t Himninin s\u0259sl\u0259ndirilm\u0259si, Ulu \u00d6nd\u0259rimizin v\u0259 q\u0259hr\u0259man \u015f\u0259hidl\u0259rimizin \u0259ziz xatir\u0259sinin bir d\u0259qiq\u0259lik s\u00fckutla yad edilm\u0259si il\u0259 ba\u015flay\u0131b.<\/p>\n\n\n\n<p>T\u0259dbirin a\u00e7\u0131l\u0131\u015f\u0131nda MDU-nun rektoru \u015eahin Bayramov v\u0259 M\u0259rk\u0259zi Aran RT\u0130-nin m\u00fcdiri E.K\u0259rimov \u00e7\u0131x\u0131\u015f edibl\u0259r. A\u00e7\u0131l\u0131\u015f nitql\u0259rind\u0259 M\u00fcasir Az\u0259rbaycan d\u00f6vl\u0259tinin memar\u0131, \u00fcmummilli lider Heyd\u0259r \u018fliyevin \u00f6lk\u0259mizin h\u0259rt\u0259r\u0259fli inki\u015faf\u0131 yolunda misilsiz xidm\u0259tl\u0259r g\u00f6st\u0259rdiyi v\u0259 titanik f\u0259aliyy\u0259tl\u0259ri il\u0259 xalq\u0131m\u0131z\u0131n q\u0259lbind\u0259 \u0259b\u0259di heyk\u0259lini ucaltd\u0131\u011f\u0131 bildirilib. Qeyd edilib ki, milli t\u0259hsilimizin inki\u015faf\u0131n\u0131n \u0259n b\u00f6y\u00fck himay\u0259dar\u0131 olan, m\u00fc\u0259llim ad\u0131n\u0131 h\u0259r zaman uca tutan, u\u015faqlar\u0131n v\u0259 g\u0259ncl\u0259rin g\u0259l\u0259c\u0259yin\u0259 y\u00fcks\u0259k h\u0259ssasl\u0131q g\u00f6st\u0259r\u0259n Ulu \u00d6nd\u0259r r\u0259hb\u0259rlik etdiyi b\u00fct\u00fcn d\u00f6vrl\u0259rd\u0259 respublikam\u0131zda t\u0259hsilin b\u00fct\u00fcn pill\u0259 v\u0259 s\u0259viyy\u0259l\u0259ri \u00fczr\u0259 potensial\u0131n\u0131n g\u00fccl\u0259ndirilm\u0259sin\u0259 daim b\u00f6y\u00fck diqq\u0259t v\u0259 qay\u011f\u0131 il\u0259 yana\u015f\u0131b. Bildirilib ki, bu g\u00fcn \u0259b\u0259diya\u015far liderin layiqli davam\u00e7\u0131s\u0131 Prezident \u0130lham \u018fliyevin \u201cqara q\u0131z\u0131l\u0131n insan kapital\u0131na \u00e7evrilm\u0259si\u201d t\u0259\u015f\u0259bb\u00fcs\u00fc \u0259sas\u0131nda h\u0259yata ke\u00e7iril\u0259n islahatlar \u00f6lk\u0259 t\u0259hsilinin inki\u015faf\u0131na v\u0259 r\u0259qab\u0259tqabiliyy\u0259tliliyinin art\u0131r\u0131lmas\u0131na \u0259h\u0259miyy\u0259tli t\u00f6hf\u0259l\u0259r verir. Eyni zamanda, dahi \u015f\u0259xsiyy\u0259tin z\u0259ngin irsinin \u00f6yr\u0259nilm\u0259si v\u0259 t\u0259bli\u011finin t\u0259hsil m\u00fc\u0259ssis\u0259l\u0259rinin \u0259n m\u00fch\u00fcm v\u0259 \u015f\u0259r\u0259fli v\u0259zif\u0259l\u0259rind\u0259n oldu\u011fu vur\u011fulanaraq haz\u0131rki seminar\u0131n \u0259h\u0259miyy\u0259ti diqq\u0259t\u0259 \u00e7atd\u0131r\u0131l\u0131b.<\/p>\n\n\n\n<p>\u00dcmummilli Liderimizin z\u0259ngin v\u0259 \u00e7ox\u015fax\u0259li f\u0259aliyy\u0259tind\u0259n b\u0259hs ed\u0259n video\u00e7arx izl\u0259nildikd\u0259n sonra m\u0259ruz\u0259l\u0259r dinl\u0259nilib.<\/p>\n\n\n\n<p>MDU-nun aliml\u0259ri Asim M\u0259mm\u0259dov \u201cM\u00fcasir Az\u0259rbaycan d\u00f6vl\u0259tinin memar\u0131 v\u0259 qurucusu\u201d, Namaz Manafov \u201cHeyd\u0259r \u018fliyevin ana dilimizin inki\u015faf\u0131nda tarixi xidm\u0259tl\u0259ri\u201d, Flora Namazova \u201cHeyd\u0259r \u018fliyev v\u0259 Az\u0259rbaycan \u0259d\u0259biyyat\u0131\u201d, Rahil\u0259 M\u0259mm\u0259dova \u201cMilli-m\u0259n\u0259vi d\u0259y\u0259rl\u0259rimizin qoruyucusu\u201d v\u0259 G\u00fcnel Yunusova \u201cHeyd\u0259r \u018fliyevin irsi milli s\u0259rv\u0259timizdir\u201d m\u00f6vzusunda m\u0259ruz\u0259l\u0259rl\u0259 \u00e7\u0131x\u0131\u015f edibl\u0259r.<\/p>\n\n\n\n<p>B\u00f6y\u00fck maraqla qar\u015f\u0131lanan m\u0259ruz\u0259l\u0259rd\u0259n sonra t\u0259dbir m\u0259kt\u0259bin istedadl\u0131 \u015fagirdl\u0259rinin ifas\u0131nda n\u00fcmayi\u015f etdiril\u0259n \u0259d\u0259bi-b\u0259dii kompozisiya il\u0259 yekunla\u015f\u0131b.<\/p>\n\n\n\n<p>Qeyd ed\u0259k ki, m\u00fcasirl\u0259\u015fm\u0259kd\u0259 olan MDU-nun regionda yerl\u0259\u015f\u0259n t\u0259hsil m\u00fc\u0259ssis\u0259l\u0259ri il\u0259 faydal\u0131 i\u015fbirliyinin g\u00fccl\u0259ndirilm\u0259si bu ali t\u0259hsil m\u00fc\u0259ssis\u0259sinin prioritet v\u0259zif\u0259l\u0259ri s\u0131ras\u0131ndad\u0131r. 2023-c\u00fc il aprelin 20-d\u0259 \u201cHeyd\u0259r \u018fliyev \u0130li\u201d \u00e7\u0259r\u00e7iv\u0259sind\u0259 MDU v\u0259 M\u0259rk\u0259zi Aran RT\u0130 aras\u0131nda imzalanm\u0131\u015f T\u0259dbirl\u0259r Plan\u0131 m\u0259hz bu v\u0259zif\u0259l\u0259rin effektiv h\u0259llin\u0259 h\u0259d\u0259fl\u0259nib.<\/p>","protected":false},"excerpt":{"rendered":"<p>2023-c\u00fc ilin sentyabr\u0131n 25-d\u0259 \u201cHeyd\u0259r \u018fliyev \u0130li\u201d \u00e7\u0259r\u00e7iv\u0259sind\u0259 Ming\u0259\u00e7evir D\u00f6vl\u0259t Universiteti (MDU) il\u0259 M\u0259rk\u0259zi Aran Regional T\u0259hsil \u0130dar\u0259si (RT\u0130) aras\u0131nda imzalanm\u0131\u015f T\u0259dbirl\u0259r Plan\u0131na uy\u011fun olaraq&nbsp;Ucar rayonunda \u201cHeyd\u0259r \u018fliyevin z\u0259ngin d\u00f6vl\u0259t\u00e7ilik irsinin \u0259sas istiqam\u0259tl\u0259ri\u201d m\u00f6vzusunda elmi seminar ke\u00e7irilib. Heyd\u0259r \u018fliyev Fondu t\u0259r\u0259find\u0259n tikilmi\u015f Ucar rayonu R\u0259st\u0259c\u0259 k\u0259nd tam orta m\u0259kt\u0259bind\u0259 ba\u015f tutan t\u0259dbird\u0259&nbsp; MDU-nun rektoru \u015eahin [&hellip;]<\/p>\n","protected":false},"author":2,"featured_media":0,"comment_status":"closed","ping_status":"closed","sticky":false,"template":"","format":"gallery","meta":{"_eb_attr":"","ocean_post_layout":"","ocean_both_sidebars_style":"","ocean_both_sidebars_content_width":0,"ocean_both_sidebars_sidebars_width":0,"ocean_sidebar":"0","ocean_second_sidebar":"0","ocean_disable_margins":"enable","ocean_add_body_class":"","ocean_shortcode_before_top_bar":"","ocean_shortcode_after_top_bar":"","ocean_shortcode_before_header":"","ocean_shortcode_after_header":"","ocean_has_shortcode":"","ocean_shortcode_after_title":"","ocean_shortcode_before_footer_widgets":"","ocean_shortcode_after_footer_widgets":"","ocean_shortcode_before_footer_bottom":"","ocean_shortcode_after_footer_bottom":"","ocean_display_top_bar":"default","ocean_display_header":"default","ocean_header_style":"","ocean_center_header_left_menu":"0","ocean_custom_header_template":"0","ocean_custom_logo":0,"ocean_custom_retina_logo":0,"ocean_custom_logo_max_width":0,"ocean_custom_logo_tablet_max_width":0,"ocean_custom_logo_mobile_max_width":0,"ocean_custom_logo_max_height":0,"ocean_custom_logo_tablet_max_height":0,"ocean_custom_logo_mobile_max_height":0,"ocean_header_custom_menu":"0","ocean_menu_typo_font_family":"0","ocean_menu_typo_font_subset":"","ocean_menu_typo_font_size":0,"ocean_menu_typo_font_size_tablet":0,"ocean_menu_typo_font_size_mobile":0,"ocean_menu_typo_font_size_unit":"px","ocean_menu_typo_font_weight":"","ocean_menu_typo_font_weight_tablet":"","ocean_menu_typo_font_weight_mobile":"","ocean_menu_typo_transform":"","ocean_menu_typo_transform_tablet":"","ocean_menu_typo_transform_mobile":"","ocean_menu_typo_line_height":0,"ocean_menu_typo_line_height_tablet":0,"ocean_menu_typo_line_height_mobile":0,"ocean_menu_typo_line_height_unit":"","ocean_menu_typo_spacing":0,"ocean_menu_typo_spacing_tablet":0,"ocean_menu_typo_spacing_mobile":0,"ocean_menu_typo_spacing_unit":"","ocean_menu_link_color":"","ocean_menu_link_color_hover":"","ocean_menu_link_color_active":"","ocean_menu_link_background":"","ocean_menu_link_hover_background":"","ocean_menu_link_active_background":"","ocean_menu_social_links_bg":"","ocean_menu_social_hover_links_bg":"","ocean_menu_social_links_color":"","ocean_menu_social_hover_links_color":"","ocean_disable_title":"default","ocean_disable_heading":"default","ocean_post_title":"","ocean_post_subheading":"","ocean_post_title_style":"","ocean_post_title_background_color":"","ocean_post_title_background":0,"ocean_post_title_bg_image_position":"","ocean_post_title_bg_image_attachment":"","ocean_post_title_bg_image_repeat":"","ocean_post_title_bg_image_size":"","ocean_post_title_height":0,"ocean_post_title_bg_overlay":0.5,"ocean_post_title_bg_overlay_color":"","ocean_disable_breadcrumbs":"default","ocean_breadcrumbs_color":"","ocean_breadcrumbs_separator_color":"","ocean_breadcrumbs_links_color":"","ocean_breadcrumbs_links_hover_color":"","ocean_display_footer_widgets":"default","ocean_display_footer_bottom":"default","ocean_custom_footer_template":"0","ocean_post_oembed":"","ocean_post_self_hosted_media":"","ocean_post_video_embed":"","ocean_link_format":"","ocean_link_format_target":"self","ocean_quote_format":"","ocean_quote_format_link":"post","ocean_gallery_link_images":"on","ocean_gallery_id":[51683,51661,51665,51668,51669,51664,51671,51666,51672,51670,51673,51674,51659,51663,51680,51679,51678,51677,51676,51675,51681],"footnotes":""},"categories":[122],"tags":[],"class_list":["post-51658","post","type-post","status-publish","format-gallery","hentry","category-heydr-liyev-100-il","post_format-post-format-gallery","entry"],"_links":{"self":[{"href":"https:\/\/mdu.edu.az\/en\/wp-json\/wp\/v2\/posts\/51658","targetHints":{"allow":["GET"]}}],"collection":[{"href":"https:\/\/mdu.edu.az\/en\/wp-json\/wp\/v2\/posts"}],"about":[{"href":"https:\/\/mdu.edu.az\/en\/wp-json\/wp\/v2\/types\/post"}],"author":[{"embeddable":true,"href":"https:\/\/mdu.edu.az\/en\/wp-json\/wp\/v2\/users\/2"}],"replies":[{"embeddable":true,"href":"https:\/\/mdu.edu.az\/en\/wp-json\/wp\/v2\/comments?post=51658"}],"version-history":[{"count":1,"href":"https:\/\/mdu.edu.az\/en\/wp-json\/wp\/v2\/posts\/51658\/revisions"}],"predecessor-version":[{"id":51682,"href":"https:\/\/mdu.edu.az\/en\/wp-json\/wp\/v2\/posts\/51658\/revisions\/51682"}],"wp:attachment":[{"href":"https:\/\/mdu.edu.az\/en\/wp-json\/wp\/v2\/media?parent=51658"}],"wp:term":[{"taxonomy":"category","embeddable":true,"href":"https:\/\/mdu.edu.az\/en\/wp-json\/wp\/v2\/categories?post=51658"},{"taxonomy":"post_tag","embeddable":true,"href":"https:\/\/mdu.edu.az\/en\/wp-json\/wp\/v2\/tags?post=51658"}],"curies":[{"name":"wp","href":"https:\/\/api.w.org\/{rel}","templated":true}]}}