{"id":54164,"date":"2023-12-24T13:47:05","date_gmt":"2023-12-24T10:47:05","guid":{"rendered":"https:\/\/mdu.edu.az\/?p=54164"},"modified":"2023-12-24T13:49:04","modified_gmt":"2023-12-24T10:49:04","slug":"yazi-24-12-23","status":"publish","type":"post","link":"https:\/\/mdu.edu.az\/en\/yazi-24-12-23\/","title":{"rendered":"\u015eahin Bayramov: Prezident \u0130lham \u018fliyev ata v\u0259siyy\u0259tini yerin\u0259 yetir\u0259r\u0259k b\u00fct\u00fcn v\u0259dl\u0259rin\u0259 \u0259m\u0259l ed\u0259n Lider kimi d\u00fcnyada \u00f6z s\u00f6z\u00fcn\u00fc dedi (AZ\u018fRTAC)"},"content":{"rendered":"<p><strong><a href=\"https:\/\/azertag.az\/xeber\/sahin_bayramov_prezident_ilham_eliyev_ata_vesiyyetini_yerine_yetirerek_butun_vedlerine_emel_eden_lider_kimi_dunyada_oz_sozunu_dedi-2863192\" data-type=\"link\" data-id=\"https:\/\/azertag.az\/xeber\/sahin_bayramov_prezident_ilham_eliyev_ata_vesiyyetini_yerine_yetirerek_butun_vedlerine_emel_eden_lider_kimi_dunyada_oz_sozunu_dedi-2863192\" target=\"_blank\" rel=\"noreferrer noopener\">AZ\u018fRTAC, 24.12.2023<\/a><\/strong><\/p>\n\n\n\n<p>H\u0259r bir xalq\u0131n qar\u015f\u0131ya qoydu\u011fu h\u0259d\u0259fl\u0259r\u0259 do\u011fru inamla v\u0259 q\u0259tiyy\u0259tl\u0259 ir\u0259lil\u0259m\u0259sind\u0259, firavan, etibarl\u0131, dayan\u0131ql\u0131 v\u0259 t\u0259hl\u00fck\u0259siz inki\u015faf\u0131n\u0131n t\u0259min edilm\u0259sind\u0259 \u015f\u0259xsiyy\u0259t v\u0259 lider amilinin b\u00f6y\u00fck rolu vard\u0131r. Bu bax\u0131mdan Az\u0259rbaycan\u0131 d\u00fcnyan\u0131n \u0259n \u015fansl\u0131 \u00f6lk\u0259l\u0259rind\u0259n oldu\u011funu b\u00f6y\u00fck f\u0259xar\u0259t hissl\u0259ri il\u0259 dey\u0259 bil\u0259rik.<\/p>\n\n\n\n<p><a href=\"https:\/\/azertag.az\/xeber\/sahin_bayramov_prezident_ilham_eliyev_ata_vesiyyetini_yerine_yetirerek_butun_vedlerine_emel_eden_lider_kimi_dunyada_oz_sozunu_dedi-2863192\" target=\"_blank\" rel=\"noreferrer noopener\">AZ\u018fRTAC<\/a> x\u0259b\u0259r verir ki, bu fikirl\u0259ri Ming\u0259\u00e7evir D\u00f6vl\u0259t Universitetinin rektoru \u015eahin Bayramov s\u00f6yl\u0259yib.<\/p>\n\n\n\n<p>Rektor qeyd edib: M\u00fcst\u0259qilliyimizin son 30 illik tarixin\u0259 n\u0259z\u0259r yetir\u0259r\u0259k \u0259ld\u0259 edilmi\u015f m\u00f6ht\u0259\u015f\u0259m nailiyy\u0259tl\u0259rd\u0259 \u015f\u0259xsiyy\u0259t v\u0259 liderlik amilinin n\u0259 d\u0259r\u0259c\u0259d\u0259 \u00f6n\u0259mli paya sahib oldu\u011funu ayd\u0131n \u015f\u0259kild\u0259 g\u00f6rm\u0259k m\u00fcmk\u00fcnd\u00fcr. H\u0259m Az\u0259rbaycan\u0131 m\u00fcst\u0259qil d\u00f6vl\u0259t kimi m\u0259hv olmaqdan xilas ed\u0259n, \u00f6lk\u0259mizin h\u0259rt\u0259r\u0259fli t\u0259r\u0259qqisi yolunda titanik xidm\u0259tl\u0259ri il\u0259 \u00f6mr\u00fcn\u00fc tamamil\u0259 xalq\u0131m\u0131z\u0131n g\u0259l\u0259c\u0259yin\u0259 h\u0259sr ed\u0259n \u00dcmummilli Lider Heyd\u0259r \u018fliyevin, h\u0259m d\u0259 onun layiqli siyasi varisi, xalq\u0131m\u0131z\u0131n suveren inki\u015faf\u0131 namin\u0259 verdiyi b\u00fct\u00fcn v\u0259dl\u0259ri yerin\u0259 yetir\u0259n M\u00fcz\u0259ff\u0259r Ali Ba\u015f Komandan, Prezident \u0130lham \u018fliyevin n\u00fcmun\u0259vi v\u0259 misilsiz liderliyi bu konseptin milli v\u0259 qlobal s\u0259viyy\u0259l\u0259rd\u0259 \u0259n u\u011furlu aprobasiyalar\u0131ndan hesab edilir.<\/p>\n\n\n\n<p>Ulu \u00d6nd\u0259r Heyd\u0259r \u018fliyevin xalq\u0131m\u0131za miras qoydu\u011fu m\u00fcasir m\u00fcst\u0259qil Az\u0259rbaycan son 20 il \u0259rzind\u0259 Prezident \u0130lham \u018fliyevin y\u00fcks\u0259k intellekti, \u0259zmi v\u0259 c\u0259sar\u0259ti, g\u00fccl\u00fc siyasi q\u0259tiyy\u0259ti v\u0259 irad\u0259si, b\u00f6y\u00fck uzaqg\u00f6r\u0259nliyi, z\u0259ngin idar\u0259\u00e7ilik t\u0259cr\u00fcb\u0259si v\u0259 m\u0259har\u0259ti say\u0259sind\u0259 m\u00fcst\u0259qillik d\u00f6vr\u00fcn\u00fcn \u0259n q\u00fcdr\u0259tli d\u00f6vl\u0259tin\u0259 \u00e7evrilmi\u015f v\u0259 beyn\u0259lxalq siyasi arenada n\u00fcfuzunu v\u0259 m\u00f6vqeyini \u0259h\u0259miyy\u0259tli d\u0259r\u0259c\u0259d\u0259 g\u00fccl\u0259ndirmi\u015fdir\u201d.<\/p>\n\n\n\n<p>Az\u0259rbaycan\u0131n iqtisadi, h\u0259rbi, sosial, diplomatiya v\u0259 dig\u0259r b\u00fct\u00fcn sah\u0259l\u0259rd\u0259 davaml\u0131 artan g\u00fcc\u00fcn\u00fcn, sars\u0131lmaz xalq v\u0259 d\u00f6vl\u0259t birliyinin \u00f6lk\u0259miz\u0259 \u015fanl\u0131 z\u0259f\u0259rl\u0259r qazand\u0131rmaqla \u0259razi b\u00fct\u00f6vl\u00fcy\u00fcm\u00fcz\u00fcn v\u0259 suverenliyimizin tam t\u0259min olunmas\u0131na imkan yaratd\u0131\u011f\u0131n\u0131 xat\u0131rladan \u015e.Bayramov vur\u011fulay\u0131b ki, M\u00fcz\u0259ff\u0259r Ali Ba\u015f Komandan \u0130lham \u018fliyevin q\u0259tiyy\u0259tli s\u0259rk\u0259rd\u0259liyi il\u0259 r\u0259\u015fad\u0259tli Az\u0259rbaycan Silahl\u0131 Q\u00fcvv\u0259l\u0259ri 30 il d\u00fc\u015fm\u0259n i\u015f\u011fal\u0131 alt\u0131nda qalm\u0131\u015f torpaqlar\u0131m\u0131z\u0131 44 g\u00fcn\u0259 azad etdi. Eyni zamanda, Qaraba\u011fda h\u0259yata ke\u00e7iril\u0259n lokal xarakterli antiterror t\u0259dbirl\u0259ri n\u0259tic\u0259sind\u0259 24 saatdan az bir m\u00fcdd\u0259td\u0259 d\u00fc\u015fm\u0259nin qanunsuz silahl\u0131 birl\u0259\u015fm\u0259l\u0259rinin t\u0259slim edilm\u0259si, terror\u00e7ular\u0131n c\u0259zaland\u0131r\u0131lmas\u0131 il\u0259 Az\u0259rbaycan g\u00fcc\u00fcn\u00fc bir daha b\u00fct\u00fcn d\u00fcnyaya n\u00fcmayi\u015f etdirdi. Bel\u0259likl\u0259, Prezident \u0130lham \u018fliyev ata v\u0259siyy\u0259tini yerin\u0259 yetir\u0259r\u0259k xalq\u0131m\u0131z\u0131n \u0259n b\u00f6y\u00fck arzusunu realla\u015fd\u0131ran v\u0259 b\u00fct\u00fcn v\u0259dl\u0259rin\u0259 \u0259m\u0259l ed\u0259n Lider kimi d\u00fcnyada \u00f6z s\u00f6z\u00fcn\u00fc dedi. Prezident \u0130lham \u018fliyevin m\u00fcsahib\u0259l\u0259rin birind\u0259 qeyd etdiyi kimi: \u201c\u018frazil\u0259ri azad etm\u0259k m\u0259nim siyasi h\u0259yat\u0131m\u0131n \u0259sas m\u0259qs\u0259dini t\u0259\u015fkil edir v\u0259 f\u0259xr edir\u0259m ki, bu m\u0259qs\u0259dl\u0259r\u0259 nail olunub\u201d. Bu g\u00fcn Qaraba\u011f v\u0259 \u015e\u0259rqi Z\u0259ng\u0259zurda, o c\u00fcml\u0259d\u0259n \u015eu\u015fada, Xank\u0259ndid\u0259, Xocal\u0131da, La\u00e7\u0131nda v\u0259 dig\u0259r \u0259z\u0259li torpaqlar\u0131m\u0131zda Az\u0259rbaycan Bayra\u011f\u0131n\u0131n v\u00fcqarla dal\u011falanmas\u0131 olduqca q\u00fcrurvericidir.<\/p>\n\n\n\n<p>\u201cH\u0259m\u00e7inin b\u00f6y\u00fck q\u00fcrur duyuruq ki, haz\u0131rda Az\u0259rbaycan\u0131n artan g\u00fcc\u00fc \u00f6z\u00fcn\u00fc i\u015f\u011faldan azad edilmi\u015f do\u011fma yurdlar\u0131m\u0131za B\u00f6y\u00fck Qay\u0131d\u0131\u015fda g\u00f6st\u0259rir. Qaraba\u011f v\u0259 \u015e\u0259rqi Z\u0259ng\u0259zurda \u201ca\u011f\u0131ll\u0131 \u015f\u0259h\u0259r\u201d v\u0259 \u201ca\u011f\u0131ll\u0131 k\u0259nd\u201d konsepti il\u0259 ya\u015fay\u0131\u015f m\u0259nt\u0259q\u0259l\u0259rinin yenid\u0259n qurulmas\u0131, m\u0259rh\u0259l\u0259li m\u0259skunla\u015fmaya start verilm\u0259si, enerji v\u0259 logistika sah\u0259sind\u0259 modern infrastrukturun t\u0259min edilm\u0259si, el\u0259c\u0259 d\u0259 b\u00f6lg\u0259nin s\u00fcr\u0259tl\u0259 dir\u00e7\u0259ldilm\u0259si istiqam\u0259tind\u0259 h\u0259yata ke\u00e7iril\u0259n dig\u0259r b\u00fct\u00fcn irimiqyasl\u0131 v\u0259 sistemli t\u0259dbirl\u0259r m\u0259hz Az\u0259rbaycan\u0131n iqtisadi g\u00fcc\u00fcnd\u0259n v\u0259 bu torpaqlar\u0131n \u0259sl sahibi olmas\u0131ndan x\u0259b\u0259r verir. Bununla yana\u015f\u0131, \u015eu\u015fada, Xank\u0259ndid\u0259, Suqovu\u015fanda v\u0259 i\u015f\u011faldan azad edilmi\u015f dig\u0259r b\u00f6lg\u0259l\u0259rimizd\u0259 milli v\u0259 beyn\u0259lxalq \u0259h\u0259miyy\u0259tli t\u0259dbirl\u0259rin ke\u00e7irilm\u0259si, o c\u00fcml\u0259d\u0259n Qaraba\u011f Universitetinin yarad\u0131lmas\u0131 xalq\u0131m\u0131z\u0131n do\u011fma yurdlar\u0131na inki\u015faf etmi\u015f m\u0259d\u0259niyy\u0259ti, inc\u0259s\u0259n\u0259ti, elmi, t\u0259hsili v\u0259 idman\u0131 il\u0259 qay\u0131d\u0131\u015f\u0131n\u0131n v\u0259 humanitar sah\u0259d\u0259 g\u00fcc\u00fcn\u00fcn g\u00f6st\u0259ricil\u0259ridir. Dan\u0131lmaz h\u0259qiq\u0259tdir ki, b\u00fct\u00fcn bunlar Prezident \u0130lham \u018fliyevin regionda s\u00fclh\u0259, t\u0259hl\u00fck\u0259sizliy\u0259 v\u0259 davaml\u0131 t\u0259r\u0259qqiy\u0259 \u0259saslanan h\u0259rt\u0259r\u0259fli inki\u015faf siyas\u0259tinin t\u0259nt\u0259n\u0259sidir.<\/p>\n\n\n\n<p>Bu g\u00fcn h\u0259r birimiz haql\u0131 olaraq, \u00f6lk\u0259mizin \u0259razi b\u00fct\u00f6vl\u00fcy\u00fc v\u0259 suverenliyinin, milli q\u00fcrurumuzun xilaskar\u0131, qalib xalq\u0131m\u0131z\u0131n qalib Lideri \u0130lham \u018fliyevl\u0259 f\u0259xr edirik\u201d, &#8211; dey\u0259n rektor Ming\u0259\u00e7evir D\u00f6vl\u0259t Universitetinin kollektivi ad\u0131ndan d\u00f6vl\u0259timizin ba\u015f\u00e7\u0131s\u0131n\u0131 t\u0259brik edib, ona m\u00f6hk\u0259m cansa\u011fl\u0131\u011f\u0131, \u00f6lk\u0259mizin parlaq g\u0259l\u0259c\u0259yi namin\u0259 \u0259zmkar f\u0259aliyy\u0259tind\u0259 yeni-yeni u\u011furlar arzulay\u0131b.<\/p>","protected":false},"excerpt":{"rendered":"<p>AZ\u018fRTAC, 24.12.2023 H\u0259r bir xalq\u0131n qar\u015f\u0131ya qoydu\u011fu h\u0259d\u0259fl\u0259r\u0259 do\u011fru inamla v\u0259 q\u0259tiyy\u0259tl\u0259 ir\u0259lil\u0259m\u0259sind\u0259, firavan, etibarl\u0131, dayan\u0131ql\u0131 v\u0259 t\u0259hl\u00fck\u0259siz inki\u015faf\u0131n\u0131n t\u0259min edilm\u0259sind\u0259 \u015f\u0259xsiyy\u0259t v\u0259 lider amilinin b\u00f6y\u00fck rolu vard\u0131r. Bu bax\u0131mdan Az\u0259rbaycan\u0131 d\u00fcnyan\u0131n \u0259n \u015fansl\u0131 \u00f6lk\u0259l\u0259rind\u0259n oldu\u011funu b\u00f6y\u00fck f\u0259xar\u0259t hissl\u0259ri il\u0259 dey\u0259 bil\u0259rik. AZ\u018fRTAC x\u0259b\u0259r verir ki, bu fikirl\u0259ri Ming\u0259\u00e7evir D\u00f6vl\u0259t Universitetinin rektoru \u015eahin Bayramov s\u00f6yl\u0259yib. [&hellip;]<\/p>\n","protected":false},"author":2,"featured_media":54165,"comment_status":"closed","ping_status":"closed","sticky":false,"template":"","format":"gallery","meta":{"_eb_attr":"","ocean_post_layout":"","ocean_both_sidebars_style":"","ocean_both_sidebars_content_width":0,"ocean_both_sidebars_sidebars_width":0,"ocean_sidebar":"","ocean_second_sidebar":"","ocean_disable_margins":"enable","ocean_add_body_class":"","ocean_shortcode_before_top_bar":"","ocean_shortcode_after_top_bar":"","ocean_shortcode_before_header":"","ocean_shortcode_after_header":"","ocean_has_shortcode":"","ocean_shortcode_after_title":"","ocean_shortcode_before_footer_widgets":"","ocean_shortcode_after_footer_widgets":"","ocean_shortcode_before_footer_bottom":"","ocean_shortcode_after_footer_bottom":"","ocean_display_top_bar":"default","ocean_display_header":"default","ocean_header_style":"","ocean_center_header_left_menu":"","ocean_custom_header_template":"","ocean_custom_logo":0,"ocean_custom_retina_logo":0,"ocean_custom_logo_max_width":0,"ocean_custom_logo_tablet_max_width":0,"ocean_custom_logo_mobile_max_width":0,"ocean_custom_logo_max_height":0,"ocean_custom_logo_tablet_max_height":0,"ocean_custom_logo_mobile_max_height":0,"ocean_header_custom_menu":"","ocean_menu_typo_font_family":"","ocean_menu_typo_font_subset":"","ocean_menu_typo_font_size":0,"ocean_menu_typo_font_size_tablet":0,"ocean_menu_typo_font_size_mobile":0,"ocean_menu_typo_font_size_unit":"px","ocean_menu_typo_font_weight":"","ocean_menu_typo_font_weight_tablet":"","ocean_menu_typo_font_weight_mobile":"","ocean_menu_typo_transform":"","ocean_menu_typo_transform_tablet":"","ocean_menu_typo_transform_mobile":"","ocean_menu_typo_line_height":0,"ocean_menu_typo_line_height_tablet":0,"ocean_menu_typo_line_height_mobile":0,"ocean_menu_typo_line_height_unit":"","ocean_menu_typo_spacing":0,"ocean_menu_typo_spacing_tablet":0,"ocean_menu_typo_spacing_mobile":0,"ocean_menu_typo_spacing_unit":"","ocean_menu_link_color":"","ocean_menu_link_color_hover":"","ocean_menu_link_color_active":"","ocean_menu_link_background":"","ocean_menu_link_hover_background":"","ocean_menu_link_active_background":"","ocean_menu_social_links_bg":"","ocean_menu_social_hover_links_bg":"","ocean_menu_social_links_color":"","ocean_menu_social_hover_links_color":"","ocean_disable_title":"default","ocean_disable_heading":"default","ocean_post_title":"","ocean_post_subheading":"","ocean_post_title_style":"","ocean_post_title_background_color":"","ocean_post_title_background":0,"ocean_post_title_bg_image_position":"","ocean_post_title_bg_image_attachment":"","ocean_post_title_bg_image_repeat":"","ocean_post_title_bg_image_size":"","ocean_post_title_height":0,"ocean_post_title_bg_overlay":0.5,"ocean_post_title_bg_overlay_color":"","ocean_disable_breadcrumbs":"default","ocean_breadcrumbs_color":"","ocean_breadcrumbs_separator_color":"","ocean_breadcrumbs_links_color":"","ocean_breadcrumbs_links_hover_color":"","ocean_display_footer_widgets":"default","ocean_display_footer_bottom":"default","ocean_custom_footer_template":"","ocean_post_oembed":"","ocean_post_self_hosted_media":"","ocean_post_video_embed":"","ocean_link_format":"","ocean_link_format_target":"self","ocean_quote_format":"","ocean_quote_format_link":"post","ocean_gallery_link_images":"on","ocean_gallery_id":[54165],"footnotes":""},"categories":[31],"tags":[],"class_list":["post-54164","post","type-post","status-publish","format-gallery","has-post-thumbnail","hentry","category-mdu_xeberleri","post_format-post-format-gallery","entry","has-media"],"_links":{"self":[{"href":"https:\/\/mdu.edu.az\/en\/wp-json\/wp\/v2\/posts\/54164","targetHints":{"allow":["GET"]}}],"collection":[{"href":"https:\/\/mdu.edu.az\/en\/wp-json\/wp\/v2\/posts"}],"about":[{"href":"https:\/\/mdu.edu.az\/en\/wp-json\/wp\/v2\/types\/post"}],"author":[{"embeddable":true,"href":"https:\/\/mdu.edu.az\/en\/wp-json\/wp\/v2\/users\/2"}],"replies":[{"embeddable":true,"href":"https:\/\/mdu.edu.az\/en\/wp-json\/wp\/v2\/comments?post=54164"}],"version-history":[{"count":2,"href":"https:\/\/mdu.edu.az\/en\/wp-json\/wp\/v2\/posts\/54164\/revisions"}],"predecessor-version":[{"id":54167,"href":"https:\/\/mdu.edu.az\/en\/wp-json\/wp\/v2\/posts\/54164\/revisions\/54167"}],"wp:featuredmedia":[{"embeddable":true,"href":"https:\/\/mdu.edu.az\/en\/wp-json\/wp\/v2\/media\/54165"}],"wp:attachment":[{"href":"https:\/\/mdu.edu.az\/en\/wp-json\/wp\/v2\/media?parent=54164"}],"wp:term":[{"taxonomy":"category","embeddable":true,"href":"https:\/\/mdu.edu.az\/en\/wp-json\/wp\/v2\/categories?post=54164"},{"taxonomy":"post_tag","embeddable":true,"href":"https:\/\/mdu.edu.az\/en\/wp-json\/wp\/v2\/tags?post=54164"}],"curies":[{"name":"wp","href":"https:\/\/api.w.org\/{rel}","templated":true}]}}