{"id":56260,"date":"2024-03-14T14:17:42","date_gmt":"2024-03-14T11:17:42","guid":{"rendered":"https:\/\/mdu.edu.az\/?p=56260"},"modified":"2024-03-14T14:18:03","modified_gmt":"2024-03-14T11:18:03","slug":"mf_2","status":"publish","type":"post","link":"https:\/\/mdu.edu.az\/en\/mf_2\/","title":{"rendered":"MDU-da \u201cM\u00fc\u0259lliml\u0259rimiz f\u0259xrimizdir\u201d rubrikas\u0131 davam edir"},"content":{"rendered":"<p> <b style=\"mso-bidi-font-weight:normal\"><i style=\"mso-bidi-font-style:normal\"><u><span lang=\"AZ-LATIN\" style=\"font-size:12.0pt;line-height:115%;font-family:&quot;Arial&quot;,sans-serif;mso-ansi-language:AZ-LATIN\">M\u00fc\u0259lliml\u0259rimiz f\u0259xrimizdir<\/span><\/u><\/i><\/b><p class=\"MsoNormal\" style=\"text-align:justify\"><span lang=\"AZ-LATIN\" style=\"font-size:12.0pt;line-height:115%;font-family:&quot;Arial&quot;,sans-serif;background:white;mso-ansi-language:AZ-LATIN\">Ming\u0259\u00e7evir D\u00f6vl\u0259t Universitetinin t\u0259cr\u00fcb\u0259li m\u00fct\u0259x\u0259ssisi v\u0259 pedaqoji f\u0259aliyy\u0259t\u0259 b\u00fct\u00fcn varl\u0131\u011f\u0131 il\u0259 ba\u011flanm\u0131\u015f m\u00fc\u0259llimi &#8211; <\/span><b style=\"mso-bidi-font-weight:normal\"><i style=\"mso-bidi-font-style:normal\"><u><span lang=\"AZ-LATIN\" style=\"font-size:12.0pt;line-height:115%;font-family:&quot;Arial&quot;,sans-serif;mso-ansi-language:AZ-LATIN\">Arif M\u0259mm\u0259dh\u0259s\u0259n o\u011flu Ta\u011f\u0131yev <\/span><\/u><\/i><\/b><\/p><p class=\"MsoNormal\" style=\"text-align:justify\"><span lang=\"AZ-LATIN\" style=\"font-size:12.0pt;line-height:115%;font-family:&quot;Arial&quot;,sans-serif;mso-ansi-language:AZ-LATIN\">20 avqust 1947-ci ild\u0259 A\u011fdam rayonunun G\u00fclabl\u0131 k\u0259ndind\u0259 anadan olub. <\/span><\/p><p class=\"MsoNormal\" style=\"text-align:justify\"><span lang=\"AZ-LATIN\" style=\"font-size:12.0pt;line-height:115%;font-family:&quot;Arial&quot;,sans-serif;mso-ansi-language:AZ-LATIN\">1953-c\u00fc ild\u0259 G\u00fclabl\u0131 k\u0259nd orta m\u0259kt\u0259binin 1-ci sinfin\u0259 gedib.T\u0259hsilini Xocav\u0259nd rayon 1 sayl\u0131 tam orta m\u0259kt\u0259bd\u0259 davam etdirib. Orta t\u0259hsilini 1964-c\u00fc ild\u0259 ba\u015fa vurub. <\/span><\/p><p class=\"MsoNormal\" style=\"text-align:justify\"><span lang=\"AZ-LATIN\" style=\"font-size:12.0pt;line-height:115%;font-family:&quot;Arial&quot;,sans-serif;mso-ansi-language:AZ-LATIN\">1970-ci ild\u0259n Ming\u0259\u00e7evir \u015f\u0259h\u0259rinin sakinidir. <\/span><\/p><p class=\"MsoNormal\" style=\"text-align:justify\"><span lang=\"AZ-LATIN\" style=\"font-size:12.0pt;line-height:115%;font-family:&quot;Arial&quot;,sans-serif;mso-ansi-language:AZ-LATIN\">3 \u00f6vlad\u0131, 7 n\u0259v\u0259si var. <\/span><\/p><p class=\"MsoNormal\" style=\"text-align:justify\"><b style=\"mso-bidi-font-weight:normal\"><span lang=\"AZ-LATIN\" style=\"font-size:12.0pt;line-height:115%;font-family:&quot;Arial&quot;,sans-serif;mso-ansi-language:AZ-LATIN\">Ali t\u0259hsili:<\/span><\/b><\/p><p class=\"MsoNormal\" style=\"text-align:justify\"><span lang=\"AZ-LATIN\" style=\"font-size:12.0pt;line-height:115%;font-family:&quot;Arial&quot;,sans-serif;mso-ansi-language:AZ-LATIN\">Arif Ta\u011f\u0131yev ilk ali t\u0259hsilini 1965-1969-cu ill\u0259rd\u0259 Volqoqrad \u015e\u0259h\u0259r T\u0259s\u0259rr\u00fcfat\u0131 M\u00fch\u0259ndisl\u0259ri \u0130nstitutunun \u0130n\u015faat fak\u00fclt\u0259sind\u0259 \u201c\u015e\u0259h\u0259r tikintisi, m\u00fch\u0259ndis\u201d ixtisas\u0131 \u00fczr\u0259 al\u0131b, <\/span><\/p><p class=\"MsoNormal\" style=\"text-align:justify\"><span lang=\"AZ-LATIN\" style=\"font-size:12.0pt;line-height:115%;font-family:&quot;Arial&quot;,sans-serif;mso-ansi-language:AZ-LATIN\">\u0130kinci ali t\u0259hsilini 1979-1984-c\u00fc ill\u0259rd\u0259 Moskva Ali H\u0259mkarlar \u0130ttifaq\u0131 M\u0259kt\u0259binin (haz\u0131rda Moskva Sosial M\u00fcnasib\u0259tl\u0259r Akademiyas\u0131) \u0130qtisadiyyat fak\u00fclt\u0259sind\u0259 \u201c\u0130qtisad\u00e7\u0131\u201d ixtisas\u0131 \u00fczr\u0259 al\u0131b. <\/span><\/p><p class=\"MsoNormal\" style=\"text-align:justify\"><b style=\"mso-bidi-font-weight:normal\"><span lang=\"AZ-LATIN\" style=\"font-size:12.0pt;line-height:115%;font-family:&quot;Arial&quot;,sans-serif;mso-ansi-language:AZ-LATIN\">\u018fm\u0259k f\u0259aliyy\u0259ti:<\/span><\/b><\/p><p class=\"MsoNormal\" style=\"text-align:justify\"><span lang=\"AZ-LATIN\" style=\"font-size:12.0pt;line-height:115%;font-family:&quot;Arial&quot;,sans-serif;mso-ansi-language:AZ-LATIN\">&#8211; 1969-1970-ci ill\u0259r &#8211;<span style=\"mso-spacerun:yes\">\u00a0 <\/span>Volqoqrad \u015f\u0259h\u0259ri, \u201cQipromolprom\u201d layih\u0259 institutu, texnik<\/span><\/p><p class=\"MsoNormal\" style=\"text-align:justify\"><span lang=\"AZ-LATIN\" style=\"font-size:12.0pt;line-height:115%;font-family:&quot;Arial&quot;,sans-serif;mso-ansi-language:AZ-LATIN\">&#8211; 1970-1984-c\u00fc ill\u0259r 5 \u2116-li Ming\u0259\u00e7evir \u015f\u0259h\u0259ri, \u201cAz\u0259rk\u0259ndtikinti\u201d Tresti. M\u00fch\u0259ndis, iqtisad\u00e7\u0131, ba\u015f iqtisad\u00e7\u0131<\/span><\/p><p class=\"MsoNormal\" style=\"text-align:justify\"><span lang=\"AZ-LATIN\" style=\"font-size:12.0pt;line-height:115%;font-family:&quot;Arial&quot;,sans-serif;mso-ansi-language:AZ-LATIN\">&#8211; 1984-1999-cu ill\u0259r Ming\u0259\u00e7evir \u015f\u0259h\u0259ri,<span style=\"mso-spacerun:yes\">\u00a0 <\/span>\u201cAzyolma\u015f\u201d \u0130stehsalat Birliyi. H\u0259mkarlar \u0130ttifaq\u0131 Komit\u0259sinin s\u0259dri<\/span><\/p><p class=\"MsoNormal\" style=\"text-align:justify\"><span lang=\"AZ-LATIN\" style=\"font-size:12.0pt;line-height:115%;font-family:&quot;Arial&quot;,sans-serif;mso-ansi-language:AZ-LATIN\">&#8211; 1999-2001-ci ill\u0259rd\u0259 Ming\u0259\u00e7evir \u015f\u0259h\u0259ri, \u201cAzyolma\u015f\u201d \u0130stehsalat Birliyi, ba\u015f direktorunun m\u00fcavini<\/span><\/p><p class=\"MsoNormal\" style=\"text-align:justify\"><span lang=\"AZ-LATIN\" style=\"font-size:12.0pt;line-height:115%;font-family:&quot;Arial&quot;,sans-serif;mso-ansi-language:AZ-LATIN\">&#8211; 2001-2002-ci ill\u0259rd\u0259 Ming\u0259\u00e7evir \u015f\u0259h\u0259ri \u201cAzyolma\u015f\u201d A\u00e7\u0131q S\u0259hmdar C\u0259miyy\u0259tind\u0259, s\u0259dr m\u00fcavini<\/span><\/p><p class=\"MsoNormal\" style=\"text-align:justify\"><span lang=\"AZ-LATIN\" style=\"font-size:12.0pt;line-height:115%;font-family:&quot;Arial&quot;,sans-serif;mso-ansi-language:AZ-LATIN\">&#8211; 1996-2002-ill\u0259rd\u0259 Ming\u0259\u00e7evir Politexnik \u0130nstitutunun \u201c\u0130qtisadiyyat v\u0259 idar\u0259etm\u0259\u201d fak\u00fclt\u0259sind\u0259, m\u00fc\u0259llim, <\/span><\/p><p class=\"MsoNormal\" style=\"text-align:justify\"><span lang=\"AZ-LATIN\" style=\"font-size:12.0pt;line-height:115%;font-family:&quot;Arial&quot;,sans-serif;mso-ansi-language:AZ-LATIN\">&#8211; 2002-2003-c\u00fc ill\u0259rd\u0259 ba\u015f m\u00fc\u0259llim <\/span><\/p><p class=\"MsoNormal\" style=\"text-align:justify\"><span lang=\"AZ-LATIN\" style=\"font-size:12.0pt;line-height:115%;font-family:&quot;Arial&quot;,sans-serif;mso-ansi-language:AZ-LATIN\">&#8211; 2003-2008-ci ill\u0259rd\u0259 dekan m\u00fcavini, <\/span><\/p><p class=\"MsoNormal\" style=\"text-align:justify\"><span lang=\"AZ-LATIN\" style=\"font-size:12.0pt;line-height:115%;font-family:&quot;Arial&quot;,sans-serif;mso-ansi-language:AZ-LATIN\">&#8211; 2009-2015-ci ill\u0259rd\u0259 kafedra m\u00fcdirinin m\u00fcavini, ba\u015f m\u00fc\u0259llim <\/span><\/p><p class=\"MsoNormal\" style=\"text-align:justify\"><span lang=\"AZ-LATIN\" style=\"font-size:12.0pt;line-height:115%;font-family:&quot;Arial&quot;,sans-serif;mso-ansi-language:AZ-LATIN\">2015-2021-ci ill\u0259rd\u0259 Ming\u0259\u00e7evir D\u00f6vl\u0259t Universitetinin \u201c\u0130qtisadiyyat v\u0259 idar\u0259etm\u0259\u201d fak\u00fclt\u0259sind\u0259 ba\u015f m\u00fc\u0259llim,<\/span><\/p><p class=\"MsoNormal\" style=\"text-align:justify\"><span lang=\"AZ-LATIN\" style=\"font-size:12.0pt;line-height:115%;font-family:&quot;Arial&quot;,sans-serif;mso-ansi-language:AZ-LATIN\">2021-ci ild\u0259n \u0130qtisadiyyat kafedras\u0131n\u0131n m\u00fcdir \u0259v\u0259zi, ba\u015f m\u00fc\u0259llim<\/span><\/p><p class=\"MsoNormal\" style=\"text-align:justify\"><b style=\"mso-bidi-font-weight:normal\"><span lang=\"AZ-LATIN\" style=\"font-size:12.0pt;line-height:115%;font-family:&quot;Arial&quot;,sans-serif;mso-ansi-language:AZ-LATIN\">Yarad\u0131c\u0131l\u0131\u011f\u0131: <\/span><\/b><\/p><p class=\"MsoNormal\" style=\"text-align:justify\"><span lang=\"AZ-LATIN\" style=\"font-size:12.0pt;line-height:115%;font-family:&quot;Arial&quot;,sans-serif;mso-ansi-language:AZ-LATIN\">Arif m\u00fc\u0259llim t\u0259l\u0259b\u0259l\u0259rin potensial\u0131n\u0131 y\u00fcks\u0259k s\u0259viyy\u0259d\u0259 inki\u015faf etdirm\u0259yi bacarmas\u0131na baxmayaraq, daim yenilikl\u0259rl\u0259 maraqlan\u0131b, \u00f6z\u00fcn\u00fc inki\u015faf etdirm\u0259k m\u0259qs\u0259dil\u0259 \u00e7al\u0131\u015f\u0131b, m\u00fcasir t\u0259dqiqat sah\u0259sinin yeni \u00fcsullar\u0131n\u0131 m\u0259nims\u0259m\u0259kl\u0259 yana\u015f\u0131, m\u00fcst\u0259qil t\u0259dqiqatlar apar\u0131b, elmi m\u0259qal\u0259l\u0259r yaz\u0131b, m\u00fct\u0259madi \u00f6lk\u0259daxili v\u0259 beyn\u0259lxalq s\u0259viyy\u0259li elmi konfranslarda i\u015ftirak edib. T\u0259cr\u00fcb\u0259li m\u00fc\u0259llimin beyn\u0259lxalq indeksli jurnallarda, elmi kitablarda, milli resenziyal\u0131 jurnallarda t\u0259xmin\u0259n 80 elmi m\u0259qal\u0259si \u00e7ap olunub. <\/span><\/p><p class=\"MsoNormal\" style=\"text-align:justify\"><span lang=\"AZ-LATIN\" style=\"font-size:12.0pt;line-height:115%;font-family:&quot;Arial&quot;,sans-serif;mso-ansi-language:AZ-LATIN\">Arif Ta\u011f\u0131yev \u201cAz\u0259rbaycan iqtisadiyyat\u0131\u201d v\u0259 \u201cMilli iqtisadiyyat\u0131n t\u0259nziml\u0259nm\u0259si\u201d adl\u0131 2 d\u0259rsliyin, \u201cVergi siyas\u0259ti v\u0259 investisiyalar\u0131n d\u00f6vl\u0259t t\u0259nziml\u0259nm\u0259si\u201d v\u0259 \u201cMilli iqtisadiyyat\u0131n inki\u015faf\u0131n\u0131n \u0259saslar\u0131\u201d adl\u0131 metodik v\u0259saitl\u0259rin h\u0259mm\u00fc\u0259llifi v\u0259 2 Metodik G\u00f6st\u0259ri\u015fin m\u00fc\u0259llifidir. <\/span><\/p><p class=\"MsoNormal\" style=\"text-align:justify\"><span lang=\"AZ-LATIN\" style=\"font-size:12.0pt;line-height:115%;font-family:&quot;Arial&quot;,sans-serif;mso-ansi-language:AZ-LATIN\">M\u00fc\u0259llimimizin g\u00f6st\u0259rdiyi akademik f\u0259aliyy\u0259ti h\u0259r zaman m\u00fcsb\u0259t qiym\u0259tl\u0259ndirilib v\u0259 m\u00fcxt\u0259lif zamanlarda Az\u0259rbaycan H\u0259mkarlar \u0130ttifaqlar\u0131 Konfederasiyas\u0131 v\u0259 Az\u0259rbaycan Respublikas\u0131 T\u0259hsil Nazirliyi t\u0259r\u0259find\u0259n<span style=\"mso-spacerun:yes\">\u00a0 <\/span>F\u0259xri F\u0259rmanlarla t\u0259ltif edilib. El\u0259c\u0259 d\u0259 Arif m\u00fc\u0259llimin pe\u015f\u0259karl\u0131\u011f\u0131, t\u0259lim t\u0259cr\u00fcb\u0259si, t\u0259hsil bacar\u0131\u011f\u0131, t\u0259dqiqat sah\u0259sind\u0259 nailiyy\u0259tl\u0259ri v\u0259 t\u0259l\u0259b\u0259l\u0259rin\u0259 t\u0259hsil verm\u0259k y\u00f6n\u00fcm\u00fcnd\u0259 bacar\u0131\u011f\u0131 v\u0259 biliyi \u00e7oxsayl\u0131 t\u0259\u015f\u0259kk\u00fcrnam\u0259l\u0259rl\u0259 d\u0259y\u0259rl\u0259ndirilib. <\/span><\/p><p class=\"MsoNormal\" style=\"text-align:justify\"><span lang=\"AZ-LATIN\" style=\"font-size:12.0pt;line-height:115%;font-family:&quot;Arial&quot;,sans-serif;mso-ansi-language:AZ-LATIN\">T\u0259lim prosesind\u0259 interaktiv metodlar\u0131 v\u0259 m\u00fcasir t\u0259hsil texnologiyalar\u0131n\u0131 bacar\u0131qla t\u0259tbiq ed\u0259n, <span style=\"mso-spacerun:yes\">\u00a0<\/span>g\u0259ncl\u0259rin m\u00fcst\u0259qil inki\u015faf\u0131na h\u0259rt\u0259r\u0259fli d\u0259st\u0259k g\u00f6st\u0259r\u0259n, dem\u0259k olar ki, b\u00fct\u00fcn t\u0259l\u0259bl\u0259rin sevimlisi v\u0259 s\u0259mimi dostu Arif m\u00fc\u0259llim\u0259 can sa\u011fl\u0131\u011f\u0131 v\u0259 f\u0259aliyy\u0259tind\u0259 bol nailiyy\u0259tl\u0259r dil\u0259yirik. <\/span><\/p><\/p>","protected":false},"excerpt":{"rendered":"<p>M\u00fc\u0259lliml\u0259rimiz f\u0259xrimizdir Ming\u0259\u00e7evir D\u00f6vl\u0259t Universitetinin t\u0259cr\u00fcb\u0259li m\u00fct\u0259x\u0259ssisi v\u0259 pedaqoji f\u0259aliyy\u0259t\u0259 b\u00fct\u00fcn varl\u0131\u011f\u0131 il\u0259 ba\u011flanm\u0131\u015f m\u00fc\u0259llimi &#8211; Arif M\u0259mm\u0259dh\u0259s\u0259n o\u011flu Ta\u011f\u0131yev 20 avqust 1947-ci ild\u0259 A\u011fdam rayonunun G\u00fclabl\u0131 k\u0259ndind\u0259 anadan olub. 1953-c\u00fc ild\u0259 G\u00fclabl\u0131 k\u0259nd orta m\u0259kt\u0259binin 1-ci sinfin\u0259 gedib.T\u0259hsilini Xocav\u0259nd rayon 1 sayl\u0131 tam orta m\u0259kt\u0259bd\u0259 davam etdirib. Orta t\u0259hsilini 1964-c\u00fc ild\u0259 ba\u015fa vurub. 1970-ci [&hellip;]<\/p>\n","protected":false},"author":2,"featured_media":56262,"comment_status":"closed","ping_status":"closed","sticky":false,"template":"","format":"gallery","meta":{"_eb_attr":"","ocean_post_layout":"","ocean_both_sidebars_style":"","ocean_both_sidebars_content_width":0,"ocean_both_sidebars_sidebars_width":0,"ocean_sidebar":"","ocean_second_sidebar":"","ocean_disable_margins":"enable","ocean_add_body_class":"","ocean_shortcode_before_top_bar":"","ocean_shortcode_after_top_bar":"","ocean_shortcode_before_header":"","ocean_shortcode_after_header":"","ocean_has_shortcode":"","ocean_shortcode_after_title":"","ocean_shortcode_before_footer_widgets":"","ocean_shortcode_after_footer_widgets":"","ocean_shortcode_before_footer_bottom":"","ocean_shortcode_after_footer_bottom":"","ocean_display_top_bar":"default","ocean_display_header":"default","ocean_header_style":"","ocean_center_header_left_menu":"","ocean_custom_header_template":"","ocean_custom_logo":0,"ocean_custom_retina_logo":0,"ocean_custom_logo_max_width":0,"ocean_custom_logo_tablet_max_width":0,"ocean_custom_logo_mobile_max_width":0,"ocean_custom_logo_max_height":0,"ocean_custom_logo_tablet_max_height":0,"ocean_custom_logo_mobile_max_height":0,"ocean_header_custom_menu":"","ocean_menu_typo_font_family":"","ocean_menu_typo_font_subset":"","ocean_menu_typo_font_size":0,"ocean_menu_typo_font_size_tablet":0,"ocean_menu_typo_font_size_mobile":0,"ocean_menu_typo_font_size_unit":"px","ocean_menu_typo_font_weight":"","ocean_menu_typo_font_weight_tablet":"","ocean_menu_typo_font_weight_mobile":"","ocean_menu_typo_transform":"","ocean_menu_typo_transform_tablet":"","ocean_menu_typo_transform_mobile":"","ocean_menu_typo_line_height":0,"ocean_menu_typo_line_height_tablet":0,"ocean_menu_typo_line_height_mobile":0,"ocean_menu_typo_line_height_unit":"","ocean_menu_typo_spacing":0,"ocean_menu_typo_spacing_tablet":0,"ocean_menu_typo_spacing_mobile":0,"ocean_menu_typo_spacing_unit":"","ocean_menu_link_color":"","ocean_menu_link_color_hover":"","ocean_menu_link_color_active":"","ocean_menu_link_background":"","ocean_menu_link_hover_background":"","ocean_menu_link_active_background":"","ocean_menu_social_links_bg":"","ocean_menu_social_hover_links_bg":"","ocean_menu_social_links_color":"","ocean_menu_social_hover_links_color":"","ocean_disable_title":"default","ocean_disable_heading":"default","ocean_post_title":"","ocean_post_subheading":"","ocean_post_title_style":"","ocean_post_title_background_color":"","ocean_post_title_background":0,"ocean_post_title_bg_image_position":"","ocean_post_title_bg_image_attachment":"","ocean_post_title_bg_image_repeat":"","ocean_post_title_bg_image_size":"","ocean_post_title_height":0,"ocean_post_title_bg_overlay":0.5,"ocean_post_title_bg_overlay_color":"","ocean_disable_breadcrumbs":"default","ocean_breadcrumbs_color":"","ocean_breadcrumbs_separator_color":"","ocean_breadcrumbs_links_color":"","ocean_breadcrumbs_links_hover_color":"","ocean_display_footer_widgets":"default","ocean_display_footer_bottom":"default","ocean_custom_footer_template":"","ocean_post_oembed":"","ocean_post_self_hosted_media":"","ocean_post_video_embed":"","ocean_link_format":"","ocean_link_format_target":"self","ocean_quote_format":"","ocean_quote_format_link":"post","ocean_gallery_link_images":"off","ocean_gallery_id":[],"footnotes":""},"categories":[83],"tags":[],"class_list":["post-56260","post","type-post","status-publish","format-gallery","has-post-thumbnail","hentry","category-iqtisadiyyat-kafedrasi","post_format-post-format-gallery","entry","has-media"],"_links":{"self":[{"href":"https:\/\/mdu.edu.az\/en\/wp-json\/wp\/v2\/posts\/56260","targetHints":{"allow":["GET"]}}],"collection":[{"href":"https:\/\/mdu.edu.az\/en\/wp-json\/wp\/v2\/posts"}],"about":[{"href":"https:\/\/mdu.edu.az\/en\/wp-json\/wp\/v2\/types\/post"}],"author":[{"embeddable":true,"href":"https:\/\/mdu.edu.az\/en\/wp-json\/wp\/v2\/users\/2"}],"replies":[{"embeddable":true,"href":"https:\/\/mdu.edu.az\/en\/wp-json\/wp\/v2\/comments?post=56260"}],"version-history":[{"count":1,"href":"https:\/\/mdu.edu.az\/en\/wp-json\/wp\/v2\/posts\/56260\/revisions"}],"predecessor-version":[{"id":56263,"href":"https:\/\/mdu.edu.az\/en\/wp-json\/wp\/v2\/posts\/56260\/revisions\/56263"}],"wp:featuredmedia":[{"embeddable":true,"href":"https:\/\/mdu.edu.az\/en\/wp-json\/wp\/v2\/media\/56262"}],"wp:attachment":[{"href":"https:\/\/mdu.edu.az\/en\/wp-json\/wp\/v2\/media?parent=56260"}],"wp:term":[{"taxonomy":"category","embeddable":true,"href":"https:\/\/mdu.edu.az\/en\/wp-json\/wp\/v2\/categories?post=56260"},{"taxonomy":"post_tag","embeddable":true,"href":"https:\/\/mdu.edu.az\/en\/wp-json\/wp\/v2\/tags?post=56260"}],"curies":[{"name":"wp","href":"https:\/\/api.w.org\/{rel}","templated":true}]}}