{"id":58824,"date":"2024-05-10T10:23:34","date_gmt":"2024-05-10T07:23:34","guid":{"rendered":"https:\/\/mdu.edu.az\/?p=58824"},"modified":"2024-05-16T10:33:58","modified_gmt":"2024-05-16T07:33:58","slug":"fstvl_101","status":"publish","type":"post","link":"https:\/\/mdu.edu.az\/en\/fstvl_101\/","title":{"rendered":"T\u0259l\u0259b\u0259l\u0259rimiz \u00dcmummilli lider Heyd\u0259r \u018fliyevin 101 illiyin\u0259 h\u0259sr olunmu\u015f b\u0259dii yarad\u0131c\u0131l\u0131q m\u00fcsabiq\u0259-festival\u0131n\u0131n yekun konsertind\u0259 MDU-nu t\u0259msil edibl\u0259r"},"content":{"rendered":"<p>Az\u0259rbaycan Respublikas\u0131 Elm v\u0259 T\u0259hsil Nazirliyi v\u0259 Az\u0259rbaycan T\u0259hsil \u0130\u015f\u00e7il\u0259ri Azad H\u0259mkarlar \u0130ttifaq\u0131 Respublika Komit\u0259sinin birg\u0259 q\u0259rar\u0131 il\u0259 ali t\u0259hsil m\u00fc\u0259ssis\u0259l\u0259rinin t\u0259l\u0259b\u0259l\u0259ri aras\u0131nda \u00dcmummilli Lider Heyd\u0259r \u018fliyevin anadan olmas\u0131n\u0131n 101-ci ild\u00f6n\u00fcm\u00fcn\u0259 h\u0259sr edilmi\u015f b\u0259dii yarad\u0131c\u0131l\u0131q m\u00fcsabiq\u0259-festival\u0131n\u0131n yekun konserti ke\u00e7irilib.<\/p>\n\n\n\n<p>2024-c\u00fc il 7 may tarixind\u0259 Heyd\u0259r \u018fliyev Saray\u0131nda ke\u00e7iril\u0259n m\u00fcsabiq\u0259-festivalda respublikada f\u0259aliyy\u0259t g\u00f6st\u0259r\u0259n 26 ali t\u0259hsil m\u00fc\u0259ssis\u0259sind\u0259n 3000-d\u0259n \u00e7ox t\u0259l\u0259b\u0259 i\u015ftirak edib.<\/p>\n\n\n\n<p>Ming\u0259\u00e7evir D\u00f6vl\u0259t Universitetinin istedadl\u0131 t\u0259l\u0259bl\u0259rind\u0259n 3 n\u0259f\u0259ri m\u00fcsabiq\u0259y\u0259 qat\u0131l\u0131b. \u018fmrahov El\u015fad Aftandil o\u011flu, H\u00fcseynzad\u0259 \u015e\u0259han\u0259 Hafiz q\u0131z\u0131 v\u0259 Zeynall\u0131 S\u0259ma Qabil q\u0131z\u0131 y\u00fcks\u0259k pe\u015f\u0259karl\u0131q n\u00fcmayi\u015f etdiribl\u0259r. Birinci m\u0259rh\u0259l\u0259d\u0259 universitetd\u0259 yarad\u0131lm\u0131\u015f m\u00fcnsifl\u0259r hey\u0259tinin i\u015ftirak\u0131 il\u0259 se\u00e7iml\u0259r apar\u0131l\u0131b, ikinci m\u0259rh\u0259l\u0259d\u0259 is\u0259 se\u00e7ilmi\u015f \u0259n yax\u015f\u0131 ifa\u00e7\u0131 v\u0259 kollektivl\u0259r festival\u0131n yekun konsertind\u0259 i\u015ftirak etm\u0259k h\u00fcququ qazan\u0131blar.<\/p>\n\n\n\n<p>Qeyd ed\u0259k ki, b\u0259dii yarad\u0131c\u0131l\u0131q m\u00fcsabiq\u0259-festival\u0131n\u0131n ke\u00e7irilm\u0259sind\u0259 m\u0259qs\u0259d t\u0259l\u0259b\u0259l\u0259ri milli v\u0259t\u0259np\u0259rv\u0259rlik, m\u0259d\u0259niyy\u0259timiz\u0259, inc\u0259s\u0259n\u0259timiz\u0259, milli ad\u0259t-\u0259n\u0259n\u0259l\u0259rimiz\u0259 h\u00f6rm\u0259t ruhunda t\u0259rbiy\u0259 etm\u0259k, onlar\u0131n b\u0259dii-estetik s\u0259viyy\u0259sini y\u00fcks\u0259ltm\u0259k, m\u0259d\u0259ni h\u0259yat t\u0259rzinin formala\u015fd\u0131r\u0131lmas\u0131 i\u015fin\u0259 k\u00f6m\u0259k g\u00f6st\u0259rm\u0259k, inc\u0259s\u0259n\u0259t v\u0259 m\u0259d\u0259niyy\u0259timizin ayr\u0131-ayr\u0131 s\u0259n\u0259t n\u00f6vl\u0259ri \u00fczr\u0259 istedadl\u0131 g\u0259ncl\u0259rin \u00fcz\u0259 \u00e7\u0131xar\u0131lmas\u0131, onlar\u0131n qabiliyy\u0259tl\u0259rinin inki\u015faf etdirilm\u0259sin\u0259 d\u0259st\u0259k verm\u0259kd\u0259n ibar\u0259tdir.&nbsp;<\/p>\n\n\n\n<p>Festival-m\u00fcsabiq\u0259nin qalibl\u0259ri yekun konsertin n\u0259tic\u0259l\u0259rin\u0259 uy\u011fun olaraq m\u00fc\u0259yy\u0259n edil\u0259c\u0259k. Qalibl\u0259r f\u0259xri f\u0259rman v\u0259 h\u0259diyy\u0259l\u0259rl\u0259 m\u00fckafatland\u0131r\u0131lacaqlar.<\/p>","protected":false},"excerpt":{"rendered":"<p>Az\u0259rbaycan Respublikas\u0131 Elm v\u0259 T\u0259hsil Nazirliyi v\u0259 Az\u0259rbaycan T\u0259hsil \u0130\u015f\u00e7il\u0259ri Azad H\u0259mkarlar \u0130ttifaq\u0131 Respublika Komit\u0259sinin birg\u0259 q\u0259rar\u0131 il\u0259 ali t\u0259hsil m\u00fc\u0259ssis\u0259l\u0259rinin t\u0259l\u0259b\u0259l\u0259ri aras\u0131nda \u00dcmummilli Lider Heyd\u0259r \u018fliyevin anadan olmas\u0131n\u0131n 101-ci ild\u00f6n\u00fcm\u00fcn\u0259 h\u0259sr edilmi\u015f b\u0259dii yarad\u0131c\u0131l\u0131q m\u00fcsabiq\u0259-festival\u0131n\u0131n yekun konserti ke\u00e7irilib. 2024-c\u00fc il 7 may tarixind\u0259 Heyd\u0259r \u018fliyev Saray\u0131nda ke\u00e7iril\u0259n m\u00fcsabiq\u0259-festivalda respublikada f\u0259aliyy\u0259t g\u00f6st\u0259r\u0259n 26 ali t\u0259hsil [&hellip;]<\/p>\n","protected":false},"author":2,"featured_media":58825,"comment_status":"closed","ping_status":"closed","sticky":false,"template":"","format":"gallery","meta":{"_eb_attr":"","ocean_post_layout":"","ocean_both_sidebars_style":"","ocean_both_sidebars_content_width":0,"ocean_both_sidebars_sidebars_width":0,"ocean_sidebar":"","ocean_second_sidebar":"","ocean_disable_margins":"enable","ocean_add_body_class":"","ocean_shortcode_before_top_bar":"","ocean_shortcode_after_top_bar":"","ocean_shortcode_before_header":"","ocean_shortcode_after_header":"","ocean_has_shortcode":"","ocean_shortcode_after_title":"","ocean_shortcode_before_footer_widgets":"","ocean_shortcode_after_footer_widgets":"","ocean_shortcode_before_footer_bottom":"","ocean_shortcode_after_footer_bottom":"","ocean_display_top_bar":"default","ocean_display_header":"default","ocean_header_style":"","ocean_center_header_left_menu":"","ocean_custom_header_template":"","ocean_custom_logo":0,"ocean_custom_retina_logo":0,"ocean_custom_logo_max_width":0,"ocean_custom_logo_tablet_max_width":0,"ocean_custom_logo_mobile_max_width":0,"ocean_custom_logo_max_height":0,"ocean_custom_logo_tablet_max_height":0,"ocean_custom_logo_mobile_max_height":0,"ocean_header_custom_menu":"","ocean_menu_typo_font_family":"","ocean_menu_typo_font_subset":"","ocean_menu_typo_font_size":0,"ocean_menu_typo_font_size_tablet":0,"ocean_menu_typo_font_size_mobile":0,"ocean_menu_typo_font_size_unit":"px","ocean_menu_typo_font_weight":"","ocean_menu_typo_font_weight_tablet":"","ocean_menu_typo_font_weight_mobile":"","ocean_menu_typo_transform":"","ocean_menu_typo_transform_tablet":"","ocean_menu_typo_transform_mobile":"","ocean_menu_typo_line_height":0,"ocean_menu_typo_line_height_tablet":0,"ocean_menu_typo_line_height_mobile":0,"ocean_menu_typo_line_height_unit":"","ocean_menu_typo_spacing":0,"ocean_menu_typo_spacing_tablet":0,"ocean_menu_typo_spacing_mobile":0,"ocean_menu_typo_spacing_unit":"","ocean_menu_link_color":"","ocean_menu_link_color_hover":"","ocean_menu_link_color_active":"","ocean_menu_link_background":"","ocean_menu_link_hover_background":"","ocean_menu_link_active_background":"","ocean_menu_social_links_bg":"","ocean_menu_social_hover_links_bg":"","ocean_menu_social_links_color":"","ocean_menu_social_hover_links_color":"","ocean_disable_title":"default","ocean_disable_heading":"default","ocean_post_title":"","ocean_post_subheading":"","ocean_post_title_style":"","ocean_post_title_background_color":"","ocean_post_title_background":0,"ocean_post_title_bg_image_position":"","ocean_post_title_bg_image_attachment":"","ocean_post_title_bg_image_repeat":"","ocean_post_title_bg_image_size":"","ocean_post_title_height":0,"ocean_post_title_bg_overlay":0.5,"ocean_post_title_bg_overlay_color":"","ocean_disable_breadcrumbs":"default","ocean_breadcrumbs_color":"","ocean_breadcrumbs_separator_color":"","ocean_breadcrumbs_links_color":"","ocean_breadcrumbs_links_hover_color":"","ocean_display_footer_widgets":"default","ocean_display_footer_bottom":"default","ocean_custom_footer_template":"","ocean_post_oembed":"","ocean_post_self_hosted_media":"","ocean_post_video_embed":"","ocean_link_format":"","ocean_link_format_target":"self","ocean_quote_format":"","ocean_quote_format_link":"post","ocean_gallery_link_images":"on","ocean_gallery_id":[58825,58826,58827,58828,58829,58830],"footnotes":""},"categories":[31],"tags":[],"class_list":["post-58824","post","type-post","status-publish","format-gallery","has-post-thumbnail","hentry","category-mdu_xeberleri","post_format-post-format-gallery","entry","has-media"],"_links":{"self":[{"href":"https:\/\/mdu.edu.az\/en\/wp-json\/wp\/v2\/posts\/58824","targetHints":{"allow":["GET"]}}],"collection":[{"href":"https:\/\/mdu.edu.az\/en\/wp-json\/wp\/v2\/posts"}],"about":[{"href":"https:\/\/mdu.edu.az\/en\/wp-json\/wp\/v2\/types\/post"}],"author":[{"embeddable":true,"href":"https:\/\/mdu.edu.az\/en\/wp-json\/wp\/v2\/users\/2"}],"replies":[{"embeddable":true,"href":"https:\/\/mdu.edu.az\/en\/wp-json\/wp\/v2\/comments?post=58824"}],"version-history":[{"count":1,"href":"https:\/\/mdu.edu.az\/en\/wp-json\/wp\/v2\/posts\/58824\/revisions"}],"predecessor-version":[{"id":58831,"href":"https:\/\/mdu.edu.az\/en\/wp-json\/wp\/v2\/posts\/58824\/revisions\/58831"}],"wp:featuredmedia":[{"embeddable":true,"href":"https:\/\/mdu.edu.az\/en\/wp-json\/wp\/v2\/media\/58825"}],"wp:attachment":[{"href":"https:\/\/mdu.edu.az\/en\/wp-json\/wp\/v2\/media?parent=58824"}],"wp:term":[{"taxonomy":"category","embeddable":true,"href":"https:\/\/mdu.edu.az\/en\/wp-json\/wp\/v2\/categories?post=58824"},{"taxonomy":"post_tag","embeddable":true,"href":"https:\/\/mdu.edu.az\/en\/wp-json\/wp\/v2\/tags?post=58824"}],"curies":[{"name":"wp","href":"https:\/\/api.w.org\/{rel}","templated":true}]}}