{"id":59362,"date":"2024-05-27T18:30:00","date_gmt":"2024-05-27T15:30:00","guid":{"rendered":"https:\/\/mdu.edu.az\/?p=59362"},"modified":"2024-05-29T11:19:57","modified_gmt":"2024-05-29T08:19:57","slug":"dyrm_ms_27-05-24","status":"publish","type":"post","link":"https:\/\/mdu.edu.az\/en\/dyrm_ms_27-05-24\/","title":{"rendered":"MDU-da 28 May M\u00fcst\u0259qillik G\u00fcn\u00fc il\u0259 \u0259laq\u0259dar d\u0259yirmi masa ke\u00e7irilib"},"content":{"rendered":"<p>2024-c\u00fc il may\u0131n 27-d\u0259 Ming\u0259\u00e7evir D\u00f6vl\u0259t Universitetind\u0259 (MDU) 28 May M\u00fcst\u0259qillik G\u00fcn\u00fcn\u0259 h\u0259sr olunmu\u015f \u201cM\u00fcst\u0259qil Az\u0259rbaycan Respublikas\u0131 bizim \u0259n b\u00f6y\u00fck tarixi nailiyy\u0259timizdir!\u201d m\u00f6vzusunda d\u0259yirmi masa ke\u00e7irilib.<\/p>\n\n\n\n<p>Universitetin Humanitar f\u0259nl\u0259r kafedras\u0131n\u0131n t\u0259\u015fkilat\u00e7\u0131l\u0131\u011f\u0131 il\u0259 ke\u00e7iril\u0259n t\u0259dbird\u0259 MDU-nun T\u0259hsil fak\u00fclt\u0259sinin akademik v\u0259 inzibati hey\u0259t \u00fczvl\u0259ri, t\u0259l\u0259b\u0259 v\u0259 magistrantlar i\u015ftirak edib.<\/p>\n\n\n\n<p>\u018fvv\u0259lc\u0259, V\u0259t\u0259nin m\u00fcst\u0259qilliyi v\u0259 azadl\u0131\u011f\u0131 u\u011frunda can\u0131ndan ke\u00e7\u0259n q\u0259hr\u0259man \u015f\u0259hidl\u0259rimizin&nbsp;\u0259ziz xatir\u0259si bir d\u0259qiq\u0259lik s\u00fckutla yad edilib, Az\u0259rbaycan D\u00f6vl\u0259t Himni s\u0259sl\u0259ndirilib.<\/p>\n\n\n\n<p>MDU-nun Humanitar f\u0259nl\u0259r kafedras\u0131n\u0131n m\u00fcdiri, dosent Esmira C\u0259f\u0259rova giri\u015f s\u00f6z\u00fc il\u0259 \u00e7\u0131x\u0131\u015f ed\u0259r\u0259k M\u00fcst\u0259qillik G\u00fcn\u00fc m\u00fcnasib\u0259ti il\u0259 t\u0259dbir i\u015ftirak\u00e7\u0131lar\u0131n\u0131 t\u0259brik edib, bu tarixi g\u00fcn\u00fcn \u0259h\u0259miyy\u0259tind\u0259n dan\u0131\u015f\u0131b.<\/p>\n\n\n\n<p>Sonra konfrans\u0131n proqram\u0131na uy\u011fun olaraq MDU-nun \u201c\u018fd\u0259biyyat\u201d v\u0259 \u201cTarix\u201d d\u0259rn\u0259kl\u0259rinin \u00fczvl\u0259ri olan t\u0259l\u0259b\u0259l\u0259rin m\u0259ruz\u0259l\u0259ri dinl\u0259nilib. \u0130lah\u0259 \u018fzimova \u201cM\u00fcst\u0259qil olmaq n\u0259dir?\u201d, Orxan Da\u015fd\u0259mirov \u201cAz\u0259rbaycan xalq\u0131n\u0131n tarixind\u0259 m\u00fcst\u0259qillik\u201d, Q\u0259nir\u0259 H\u00fcseynova \u201c\u00c7ar Rusiyas\u0131n\u0131n Az\u0259rbaycanda mill\u0259t, v\u0259t\u0259n, azadl\u0131q, istiqlal k\u0259lm\u0259l\u0259rini v\u0259 milli d\u00fc\u015f\u00fcnc\u0259nin m\u0259hvin\u0259 g\u0259tirm\u0259si siyas\u0259ti\u201d, Mehriban Qarayeva \u201cAz\u0259rbaycan Xalq C\u00fcmhuriyy\u0259ti tariximizin \u015fanl\u0131 v\u0259 ibr\u0259tamiz s\u0259hif\u0259sidir\u201d, Murad Hac\u0131zad\u0259 \u201cAz\u0259rbaycan irsini \u201c7 q\u0131f\u0131l\u201d alt\u0131nda gizl\u0259tmi\u015f 70 illik sovet d\u00f6vr\u00fc\u201d, Sultan Mahmudova \u201cAz\u0259rbaycan xalq\u0131n\u0131n milli azadl\u0131q v\u0259 istiqlal m\u00fcbarz\u0259si\u201d, N\u0259rgiz R\u0259sulzad\u0259 \u201cXalq\u0131m\u0131z\u0131 b\u0259lalardan hifz el\u0259y\u0259n, onun i\u015f\u0131ql\u0131 g\u0259l\u0259c\u0259yini t\u0259min ed\u0259n Mill\u0259t Atas\u0131 Heyd\u0259r \u018fliyev\u201d, \u0130lah\u0259 \u0130brahimova \u201cQ\u0259tiyy\u0259tli v\u0259 r\u0259\u015fad\u0259tli s\u0259rk\u0259rd\u0259 \u0130lham \u018fliyev\u201d m\u00f6vzular\u0131nda \u00e7\u0131x\u0131\u015f ed\u0259r\u0259k, Az\u0259rbaycan Xalq C\u00fcmhuriyy\u0259tinin \u015fanl\u0131 tarixind\u0259n, onu yaradan g\u00f6rk\u0259mli \u015f\u0259xsiyy\u0259tl\u0259rin m\u00fcbariz\u0259sind\u0259n, 70 illik \u0259sar\u0259td\u0259n sonra \u0259ld\u0259 edil\u0259n m\u00fcst\u0259qillikd\u0259n, inki\u015faf ed\u0259n Az\u0259rbaycan\u0131n q\u00fcdr\u0259tind\u0259n b\u0259hs edibl\u0259r.<\/p>\n\n\n\n<p>D\u0259yirmi masan\u0131n m\u00f6vzusuna uy\u011fun olaraq bir ne\u00e7\u0259 video\u00e7arx n\u00fcmayi\u015f etdirilib.<\/p>\n\n\n\n<p>T\u0259dbirin sonunda t\u0259l\u0259b\u0259l\u0259rimiz \u018ffqan M\u0259mm\u0259dov, Nurlana Allahverdiyeva v\u0259 Nurlan\u0259 R\u0259sulova V\u0259t\u0259n sevgisini t\u0259r\u0259nn\u00fcm ed\u0259n \u015feirl\u0259r s\u00f6yl\u0259yibl\u0259r.<\/p>\n\n\n\n<p>Qeyd ed\u0259k ki, 28 May M\u00fcst\u0259qillik G\u00fcn\u00fc il\u0259 \u0259laq\u0259dar olaraq MDU-da silsil\u0259 t\u0259dbirl\u0259r ke\u00e7irilib.<\/p>","protected":false},"excerpt":{"rendered":"<p>2024-c\u00fc il may\u0131n 27-d\u0259 Ming\u0259\u00e7evir D\u00f6vl\u0259t Universitetind\u0259 (MDU) 28 May M\u00fcst\u0259qillik G\u00fcn\u00fcn\u0259 h\u0259sr olunmu\u015f \u201cM\u00fcst\u0259qil Az\u0259rbaycan Respublikas\u0131 bizim \u0259n b\u00f6y\u00fck tarixi nailiyy\u0259timizdir!\u201d m\u00f6vzusunda d\u0259yirmi masa ke\u00e7irilib. Universitetin Humanitar f\u0259nl\u0259r kafedras\u0131n\u0131n t\u0259\u015fkilat\u00e7\u0131l\u0131\u011f\u0131 il\u0259 ke\u00e7iril\u0259n t\u0259dbird\u0259 MDU-nun T\u0259hsil fak\u00fclt\u0259sinin akademik v\u0259 inzibati hey\u0259t \u00fczvl\u0259ri, t\u0259l\u0259b\u0259 v\u0259 magistrantlar i\u015ftirak edib. \u018fvv\u0259lc\u0259, V\u0259t\u0259nin m\u00fcst\u0259qilliyi v\u0259 azadl\u0131\u011f\u0131 u\u011frunda can\u0131ndan ke\u00e7\u0259n [&hellip;]<\/p>\n","protected":false},"author":2,"featured_media":59363,"comment_status":"closed","ping_status":"closed","sticky":false,"template":"","format":"gallery","meta":{"_eb_attr":"","ocean_post_layout":"","ocean_both_sidebars_style":"","ocean_both_sidebars_content_width":0,"ocean_both_sidebars_sidebars_width":0,"ocean_sidebar":"0","ocean_second_sidebar":"0","ocean_disable_margins":"enable","ocean_add_body_class":"","ocean_shortcode_before_top_bar":"","ocean_shortcode_after_top_bar":"","ocean_shortcode_before_header":"","ocean_shortcode_after_header":"","ocean_has_shortcode":"","ocean_shortcode_after_title":"","ocean_shortcode_before_footer_widgets":"","ocean_shortcode_after_footer_widgets":"","ocean_shortcode_before_footer_bottom":"","ocean_shortcode_after_footer_bottom":"","ocean_display_top_bar":"default","ocean_display_header":"default","ocean_header_style":"","ocean_center_header_left_menu":"0","ocean_custom_header_template":"0","ocean_custom_logo":0,"ocean_custom_retina_logo":0,"ocean_custom_logo_max_width":0,"ocean_custom_logo_tablet_max_width":0,"ocean_custom_logo_mobile_max_width":0,"ocean_custom_logo_max_height":0,"ocean_custom_logo_tablet_max_height":0,"ocean_custom_logo_mobile_max_height":0,"ocean_header_custom_menu":"0","ocean_menu_typo_font_family":"0","ocean_menu_typo_font_subset":"","ocean_menu_typo_font_size":0,"ocean_menu_typo_font_size_tablet":0,"ocean_menu_typo_font_size_mobile":0,"ocean_menu_typo_font_size_unit":"px","ocean_menu_typo_font_weight":"","ocean_menu_typo_font_weight_tablet":"","ocean_menu_typo_font_weight_mobile":"","ocean_menu_typo_transform":"","ocean_menu_typo_transform_tablet":"","ocean_menu_typo_transform_mobile":"","ocean_menu_typo_line_height":0,"ocean_menu_typo_line_height_tablet":0,"ocean_menu_typo_line_height_mobile":0,"ocean_menu_typo_line_height_unit":"","ocean_menu_typo_spacing":0,"ocean_menu_typo_spacing_tablet":0,"ocean_menu_typo_spacing_mobile":0,"ocean_menu_typo_spacing_unit":"","ocean_menu_link_color":"","ocean_menu_link_color_hover":"","ocean_menu_link_color_active":"","ocean_menu_link_background":"","ocean_menu_link_hover_background":"","ocean_menu_link_active_background":"","ocean_menu_social_links_bg":"","ocean_menu_social_hover_links_bg":"","ocean_menu_social_links_color":"","ocean_menu_social_hover_links_color":"","ocean_disable_title":"default","ocean_disable_heading":"default","ocean_post_title":"","ocean_post_subheading":"","ocean_post_title_style":"","ocean_post_title_background_color":"","ocean_post_title_background":0,"ocean_post_title_bg_image_position":"","ocean_post_title_bg_image_attachment":"","ocean_post_title_bg_image_repeat":"","ocean_post_title_bg_image_size":"","ocean_post_title_height":0,"ocean_post_title_bg_overlay":0.5,"ocean_post_title_bg_overlay_color":"","ocean_disable_breadcrumbs":"default","ocean_breadcrumbs_color":"","ocean_breadcrumbs_separator_color":"","ocean_breadcrumbs_links_color":"","ocean_breadcrumbs_links_hover_color":"","ocean_display_footer_widgets":"default","ocean_display_footer_bottom":"default","ocean_custom_footer_template":"0","ocean_post_oembed":"","ocean_post_self_hosted_media":"","ocean_post_video_embed":"","ocean_link_format":"","ocean_link_format_target":"self","ocean_quote_format":"","ocean_quote_format_link":"post","ocean_gallery_link_images":"on","ocean_gallery_id":[59363,59364,59365,59366,59367,59368,59369,59370,59371,59372,59373,59374,59375,59376,59377,59378,59379],"footnotes":""},"categories":[90,86],"tags":[],"class_list":["post-59362","post","type-post","status-publish","format-gallery","has-post-thumbnail","hentry","category-humanitar","category-thsil","post_format-post-format-gallery","entry","has-media"],"_links":{"self":[{"href":"https:\/\/mdu.edu.az\/en\/wp-json\/wp\/v2\/posts\/59362","targetHints":{"allow":["GET"]}}],"collection":[{"href":"https:\/\/mdu.edu.az\/en\/wp-json\/wp\/v2\/posts"}],"about":[{"href":"https:\/\/mdu.edu.az\/en\/wp-json\/wp\/v2\/types\/post"}],"author":[{"embeddable":true,"href":"https:\/\/mdu.edu.az\/en\/wp-json\/wp\/v2\/users\/2"}],"replies":[{"embeddable":true,"href":"https:\/\/mdu.edu.az\/en\/wp-json\/wp\/v2\/comments?post=59362"}],"version-history":[{"count":2,"href":"https:\/\/mdu.edu.az\/en\/wp-json\/wp\/v2\/posts\/59362\/revisions"}],"predecessor-version":[{"id":59388,"href":"https:\/\/mdu.edu.az\/en\/wp-json\/wp\/v2\/posts\/59362\/revisions\/59388"}],"wp:featuredmedia":[{"embeddable":true,"href":"https:\/\/mdu.edu.az\/en\/wp-json\/wp\/v2\/media\/59363"}],"wp:attachment":[{"href":"https:\/\/mdu.edu.az\/en\/wp-json\/wp\/v2\/media?parent=59362"}],"wp:term":[{"taxonomy":"category","embeddable":true,"href":"https:\/\/mdu.edu.az\/en\/wp-json\/wp\/v2\/categories?post=59362"},{"taxonomy":"post_tag","embeddable":true,"href":"https:\/\/mdu.edu.az\/en\/wp-json\/wp\/v2\/tags?post=59362"}],"curies":[{"name":"wp","href":"https:\/\/api.w.org\/{rel}","templated":true}]}}