{"id":60657,"date":"2024-07-09T09:13:51","date_gmt":"2024-07-09T06:13:51","guid":{"rendered":"https:\/\/mdu.edu.az\/?p=60657"},"modified":"2024-07-09T10:51:04","modified_gmt":"2024-07-09T07:51:04","slug":"cop29smnr","status":"publish","type":"post","link":"https:\/\/mdu.edu.az\/en\/cop29smnr\/","title":{"rendered":"MDU-da elmi-praktik seminar: \u201cCOP29-Ya\u015f\u0131l d\u00fcnya\u201d\u00a0"},"content":{"rendered":"<p>Ming\u0259\u00e7evir D\u00f6vl\u0259t Universitetinin (MDU) Fizika v\u0259 ekologiya kafedras\u0131n\u0131n t\u0259\u015fkilat\u00e7\u0131l\u0131\u011f\u0131 il\u0259 \u201cYa\u015f\u0131l d\u00fcnya namin\u0259 h\u0259mr\u0259ylik ili\u201d \u00e7\u0259r\u00e7iv\u0259sind\u0259 \u201cCOP29-Ya\u015f\u0131l d\u00fcnya\u201d&nbsp; m\u00f6vzusunda elmi-praktik seminar ke\u00e7irilib. \u0130qlim D\u0259yi\u015fikliyi \u00fczr\u0259 \u00c7\u0259r\u00e7iv\u0259 Konvensiyas\u0131n\u0131n T\u0259r\u0259fl\u0259r Konfrans\u0131n\u0131n 29-cu sessiyas\u0131 \u2013 COP29 \u00e7\u0259r\u00e7iv\u0259sind\u0259 ba\u015f tutan seminarda 8 sayl\u0131 Regional Ekologiya v\u0259 T\u0259bii S\u0259rv\u0259tl\u0259r \u0130dar\u0259sinin (RETS\u0130) \u0259m\u0259kda\u015flar\u0131, MDU-nun M\u00fch\u0259ndislik fak\u00fclt\u0259sinin professor-m\u00fc\u0259llim hey\u0259ti \u00fczvl\u0259ri i\u015ftirak edib.<\/p>\n\n\n\n<p>Seminar\u0131n a\u00e7\u0131l\u0131\u015f nitqind\u0259 \u00e7\u0131x\u0131\u015f ed\u0259n MDU-nun Fizika v\u0259 ekologiya kafedras\u0131n\u0131n m\u00fcdiri T\u0259ran\u0259 Yusibova v\u0259 Elm v\u0259 innovasiyalar \u015f\u00f6b\u0259sinin m\u00fcdiri V\u00fcqar Mustafayev COP29-un m\u0259qs\u0259d v\u0259 v\u0259zif\u0259l\u0259rind\u0259n, iqlim d\u0259yi\u015fikliyin\u0259 qar\u015f\u0131 m\u00fcbariz\u0259d\u0259 qlobal s\u0259yl\u0259rin birl\u0259\u015fm\u0259sind\u0259n v\u0259 bu konfrans\u0131n \u0259h\u0259miyy\u0259tind\u0259n b\u0259hs edibl\u0259r. Onlar h\u0259m\u00e7inin, &#8220;Ya\u015f\u0131l d\u00fcnya namin\u0259 h\u0259mr\u0259ylik&#8221; ilinin \u0259h\u0259miyy\u0259tini vur\u011fulay\u0131b, iqlim d\u0259yi\u015fikliyi, karbon emissiyalar\u0131 v\u0259 onlar\u0131n azald\u0131lmas\u0131 \u00fczr\u0259 qlobal t\u0259dbirl\u0259rin yerli v\u0259 regional s\u0259viyy\u0259d\u0259 t\u0259tbiqi yollar\u0131n\u0131 m\u00fczakir\u0259 edibl\u0259r. H\u0259r iki \u00e7\u0131x\u0131\u015fda, MDU-nun bu sah\u0259d\u0259 h\u0259yata ke\u00e7irdiyi t\u0259dqiqat v\u0259 innovativ layih\u0259l\u0259r t\u0259qdim olunub v\u0259 \u0259traf m\u00fchitin qorunmas\u0131 istiqam\u0259tind\u0259 birg\u0259 f\u0259aliyy\u0259tin vacibliyi vur\u011fulan\u0131b.<\/p>\n\n\n\n<p>A\u00e7\u0131l\u0131\u015f nitql\u0259rind\u0259n sonra COP29-la ba\u011fl\u0131 video\u00e7arx n\u00fcmayi\u015f etdirilib v\u0259 seminar\u0131n proqram\u0131na uy\u011fun olaraq \u00e7\u0131x\u0131\u015flar dinl\u0259nilib.<\/p>\n\n\n\n<p>8 sayl\u0131 RETS\u0130-nin \u018ftraf m\u00fchitd\u0259n istifad\u0259nin t\u0259nziml\u0259nm\u0259si v\u0259 ekoloji maarifl\u0259ndirm\u0259 sektorunun apar\u0131c\u0131 m\u0259sl\u0259h\u0259t\u00e7isi M\u0259bud N\u0259sibov \u201cD\u00fcnya bizim evimizdir:Ya\u015f\u0131l d\u00fcnya namin\u0259 h\u0259mr\u0259y olaq!\u201d, h\u0259min sektorun m\u0259sl\u0259h\u0259t\u00e7isi \u00dclk\u0259r Pa\u015fayeva \u201c\u018ftraf m\u00fchitin \u00e7irkl\u0259nm\u0259si v\u0259 onun qar\u015f\u0131s\u0131n\u0131n al\u0131nmas\u0131 t\u0259dbirl\u0259ri\u201d, MDU-nun m\u00fc\u0259lliml\u0259rind\u0259n G\u00fclmir\u0259 M\u0259mm\u0259dova \u201cAz\u0259rbaycan\u0131n COP29&nbsp; s\u0259dirliyinin ictimai-siyasi&nbsp; v\u0259 sosial t\u0259r\u0259fl\u0259ri\u201d v\u0259 Aysel Bayramova \u201cCOP-29: D\u00fcnya v\u0259 \u00f6lk\u0259miz \u00fc\u00e7\u00fcn g\u00f6zl\u0259ntil\u0259r\u201d m\u00f6vzular\u0131nda m\u0259ruz\u0259l\u0259rl\u0259 \u00e7\u0131x\u0131\u015flar edibl\u0259r.<\/p>\n\n\n\n<p>T\u0259qdim olunan m\u0259ruz\u0259l\u0259r i\u015ftirak\u00e7\u0131lar t\u0259r\u0259find\u0259n maraqla qar\u015f\u0131lan\u0131b.<\/p>\n\n\n\n<p>Qeyd ed\u0259k ki, MDU-da \u201cYa\u015f\u0131l d\u00fcnya namin\u0259 h\u0259mr\u0259ylik ili\u201d \u00e7\u0259r\u00e7iv\u0259sind\u0259 m\u00fcxt\u0259lif t\u0259dbirl\u0259r ke\u00e7irilir.<\/p>","protected":false},"excerpt":{"rendered":"<p>Ming\u0259\u00e7evir D\u00f6vl\u0259t Universitetinin (MDU) Fizika v\u0259 ekologiya kafedras\u0131n\u0131n t\u0259\u015fkilat\u00e7\u0131l\u0131\u011f\u0131 il\u0259 \u201cYa\u015f\u0131l d\u00fcnya namin\u0259 h\u0259mr\u0259ylik ili\u201d \u00e7\u0259r\u00e7iv\u0259sind\u0259 \u201cCOP29-Ya\u015f\u0131l d\u00fcnya\u201d&nbsp; m\u00f6vzusunda elmi-praktik seminar ke\u00e7irilib. \u0130qlim D\u0259yi\u015fikliyi \u00fczr\u0259 \u00c7\u0259r\u00e7iv\u0259 Konvensiyas\u0131n\u0131n T\u0259r\u0259fl\u0259r Konfrans\u0131n\u0131n 29-cu sessiyas\u0131 \u2013 COP29 \u00e7\u0259r\u00e7iv\u0259sind\u0259 ba\u015f tutan seminarda 8 sayl\u0131 Regional Ekologiya v\u0259 T\u0259bii S\u0259rv\u0259tl\u0259r \u0130dar\u0259sinin (RETS\u0130) \u0259m\u0259kda\u015flar\u0131, MDU-nun M\u00fch\u0259ndislik fak\u00fclt\u0259sinin professor-m\u00fc\u0259llim hey\u0259ti \u00fczvl\u0259ri i\u015ftirak edib. [&hellip;]<\/p>\n","protected":false},"author":2,"featured_media":60658,"comment_status":"closed","ping_status":"closed","sticky":false,"template":"","format":"gallery","meta":{"_eb_attr":"","ocean_post_layout":"","ocean_both_sidebars_style":"","ocean_both_sidebars_content_width":0,"ocean_both_sidebars_sidebars_width":0,"ocean_sidebar":"","ocean_second_sidebar":"","ocean_disable_margins":"enable","ocean_add_body_class":"","ocean_shortcode_before_top_bar":"","ocean_shortcode_after_top_bar":"","ocean_shortcode_before_header":"","ocean_shortcode_after_header":"","ocean_has_shortcode":"","ocean_shortcode_after_title":"","ocean_shortcode_before_footer_widgets":"","ocean_shortcode_after_footer_widgets":"","ocean_shortcode_before_footer_bottom":"","ocean_shortcode_after_footer_bottom":"","ocean_display_top_bar":"default","ocean_display_header":"default","ocean_header_style":"","ocean_center_header_left_menu":"","ocean_custom_header_template":"","ocean_custom_logo":0,"ocean_custom_retina_logo":0,"ocean_custom_logo_max_width":0,"ocean_custom_logo_tablet_max_width":0,"ocean_custom_logo_mobile_max_width":0,"ocean_custom_logo_max_height":0,"ocean_custom_logo_tablet_max_height":0,"ocean_custom_logo_mobile_max_height":0,"ocean_header_custom_menu":"","ocean_menu_typo_font_family":"","ocean_menu_typo_font_subset":"","ocean_menu_typo_font_size":0,"ocean_menu_typo_font_size_tablet":0,"ocean_menu_typo_font_size_mobile":0,"ocean_menu_typo_font_size_unit":"px","ocean_menu_typo_font_weight":"","ocean_menu_typo_font_weight_tablet":"","ocean_menu_typo_font_weight_mobile":"","ocean_menu_typo_transform":"","ocean_menu_typo_transform_tablet":"","ocean_menu_typo_transform_mobile":"","ocean_menu_typo_line_height":0,"ocean_menu_typo_line_height_tablet":0,"ocean_menu_typo_line_height_mobile":0,"ocean_menu_typo_line_height_unit":"","ocean_menu_typo_spacing":0,"ocean_menu_typo_spacing_tablet":0,"ocean_menu_typo_spacing_mobile":0,"ocean_menu_typo_spacing_unit":"","ocean_menu_link_color":"","ocean_menu_link_color_hover":"","ocean_menu_link_color_active":"","ocean_menu_link_background":"","ocean_menu_link_hover_background":"","ocean_menu_link_active_background":"","ocean_menu_social_links_bg":"","ocean_menu_social_hover_links_bg":"","ocean_menu_social_links_color":"","ocean_menu_social_hover_links_color":"","ocean_disable_title":"default","ocean_disable_heading":"default","ocean_post_title":"","ocean_post_subheading":"","ocean_post_title_style":"","ocean_post_title_background_color":"","ocean_post_title_background":0,"ocean_post_title_bg_image_position":"","ocean_post_title_bg_image_attachment":"","ocean_post_title_bg_image_repeat":"","ocean_post_title_bg_image_size":"","ocean_post_title_height":0,"ocean_post_title_bg_overlay":0.5,"ocean_post_title_bg_overlay_color":"","ocean_disable_breadcrumbs":"default","ocean_breadcrumbs_color":"","ocean_breadcrumbs_separator_color":"","ocean_breadcrumbs_links_color":"","ocean_breadcrumbs_links_hover_color":"","ocean_display_footer_widgets":"default","ocean_display_footer_bottom":"default","ocean_custom_footer_template":"","ocean_post_oembed":"","ocean_post_self_hosted_media":"","ocean_post_video_embed":"","ocean_link_format":"","ocean_link_format_target":"self","ocean_quote_format":"","ocean_quote_format_link":"post","ocean_gallery_link_images":"on","ocean_gallery_id":[60658,60659,60660,60661,60662,60663,60664,60665,60666,60667,60668,60669,60670,60671,60672],"footnotes":""},"categories":[87,152],"tags":[],"class_list":["post-60657","post","type-post","status-publish","format-gallery","has-post-thumbnail","hentry","category-fizika-xbrlr","category-yasil-dunya-namin-hmrylik-ili","post_format-post-format-gallery","entry","has-media"],"_links":{"self":[{"href":"https:\/\/mdu.edu.az\/en\/wp-json\/wp\/v2\/posts\/60657","targetHints":{"allow":["GET"]}}],"collection":[{"href":"https:\/\/mdu.edu.az\/en\/wp-json\/wp\/v2\/posts"}],"about":[{"href":"https:\/\/mdu.edu.az\/en\/wp-json\/wp\/v2\/types\/post"}],"author":[{"embeddable":true,"href":"https:\/\/mdu.edu.az\/en\/wp-json\/wp\/v2\/users\/2"}],"replies":[{"embeddable":true,"href":"https:\/\/mdu.edu.az\/en\/wp-json\/wp\/v2\/comments?post=60657"}],"version-history":[{"count":5,"href":"https:\/\/mdu.edu.az\/en\/wp-json\/wp\/v2\/posts\/60657\/revisions"}],"predecessor-version":[{"id":60690,"href":"https:\/\/mdu.edu.az\/en\/wp-json\/wp\/v2\/posts\/60657\/revisions\/60690"}],"wp:featuredmedia":[{"embeddable":true,"href":"https:\/\/mdu.edu.az\/en\/wp-json\/wp\/v2\/media\/60658"}],"wp:attachment":[{"href":"https:\/\/mdu.edu.az\/en\/wp-json\/wp\/v2\/media?parent=60657"}],"wp:term":[{"taxonomy":"category","embeddable":true,"href":"https:\/\/mdu.edu.az\/en\/wp-json\/wp\/v2\/categories?post=60657"},{"taxonomy":"post_tag","embeddable":true,"href":"https:\/\/mdu.edu.az\/en\/wp-json\/wp\/v2\/tags?post=60657"}],"curies":[{"name":"wp","href":"https:\/\/api.w.org\/{rel}","templated":true}]}}