{"id":60941,"date":"2024-08-30T10:05:57","date_gmt":"2024-08-30T07:05:57","guid":{"rendered":"https:\/\/mdu.edu.az\/?p=60941"},"modified":"2025-06-06T23:52:23","modified_gmt":"2025-06-06T20:52:23","slug":"vlldld24","status":"publish","type":"post","link":"https:\/\/mdu.edu.az\/en\/vlldld24\/","title":{"rendered":"\u0130spaniyan\u0131n Valladolid Universiteti Erasmus+ Proqram\u0131 \u00e7\u0259r\u00e7iv\u0259sind\u0259 t\u0259l\u0259b\u0259 q\u0259bulu elan edir"},"content":{"rendered":"<p>Avropa \u0130ttifaq\u0131 t\u0259r\u0259find\u0259n maliyy\u0259l\u0259\u015fdiril\u0259n Erasmus+ proqram\u0131 \u00e7\u0259r\u00e7iv\u0259sind\u0259, \u0130spaniya Krall\u0131\u011f\u0131n\u0131n Valladolid Universiteti (University of Valladolid, UVA Erasmus+ KA171) 2024-2025-ci t\u0259dris ilinin h\u0259r iki semestri \u00fc\u00e7\u00fcn bakalavriat v\u0259 magistratura t\u0259hsil s\u0259viyy\u0259si \u00fczr\u0259 t\u0259l\u0259b\u0259 q\u0259buluna ba\u015flay\u0131b.<\/p>\n\n\n\n<p>M\u00fcbadil\u0259, Ming\u0259\u00e7evir D\u00f6vl\u0259t Universiteti (MDU) il\u0259 Valladolid Universiteti aras\u0131nda \u201cErasmus+\u201d proqram\u0131 \u00e7\u0259r\u00e7iv\u0259sind\u0259 imzalanm\u0131\u015f ikili sazi\u015f \u0259sas\u0131nda h\u0259yata ke\u00e7iril\u0259c\u0259k. M\u00fcraci\u0259t etm\u0259k \u00fc\u00e7\u00fcn a\u015fa\u011f\u0131da verilmi\u015f linkd\u0259n istifad\u0259 ed\u0259 bil\u0259rsiniz:<\/p>\n\n\n\n<p class=\"has-vivid-red-color has-text-color has-link-color wp-elements-f4a66165d38824770c257593f9118f9d\"><a href=\"https:\/\/uvamobplus2.uva.es\/publico\/inicio\">https:\/\/uvamobplus2.uva.es\/publico\/inicio<\/a><\/p>\n\n\n\n<p>Proqramda i\u015ftirak \u00fc\u00e7\u00fcn t\u0259l\u0259b olunan s\u0259n\u0259dl\u0259r:<\/p>\n\n\n\n<p>&#8211; \u0130ngilis dili sertifikat\u0131n\u0131n sur\u0259ti (IELTS\/TOEFL &#8211; minimum B2 s\u0259viyy\u0259si);<\/p>\n\n\n\n<p>&#8211; Akademik istiqam\u0259tin uy\u011funlu\u011fu;<\/p>\n\n\n\n<p>&#8211; Motivasiya m\u0259ktubu;<\/p>\n\n\n\n<p>&#8211; T\u00f6vsiy\u0259 m\u0259ktubu;<\/p>\n\n\n\n<p>&#8211; CV;<\/p>\n\n\n\n<p>&#8211; Dig\u0259r s\u0259n\u0259dl\u0259r.<\/p>\n\n\n\n<p class=\"has-vivid-red-color has-text-color has-link-color wp-elements-b5585f687a431abc4de310ef5066950b\"><strong>Son m\u00fcraci\u0259t tarixi 24 sentyabr 2024-c\u00fc ildir.<\/strong><\/p>\n\n\n\n<p>\u018ftrafl\u0131 m\u0259lumat v\u0259 m\u00fcraci\u0259t \u00fc\u00e7\u00fcn Ming\u0259\u00e7evir D\u00f6vl\u0259t Universitetinin Beyn\u0259lxalq \u018fm\u0259kda\u015fl\u0131q Ofisin\u0259 (\u0259sas bina, otaq 211) m\u00fcraci\u0259t ed\u0259 bil\u0259rsiniz. E-po\u00e7t: <a href=\"mailto:samira.ahmadova@mdu.edu.az\">samira.ahmadova@mdu.edu.az<\/a><\/p>\n\n\n\n<p>\u018flav\u0259 m\u0259lumat \u00fc\u00e7\u00fcn a\u015fa\u011f\u0131da g\u00f6st\u0259rilmi\u015f link\u0259 ke\u00e7id ed\u0259 bil\u0259rsiniz. (<a href=\"https:\/\/uvamobplus2.uva.es\/publico\/inicio\">https:\/\/uvamobplus2.uva.es\/publico\/inicio<\/a><\/p>\n\n\n\n<p>Qeyd: Layih\u0259miz namiz\u0259d g\u00f6st\u0259rilm\u0259sin\u0259 \u0259saslanm\u0131r, buna g\u00f6r\u0259 d\u0259 t\u0259l\u0259b\u0259l\u0259riniz m\u00fctl\u0259q olaraq t\u0259qa\u00fcd \u00fc\u00e7\u00fcn bizim vebsayt\u0131m\u0131z vasit\u0259sil\u0259 m\u00fcraci\u0259t etm\u0259lidirl\u0259r. B\u00fct\u00fcn m\u0259lumatlar\u0131 \u0259ld\u0259 etm\u0259k \u00fc\u00e7\u00fcn m\u00fcraci\u0259t elan\u0131m\u0131z\u0131 buradan y\u00fckl\u0259y\u0259 bil\u0259rsiniz:<\/p>\n\n\n\n<p><a href=\"https:\/\/uvamobplus2.uva.es\/publico\/download\/79\/en\/Convocatoria_firmada_EN.pdf\">https:\/\/uvamobplus2.uva.es\/publico\/download\/79\/en\/Convocatoria_firmada_EN.pdf<\/a><\/p>\n\n\n\n<p>ECTS t\u0259l\u0259bi: Se\u00e7il\u0259n t\u0259l\u0259b\u0259l\u0259r Valladolid Universitetind\u0259 20-30 ECTS aral\u0131\u011f\u0131nda kredit toplamal\u0131d\u0131rlar. Ev universitetind\u0259 daha az akademik kredit\u0259 sahib olan t\u0259l\u0259b\u0259l\u0259r se\u00e7ilm\u0259y\u0259c\u0259kdir (1 ECTS = 25 akademik saat).<\/p>\n\n\n\n<p>T\u0259l\u0259b\u0259l\u0259rinizin t\u0259cr\u00fcb\u0259l\u0259ri il\u0259 tan\u0131\u015f olmaq \u00fc\u00e7\u00fcn Erasmus+ KA107 t\u0259qa\u00fcd sahibl\u0259ri \u00fc\u00e7\u00fcn blogumuzu ziyar\u0259t ed\u0259 bil\u0259rsiniz: <a href=\"https:\/\/erasmusplusuva.wordpress.com\/\">https:\/\/erasmusplusuva.wordpress.com\/<\/a><\/p>\n\n\n\n<p>\u018flav\u0259 m\u0259lumat \u00fc\u00e7\u00fcn <a href=\"mailto:ka171.erasmusplus@uva.es\" target=\"_blank\" rel=\"noreferrer noopener\">ka171<\/a> \u00fcnvan\u0131na e-po\u00e7t g\u00f6nd\u0259r\u0259r\u0259k biziml\u0259 \u0259laq\u0259 saxlaya bil\u0259rsiniz.<\/p>","protected":false},"excerpt":{"rendered":"<p>Avropa \u0130ttifaq\u0131 t\u0259r\u0259find\u0259n maliyy\u0259l\u0259\u015fdiril\u0259n Erasmus+ proqram\u0131 \u00e7\u0259r\u00e7iv\u0259sind\u0259, \u0130spaniya Krall\u0131\u011f\u0131n\u0131n Valladolid Universiteti (University of Valladolid, UVA Erasmus+ KA171) 2024-2025-ci t\u0259dris ilinin h\u0259r iki semestri \u00fc\u00e7\u00fcn bakalavriat v\u0259 magistratura t\u0259hsil s\u0259viyy\u0259si \u00fczr\u0259 t\u0259l\u0259b\u0259 q\u0259buluna ba\u015flay\u0131b. M\u00fcbadil\u0259, Ming\u0259\u00e7evir D\u00f6vl\u0259t Universiteti (MDU) il\u0259 Valladolid Universiteti aras\u0131nda \u201cErasmus+\u201d proqram\u0131 \u00e7\u0259r\u00e7iv\u0259sind\u0259 imzalanm\u0131\u015f ikili sazi\u015f \u0259sas\u0131nda h\u0259yata ke\u00e7iril\u0259c\u0259k. M\u00fcraci\u0259t etm\u0259k \u00fc\u00e7\u00fcn a\u015fa\u011f\u0131da [&hellip;]<\/p>\n","protected":false},"author":2,"featured_media":60942,"comment_status":"closed","ping_status":"closed","sticky":false,"template":"","format":"gallery","meta":{"_eb_attr":"","ocean_post_layout":"","ocean_both_sidebars_style":"","ocean_both_sidebars_content_width":0,"ocean_both_sidebars_sidebars_width":0,"ocean_sidebar":"","ocean_second_sidebar":"","ocean_disable_margins":"enable","ocean_add_body_class":"","ocean_shortcode_before_top_bar":"","ocean_shortcode_after_top_bar":"","ocean_shortcode_before_header":"","ocean_shortcode_after_header":"","ocean_has_shortcode":"","ocean_shortcode_after_title":"","ocean_shortcode_before_footer_widgets":"","ocean_shortcode_after_footer_widgets":"","ocean_shortcode_before_footer_bottom":"","ocean_shortcode_after_footer_bottom":"","ocean_display_top_bar":"default","ocean_display_header":"default","ocean_header_style":"","ocean_center_header_left_menu":"","ocean_custom_header_template":"","ocean_custom_logo":0,"ocean_custom_retina_logo":0,"ocean_custom_logo_max_width":0,"ocean_custom_logo_tablet_max_width":0,"ocean_custom_logo_mobile_max_width":0,"ocean_custom_logo_max_height":0,"ocean_custom_logo_tablet_max_height":0,"ocean_custom_logo_mobile_max_height":0,"ocean_header_custom_menu":"","ocean_menu_typo_font_family":"","ocean_menu_typo_font_subset":"","ocean_menu_typo_font_size":0,"ocean_menu_typo_font_size_tablet":0,"ocean_menu_typo_font_size_mobile":0,"ocean_menu_typo_font_size_unit":"px","ocean_menu_typo_font_weight":"","ocean_menu_typo_font_weight_tablet":"","ocean_menu_typo_font_weight_mobile":"","ocean_menu_typo_transform":"","ocean_menu_typo_transform_tablet":"","ocean_menu_typo_transform_mobile":"","ocean_menu_typo_line_height":0,"ocean_menu_typo_line_height_tablet":0,"ocean_menu_typo_line_height_mobile":0,"ocean_menu_typo_line_height_unit":"","ocean_menu_typo_spacing":0,"ocean_menu_typo_spacing_tablet":0,"ocean_menu_typo_spacing_mobile":0,"ocean_menu_typo_spacing_unit":"","ocean_menu_link_color":"","ocean_menu_link_color_hover":"","ocean_menu_link_color_active":"","ocean_menu_link_background":"","ocean_menu_link_hover_background":"","ocean_menu_link_active_background":"","ocean_menu_social_links_bg":"","ocean_menu_social_hover_links_bg":"","ocean_menu_social_links_color":"","ocean_menu_social_hover_links_color":"","ocean_disable_title":"default","ocean_disable_heading":"default","ocean_post_title":"","ocean_post_subheading":"","ocean_post_title_style":"","ocean_post_title_background_color":"","ocean_post_title_background":0,"ocean_post_title_bg_image_position":"","ocean_post_title_bg_image_attachment":"","ocean_post_title_bg_image_repeat":"","ocean_post_title_bg_image_size":"","ocean_post_title_height":0,"ocean_post_title_bg_overlay":0.5,"ocean_post_title_bg_overlay_color":"","ocean_disable_breadcrumbs":"default","ocean_breadcrumbs_color":"","ocean_breadcrumbs_separator_color":"","ocean_breadcrumbs_links_color":"","ocean_breadcrumbs_links_hover_color":"","ocean_display_footer_widgets":"default","ocean_display_footer_bottom":"default","ocean_custom_footer_template":"","ocean_post_oembed":"","ocean_post_self_hosted_media":"","ocean_post_video_embed":"","ocean_link_format":"","ocean_link_format_target":"self","ocean_quote_format":"","ocean_quote_format_link":"post","ocean_gallery_link_images":"on","ocean_gallery_id":[],"footnotes":""},"categories":[116,34,146],"tags":[],"class_list":["post-60941","post","type-post","status-publish","format-gallery","has-post-thumbnail","hentry","category-beynlxalq_elan","category-elanlar","category-erasmus","post_format-post-format-gallery","entry","has-media"],"_links":{"self":[{"href":"https:\/\/mdu.edu.az\/en\/wp-json\/wp\/v2\/posts\/60941","targetHints":{"allow":["GET"]}}],"collection":[{"href":"https:\/\/mdu.edu.az\/en\/wp-json\/wp\/v2\/posts"}],"about":[{"href":"https:\/\/mdu.edu.az\/en\/wp-json\/wp\/v2\/types\/post"}],"author":[{"embeddable":true,"href":"https:\/\/mdu.edu.az\/en\/wp-json\/wp\/v2\/users\/2"}],"replies":[{"embeddable":true,"href":"https:\/\/mdu.edu.az\/en\/wp-json\/wp\/v2\/comments?post=60941"}],"version-history":[{"count":2,"href":"https:\/\/mdu.edu.az\/en\/wp-json\/wp\/v2\/posts\/60941\/revisions"}],"predecessor-version":[{"id":71350,"href":"https:\/\/mdu.edu.az\/en\/wp-json\/wp\/v2\/posts\/60941\/revisions\/71350"}],"wp:featuredmedia":[{"embeddable":true,"href":"https:\/\/mdu.edu.az\/en\/wp-json\/wp\/v2\/media\/60942"}],"wp:attachment":[{"href":"https:\/\/mdu.edu.az\/en\/wp-json\/wp\/v2\/media?parent=60941"}],"wp:term":[{"taxonomy":"category","embeddable":true,"href":"https:\/\/mdu.edu.az\/en\/wp-json\/wp\/v2\/categories?post=60941"},{"taxonomy":"post_tag","embeddable":true,"href":"https:\/\/mdu.edu.az\/en\/wp-json\/wp\/v2\/tags?post=60941"}],"curies":[{"name":"wp","href":"https:\/\/api.w.org\/{rel}","templated":true}]}}