{"id":62007,"date":"2024-10-18T16:20:12","date_gmt":"2024-10-18T13:20:12","guid":{"rendered":"https:\/\/mdu.edu.az\/?p=62007"},"modified":"2024-10-18T17:31:28","modified_gmt":"2024-10-18T14:31:28","slug":"musteqillik","status":"publish","type":"post","link":"https:\/\/mdu.edu.az\/en\/musteqillik\/","title":{"rendered":"Ming\u0259\u00e7evir D\u00f6vl\u0259t Universitetind\u0259 (MDU) M\u00fcst\u0259qilliyin B\u0259rpas\u0131 G\u00fcn\u00fcn\u0259 h\u0259sr olunmu\u015f elmi-n\u0259z\u0259ri konfrans ke\u00e7irilib"},"content":{"rendered":"<p>18 oktyabr 2024-c\u00fc il tarixind\u0259 M\u00fcst\u0259qilliyin B\u0259rpas\u0131 G\u00fcn\u00fcn\u0259 h\u0259sr olunmu\u015f elmi-n\u0259z\u0259ri konfransda \u015f\u0259hidl\u0259rimizin ruhu bir d\u0259qiq\u0259lik s\u00fckutla yad edilib.<\/p>\n\n\n\n<p>T\u0259dbirid\u0259 T\u0259hsil fak\u00fclt\u0259sinin dekan\u0131, dosent Nizami Zeynalov \u00e7\u0131x\u0131\u015f ed\u0259r\u0259k \u201cAz\u0259rbaycan M\u00fcst\u0259qilliyinin d\u00fcn\u0259ni v\u0259 bu g\u00fcn\u00fc\u201d m\u00f6vzusunda \u0259trafl\u0131 dan\u0131\u015f\u0131b. Nizami Zeynalov \u00e7\u0131x\u0131\u015f\u0131nda Prezident \u0130lham \u018fliyevin r\u0259hb\u0259rliyi alt\u0131nda \u00f6lk\u0259mizin apard\u0131\u011f\u0131 haqq sava\u015f\u0131n\u0131n m\u00fcst\u0259qilliyimizin daha da m\u00f6hk\u0259ml\u0259ndirilm\u0259sin\u0259 v\u0259 \u0259b\u0259di olaraq t\u0259sdiql\u0259nm\u0259sin\u0259 xidm\u0259t etdiyini qeyd edib, h\u0259m\u00e7inin m\u00fcharib\u0259d\u0259n sonrak\u0131 d\u00f6vrd\u0259 Az\u0259rbaycan\u0131n regionda qazand\u0131\u011f\u0131 diplomatik nailiyy\u0259tl\u0259ri v\u0259 \u00f6lk\u0259mizin beyn\u0259lxalq al\u0259md\u0259 m\u00f6vqeyinin g\u00fccl\u0259nm\u0259sind\u0259n dan\u0131\u015f\u0131b. &nbsp;&nbsp;<\/p>\n\n\n\n<p>Elm v\u0259 \u0130nnovasiyalar \u015f\u00f6b\u0259sinin m\u00fcdiri, dosent V\u00fcqar Mustafayev is\u0259 m\u00fcst\u0259qillik ill\u0259rind\u0259 elmi v\u0259 innovativ inki\u015faf\u0131n Az\u0259rbaycan \u00fc\u00e7\u00fcn \u0259h\u0259miyy\u0259tind\u0259n b\u0259hs ed\u0259r\u0259k, g\u0259ncl\u0259rin elmi t\u0259dqiqatlara mara\u011f\u0131n\u0131n art\u0131r\u0131lmas\u0131 \u00fc\u00e7\u00fcn universitetd\u0259 g\u00f6r\u00fcl\u0259n i\u015fl\u0259rd\u0259n dan\u0131\u015f\u0131b. V. Mustafayev elmin inki\u015faf\u0131n\u0131n \u00f6lk\u0259nin&nbsp; m\u00fcst\u0259qilliyinin m\u00f6hk\u0259ml\u0259nm\u0259sin\u0259 nec\u0259 t\u00f6hf\u0259 verdiyini vur\u011fulay\u0131b.<\/p>\n\n\n\n<p>Daha sonra MDU-nun tarix \u00fczr\u0259 f\u0259ls\u0259f\u0259 doktoru Ayg\u00fcn Q\u0259dirova \u201cM\u00fcst\u0259qilliyimiz bu g\u00fcn: reall\u0131qlar v\u0259 perspektivl\u0259r\u201d m\u00f6vzusunda geni\u015f m\u0259ruz\u0259 il\u0259 \u00e7\u0131x\u0131\u015f edib. A. Q\u0259dirova \u00e7\u0131x\u0131\u015f\u0131nda Az\u0259rbaycan\u0131n m\u00fcst\u0259qillik m\u00fcbariz\u0259si, 1991-ci ild\u0259 d\u00f6vl\u0259t m\u00fcst\u0259qilliyinin b\u0259rpas\u0131 v\u0259 bu prosesin xalq\u0131m\u0131z \u00fc\u00e7\u00fcn tarixi \u0259h\u0259miyy\u0259tini diqq\u0259t\u0259 \u00e7atd\u0131r\u0131b.<\/p>\n\n\n\n<p>\u00dcmummilli lider Heyd\u0259r \u018fliyevin Az\u0259rbaycan m\u00fcst\u0259qilliyinin qorunub saxlan\u0131lmas\u0131 v\u0259 d\u00f6vl\u0259t quruculu\u011fu sah\u0259sind\u0259 g\u00f6rd\u00fcy\u00fc i\u015fl\u0259rd\u0259n b\u0259hs ed\u0259r\u0259k, m\u00fcasir d\u00f6vrd\u0259 Prezident \u0130lham \u018fliyevin r\u0259hb\u0259rliyi alt\u0131nda \u00f6lk\u0259mizin \u0259ld\u0259 etdiyi u\u011furlar\u0131 x\u00fcsusi vur\u011fulay\u0131b. A. Q\u0259dirova \u00e7\u0131x\u0131\u015f\u0131nda Qaraba\u011f Z\u0259f\u0259rinin Az\u0259rbaycan\u0131n m\u00fcst\u0259qillik tarixind\u0259 m\u00fcst\u0259sna yer tutdu\u011funu qeyd edib v\u0259 g\u0259l\u0259c\u0259kd\u0259 \u00f6lk\u0259mizin qar\u015f\u0131s\u0131nda duran \u0259sas perspektivl\u0259rd\u0259n b\u0259hs edib.<\/p>\n\n\n\n<p>Konfrans zaman\u0131, m\u00fcst\u0259qillik m\u00f6vzusunda haz\u0131rlanan video\u00e7arx n\u00fcmayi\u015f olunub v\u0259 i\u015ftirak\u00e7\u0131lar aras\u0131nda m\u00f6vzu il\u0259 ba\u011fl\u0131 geni\u015f m\u00fczakir\u0259l\u0259r apar\u0131l\u0131b. T\u0259dbir Az\u0259rbaycan\u0131n m\u00fcst\u0259qilliyinin \u0259b\u0259diliyini v\u0259 g\u0259l\u0259c\u0259k n\u0259sill\u0259r\u0259 \u00f6t\u00fcr\u00fclm\u0259sinin \u0259h\u0259miyy\u0259tini vur\u011fulayan fikirl\u0259rl\u0259 yekunla\u015f\u0131b.<\/p>\n\n\n\n<p><\/p>","protected":false},"excerpt":{"rendered":"<p>18 oktyabr 2024-c\u00fc il tarixind\u0259 M\u00fcst\u0259qilliyin B\u0259rpas\u0131 G\u00fcn\u00fcn\u0259 h\u0259sr olunmu\u015f elmi-n\u0259z\u0259ri konfransda \u015f\u0259hidl\u0259rimizin ruhu bir d\u0259qiq\u0259lik s\u00fckutla yad edilib. T\u0259dbirid\u0259 T\u0259hsil fak\u00fclt\u0259sinin dekan\u0131, dosent Nizami Zeynalov \u00e7\u0131x\u0131\u015f ed\u0259r\u0259k \u201cAz\u0259rbaycan M\u00fcst\u0259qilliyinin d\u00fcn\u0259ni v\u0259 bu g\u00fcn\u00fc\u201d m\u00f6vzusunda \u0259trafl\u0131 dan\u0131\u015f\u0131b. Nizami Zeynalov \u00e7\u0131x\u0131\u015f\u0131nda Prezident \u0130lham \u018fliyevin r\u0259hb\u0259rliyi alt\u0131nda \u00f6lk\u0259mizin apard\u0131\u011f\u0131 haqq sava\u015f\u0131n\u0131n m\u00fcst\u0259qilliyimizin daha da m\u00f6hk\u0259ml\u0259ndirilm\u0259sin\u0259 v\u0259 \u0259b\u0259di [&hellip;]<\/p>\n","protected":false},"author":1,"featured_media":62016,"comment_status":"closed","ping_status":"closed","sticky":false,"template":"","format":"gallery","meta":{"_eb_attr":"","ocean_post_layout":"","ocean_both_sidebars_style":"","ocean_both_sidebars_content_width":0,"ocean_both_sidebars_sidebars_width":0,"ocean_sidebar":"0","ocean_second_sidebar":"0","ocean_disable_margins":"enable","ocean_add_body_class":"","ocean_shortcode_before_top_bar":"","ocean_shortcode_after_top_bar":"","ocean_shortcode_before_header":"","ocean_shortcode_after_header":"","ocean_has_shortcode":"","ocean_shortcode_after_title":"","ocean_shortcode_before_footer_widgets":"","ocean_shortcode_after_footer_widgets":"","ocean_shortcode_before_footer_bottom":"","ocean_shortcode_after_footer_bottom":"","ocean_display_top_bar":"default","ocean_display_header":"default","ocean_header_style":"","ocean_center_header_left_menu":"0","ocean_custom_header_template":"0","ocean_custom_logo":0,"ocean_custom_retina_logo":0,"ocean_custom_logo_max_width":0,"ocean_custom_logo_tablet_max_width":0,"ocean_custom_logo_mobile_max_width":0,"ocean_custom_logo_max_height":0,"ocean_custom_logo_tablet_max_height":0,"ocean_custom_logo_mobile_max_height":0,"ocean_header_custom_menu":"0","ocean_menu_typo_font_family":"0","ocean_menu_typo_font_subset":"","ocean_menu_typo_font_size":0,"ocean_menu_typo_font_size_tablet":0,"ocean_menu_typo_font_size_mobile":0,"ocean_menu_typo_font_size_unit":"px","ocean_menu_typo_font_weight":"","ocean_menu_typo_font_weight_tablet":"","ocean_menu_typo_font_weight_mobile":"","ocean_menu_typo_transform":"","ocean_menu_typo_transform_tablet":"","ocean_menu_typo_transform_mobile":"","ocean_menu_typo_line_height":0,"ocean_menu_typo_line_height_tablet":0,"ocean_menu_typo_line_height_mobile":0,"ocean_menu_typo_line_height_unit":"","ocean_menu_typo_spacing":0,"ocean_menu_typo_spacing_tablet":0,"ocean_menu_typo_spacing_mobile":0,"ocean_menu_typo_spacing_unit":"","ocean_menu_link_color":"","ocean_menu_link_color_hover":"","ocean_menu_link_color_active":"","ocean_menu_link_background":"","ocean_menu_link_hover_background":"","ocean_menu_link_active_background":"","ocean_menu_social_links_bg":"","ocean_menu_social_hover_links_bg":"","ocean_menu_social_links_color":"","ocean_menu_social_hover_links_color":"","ocean_disable_title":"default","ocean_disable_heading":"default","ocean_post_title":"","ocean_post_subheading":"","ocean_post_title_style":"","ocean_post_title_background_color":"","ocean_post_title_background":0,"ocean_post_title_bg_image_position":"","ocean_post_title_bg_image_attachment":"","ocean_post_title_bg_image_repeat":"","ocean_post_title_bg_image_size":"","ocean_post_title_height":0,"ocean_post_title_bg_overlay":0.5,"ocean_post_title_bg_overlay_color":"","ocean_disable_breadcrumbs":"default","ocean_breadcrumbs_color":"","ocean_breadcrumbs_separator_color":"","ocean_breadcrumbs_links_color":"","ocean_breadcrumbs_links_hover_color":"","ocean_display_footer_widgets":"default","ocean_display_footer_bottom":"default","ocean_custom_footer_template":"0","ocean_post_oembed":"","ocean_post_self_hosted_media":"","ocean_post_video_embed":"","ocean_link_format":"","ocean_link_format_target":"self","ocean_quote_format":"","ocean_quote_format_link":"post","ocean_gallery_link_images":"on","ocean_gallery_id":[62009,62010,62017,62008,62019,62020,62018,62016,62015,62014,62013,62012,62011],"footnotes":""},"categories":[31],"tags":[],"class_list":["post-62007","post","type-post","status-publish","format-gallery","has-post-thumbnail","hentry","category-mdu_xeberleri","post_format-post-format-gallery","entry","has-media"],"_links":{"self":[{"href":"https:\/\/mdu.edu.az\/en\/wp-json\/wp\/v2\/posts\/62007","targetHints":{"allow":["GET"]}}],"collection":[{"href":"https:\/\/mdu.edu.az\/en\/wp-json\/wp\/v2\/posts"}],"about":[{"href":"https:\/\/mdu.edu.az\/en\/wp-json\/wp\/v2\/types\/post"}],"author":[{"embeddable":true,"href":"https:\/\/mdu.edu.az\/en\/wp-json\/wp\/v2\/users\/1"}],"replies":[{"embeddable":true,"href":"https:\/\/mdu.edu.az\/en\/wp-json\/wp\/v2\/comments?post=62007"}],"version-history":[{"count":2,"href":"https:\/\/mdu.edu.az\/en\/wp-json\/wp\/v2\/posts\/62007\/revisions"}],"predecessor-version":[{"id":62024,"href":"https:\/\/mdu.edu.az\/en\/wp-json\/wp\/v2\/posts\/62007\/revisions\/62024"}],"wp:featuredmedia":[{"embeddable":true,"href":"https:\/\/mdu.edu.az\/en\/wp-json\/wp\/v2\/media\/62016"}],"wp:attachment":[{"href":"https:\/\/mdu.edu.az\/en\/wp-json\/wp\/v2\/media?parent=62007"}],"wp:term":[{"taxonomy":"category","embeddable":true,"href":"https:\/\/mdu.edu.az\/en\/wp-json\/wp\/v2\/categories?post=62007"},{"taxonomy":"post_tag","embeddable":true,"href":"https:\/\/mdu.edu.az\/en\/wp-json\/wp\/v2\/tags?post=62007"}],"curies":[{"name":"wp","href":"https:\/\/api.w.org\/{rel}","templated":true}]}}