{"id":62399,"date":"2024-11-05T17:52:52","date_gmt":"2024-11-05T14:52:52","guid":{"rendered":"https:\/\/mdu.edu.az\/?p=62399"},"modified":"2024-11-05T17:52:54","modified_gmt":"2024-11-05T14:52:54","slug":"zefer-2024","status":"publish","type":"post","link":"https:\/\/mdu.edu.az\/en\/zefer-2024\/","title":{"rendered":"Ming\u0259\u00e7evir D\u00f6vl\u0259t Universitetind\u0259 (MDU) \u00a0\u201c8 Noyabr &#8211; Z\u0259f\u0259r G\u00fcn\u00fc\u201dn\u0259 h\u0259sr olunmu\u015f \u201cAz\u0259rbaycan tarixinin Z\u0259f\u0259r zirv\u0259si\u201d m\u00f6vzusunda elmi-praktiki konfrans ke\u00e7irilmi\u015fdir"},"content":{"rendered":"<p>2024-c\u00fc ilin noyabr\u0131n 5-d\u0259 Ming\u0259\u00e7evir D\u00f6vl\u0259t Universiteti (MDU), YAP Ming\u0259\u00e7evir \u015f\u0259h\u0259r t\u0259\u015fkilat\u0131 v\u0259 Ming\u0259\u00e7evir Az\u0259rbaycan Silahl\u0131 Q\u00fcvv\u0259l\u0259rinin \u201cN\u201d sayl\u0131 h\u0259rbi hiss\u0259nin birg\u0259 t\u0259\u015fkilat\u00e7\u0131l\u0131\u011f\u0131 il\u0259 \u201c8 Noyabr &#8211; Z\u0259f\u0259r G\u00fcn\u00fc\u201dn\u0259 h\u0259sr olunmu\u015f \u201cAz\u0259rbaycan tarixinin Z\u0259f\u0259r zirv\u0259si\u201d m\u00f6vzusunda elmi-praktiki konfrans ke\u00e7irilib. T\u0259dbird\u0259 \u015f\u0259hid ail\u0259l\u0259ri, V\u0259t\u0259n m\u00fcharib\u0259si qazil\u0259ri, MDU-nun akademik v\u0259 inzibati hey\u0259t \u00fczv\u00fcl\u0259ri, t\u0259l\u0259b\u0259 v\u0259 magistrantlar\u0131 i\u015ftirak edib. \u018fvv\u0259lc\u0259 t\u0259dbird\u0259 Az\u0259rbaycan xalq\u0131n\u0131n \u00fcmummilli lideri Heyd\u0259r \u018fliyevin v\u0259 torpaqlar\u0131m\u0131z\u0131n azadl\u0131\u011f\u0131 u\u011frunda canlar\u0131ndan ke\u00e7\u0259n q\u0259hr\u0259man \u015f\u0259hidl\u0259rimizin unudulmaz xatir\u0259si bir d\u0259qiq\u0259lik s\u00fckutla yad edilib, D\u00f6vl\u0259t Himni s\u0259sl\u0259ndirilib.<\/p>\n\n\n\n<p>T\u0259dbirin a\u00e7\u0131l\u0131\u015f\u0131nda MDU-nun rektor v.m.i.e. \u00dczeyir Zeynalov \u00e7\u0131x\u0131\u015f edib. \u015eanl\u0131 qalibiyy\u0259tin d\u00f6rd\u00fcnc\u00fc ild\u00f6n\u00fcm\u00fcn\u00fcn \u00f6lk\u0259mizd\u0259 b\u00f6y\u00fck t\u0259nt\u0259n\u0259 v\u0259 co\u015fqu il\u0259 qeyd edildiyini bildir\u0259n \u00dc.Zeynalov birliyimizin v\u0259 milli irad\u0259mizin r\u0259mzi kimi Az\u0259rbaycan tarixin\u0259 q\u0131z\u0131l h\u0259rfl\u0259rl\u0259 \u0259b\u0259di h\u0259kk olunmu\u015f 8 Noyabr \u2013 Z\u0259f\u0259r G\u00fcn\u00fc m\u00fcnasib\u0259til\u0259 t\u0259dbir i\u015ftirak\u00e7\u0131lar\u0131n\u0131 t\u0259brik edib. Qeyd edib ki, M\u00fcz\u0259ff\u0259r Ali Ba\u015f Komandan\u0131m\u0131z\u0131n q\u0259tiyy\u0259tli v\u0259 m\u00fcdrik r\u0259hb\u0259rliyi, r\u0259\u015fad\u0259tli Az\u0259rbaycan Silahl\u0131 Q\u00fcvv\u0259l\u0259rinin yenilm\u0259z g\u00fcc\u00fc say\u0259sind\u0259 \u00f6lk\u0259mizin \u0259razi b\u00fct\u00f6vl\u00fcy\u00fc v\u0259 suverenliyi tam t\u0259min olunub. Haz\u0131rda \u015eu\u015fada, Xank\u0259ndind\u0259, Xocal\u0131da v\u0259 i\u015f\u011faldan azad edilmi\u015f dig\u0259r b\u00fct\u00fcn \u0259z\u0259li yurdlar\u0131m\u0131zda \u015fanl\u0131 Az\u0259rbaycan bayra\u011f\u0131n\u0131n q\u00fcrurla dal\u011faland\u0131\u011f\u0131n\u0131 vur\u011fulayan \u00dc.Zeynalov bu sonsuz sevinc v\u0259 f\u0259xar\u0259t hissl\u0259rini xalq\u0131m\u0131za b\u0259x\u015f ed\u0259n \u015f\u0259hidl\u0259rimiz\u0259 r\u0259hm\u0259t, qazil\u0259rimiz\u0259 is\u0259 \u015f\u0259fa dil\u0259yib. Qazan\u0131lan q\u0259l\u0259b\u0259d\u0259 g\u0259nc n\u0259slin v\u0259t\u0259np\u0259rv\u0259rlik t\u0259rbiy\u0259sinin \u00f6n\u0259mli rolundan dan\u0131\u015fan \u00dc.Zeynalov t\u0259dbirin \u0259h\u0259miyy\u0259tini diqq\u0259t\u0259 \u00e7atd\u0131r\u0131b.<\/p>\n\n\n\n<p>Z\u0259f\u0259r G\u00fcn\u00fc m\u00fcnasib\u0259til\u0259 t\u0259brikl\u0259rini \u00e7atd\u0131ran Az\u0259rbaycan Silahl\u0131 Q\u00fcvv\u0259l\u0259rinin Polkovniki, V\u0259t\u0259n M\u00fcharib\u0259si Q\u0259hr\u0259man\u0131, \u201cN\u201d sayl\u0131 h\u0259rbi hiss\u0259nin komandiri Elnur Qebedov \u0259sas\u0131 ulu \u00f6nd\u0259r Heyd\u0259r \u018fliyev t\u0259r\u0259find\u0259n qoyulmu\u015f ordu quruculu\u011fu strategiyas\u0131n\u0131n Prezident \u0130lham \u018fliyev t\u0259r\u0259find\u0259n u\u011furla davam etdirilm\u0259si n\u0259tic\u0259sind\u0259 do\u011fma torpaqlar\u0131m\u0131z\u0131n i\u015f\u011faldan azad olunmas\u0131ndan v\u0259 tarixi \u0259dal\u0259tin b\u0259rpa edilm\u0259sind\u0259n b\u0259hs edib. 44 g\u00fcnl\u00fck V\u0259t\u0259n M\u00fcharib\u0259sind\u0259 Az\u0259rbaycan tarixinin q\u0259hr\u0259manl\u0131q salnam\u0259sinin yaz\u0131ld\u0131\u011f\u0131n\u0131 qeyd ed\u0259n E.Qebedov tarixi Z\u0259f\u0259rin qazan\u0131lmas\u0131nda q\u0259hr\u0259man \u015f\u0259hidl\u0259rimiz\u0259 v\u0259 qazil\u0259rimiz\u0259 borclu oldu\u011fumuzu bildirib.<\/p>\n\n\n\n<p>T\u0259hsil m\u00fc\u0259ssis\u0259l\u0259rind\u0259 v\u0259t\u0259np\u0259rv\u0259rlik m\u00f6vzusunda t\u0259dbirl\u0259rin \u00f6n\u0259mind\u0259n dan\u0131\u015fan YAP Ming\u0259\u00e7evir \u015f\u0259h\u0259r t\u0259\u015fkilat\u0131n\u0131n s\u0259dri B\u0259xtiyar Mustafayev Z\u0259f\u0259r g\u00fcn\u00fcn tarixi \u0259h\u0259miyy\u0259tind\u0259n dan\u0131\u015faraq bildirmi\u015fdir ki, tarixi q\u0259l\u0259b\u0259y\u0259 ged\u0259n yolun \u0259sas\u0131 Ulu \u00d6nd\u0259r Heyd\u0259r \u018fliyev t\u0259r\u0259find\u0259n qoyulmu\u015fdur. Prezident c\u0259nab \u0130lham \u018fliyev is\u0259 ata v\u0259siyy\u0259tini yerin\u0259 yetir\u0259r\u0259k \u00f6z ad\u0131n\u0131 \u015fanl\u0131 tariximiz\u0259 q\u0131z\u0131l h\u0259rfl\u0259rl\u0259 yazd\u0131r\u0131b. &nbsp;<\/p>\n\n\n\n<p>Sonra, \u015f\u0259hid ail\u0259 \u00fczvl\u0259ri \u00e7\u0131x\u0131\u015f ed\u0259r\u0259k qanlar\u0131 v\u0259 canlar\u0131 bahas\u0131na \u015fanl\u0131 tarix yazan q\u0259hr\u0259manlar\u0131m\u0131zla q\u00fcrur duyduqlar\u0131n\u0131 bildiribl\u0259r. G\u00f6st\u0259ril\u0259n y\u00fcks\u0259k diqq\u0259t v\u0259 qay\u011f\u0131ya g\u00f6r\u0259 \u00f6lk\u0259 ba\u015f\u00e7\u0131s\u0131na t\u0259\u015f\u0259kk\u00fcrl\u0259rini bildir\u0259n \u015f\u0259hid ail\u0259si \u00fczvl\u0259ri \u015f\u0259hidl\u0259rin adlar\u0131n\u0131n daim uca tutulmas\u0131ndan m\u0259mnunluqlar\u0131n\u0131 ifad\u0259 edibl\u0259r.<\/p>\n\n\n\n<p>&nbsp;Daha sonra, Z\u0259f\u0259r G\u00fcn\u00fcn\u0259 h\u0259sr olunmu\u015f video\u00e7arx n\u00fcmayi\u015f etdirilib v\u0259 m\u0259ruz\u0259l\u0259r dinl\u0259nilib.<\/p>\n\n\n\n<p>&nbsp;MDU-nun Mexanika kafedras\u0131n\u0131n m\u00fc\u0259llimi, m\u00fcharib\u0259 veteran\u0131 Qarag\u00f6z K\u0259rimov \u201cZ\u0259f\u0259rin zirv\u0259sin\u0259 aparan q\u0259hr\u0259manl\u0131q s\u0259lnam\u0259si\u201d, MDU-nun Xarici dill\u0259r kafedra m\u00fcdiri, dosent Mehdi R\u0259himov \u201cTariximizin \u0259b\u0259di q\u00fcrur dastan\u0131\u201d, Humanitar f\u0259nl\u0259r kafedras\u0131n\u0131n ba\u015f m\u00fc\u0259llimi, fil.f.d. G\u00fcnel Yunusova \u201cZ\u0259f\u0259r tariximiz \u0259d\u0259biyyat\u0131m\u0131zda \u0259b\u0259dil\u0259\u015fir\u201d, MDU-nun ba\u015f m\u00fc\u0259llimi, t.\u00fc.f.d. V\u00fcsal\u0259 M\u00f6vlayeva \u201cB\u00f6y\u00fck Z\u0259f\u0259rimiz m\u00fcasir tariximizin \u0259n \u015fanl\u0131 hadis\u0259sidir\u201d m\u00f6vzusunda \u00e7\u0131x\u0131\u015f edibl\u0259r.<\/p>\n\n\n\n<p>Konfrans\u0131n sonunda MDU-nun v\u0259 Az\u0259rbaycan Silahl\u0131 Q\u00fcvv\u0259l\u0259rinin \u201cN\u201d sayl\u0131 h\u0259rbi hiss\u0259nin birg\u0259 t\u0259\u015fkilat\u00e7\u0131l\u0131\u011f\u0131 il\u0259 \u201c8 Noyabr &#8211; Z\u0259f\u0259r G\u00fcn\u00fc\u201dn\u0259 h\u0259sr olunmu\u015f silsil\u0259 t\u0259dbirl\u0259rind\u0259 i\u015ftirak ed\u0259n h\u0259rbi\u00e7i v\u0259 t\u0259l\u0259b\u0259l\u0259r\u0259 sertifikatlar t\u0259qdim olunub.<\/p>\n\n\n\n<p><\/p>","protected":false},"excerpt":{"rendered":"<p>2024-c\u00fc ilin noyabr\u0131n 5-d\u0259 Ming\u0259\u00e7evir D\u00f6vl\u0259t Universiteti (MDU), YAP Ming\u0259\u00e7evir \u015f\u0259h\u0259r t\u0259\u015fkilat\u0131 v\u0259 Ming\u0259\u00e7evir Az\u0259rbaycan Silahl\u0131 Q\u00fcvv\u0259l\u0259rinin \u201cN\u201d sayl\u0131 h\u0259rbi hiss\u0259nin birg\u0259 t\u0259\u015fkilat\u00e7\u0131l\u0131\u011f\u0131 il\u0259 \u201c8 Noyabr &#8211; Z\u0259f\u0259r G\u00fcn\u00fc\u201dn\u0259 h\u0259sr olunmu\u015f \u201cAz\u0259rbaycan tarixinin Z\u0259f\u0259r zirv\u0259si\u201d m\u00f6vzusunda elmi-praktiki konfrans ke\u00e7irilib. T\u0259dbird\u0259 \u015f\u0259hid ail\u0259l\u0259ri, V\u0259t\u0259n m\u00fcharib\u0259si qazil\u0259ri, MDU-nun akademik v\u0259 inzibati hey\u0259t \u00fczv\u00fcl\u0259ri, t\u0259l\u0259b\u0259 v\u0259 magistrantlar\u0131 i\u015ftirak [&hellip;]<\/p>\n","protected":false},"author":1,"featured_media":62401,"comment_status":"closed","ping_status":"closed","sticky":false,"template":"","format":"gallery","meta":{"_eb_attr":"","ocean_post_layout":"","ocean_both_sidebars_style":"","ocean_both_sidebars_content_width":0,"ocean_both_sidebars_sidebars_width":0,"ocean_sidebar":"0","ocean_second_sidebar":"0","ocean_disable_margins":"enable","ocean_add_body_class":"","ocean_shortcode_before_top_bar":"","ocean_shortcode_after_top_bar":"","ocean_shortcode_before_header":"","ocean_shortcode_after_header":"","ocean_has_shortcode":"","ocean_shortcode_after_title":"","ocean_shortcode_before_footer_widgets":"","ocean_shortcode_after_footer_widgets":"","ocean_shortcode_before_footer_bottom":"","ocean_shortcode_after_footer_bottom":"","ocean_display_top_bar":"default","ocean_display_header":"default","ocean_header_style":"","ocean_center_header_left_menu":"0","ocean_custom_header_template":"0","ocean_custom_logo":0,"ocean_custom_retina_logo":0,"ocean_custom_logo_max_width":0,"ocean_custom_logo_tablet_max_width":0,"ocean_custom_logo_mobile_max_width":0,"ocean_custom_logo_max_height":0,"ocean_custom_logo_tablet_max_height":0,"ocean_custom_logo_mobile_max_height":0,"ocean_header_custom_menu":"0","ocean_menu_typo_font_family":"0","ocean_menu_typo_font_subset":"","ocean_menu_typo_font_size":0,"ocean_menu_typo_font_size_tablet":0,"ocean_menu_typo_font_size_mobile":0,"ocean_menu_typo_font_size_unit":"px","ocean_menu_typo_font_weight":"","ocean_menu_typo_font_weight_tablet":"","ocean_menu_typo_font_weight_mobile":"","ocean_menu_typo_transform":"","ocean_menu_typo_transform_tablet":"","ocean_menu_typo_transform_mobile":"","ocean_menu_typo_line_height":0,"ocean_menu_typo_line_height_tablet":0,"ocean_menu_typo_line_height_mobile":0,"ocean_menu_typo_line_height_unit":"","ocean_menu_typo_spacing":0,"ocean_menu_typo_spacing_tablet":0,"ocean_menu_typo_spacing_mobile":0,"ocean_menu_typo_spacing_unit":"","ocean_menu_link_color":"","ocean_menu_link_color_hover":"","ocean_menu_link_color_active":"","ocean_menu_link_background":"","ocean_menu_link_hover_background":"","ocean_menu_link_active_background":"","ocean_menu_social_links_bg":"","ocean_menu_social_hover_links_bg":"","ocean_menu_social_links_color":"","ocean_menu_social_hover_links_color":"","ocean_disable_title":"default","ocean_disable_heading":"default","ocean_post_title":"","ocean_post_subheading":"","ocean_post_title_style":"","ocean_post_title_background_color":"","ocean_post_title_background":0,"ocean_post_title_bg_image_position":"","ocean_post_title_bg_image_attachment":"","ocean_post_title_bg_image_repeat":"","ocean_post_title_bg_image_size":"","ocean_post_title_height":0,"ocean_post_title_bg_overlay":0.5,"ocean_post_title_bg_overlay_color":"","ocean_disable_breadcrumbs":"default","ocean_breadcrumbs_color":"","ocean_breadcrumbs_separator_color":"","ocean_breadcrumbs_links_color":"","ocean_breadcrumbs_links_hover_color":"","ocean_display_footer_widgets":"default","ocean_display_footer_bottom":"default","ocean_custom_footer_template":"0","ocean_post_oembed":"","ocean_post_self_hosted_media":"","ocean_post_video_embed":"","ocean_link_format":"","ocean_link_format_target":"self","ocean_quote_format":"","ocean_quote_format_link":"post","ocean_gallery_link_images":"on","ocean_gallery_id":[62400,62401,62403,62402,62404,62405,62406,62412,62409,62408,62410,62407,62411,62414,62415,62413,62416,62419,62418,62417],"footnotes":""},"categories":[31],"tags":[],"class_list":["post-62399","post","type-post","status-publish","format-gallery","has-post-thumbnail","hentry","category-mdu_xeberleri","post_format-post-format-gallery","entry","has-media"],"_links":{"self":[{"href":"https:\/\/mdu.edu.az\/en\/wp-json\/wp\/v2\/posts\/62399","targetHints":{"allow":["GET"]}}],"collection":[{"href":"https:\/\/mdu.edu.az\/en\/wp-json\/wp\/v2\/posts"}],"about":[{"href":"https:\/\/mdu.edu.az\/en\/wp-json\/wp\/v2\/types\/post"}],"author":[{"embeddable":true,"href":"https:\/\/mdu.edu.az\/en\/wp-json\/wp\/v2\/users\/1"}],"replies":[{"embeddable":true,"href":"https:\/\/mdu.edu.az\/en\/wp-json\/wp\/v2\/comments?post=62399"}],"version-history":[{"count":1,"href":"https:\/\/mdu.edu.az\/en\/wp-json\/wp\/v2\/posts\/62399\/revisions"}],"predecessor-version":[{"id":62420,"href":"https:\/\/mdu.edu.az\/en\/wp-json\/wp\/v2\/posts\/62399\/revisions\/62420"}],"wp:featuredmedia":[{"embeddable":true,"href":"https:\/\/mdu.edu.az\/en\/wp-json\/wp\/v2\/media\/62401"}],"wp:attachment":[{"href":"https:\/\/mdu.edu.az\/en\/wp-json\/wp\/v2\/media?parent=62399"}],"wp:term":[{"taxonomy":"category","embeddable":true,"href":"https:\/\/mdu.edu.az\/en\/wp-json\/wp\/v2\/categories?post=62399"},{"taxonomy":"post_tag","embeddable":true,"href":"https:\/\/mdu.edu.az\/en\/wp-json\/wp\/v2\/tags?post=62399"}],"curies":[{"name":"wp","href":"https:\/\/api.w.org\/{rel}","templated":true}]}}