{"id":62462,"date":"2024-11-07T10:13:19","date_gmt":"2024-11-07T07:13:19","guid":{"rendered":"https:\/\/mdu.edu.az\/?p=62462"},"modified":"2024-11-07T10:13:20","modified_gmt":"2024-11-07T07:13:20","slug":"zefer-deyirmi-masa","status":"publish","type":"post","link":"https:\/\/mdu.edu.az\/en\/zefer-deyirmi-masa\/","title":{"rendered":"MDU-da \u201cZ\u018fF\u018fR G\u00fcn\u00fc\u201dn\u0259 h\u0259sr olunan d\u0259yirmi masa ke\u00e7irilib"},"content":{"rendered":"<p>2024-c\u00fc il noyabr\u0131n 6-da Ming\u0259\u00e7evir D\u00f6vl\u0259t Universitetind\u0259 \u00a0&#8220;<strong>Z\u018fF\u018fR G\u00fcn\u00fc&#8221;n\u0259 <\/strong>h\u0259sr olunan \u201cZ\u0259f\u0259rin zirv\u0259sin\u0259 aparan q\u0259hr\u0259manl\u0131q salnam\u0259si\u201d m\u00f6vzusunda d\u0259yirmi masa ke\u00e7irilib. Universitetin Humanitar f\u0259nl\u0259r kafedras\u0131n\u0131n t\u0259\u015fkilat\u00e7\u0131l\u0131\u011f\u0131 il\u0259 ke\u00e7iril\u0259n d\u0259yirmi masada MDU-nun bir qrup professor-m\u00fc\u0259llim hey\u0259ti \u00fczvl\u0259ri, T\u0259hsil fak\u00fclt\u0259sinin t\u0259l\u0259b\u0259 v\u0259 magistrantlar\u0131 i\u015ftirak edib.\u00a0 \u0130lk n\u00f6vb\u0259d\u0259, torpaqlar\u0131m\u0131z\u0131n azadl\u0131\u011f\u0131 u\u011frunda can\u0131ndan ke\u00e7mi\u015f q\u0259hr\u0259man \u015f\u0259hidl\u0259rimizin \u0259ziz xatir\u0259si bir d\u0259qiq\u0259lik s\u00fckutla yad edilib. A\u00e7\u0131l\u0131\u015f nitqi il\u0259 \u00e7\u0131x\u0131\u015f ed\u0259n MDU-nun Humanitar f\u0259nl\u0259r kafedras\u0131n\u0131n m\u00fcdiri, dosent Esmira C\u0259f\u0259rova qeyd edib ki, bir ne\u00e7\u0259 g\u00fcnd\u0259n sonra xalq\u0131m\u0131z \u015f\u0259r\u0259fli tarixini \u2013 Z\u0259f\u0259r g\u00fcn\u00fcn\u00fc qeyd ed\u0259c\u0259k. D\u00fcnyaya, d\u00fc\u015fm\u0259n\u0259 m\u0259\u011frur v\u0259 yenilm\u0259z xalq oldu\u011funu s\u00fcbut ed\u0259n,\u00a0 Az\u0259rbaycan Respublikas\u0131n\u0131n Prezidenti, Ali Ba\u015f Komandan \u0130lham \u018fliyevin r\u0259hb\u0259rliyi alt\u0131nda q\u0131rx d\u00f6rd g\u00fcn davam ed\u0259n h\u0259rbi \u0259m\u0259liyyatlar n\u0259tic\u0259sind\u0259 Erm\u0259nistan\u0131n 30 il \u0259rzind\u0259 formala\u015fd\u0131rd\u0131\u011f\u0131 silahl\u0131 q\u00fcvv\u0259l\u0259r darmada\u011f\u0131n edil\u0259r\u0259k i\u015f\u011fala son qoyuldu. D\u00f6y\u00fc\u015fd\u0259n qorxub qa\u00e7an erm\u0259ni silahl\u0131lar\u0131n\u0131n Az\u0259rbaycan \u0259sg\u0259ri qar\u015f\u0131s\u0131nda m\u0259\u011flub oldu\u011funu b\u00fct\u00fcn d\u00fcnya g\u00f6rd\u00fc. M\u00fcz\u0259ff\u0259r Ali Ba\u015f Komandan\u0131n \u0259mri il\u0259 Az\u0259rbaycan \u0259sg\u0259ri d\u00fc\u015fm\u0259nin i\u015f\u011fal edilmi\u015f \u0259razil\u0259rd\u0259 30 il m\u00fcdd\u0259tind\u0259 tikdiyi istehkamlar\u0131 yar\u0131r, qurdu\u011fu pusqular\u0131 da\u011f\u0131d\u0131r v\u0259 h\u0259d\u0259f\u0259 yax\u0131nla\u015f\u0131rd\u0131. \u018fks-h\u00fccum \u0259m\u0259liyyat\u0131nda ordumuzun qar\u015f\u0131s\u0131nda duran \u0259sas tap\u015f\u0131r\u0131q \u00e7\u0259tin relyef v\u0259 iqlim \u015f\u0259raitind\u0259 m\u00fct\u0259\u015f\u0259kkil qaydada ir\u0259lil\u0259m\u0259k v\u0259 i\u015f\u011fal alt\u0131nda olan torpaqlar\u0131m\u0131z\u0131 cinay\u0259tkar ordu qrupla\u015fmalar\u0131ndan xilas etm\u0259k idi v\u0259 etdi d\u0259. Noyabr ay\u0131n\u0131n 8-d\u0259 \u015eu\u015fa \u015f\u0259h\u0259ri azad edildi. Noyabr\u0131n 10-da Az\u0259rbaycan Prezidenti, Rusiya Prezidenti v\u0259 Erm\u0259nistan ba\u015f nazirinin birg\u0259 b\u0259yanat\u0131 imzaland\u0131. &#8220;D\u0259mir yumru\u011f&#8221;un g\u00fcc\u00fcn\u0259 imzalanan b\u0259yanata \u0259sas\u0259n, 10 noyabr 2020-ci il tarixind\u0259 Moskva vaxt\u0131 il\u0259 saat 00.00-dan etibar\u0259n, Da\u011fl\u0131q Qaraba\u011f m\u00fcnaqi\u015f\u0259si zonas\u0131nda at\u0259\u015fin v\u0259 b\u00fct\u00fcn h\u0259rbi \u0259m\u0259liyyatlar\u0131n tam dayand\u0131r\u0131lmas\u0131 elan olundu. \u00d6lk\u0259mizin tarixi q\u0259l\u0259b\u0259si, m\u00fcnaqi\u015f\u0259nin h\u0259lli regionun yenid\u0259n \u00e7i\u00e7\u0259kl\u0259nm\u0259sin\u0259 b\u00f6y\u00fck stimuldur. C\u0259nab Prezidentin d\u0259 qeyd etdiyi kimi, biz\u0259 maksimum s\u0259rf ed\u0259n s\u0259n\u0259d imzalan\u0131b. Bu n\u0259tic\u0259nin \u0259ld\u0259 olunmas\u0131nda ba\u015fda M\u00fcz\u0259ff\u0259r Ali Ba\u015f Komandan olmaqla, b\u00fct\u00fcn ordumuzun v\u0259 h\u0259rbi \u0259m\u0259liyyatlar d\u00f6vr\u00fcnd\u0259 birlik, h\u0259mr\u0259ylik n\u00fcmayi\u015f etdir\u0259n xalq\u0131m\u0131z\u0131n h\u0259r bir n\u00fcmay\u0259nd\u0259sinin rolu oldu. Biz b\u00f6y\u00fck Z\u018fF\u018fR\u0130 \u0259ld\u0259 etdik.<\/p>\n\n\n\n<p>A\u00e7\u0131l\u0131\u015f nitqind\u0259n sonra Z\u0259f\u0259r G\u00fcn\u00fcn\u0259 h\u0259sr olunmu\u015f video\u00e7arx n\u00fcmayi\u015f etidirilib. MDU-nun T\u0259hsil fak\u00fclt\u0259sinin Tarix m\u00fc\u0259llimliyi ixtisas\u0131n\u0131n t\u0259l\u0259b\u0259l\u0259rind\u0259n M.Qarayeva, A.Quliyeva, X.M\u0259mm\u0259dli, T.\u015e\u0131xm\u0259mm\u0259dova, S.Sad\u0131qova, D.C\u0259f\u0259rli, S.Mehdiyev, A.Quluzad\u0259, A.Quliyev, N. Soltanzad\u0259, F.Q\u0259hramanl\u0131, X.\u015e\u0259rifov, A.Mirz\u0259yeva, S.Musayev v\u0259 V.M\u0259mm\u0259dova \u00e7\u0131x\u0131\u015flar\u0131nda XX \u0259srin ax\u0131rlar\u0131ndan etibar\u0259n Az\u0259rbaycanda ba\u015f ver\u0259n hadis\u0259l\u0259ri xronoloji ard\u0131c\u0131ll\u0131qla \u015f\u0259rh etdil\u0259r. T\u0259l\u0259b\u0259l\u0259rin \u00e7\u0131x\u0131\u015flar\u0131 maraqla qar\u015f\u0131lan\u0131b, m\u00fczakir\u0259l\u0259r apar\u0131l\u0131b.<\/p>\n\n\n\n<p>&nbsp;Sonda&nbsp; d\u0259yirmi masa i\u015ftirak\u00e7\u0131lar\u0131na daha bir video\u00e7arx t\u0259qdim olunub.<\/p>","protected":false},"excerpt":{"rendered":"<p>2024-c\u00fc il noyabr\u0131n 6-da Ming\u0259\u00e7evir D\u00f6vl\u0259t Universitetind\u0259 \u00a0&#8220;Z\u018fF\u018fR G\u00fcn\u00fc&#8221;n\u0259 h\u0259sr olunan \u201cZ\u0259f\u0259rin zirv\u0259sin\u0259 aparan q\u0259hr\u0259manl\u0131q salnam\u0259si\u201d m\u00f6vzusunda d\u0259yirmi masa ke\u00e7irilib. Universitetin Humanitar f\u0259nl\u0259r kafedras\u0131n\u0131n t\u0259\u015fkilat\u00e7\u0131l\u0131\u011f\u0131 il\u0259 ke\u00e7iril\u0259n d\u0259yirmi masada MDU-nun bir qrup professor-m\u00fc\u0259llim hey\u0259ti \u00fczvl\u0259ri, T\u0259hsil fak\u00fclt\u0259sinin t\u0259l\u0259b\u0259 v\u0259 magistrantlar\u0131 i\u015ftirak edib.\u00a0 \u0130lk n\u00f6vb\u0259d\u0259, torpaqlar\u0131m\u0131z\u0131n azadl\u0131\u011f\u0131 u\u011frunda can\u0131ndan ke\u00e7mi\u015f q\u0259hr\u0259man \u015f\u0259hidl\u0259rimizin \u0259ziz xatir\u0259si bir d\u0259qiq\u0259lik [&hellip;]<\/p>\n","protected":false},"author":1,"featured_media":62471,"comment_status":"closed","ping_status":"closed","sticky":false,"template":"","format":"gallery","meta":{"_eb_attr":"","ocean_post_layout":"","ocean_both_sidebars_style":"","ocean_both_sidebars_content_width":0,"ocean_both_sidebars_sidebars_width":0,"ocean_sidebar":"0","ocean_second_sidebar":"0","ocean_disable_margins":"enable","ocean_add_body_class":"","ocean_shortcode_before_top_bar":"","ocean_shortcode_after_top_bar":"","ocean_shortcode_before_header":"","ocean_shortcode_after_header":"","ocean_has_shortcode":"","ocean_shortcode_after_title":"","ocean_shortcode_before_footer_widgets":"","ocean_shortcode_after_footer_widgets":"","ocean_shortcode_before_footer_bottom":"","ocean_shortcode_after_footer_bottom":"","ocean_display_top_bar":"default","ocean_display_header":"default","ocean_header_style":"","ocean_center_header_left_menu":"0","ocean_custom_header_template":"0","ocean_custom_logo":0,"ocean_custom_retina_logo":0,"ocean_custom_logo_max_width":0,"ocean_custom_logo_tablet_max_width":0,"ocean_custom_logo_mobile_max_width":0,"ocean_custom_logo_max_height":0,"ocean_custom_logo_tablet_max_height":0,"ocean_custom_logo_mobile_max_height":0,"ocean_header_custom_menu":"0","ocean_menu_typo_font_family":"0","ocean_menu_typo_font_subset":"","ocean_menu_typo_font_size":0,"ocean_menu_typo_font_size_tablet":0,"ocean_menu_typo_font_size_mobile":0,"ocean_menu_typo_font_size_unit":"px","ocean_menu_typo_font_weight":"","ocean_menu_typo_font_weight_tablet":"","ocean_menu_typo_font_weight_mobile":"","ocean_menu_typo_transform":"","ocean_menu_typo_transform_tablet":"","ocean_menu_typo_transform_mobile":"","ocean_menu_typo_line_height":0,"ocean_menu_typo_line_height_tablet":0,"ocean_menu_typo_line_height_mobile":0,"ocean_menu_typo_line_height_unit":"","ocean_menu_typo_spacing":0,"ocean_menu_typo_spacing_tablet":0,"ocean_menu_typo_spacing_mobile":0,"ocean_menu_typo_spacing_unit":"","ocean_menu_link_color":"","ocean_menu_link_color_hover":"","ocean_menu_link_color_active":"","ocean_menu_link_background":"","ocean_menu_link_hover_background":"","ocean_menu_link_active_background":"","ocean_menu_social_links_bg":"","ocean_menu_social_hover_links_bg":"","ocean_menu_social_links_color":"","ocean_menu_social_hover_links_color":"","ocean_disable_title":"default","ocean_disable_heading":"default","ocean_post_title":"","ocean_post_subheading":"","ocean_post_title_style":"","ocean_post_title_background_color":"","ocean_post_title_background":0,"ocean_post_title_bg_image_position":"","ocean_post_title_bg_image_attachment":"","ocean_post_title_bg_image_repeat":"","ocean_post_title_bg_image_size":"","ocean_post_title_height":0,"ocean_post_title_bg_overlay":0.5,"ocean_post_title_bg_overlay_color":"","ocean_disable_breadcrumbs":"default","ocean_breadcrumbs_color":"","ocean_breadcrumbs_separator_color":"","ocean_breadcrumbs_links_color":"","ocean_breadcrumbs_links_hover_color":"","ocean_display_footer_widgets":"default","ocean_display_footer_bottom":"default","ocean_custom_footer_template":"0","ocean_post_oembed":"","ocean_post_self_hosted_media":"","ocean_post_video_embed":"","ocean_link_format":"","ocean_link_format_target":"self","ocean_quote_format":"","ocean_quote_format_link":"post","ocean_gallery_link_images":"on","ocean_gallery_id":[62471,62470,62468,62467,62469,62466,62464,62465,62463],"footnotes":""},"categories":[31],"tags":[],"class_list":["post-62462","post","type-post","status-publish","format-gallery","has-post-thumbnail","hentry","category-mdu_xeberleri","post_format-post-format-gallery","entry","has-media"],"_links":{"self":[{"href":"https:\/\/mdu.edu.az\/en\/wp-json\/wp\/v2\/posts\/62462","targetHints":{"allow":["GET"]}}],"collection":[{"href":"https:\/\/mdu.edu.az\/en\/wp-json\/wp\/v2\/posts"}],"about":[{"href":"https:\/\/mdu.edu.az\/en\/wp-json\/wp\/v2\/types\/post"}],"author":[{"embeddable":true,"href":"https:\/\/mdu.edu.az\/en\/wp-json\/wp\/v2\/users\/1"}],"replies":[{"embeddable":true,"href":"https:\/\/mdu.edu.az\/en\/wp-json\/wp\/v2\/comments?post=62462"}],"version-history":[{"count":1,"href":"https:\/\/mdu.edu.az\/en\/wp-json\/wp\/v2\/posts\/62462\/revisions"}],"predecessor-version":[{"id":62472,"href":"https:\/\/mdu.edu.az\/en\/wp-json\/wp\/v2\/posts\/62462\/revisions\/62472"}],"wp:featuredmedia":[{"embeddable":true,"href":"https:\/\/mdu.edu.az\/en\/wp-json\/wp\/v2\/media\/62471"}],"wp:attachment":[{"href":"https:\/\/mdu.edu.az\/en\/wp-json\/wp\/v2\/media?parent=62462"}],"wp:term":[{"taxonomy":"category","embeddable":true,"href":"https:\/\/mdu.edu.az\/en\/wp-json\/wp\/v2\/categories?post=62462"},{"taxonomy":"post_tag","embeddable":true,"href":"https:\/\/mdu.edu.az\/en\/wp-json\/wp\/v2\/tags?post=62462"}],"curies":[{"name":"wp","href":"https:\/\/api.w.org\/{rel}","templated":true}]}}