{"id":62956,"date":"2024-11-27T09:31:51","date_gmt":"2024-11-27T06:31:51","guid":{"rendered":"https:\/\/mdu.edu.az\/?p=62956"},"modified":"2024-11-27T13:43:55","modified_gmt":"2024-11-27T10:43:55","slug":"mdu-qazi-hbv","status":"publish","type":"post","link":"https:\/\/mdu.edu.az\/en\/mdu-qazi-hbv\/","title":{"rendered":"Ming\u0259\u00e7evir D\u00f6vl\u0259t Universitetinin (MDU) \u0259m\u0259kda\u015flar\u0131 T\u00fcrkiy\u0259nin Qazi Universiteti v\u0259 Ankara Hac\u0131 Bayram V\u0259li Universitetind\u0259 (AHBVU) s\u0259f\u0259rd\u0259 olub"},"content":{"rendered":"<p>T\u00fcrkiy\u0259 Respublikas\u0131nda i\u015fg\u00fczar s\u0259f\u0259rd\u0259 olan MDU-nun Elmi i\u015fl\u0259r \u00fczr\u0259 prorektor \u0259v\u0259zi prof. Veys\u0259l \u018fyyubov v\u0259 Dayan\u0131lql\u0131 inki\u015faf v\u0259\u00a0 regional innovasiyalar t\u0259dqiqat m\u0259rk\u0259zinin m\u00fcdiri dos. Asim M\u0259mm\u0259dovdan ibar\u0259t n\u00fcmay\u0259nd\u0259 hey\u0259ti \u00a0Qazi Universiteti v\u0259 Ankara Hac\u0131 Bayram Veli Universitetind\u0259 s\u0259f\u0259rd\u0259 olublar. Ke\u00e7iril\u0259n g\u00f6r\u00fc\u015fl\u0259rd\u0259 universitetl\u0259r aras\u0131nda \u0259m\u0259kda\u015fl\u0131q imkanlar\u0131 geni\u015f m\u00fczakir\u0259 olunmu\u015fdur.<\/p>\n\n\n\n<p>AHBVU-nin prorektoru prof. K\u00fcr\u015fat G\u00f6kt\u00fcrk il\u0259 g\u00f6r\u00fc\u015f\u0259n MDU n\u00fcmay\u0259nd\u0259 hey\u0259ti iki universitet aras\u0131nda \u0259m\u0259kda\u015fl\u0131q imkanlar\u0131n\u0131 m\u00fczakir\u0259 edibl\u0259r. S\u0259mimi atmosferd\u0259 ke\u00e7\u0259n g\u00f6r\u00fc\u015fd\u0259 h\u0259m\u00e7inin \u0130qtisadi ve \u0130dari Bilimler Fak\u00fcltesinin dekan\u0131 prof. F\u0131rat Purta\u015f da i\u015ftirak etmi\u015fdir. G\u00f6r\u00fc\u015f zaman\u0131 qonaqlar\u0131 salamlayan prorektor K.G\u00f6kt\u00fcrk, MDU hey\u0259tinin AHBVU-n\u0259 g\u0259li\u015fi s\u0259b\u0259bil\u0259 m\u0259mnunluq hissi ke\u00e7irdiyini, iki ali t\u0259hsil m\u00fc\u0259ssis\u0259si aras\u0131nda beyn\u0259lmill\u0259ll\u0259\u015fm\u0259 sah\u0259sind\u0259 m\u00fcnasib\u0259tl\u0259rin daha da inki\u015faf etdirilm\u0259si \u00fc\u00e7\u00fcn bu s\u0259f\u0259rin s\u0259m\u0259r\u0259li olaca\u011f\u0131na inand\u0131\u011f\u0131n\u0131 qeyd etmi\u015fdir. Prof. Veys\u0259l \u018fyyubov \u00f6z \u00e7\u0131x\u0131\u015f\u0131nda AHBVU-nin rektorunu v\u0259 b\u00fct\u00fcn kollektivini MDU-nun rektoru v.m.i.e., \u00dczeyir Zeynalovun ad\u0131ndan salamlad\u0131 v\u0259 y\u00fcks\u0259k q\u0259bula g\u00f6r\u0259 prorektora \u00f6z t\u0259\u015f\u0259kk\u00fcr\u00fcn\u00fc bildirdi. T\u0259r\u0259fl\u0259r aras\u0131nda ke\u00e7iril\u0259n m\u00fczakir\u0259l\u0259rd\u0259 h\u0259r iki ali t\u0259hsil m\u00fc\u0259ssis\u0259sinin professor-m\u00fc\u0259llim hey\u0259tinin v\u0259 t\u0259l\u0259b\u0259l\u0259rinin qar\u015f\u0131l\u0131ql\u0131 m\u00fcbadil\u0259si m\u0259s\u0259l\u0259sin\u0259 geni\u015f yer verildi. Prorektor&nbsp; K.G\u00f6kt\u00fcrk qeyd etdi ki, bu m\u0259s\u0259l\u0259 il\u0259 ba\u011fl\u0131 \u0259n q\u0131sa m\u00fcdd\u0259td\u0259 konkret i\u015fl\u0259rin g\u00f6r\u00fclm\u0259si \u00fc\u00e7\u00fcn r\u0259hb\u0259rlik etdiyi ali t\u0259hsil m\u00fc\u0259ssis\u0259si laz\u0131mi add\u0131mlar\u0131 atacaqd\u0131r. H\u0259m\u00e7inin t\u0259r\u0259fl\u0259r birg\u0259 elmi konfranslar\u0131n, elmi seminarlar\u0131n, d\u0259yirmi masalar\u0131n, ustad d\u0259rsl\u0259rin ke\u00e7irilm\u0259sinin daha da geni\u015fl\u0259ndirilm\u0259sinin s\u0259m\u0259r\u0259li olaca\u011f\u0131n\u0131 vur\u011fulad\u0131lar. G\u00f6r\u00fc\u015f\u00fcn sonunda MDU ail\u0259si ad\u0131ndan AHBVU-n\u0259 h\u0259diyy\u0259l\u0259r t\u0259qdim edildi, xatir\u0259 \u015f\u0259kill\u0259ri \u00e7\u0259kildi. Sonra n\u00fcmay\u0259nd\u0259 hey\u0259ti AHBVU-nin \u0130qtisadiyyat v\u0259 idar\u0259etm\u0259 fak\u00fclt\u0259sinin dekan\u0131 prof. F\u0131rat Purta\u015f il\u0259 g\u00f6r\u00fc\u015fd\u00fc. G\u00f6r\u00fc\u015fd\u0259 fak\u00fclt\u0259nin dekan m\u00fcavinl\u0259ri, kafedra m\u00fcdirl\u0259ri v\u0259 dig\u0259r \u0259m\u0259kda\u015flar da i\u015ftirak etdil\u0259r. H\u0259r iki ali t\u0259hsil m\u00fc\u0259ssis\u0259nin m\u00fcvafiq fak\u00fclt\u0259l\u0259ri aras\u0131nda geni\u015f \u0259m\u0259kda\u015fl\u0131\u011f\u0131n yarad\u0131lmas\u0131, bu m\u0259qs\u0259dil\u0259 m\u00fc\u0259llim v\u0259 t\u0259l\u0259b\u0259l\u0259rin q\u0131sa m\u00fcdd\u0259tli m\u00fcbadil\u0259si, m\u00fc\u015ft\u0259r\u0259k layih\u0259l\u0259rin v\u0259 t\u0259dbirl\u0259rin h\u0259yata ke\u00e7irilm\u0259si, MDU \u0259m\u0259kda\u015flar\u0131n\u0131n v\u0259 t\u0259l\u0259b\u0259l\u0259rinin bu fak\u00fclt\u0259nin t\u0259rkibind\u0259 olan kitabxanadan v\u0259 elektron kitabxanadan istifad\u0259 etm\u0259l\u0259ri \u00fc\u00e7\u00fcn raz\u0131l\u0131q \u0259ld\u0259 edildi. Yax\u0131n zamanda h\u0259r iki fak\u00fclt\u0259nin r\u0259hb\u0259rliyinin v\u0259 kafedra m\u00fcdirl\u0259rinin ilkin tan\u0131\u015fl\u0131q v\u0259 qar\u015f\u0131l\u0131ql\u0131 f\u0259aliyy\u0259t plan\u0131n\u0131n m\u00fczakir\u0259si \u00fc\u00e7\u00fcn onlayn g\u00f6r\u00fc\u015f\u00fcn ke\u00e7irilm\u0259si \u00fc\u00e7\u00fcn raz\u0131l\u0131q \u0259ld\u0259 edildi. MDU-nun n\u00fcmay\u0259nd\u0259 hey\u0259ti fak\u00fclt\u0259nin auditoriyalar\u0131, kitabxanas\u0131, komputer m\u0259rk\u0259zi, akt zal\u0131, idman zal\u0131 v\u0259 t\u0259l\u0259b\u0259 i\u015fl\u0259ri \u00fczr\u0259 m\u0259rk\u0259z il\u0259 yax\u0131ndan tan\u0131\u015f oldular. G\u0259l\u0259c\u0259kd\u0259 MDU-nun m\u00fcvafiq fak\u00fclt\u0259sinin \u0259m\u0259kda\u015flar\u0131n\u0131n bu m\u0259rk\u0259zl\u0259rd\u0259 q\u0131sa m\u00fcdd\u0259tli t\u0259cr\u00fcb\u0259 m\u00fcbadil\u0259sind\u0259 i\u015ftirak etm\u0259si \u00fc\u00e7\u00fcn raz\u0131l\u0131q \u0259ld\u0259 edildi.<\/p>\n\n\n\n<p>Qazi Universitetind\u0259 MDU-nun n\u00fcmay\u0259nd\u0259 hey\u0259ti prorektor, prof. Necdet Hayta t\u0259r\u0259find\u0259n q\u0259bul olundu. \u018fvv\u0259lc\u0259, MDU-nun prorektoru prof. Veys\u0259l \u018fyyubov s\u0259f\u0259rin m\u0259qs\u0259di, MDU v\u0259 Ming\u0259\u00e7evir \u015f\u0259h\u0259ri haqq\u0131nda \u0259trafl\u0131 m\u0259lumat verdi. H\u0259m\u00e7inin 2021-ci ild\u0259n Qazi Universiteti il\u0259 MDU aras\u0131nda ba\u015flayan \u0259m\u0259kda\u015fl\u0131\u011f\u0131n q\u0131sa tarix\u00e7\u0259sin\u0259 n\u0259z\u0259r sal\u0131nd\u0131, MDU \u0259m\u0259kda\u015flar\u0131n\u0131n Qazi Universitetind\u0259, Qazi Univesitetinin \u0259m\u0259kda\u015flar\u0131n\u0131n is\u0259 MDU-da olmalar\u0131 haqq\u0131nda m\u0259lumat verildi.<\/p>\n\n\n\n<p>N.Hayta iki universitetin \u0259m\u0259kda\u015fl\u0131\u011f\u0131n\u0131n davam etdirilm\u0259si v\u0259 g\u00fccl\u0259ndirilm\u0259sin\u0259 t\u0259kan ver\u0259c\u0259yini qeyd ed\u0259r\u0259k, bu m\u0259s\u0259l\u0259 il\u0259 ba\u011fl\u0131 m\u00fcvafiq \u015f\u00f6b\u0259l\u0259rin r\u0259hb\u0259rl\u0259rin\u0259 tap\u015f\u0131r\u0131q verdi. MDU-nun bir ne\u00e7\u0259 \u0259m\u0259kda\u015f\u0131n\u0131n v\u0259 t\u0259l\u0259b\u0259sinin Qazi Universitetind\u0259 q\u0131sa m\u00fcdd\u0259tli m\u00fcbadil\u0259 prosesind\u0259 i\u015ftirak etm\u0259l\u0259ri \u00fc\u00e7\u00fcn laz\u0131mi add\u0131mlar\u0131n at\u0131laca\u011f\u0131 bar\u0259d\u0259 m\u0259lumat verildi. G\u00f6r\u00fc\u015fun sonunda xatir\u0259 \u015f\u0259kill\u0259ri \u00e7\u0259kildi.<\/p>\n\n\n\n<p>Daha sonra n\u00fcmay\u0259nd\u0259 hey\u0259ti Qazi Universitetinin Texnologiya v\u0259 E\u011fitim fak\u00fclt\u0259sini ziyar\u0259t etdi. Texnologiya fak\u00fclt\u0259sinin t\u0259rkibind\u0259 olan \u201cElektrik v\u0259 elektronika\u201d ixtisas\u0131 \u00fczr\u0259 laboratoriyalarda t\u0259l\u0259b\u0259l\u0259rin apard\u0131\u011f\u0131 laboratoriya i\u015fl\u0259ri il\u0259 yerind\u0259 tan\u0131\u015f oldular, fak\u00fclt\u0259nin dekan\u0131 prof. Musa Atar fak\u00fclt\u0259nin \u0259m\u0259kda\u015flar\u0131n\u0131n da i\u015ftirak\u0131 il\u0259 iki universitetin m\u00fcvafiq fak\u00fclt\u0259l\u0259ri aras\u0131nda \u0259vv\u0259lki ill\u0259rd\u0259 \u0259sas\u0131 qoyulmu\u015f \u0259m\u0259kda\u015fl\u0131\u011f\u0131n daha da geni\u015fl\u0259ndirilm\u0259si m\u0259s\u0259l\u0259si \u0259trafl\u0131 m\u00fczakir\u0259 olundu. Prof. Musa Atar qeyd etdi ki, MDU-nun \u0259m\u0259kda\u015flar\u0131n\u0131n v\u0259 t\u0259l\u0259b\u0259l\u0259rinin q\u0131sa m\u00fcdd\u0259tli t\u0259dris prosesin\u0259 c\u0259lb edilm\u0259sin\u0259 haz\u0131r olduqlar\u0131n\u0131 bildirdi. Qar\u015f\u0131 t\u0259r\u0259fd\u0259n bu istiqam\u0259td\u0259 bir t\u0259l\u0259b olduqda, \u0259n q\u0131sa m\u00fcdd\u0259td\u0259 bunu realla\u015fd\u0131ra bil\u0259rik. Sonra n\u00fcmay\u0259nd\u0259 hey\u0259ti E\u011fitim fak\u00fclt\u0259sinin dekan\u0131 prof. Bilal G\u00fcne\u015fi v\u0259 ixtisas proqram r\u0259hb\u0259ri prof. Mahmut Selvi ziyar\u0259t etdi. S\u0259m\u0259r\u0259li m\u00fczakir\u0259l\u0259r aparan t\u0259r\u0259fl\u0259r, iki ali t\u0259hsil m\u00fc\u0259ssis\u0259sinin m\u00fcvafiq fak\u00fclt\u0259l\u0259ri aras\u0131nda \u0259laq\u0259l\u0259rin qurulmas\u0131 v\u0259 inki\u015faf etdirilm\u0259si m\u0259s\u0259l\u0259l\u0259rin\u0259 toxundu v\u0259 bu sah\u0259d\u0259 bir s\u0131ra raz\u0131l\u0131qlar \u0259ld\u0259 edildi.<\/p>\n\n\n\n<p>Bu g\u00f6r\u00fc\u015fl\u0259rd\u0259 n\u00fcmay\u0259nd\u0259 hey\u0259tini Qazi Universitetinin m\u00fc\u0259llimi prof. P\u0131nar Bilasa m\u00fc\u015faiy\u0259t etdi.&nbsp;&nbsp;&nbsp;<\/p>","protected":false},"excerpt":{"rendered":"<p>T\u00fcrkiy\u0259 Respublikas\u0131nda i\u015fg\u00fczar s\u0259f\u0259rd\u0259 olan MDU-nun Elmi i\u015fl\u0259r \u00fczr\u0259 prorektor \u0259v\u0259zi prof. Veys\u0259l \u018fyyubov v\u0259 Dayan\u0131lql\u0131 inki\u015faf v\u0259\u00a0 regional innovasiyalar t\u0259dqiqat m\u0259rk\u0259zinin m\u00fcdiri dos. Asim M\u0259mm\u0259dovdan ibar\u0259t n\u00fcmay\u0259nd\u0259 hey\u0259ti \u00a0Qazi Universiteti v\u0259 Ankara Hac\u0131 Bayram Veli Universitetind\u0259 s\u0259f\u0259rd\u0259 olublar. Ke\u00e7iril\u0259n g\u00f6r\u00fc\u015fl\u0259rd\u0259 universitetl\u0259r aras\u0131nda \u0259m\u0259kda\u015fl\u0131q imkanlar\u0131 geni\u015f m\u00fczakir\u0259 olunmu\u015fdur. AHBVU-nin prorektoru prof. K\u00fcr\u015fat G\u00f6kt\u00fcrk il\u0259 g\u00f6r\u00fc\u015f\u0259n [&hellip;]<\/p>\n","protected":false},"author":1,"featured_media":62984,"comment_status":"closed","ping_status":"closed","sticky":false,"template":"","format":"gallery","meta":{"_eb_attr":"","ocean_post_layout":"","ocean_both_sidebars_style":"","ocean_both_sidebars_content_width":0,"ocean_both_sidebars_sidebars_width":0,"ocean_sidebar":"0","ocean_second_sidebar":"0","ocean_disable_margins":"enable","ocean_add_body_class":"","ocean_shortcode_before_top_bar":"","ocean_shortcode_after_top_bar":"","ocean_shortcode_before_header":"","ocean_shortcode_after_header":"","ocean_has_shortcode":"","ocean_shortcode_after_title":"","ocean_shortcode_before_footer_widgets":"","ocean_shortcode_after_footer_widgets":"","ocean_shortcode_before_footer_bottom":"","ocean_shortcode_after_footer_bottom":"","ocean_display_top_bar":"default","ocean_display_header":"default","ocean_header_style":"","ocean_center_header_left_menu":"0","ocean_custom_header_template":"0","ocean_custom_logo":0,"ocean_custom_retina_logo":0,"ocean_custom_logo_max_width":0,"ocean_custom_logo_tablet_max_width":0,"ocean_custom_logo_mobile_max_width":0,"ocean_custom_logo_max_height":0,"ocean_custom_logo_tablet_max_height":0,"ocean_custom_logo_mobile_max_height":0,"ocean_header_custom_menu":"0","ocean_menu_typo_font_family":"0","ocean_menu_typo_font_subset":"","ocean_menu_typo_font_size":0,"ocean_menu_typo_font_size_tablet":0,"ocean_menu_typo_font_size_mobile":0,"ocean_menu_typo_font_size_unit":"px","ocean_menu_typo_font_weight":"","ocean_menu_typo_font_weight_tablet":"","ocean_menu_typo_font_weight_mobile":"","ocean_menu_typo_transform":"","ocean_menu_typo_transform_tablet":"","ocean_menu_typo_transform_mobile":"","ocean_menu_typo_line_height":0,"ocean_menu_typo_line_height_tablet":0,"ocean_menu_typo_line_height_mobile":0,"ocean_menu_typo_line_height_unit":"","ocean_menu_typo_spacing":0,"ocean_menu_typo_spacing_tablet":0,"ocean_menu_typo_spacing_mobile":0,"ocean_menu_typo_spacing_unit":"","ocean_menu_link_color":"","ocean_menu_link_color_hover":"","ocean_menu_link_color_active":"","ocean_menu_link_background":"","ocean_menu_link_hover_background":"","ocean_menu_link_active_background":"","ocean_menu_social_links_bg":"","ocean_menu_social_hover_links_bg":"","ocean_menu_social_links_color":"","ocean_menu_social_hover_links_color":"","ocean_disable_title":"default","ocean_disable_heading":"default","ocean_post_title":"","ocean_post_subheading":"","ocean_post_title_style":"","ocean_post_title_background_color":"","ocean_post_title_background":0,"ocean_post_title_bg_image_position":"","ocean_post_title_bg_image_attachment":"","ocean_post_title_bg_image_repeat":"","ocean_post_title_bg_image_size":"","ocean_post_title_height":0,"ocean_post_title_bg_overlay":0.5,"ocean_post_title_bg_overlay_color":"","ocean_disable_breadcrumbs":"default","ocean_breadcrumbs_color":"","ocean_breadcrumbs_separator_color":"","ocean_breadcrumbs_links_color":"","ocean_breadcrumbs_links_hover_color":"","ocean_display_footer_widgets":"default","ocean_display_footer_bottom":"default","ocean_custom_footer_template":"0","ocean_post_oembed":"","ocean_post_self_hosted_media":"","ocean_post_video_embed":"","ocean_link_format":"","ocean_link_format_target":"self","ocean_quote_format":"","ocean_quote_format_link":"post","ocean_gallery_link_images":"on","ocean_gallery_id":[62984,62983,62985,62982,62981,62980,62979,62978,62977,62976,62975,62974,62973,62997,62972,62971,62970,62969,62968,62967,62966,62965,62964,62963,62962,62961,62960,62959,62958,62957],"footnotes":""},"categories":[31],"tags":[],"class_list":["post-62956","post","type-post","status-publish","format-gallery","has-post-thumbnail","hentry","category-mdu_xeberleri","post_format-post-format-gallery","entry","has-media"],"_links":{"self":[{"href":"https:\/\/mdu.edu.az\/en\/wp-json\/wp\/v2\/posts\/62956","targetHints":{"allow":["GET"]}}],"collection":[{"href":"https:\/\/mdu.edu.az\/en\/wp-json\/wp\/v2\/posts"}],"about":[{"href":"https:\/\/mdu.edu.az\/en\/wp-json\/wp\/v2\/types\/post"}],"author":[{"embeddable":true,"href":"https:\/\/mdu.edu.az\/en\/wp-json\/wp\/v2\/users\/1"}],"replies":[{"embeddable":true,"href":"https:\/\/mdu.edu.az\/en\/wp-json\/wp\/v2\/comments?post=62956"}],"version-history":[{"count":2,"href":"https:\/\/mdu.edu.az\/en\/wp-json\/wp\/v2\/posts\/62956\/revisions"}],"predecessor-version":[{"id":62996,"href":"https:\/\/mdu.edu.az\/en\/wp-json\/wp\/v2\/posts\/62956\/revisions\/62996"}],"wp:featuredmedia":[{"embeddable":true,"href":"https:\/\/mdu.edu.az\/en\/wp-json\/wp\/v2\/media\/62984"}],"wp:attachment":[{"href":"https:\/\/mdu.edu.az\/en\/wp-json\/wp\/v2\/media?parent=62956"}],"wp:term":[{"taxonomy":"category","embeddable":true,"href":"https:\/\/mdu.edu.az\/en\/wp-json\/wp\/v2\/categories?post=62956"},{"taxonomy":"post_tag","embeddable":true,"href":"https:\/\/mdu.edu.az\/en\/wp-json\/wp\/v2\/tags?post=62956"}],"curies":[{"name":"wp","href":"https:\/\/api.w.org\/{rel}","templated":true}]}}