{"id":63060,"date":"2024-11-30T11:02:01","date_gmt":"2024-11-30T08:02:01","guid":{"rendered":"https:\/\/mdu.edu.az\/?p=63060"},"modified":"2024-11-30T11:11:08","modified_gmt":"2024-11-30T08:11:08","slug":"mdu-istanbul-gedik","status":"publish","type":"post","link":"https:\/\/mdu.edu.az\/en\/mdu-istanbul-gedik\/","title":{"rendered":"Ming\u0259\u00e7evir D\u00f6vl\u0259t Universitetinin (MDU) \u0259m\u0259kda\u015flar\u0131 T\u00fcrkiy\u0259nin \u0130stanbul Gedik Universitetind\u0259 olmu\u015flar"},"content":{"rendered":"<p>MDU-nun Elmi i\u015fl\u0259r \u00fczr\u0259 prorektor \u0259v\u0259zi prof. Veys\u0259l \u018fyyubov v\u0259 Dayan\u0131lql\u0131 inki\u015faf v\u0259 regional innovasiyalar t\u0259dqiqat m\u0259rk\u0259zinin m\u00fcdiri dos. Asim M\u0259mm\u0259dovdan ibar\u0259t n\u00fcmay\u0259nd\u0259 hey\u0259ti T\u00fcrkiy\u0259nin Gedik Universitetind\u0259 olmu\u015fdur. Ke\u00e7iril\u0259n g\u00f6r\u00fc\u015fl\u0259rd\u0259 universitetl\u0259r aras\u0131nda \u0259m\u0259kda\u015fl\u0131q imkanlar\u0131 geni\u015f m\u00fczakir\u0259 olunmu\u015fdur.<\/p>\n\n\n\n<p>29 noyabr 2024-c\u00fc il tarixind\u0259 MDU n\u00fcmay\u0259nd\u0259 hey\u0259ti \u0130stanbul \u015f\u0259h\u0259rind\u0259 yerl\u0259\u015f\u0259n \u0130stanbul Gedik Universitetini ziyar\u0259t etmi\u015fl\u0259r. N\u00fcmay\u0259nd\u0259 hey\u0259tini \u0130stanbul Gedik Universitetinin prorektoru prof. \u015eakir Din\u00e7\u015fahin q\u0259bul etmi\u015fdir. G\u00f6r\u00fc\u015f zaman\u0131 h\u0259r iki universitet aras\u0131nda \u0259m\u0259kda\u015fl\u0131q imkanlar\u0131 haqq\u0131nda geni\u015f fikir m\u00fcbadil\u0259si apar\u0131lm\u0131\u015fd\u0131. H\u0259r iki t\u0259r\u0259f \u00fc\u00e7\u00fcn bel\u0259 bir \u0259m\u0259kda\u015fl\u0131\u011f\u0131n faydal\u0131 olaca\u011f\u0131 bildirilmi\u015fdir. \u015eakir Din\u00e7\u015fahin \u0130stanbul Gedik Universitetinin MDU-nun b\u00fct\u00fcn \u0259m\u0259kda\u015fl\u0131q t\u0259klifl\u0259rin\u0259 h\u0259mi\u015f\u0259 a\u00e7\u0131q oldu\u011funu bildirmi\u015fdir. Prof. Veys\u0259l \u018fyyubov s\u0259mimi q\u0259bula g\u00f6r\u0259 t\u0259\u015f\u0259kk\u00fcr\u00fcn\u00fc bildirmi\u015f v\u0259 m\u00fcasirl\u0259\u015fm\u0259 yolunda olan MDU \u00fc\u00e7\u00fcn bu c\u00fcr \u0259m\u0259kda\u015fl\u0131\u011f\u0131n faydal\u0131 olaca\u011f\u0131n\u0131 qeyd etmi\u015fdir.<\/p>\n\n\n\n<p>N\u00fcmay\u0259nd\u0259 hey\u0259ti \u0130stanbul Gedik Universitetinin Beyn\u0259lxalq \u0259m\u0259kda\u015fl\u0131q ofisind\u0259 oldu. Prof. Sava\u015f Dilibal v\u0259 Y\u00fccel Kamarla g\u00f6r\u00fc\u015fd\u00fcl\u0259r. S\u0259mimi ke\u00e7\u0259n s\u00f6hb\u0259t zaman\u0131 MDU il\u0259 \u0130stanbul Gedik Universiteti aras\u0131nda \u0259m\u0259kda\u015fl\u0131\u011f\u0131n ke\u00e7mi\u015fin\u0259 vur\u011fu edildi v\u0259 qeyd&nbsp; edildi ki, iki ali t\u0259hsil m\u00fc\u0259ssis\u0259si aras\u0131nda \u0259vv\u0259lki ill\u0259rd\u0259 m\u00fc\u0259yy\u0259n \u0259m\u0259kda\u015fl\u0131q \u0259laq\u0259l\u0259ri yaranm\u0131\u015fd\u0131r. Bu is\u0259 imkan verir ki, haz\u0131rda bu \u0259m\u0259kda\u015fl\u0131q u\u011furla davam etdirilsin.<\/p>\n\n\n\n<p>Xat\u0131rladaq ki, 2022-ci il noyabr ay\u0131n\u0131n 4-d\u0259&nbsp; Heyd\u0259r \u018fliyev M\u0259rk\u0259zind\u0259 ke\u00e7iril\u0259n T\u00fcrkiy\u0259 &#8211; Az\u0259rbaycan biznes forumu \u00e7\u0259r\u00e7iv\u0259sind\u0259 MDU v\u0259 \u0130stanbul Gedik Universiteti aras\u0131nda \u018fm\u0259kda\u015fl\u0131q Memorandumu imzalan\u0131b. Memorandum qar\u015f\u0131l\u0131ql\u0131 maraq do\u011furan sah\u0259l\u0259rd\u0259 \u0259m\u0259kda\u015fl\u0131\u011f\u0131 inki\u015faf etdirilm\u0259sini, o c\u00fcml\u0259d\u0259n, universitet-s\u0259naye \u0259m\u0259kda\u015fl\u0131\u011f\u0131 \u00e7\u0259r\u00e7iv\u0259sind\u0259 ortaq f\u0259aliyy\u0259tl\u0259ri \u0259hat\u0259 edir.<\/p>","protected":false},"excerpt":{"rendered":"<p>MDU-nun Elmi i\u015fl\u0259r \u00fczr\u0259 prorektor \u0259v\u0259zi prof. Veys\u0259l \u018fyyubov v\u0259 Dayan\u0131lql\u0131 inki\u015faf v\u0259 regional innovasiyalar t\u0259dqiqat m\u0259rk\u0259zinin m\u00fcdiri dos. Asim M\u0259mm\u0259dovdan ibar\u0259t n\u00fcmay\u0259nd\u0259 hey\u0259ti T\u00fcrkiy\u0259nin Gedik Universitetind\u0259 olmu\u015fdur. Ke\u00e7iril\u0259n g\u00f6r\u00fc\u015fl\u0259rd\u0259 universitetl\u0259r aras\u0131nda \u0259m\u0259kda\u015fl\u0131q imkanlar\u0131 geni\u015f m\u00fczakir\u0259 olunmu\u015fdur. 29 noyabr 2024-c\u00fc il tarixind\u0259 MDU n\u00fcmay\u0259nd\u0259 hey\u0259ti \u0130stanbul \u015f\u0259h\u0259rind\u0259 yerl\u0259\u015f\u0259n \u0130stanbul Gedik Universitetini ziyar\u0259t etmi\u015fl\u0259r. N\u00fcmay\u0259nd\u0259 hey\u0259tini [&hellip;]<\/p>\n","protected":false},"author":1,"featured_media":63062,"comment_status":"closed","ping_status":"closed","sticky":false,"template":"","format":"gallery","meta":{"_eb_attr":"","ocean_post_layout":"","ocean_both_sidebars_style":"","ocean_both_sidebars_content_width":0,"ocean_both_sidebars_sidebars_width":0,"ocean_sidebar":"0","ocean_second_sidebar":"0","ocean_disable_margins":"enable","ocean_add_body_class":"","ocean_shortcode_before_top_bar":"","ocean_shortcode_after_top_bar":"","ocean_shortcode_before_header":"","ocean_shortcode_after_header":"","ocean_has_shortcode":"","ocean_shortcode_after_title":"","ocean_shortcode_before_footer_widgets":"","ocean_shortcode_after_footer_widgets":"","ocean_shortcode_before_footer_bottom":"","ocean_shortcode_after_footer_bottom":"","ocean_display_top_bar":"default","ocean_display_header":"default","ocean_header_style":"","ocean_center_header_left_menu":"0","ocean_custom_header_template":"0","ocean_custom_logo":0,"ocean_custom_retina_logo":0,"ocean_custom_logo_max_width":0,"ocean_custom_logo_tablet_max_width":0,"ocean_custom_logo_mobile_max_width":0,"ocean_custom_logo_max_height":0,"ocean_custom_logo_tablet_max_height":0,"ocean_custom_logo_mobile_max_height":0,"ocean_header_custom_menu":"0","ocean_menu_typo_font_family":"0","ocean_menu_typo_font_subset":"","ocean_menu_typo_font_size":0,"ocean_menu_typo_font_size_tablet":0,"ocean_menu_typo_font_size_mobile":0,"ocean_menu_typo_font_size_unit":"px","ocean_menu_typo_font_weight":"","ocean_menu_typo_font_weight_tablet":"","ocean_menu_typo_font_weight_mobile":"","ocean_menu_typo_transform":"","ocean_menu_typo_transform_tablet":"","ocean_menu_typo_transform_mobile":"","ocean_menu_typo_line_height":0,"ocean_menu_typo_line_height_tablet":0,"ocean_menu_typo_line_height_mobile":0,"ocean_menu_typo_line_height_unit":"","ocean_menu_typo_spacing":0,"ocean_menu_typo_spacing_tablet":0,"ocean_menu_typo_spacing_mobile":0,"ocean_menu_typo_spacing_unit":"","ocean_menu_link_color":"","ocean_menu_link_color_hover":"","ocean_menu_link_color_active":"","ocean_menu_link_background":"","ocean_menu_link_hover_background":"","ocean_menu_link_active_background":"","ocean_menu_social_links_bg":"","ocean_menu_social_hover_links_bg":"","ocean_menu_social_links_color":"","ocean_menu_social_hover_links_color":"","ocean_disable_title":"default","ocean_disable_heading":"default","ocean_post_title":"","ocean_post_subheading":"","ocean_post_title_style":"","ocean_post_title_background_color":"","ocean_post_title_background":0,"ocean_post_title_bg_image_position":"","ocean_post_title_bg_image_attachment":"","ocean_post_title_bg_image_repeat":"","ocean_post_title_bg_image_size":"","ocean_post_title_height":0,"ocean_post_title_bg_overlay":0.5,"ocean_post_title_bg_overlay_color":"","ocean_disable_breadcrumbs":"default","ocean_breadcrumbs_color":"","ocean_breadcrumbs_separator_color":"","ocean_breadcrumbs_links_color":"","ocean_breadcrumbs_links_hover_color":"","ocean_display_footer_widgets":"default","ocean_display_footer_bottom":"default","ocean_custom_footer_template":"0","ocean_post_oembed":"","ocean_post_self_hosted_media":"","ocean_post_video_embed":"","ocean_link_format":"","ocean_link_format_target":"self","ocean_quote_format":"","ocean_quote_format_link":"post","ocean_gallery_link_images":"on","ocean_gallery_id":[63063,63062,63061],"footnotes":""},"categories":[31],"tags":[],"class_list":["post-63060","post","type-post","status-publish","format-gallery","has-post-thumbnail","hentry","category-mdu_xeberleri","post_format-post-format-gallery","entry","has-media"],"_links":{"self":[{"href":"https:\/\/mdu.edu.az\/en\/wp-json\/wp\/v2\/posts\/63060","targetHints":{"allow":["GET"]}}],"collection":[{"href":"https:\/\/mdu.edu.az\/en\/wp-json\/wp\/v2\/posts"}],"about":[{"href":"https:\/\/mdu.edu.az\/en\/wp-json\/wp\/v2\/types\/post"}],"author":[{"embeddable":true,"href":"https:\/\/mdu.edu.az\/en\/wp-json\/wp\/v2\/users\/1"}],"replies":[{"embeddable":true,"href":"https:\/\/mdu.edu.az\/en\/wp-json\/wp\/v2\/comments?post=63060"}],"version-history":[{"count":1,"href":"https:\/\/mdu.edu.az\/en\/wp-json\/wp\/v2\/posts\/63060\/revisions"}],"predecessor-version":[{"id":63064,"href":"https:\/\/mdu.edu.az\/en\/wp-json\/wp\/v2\/posts\/63060\/revisions\/63064"}],"wp:featuredmedia":[{"embeddable":true,"href":"https:\/\/mdu.edu.az\/en\/wp-json\/wp\/v2\/media\/63062"}],"wp:attachment":[{"href":"https:\/\/mdu.edu.az\/en\/wp-json\/wp\/v2\/media?parent=63060"}],"wp:term":[{"taxonomy":"category","embeddable":true,"href":"https:\/\/mdu.edu.az\/en\/wp-json\/wp\/v2\/categories?post=63060"},{"taxonomy":"post_tag","embeddable":true,"href":"https:\/\/mdu.edu.az\/en\/wp-json\/wp\/v2\/tags?post=63060"}],"curies":[{"name":"wp","href":"https:\/\/api.w.org\/{rel}","templated":true}]}}