{"id":63376,"date":"2024-12-10T14:08:30","date_gmt":"2024-12-10T11:08:30","guid":{"rendered":"https:\/\/mdu.edu.az\/?p=63376"},"modified":"2024-12-10T14:08:31","modified_gmt":"2024-12-10T11:08:31","slug":"mdu-anim-10122024","status":"publish","type":"post","link":"https:\/\/mdu.edu.az\/en\/mdu-anim-10122024\/","title":{"rendered":"Ming\u0259\u00e7evir D\u00f6vl\u0259t Universitetind\u0259 (MDU) Ulu \u00d6nd\u0259r Heyd\u0259r \u018fliyevin an\u0131m g\u00fcn\u00fcn\u0259 h\u0259sr olunan \u201cHeyd\u0259r \u018fliyev ideyalar\u0131 ya\u015fay\u0131r v\u0259 qalib g\u0259lir\u201d m\u00f6vzusunda elmi-praktiki konfrans ke\u00e7irilib"},"content":{"rendered":"<p>10 dekabr 2024-c\u00fc il tarixind\u0259 Ming\u0259\u00e7evir D\u00f6vl\u0259t Universitetind\u0259 (MDU) Ulu \u00d6nd\u0259r Heyd\u0259r \u018fliyevin an\u0131m g\u00fcn\u00fcn\u0259 h\u0259sr olunan \u201c Heyd\u0259r \u018fliyev ideyalar\u0131 ya\u015fay\u0131r v\u0259 qalib g\u0259lir\u201d m\u00f6vzusunda elmi-praktiki konfrans ke\u00e7irilib.<\/p>\n\n\n\n<p>T\u0259dbiri giri\u015f s\u00f6z\u00fc il\u0259 a\u00e7an MDU-nun rektoru v.m.i.e., \u00dczeyir Zeynalov Ulu \u00d6nd\u0259r Heyd\u0259r \u018fliyevin Az\u0259rbaycan\u0131n d\u00f6vl\u0259t quruculu\u011fu, iqtisadiyyat, siyas\u0259t v\u0259 m\u0259d\u0259niyy\u0259t sah\u0259l\u0259rind\u0259ki b\u00f6y\u00fck xidm\u0259tl\u0259rini qeyd ed\u0259r\u0259k, Az\u0259rbaycan\u0131n m\u00fcst\u0259qil bir d\u00f6vl\u0259t kimi m\u00f6vcud olmas\u0131n\u0131n m\u0259hz \u00dcmummilli liderin ad\u0131 il\u0259 ba\u011fl\u0131 oldu\u011funu&nbsp; bildirmi\u015fdir. Az\u0259rbaycan d\u00f6vl\u0259tinin memar\u0131 Heyd\u0259r \u018fliyevin misilsiz xidm\u0259tl\u0259ri bar\u0259d\u0259 dan\u0131\u015fan \u00dczeyir Zeynalov dahi liderimizin z\u0259ngin d\u00f6vl\u0259t\u00e7ilik irsinin \u00f6yr\u0259nilm\u0259si v\u0259 g\u0259nc n\u0259sill\u0259r\u0259 t\u0259bli\u011f edilm\u0259si bax\u0131m\u0131ndan konfrans\u0131n \u0259h\u0259miyy\u0259tini diqq\u0259t\u0259 \u00e7atd\u0131r\u0131b. \u00dc.Zeynalov Az\u0259rbaycan\u0131 daha g\u00fccl\u00fc v\u0259 q\u00fcdr\u0259tli d\u00f6vl\u0259t\u0259 \u00e7evirm\u0259k iqtidar\u0131nda olan layiqli siyasi varis, Az\u0259rbaycan Respublikas\u0131n\u0131n prezidenti c\u0259nab \u0130lham \u018fliyevin \u00dcmummilli liderin siyas\u0259tini u\u011furla davam etdirdiyini bildirdi. \u0130ll\u0259r ke\u00e7dikc\u0259 Heyd\u0259r \u018fliyev d\u00fchas\u0131n\u0131n \u0259z\u0259m\u0259tinin, onun \u015f\u0259xsiyy\u0259tinin b\u00f6y\u00fckl\u00fcy\u00fcn\u00fcn daha ayd\u0131n d\u0259rk edildiyini qeyd ed\u0259n \u00dczeyir Zeynalov Allahdan Ulu \u00d6nd\u0259rimiz\u0259 r\u0259hm\u0259t dil\u0259yib.<\/p>\n\n\n\n<p>Daha sonra \u00dcmummilli lider Heyd\u0259r \u018fliyevin h\u0259yat\u0131n\u0131 \u0259ks etdir\u0259n video\u00e7arx n\u00fcmayi\u015f olunub.<\/p>\n\n\n\n<p>T\u0259dbir dig\u0259r \u00e7\u0131x\u0131\u015flarla davam etdirilib. MDU-nun kafedra m\u00fcdiri, professor, filologiya elml\u0259ri doktoru F\u0259r\u0259h C\u0259lil \u201cHeyd\u0259r \u018fliyev siyas\u0259ti milli t\u0259hsil sistemind\u0259 tolerantl\u0131q m\u00fchitinin formala\u015fd\u0131r\u0131lmas\u0131 m\u0259nb\u0259yi kimi\u201d, MDU-nun dosenti, filologiya \u00fczr\u0259 f\u0259ls\u0259f\u0259 doktoru Namaz Manafov \u201cM\u00fcasir Az\u0259rbaycan\u0131n u\u011fur konsepsiyas\u0131: Heyd\u0259r \u018fliyev irsi\u201d, MDU-nun kafedra m\u00fcdiri, texnika \u00fczr\u0259 f\u0259ls\u0259f\u0259 doktoru \u00dclk\u0259r A\u015furova \u201cHeyd\u0259r \u018fliyevin enerji strategiyas\u0131 d\u00f6vl\u0259t m\u00fcst\u0259qilliyimizin qarant\u0131d\u0131r\u201d, MDU-nun ba\u015f m\u00fc\u0259llimi, iqtisad \u00fczr\u0259 f\u0259ls\u0259f\u0259 doktoru Yegan\u0259 M\u0259mm\u0259dli \u201cDavaml\u0131 inki\u015faf\u0131n Heyd\u0259r \u018fliyev modeli\u201d, MDU-nun ba\u015f m\u00fc\u0259llimi, tarix&nbsp; \u00fczr\u0259 f\u0259ls\u0259f\u0259 doktoru Ayg\u00fcn Q\u0259dirova \u201cAz\u0259rbaycan\u0131 Z\u0259f\u0259r yoluna \u00e7\u0131xaran dahi: Heyd\u0259r \u018fliyev\u201d m\u00f6vzular\u0131nda \u00e7\u0131x\u0131\u015f edibl\u0259r. M\u0259ruz\u0259l\u0259rd\u0259 Heyd\u0259r \u018fliyevin tarix yazma\u011f\u0131 bacaran d\u00fcnya \u015f\u00f6hr\u0259tli siyas\u0259t\u00e7i, y\u00fcks\u0259k intellektli, d\u0259rin analitik d\u00fc\u015f\u00fcnc\u0259li v\u0259 uzaqg\u00f6r\u0259n lider, z\u0259ngin v\u0259 \u00e7ox\u015fax\u0259li idar\u0259etm\u0259 t\u0259cr\u00fcb\u0259si olan d\u00f6vl\u0259t xadimi, b\u00fct\u00fcn h\u0259yat\u0131n\u0131 v\u0259 f\u0259aliyy\u0259tini do\u011fma xalq\u0131na xidm\u0259t, milli maraqlara s\u0259daq\u0259t v\u0259 milli d\u0259y\u0259rl\u0259r\u0259 ba\u011fl\u0131l\u0131q prinsipl\u0259ri \u0259sas\u0131nda quraraq y\u00fcks\u0259k f\u0259dakarl\u0131q v\u0259 \u0259zmkarl\u0131q n\u00fcmun\u0259si ortaya qoyan, g\u00fccl\u00fc siyasi irad\u0259y\u0259 v\u0259 b\u00f6y\u00fck q\u0259tiyy\u0259t\u0259 sahib olan r\u0259hb\u0259r kimi siyasi portretind\u0259n, \u00f6lk\u0259mizin davaml\u0131 inki\u015faf\u0131nda v\u0259 tarixi q\u0259l\u0259b\u0259sind\u0259 Heyd\u0259r \u018fliyevin z\u0259ngin irsinin misilsiz \u0259h\u0259miyy\u0259tind\u0259n b\u0259hs edilib.<\/p>\n\n\n\n<p>Qeyd ed\u0259k ki, MDU-da Az\u0259rbaycan xalq\u0131n\u0131n \u00dcmummilli liderin\u0259 h\u0259sr olunan t\u0259dbirl\u0259rin ke\u00e7irilm\u0259sin\u0259 x\u00fcsusi diqq\u0259t yetirilir. Z\u0259ngin h\u0259yat v\u0259 titanik f\u0259aliyy\u0259t t\u0259cr\u00fcb\u0259sin\u0259 malik olan dahi \u015f\u0259xsiyy\u0259tin irsinin t\u0259l\u0259b\u0259 g\u0259ncl\u0259r\u0259 \u00f6t\u00fcr\u00fclm\u0259si universitetd\u0259 v\u0259t\u0259nin\u0259, d\u00f6vl\u0259tin\u0259 v\u0259 xalq\u0131na ba\u011fl\u0131 layiqli, v\u0259t\u0259np\u0259rv\u0259r m\u00fct\u0259x\u0259ssisl\u0259rin yeti\u015fdirilm\u0259si i\u015fin\u0259 b\u00f6y\u00fck t\u00f6hf\u0259 verir.<\/p>","protected":false},"excerpt":{"rendered":"<p>10 dekabr 2024-c\u00fc il tarixind\u0259 Ming\u0259\u00e7evir D\u00f6vl\u0259t Universitetind\u0259 (MDU) Ulu \u00d6nd\u0259r Heyd\u0259r \u018fliyevin an\u0131m g\u00fcn\u00fcn\u0259 h\u0259sr olunan \u201c Heyd\u0259r \u018fliyev ideyalar\u0131 ya\u015fay\u0131r v\u0259 qalib g\u0259lir\u201d m\u00f6vzusunda elmi-praktiki konfrans ke\u00e7irilib. T\u0259dbiri giri\u015f s\u00f6z\u00fc il\u0259 a\u00e7an MDU-nun rektoru v.m.i.e., \u00dczeyir Zeynalov Ulu \u00d6nd\u0259r Heyd\u0259r \u018fliyevin Az\u0259rbaycan\u0131n d\u00f6vl\u0259t quruculu\u011fu, iqtisadiyyat, siyas\u0259t v\u0259 m\u0259d\u0259niyy\u0259t sah\u0259l\u0259rind\u0259ki b\u00f6y\u00fck xidm\u0259tl\u0259rini qeyd ed\u0259r\u0259k, [&hellip;]<\/p>\n","protected":false},"author":1,"featured_media":63380,"comment_status":"closed","ping_status":"closed","sticky":false,"template":"","format":"gallery","meta":{"_eb_attr":"","ocean_post_layout":"","ocean_both_sidebars_style":"","ocean_both_sidebars_content_width":0,"ocean_both_sidebars_sidebars_width":0,"ocean_sidebar":"0","ocean_second_sidebar":"0","ocean_disable_margins":"enable","ocean_add_body_class":"","ocean_shortcode_before_top_bar":"","ocean_shortcode_after_top_bar":"","ocean_shortcode_before_header":"","ocean_shortcode_after_header":"","ocean_has_shortcode":"","ocean_shortcode_after_title":"","ocean_shortcode_before_footer_widgets":"","ocean_shortcode_after_footer_widgets":"","ocean_shortcode_before_footer_bottom":"","ocean_shortcode_after_footer_bottom":"","ocean_display_top_bar":"default","ocean_display_header":"default","ocean_header_style":"","ocean_center_header_left_menu":"0","ocean_custom_header_template":"0","ocean_custom_logo":0,"ocean_custom_retina_logo":0,"ocean_custom_logo_max_width":0,"ocean_custom_logo_tablet_max_width":0,"ocean_custom_logo_mobile_max_width":0,"ocean_custom_logo_max_height":0,"ocean_custom_logo_tablet_max_height":0,"ocean_custom_logo_mobile_max_height":0,"ocean_header_custom_menu":"0","ocean_menu_typo_font_family":"0","ocean_menu_typo_font_subset":"","ocean_menu_typo_font_size":0,"ocean_menu_typo_font_size_tablet":0,"ocean_menu_typo_font_size_mobile":0,"ocean_menu_typo_font_size_unit":"px","ocean_menu_typo_font_weight":"","ocean_menu_typo_font_weight_tablet":"","ocean_menu_typo_font_weight_mobile":"","ocean_menu_typo_transform":"","ocean_menu_typo_transform_tablet":"","ocean_menu_typo_transform_mobile":"","ocean_menu_typo_line_height":0,"ocean_menu_typo_line_height_tablet":0,"ocean_menu_typo_line_height_mobile":0,"ocean_menu_typo_line_height_unit":"","ocean_menu_typo_spacing":0,"ocean_menu_typo_spacing_tablet":0,"ocean_menu_typo_spacing_mobile":0,"ocean_menu_typo_spacing_unit":"","ocean_menu_link_color":"","ocean_menu_link_color_hover":"","ocean_menu_link_color_active":"","ocean_menu_link_background":"","ocean_menu_link_hover_background":"","ocean_menu_link_active_background":"","ocean_menu_social_links_bg":"","ocean_menu_social_hover_links_bg":"","ocean_menu_social_links_color":"","ocean_menu_social_hover_links_color":"","ocean_disable_title":"default","ocean_disable_heading":"default","ocean_post_title":"","ocean_post_subheading":"","ocean_post_title_style":"","ocean_post_title_background_color":"","ocean_post_title_background":0,"ocean_post_title_bg_image_position":"","ocean_post_title_bg_image_attachment":"","ocean_post_title_bg_image_repeat":"","ocean_post_title_bg_image_size":"","ocean_post_title_height":0,"ocean_post_title_bg_overlay":0.5,"ocean_post_title_bg_overlay_color":"","ocean_disable_breadcrumbs":"default","ocean_breadcrumbs_color":"","ocean_breadcrumbs_separator_color":"","ocean_breadcrumbs_links_color":"","ocean_breadcrumbs_links_hover_color":"","ocean_display_footer_widgets":"default","ocean_display_footer_bottom":"default","ocean_custom_footer_template":"0","ocean_post_oembed":"","ocean_post_self_hosted_media":"","ocean_post_video_embed":"","ocean_link_format":"","ocean_link_format_target":"self","ocean_quote_format":"","ocean_quote_format_link":"post","ocean_gallery_link_images":"on","ocean_gallery_id":[63380,63387,63377,63381,63382,63383,63388,63384,63385,63379,63386,63378],"footnotes":""},"categories":[31],"tags":[],"class_list":["post-63376","post","type-post","status-publish","format-gallery","has-post-thumbnail","hentry","category-mdu_xeberleri","post_format-post-format-gallery","entry","has-media"],"_links":{"self":[{"href":"https:\/\/mdu.edu.az\/en\/wp-json\/wp\/v2\/posts\/63376","targetHints":{"allow":["GET"]}}],"collection":[{"href":"https:\/\/mdu.edu.az\/en\/wp-json\/wp\/v2\/posts"}],"about":[{"href":"https:\/\/mdu.edu.az\/en\/wp-json\/wp\/v2\/types\/post"}],"author":[{"embeddable":true,"href":"https:\/\/mdu.edu.az\/en\/wp-json\/wp\/v2\/users\/1"}],"replies":[{"embeddable":true,"href":"https:\/\/mdu.edu.az\/en\/wp-json\/wp\/v2\/comments?post=63376"}],"version-history":[{"count":1,"href":"https:\/\/mdu.edu.az\/en\/wp-json\/wp\/v2\/posts\/63376\/revisions"}],"predecessor-version":[{"id":63389,"href":"https:\/\/mdu.edu.az\/en\/wp-json\/wp\/v2\/posts\/63376\/revisions\/63389"}],"wp:featuredmedia":[{"embeddable":true,"href":"https:\/\/mdu.edu.az\/en\/wp-json\/wp\/v2\/media\/63380"}],"wp:attachment":[{"href":"https:\/\/mdu.edu.az\/en\/wp-json\/wp\/v2\/media?parent=63376"}],"wp:term":[{"taxonomy":"category","embeddable":true,"href":"https:\/\/mdu.edu.az\/en\/wp-json\/wp\/v2\/categories?post=63376"},{"taxonomy":"post_tag","embeddable":true,"href":"https:\/\/mdu.edu.az\/en\/wp-json\/wp\/v2\/tags?post=63376"}],"curies":[{"name":"wp","href":"https:\/\/api.w.org\/{rel}","templated":true}]}}