{"id":64024,"date":"2025-01-07T10:56:09","date_gmt":"2025-01-07T07:56:09","guid":{"rendered":"https:\/\/mdu.edu.az\/?p=64024"},"modified":"2025-01-09T11:03:58","modified_gmt":"2025-01-09T08:03:58","slug":"mdu-iksad-konfrans","status":"publish","type":"post","link":"https:\/\/mdu.edu.az\/en\/mdu-iksad-konfrans\/","title":{"rendered":"XII BEYN\u018fLXALQ AVRAS\u0130YA T\u018fTB\u0130Q\u0130 ELML\u018fR KONFRANSI"},"content":{"rendered":"<p><strong>XII<\/strong><strong> BEYN\u018fLXALQ AVRAS\u0130YA T\u018fTB\u0130Q\u0130 ELML\u018fR KONFRANSI<\/strong><strong><\/strong><\/p>\n\n\n\n<p><strong>17-18 <\/strong><strong>fevral<\/strong><strong> 2025<\/strong><strong>-ci il.<\/strong><\/p>\n\n\n\n<p><strong>Ming\u0259\u00e7evir D\u00f6vl\u0259t <\/strong><strong>U<\/strong><strong>niversiteti<\/strong><strong><\/strong><\/p>\n\n\n\n<p><strong>17-18 fevral 2025-ci<\/strong> il tarixl\u0259rind\u0259 Ming\u0259\u00e7evir D\u00f6vl\u0259t Universitetinin evsahibliyind\u0259 \u0130KSAD \u0130nstitutu (T\u00fcrkiy\u0259) il\u0259 birg\u0259 <strong>\u201cXII BEYN\u018fLXALQ AVRAS\u0130YA T\u018fTB\u0130Q\u0130 ELML\u018fR KONFRANSI\u201d<\/strong> ke\u00e7iril\u0259c\u0259kdir.<\/p>\n\n\n\n<p>Hibrid formatda ba\u015f tutacaq konfrans haqq\u0131nda \u0259trafl\u0131 m\u0259lumat \u0259ld\u0259 etm\u0259k \u00fc\u00e7\u00fcn <a href=\"https:\/\/www.euroasiacongress.org\/applied\">https:\/\/www.euroasiacongress.org\/applied<\/a> sayt\u0131na daxil ola bil\u0259rsiniz.<\/p>\n\n\n\n<p><strong>KONFRANS M\u018fQS\u018fD\u0130<\/strong><strong><\/strong><\/p>\n\n\n\n<p>Konfrans\u0131n \u0259sas m\u0259qs\u0259di, t\u0259bi\u0259t elml\u0259ri, riyaziyyat, tibb elml\u0259ri, aqrar v\u0259 baytarl\u0131q elml\u0259rind\u0259 d\u00fcnyada v\u0259 \u00f6lk\u0259mizd\u0259 apar\u0131lan elmi t\u0259dqiqat i\u015fl\u0259rinin elm adamlar\u0131 v\u0259 ictimaiyy\u0259tin diqq\u0259tin\u0259 \u00e7atd\u0131rmaqd\u0131r. Konfransda m\u0259ruz\u0259 olunacaq yeni elmi bilikl\u0259r g\u0259l\u0259c\u0259kd\u0259 apar\u0131lacaq elmi t\u0259dqiqat i\u015fl\u0259ri \u00fc\u00e7\u00fcn m\u00fch\u00fcm m\u0259nb\u0259 rolunu oynayacaq, h\u0259m\u00e7inin konfransda i\u015ftirak ed\u0259c\u0259k d\u00fcnyan\u0131n m\u00fcxt\u0259lif \u00f6lk\u0259l\u0259rind\u0259n olan elm adamlar\u0131 aras\u0131nda yeni \u0259m\u0259kda\u015fl\u0131q imkanlar\u0131 yaranacaqd\u0131r.<\/p>\n\n\n\n<p>Konfransda m\u0259ruz\u0259 edil\u0259n b\u00fct\u00fcn tezisl\u0259r ISBN-li konfrans materiallar\u0131 kitab\u0131na daxil edil\u0259c\u0259kdir.<\/p>\n\n\n\n<p>\u200b\u200b<\/p>\n\n\n\n<p><strong>KONFRANSIN <\/strong><strong>\u018fHAT\u018f DA\u0130R\u018fS\u0130<\/strong><\/p>\n\n\n\n<p>Konfrans\u0131m\u0131z t\u0259tbiqi elml\u0259rin b\u00fct\u00fcn sah\u0259l\u0259rin\u0259 aid yeni elmi t\u0259dqiqat i\u015fl\u0259rin\u0259 a\u00e7\u0131qd\u0131r. M\u00fch\u0259ndislik, tibb elml\u0259ri, riyaziyyat, t\u0259bi\u0259t etml\u0259ri, aqrar elml\u0259r, baytarl\u0131q sah\u0259sind\u0259 yaz\u0131lm\u0131\u015f elmi m\u0259qal\u0259 v\u0259 tezisl\u0259rl\u0259 konfransda i\u015ftirak etm\u0259k m\u00fcmk\u00fcnd\u00fcr. Konfrans\u0131n i\u015f\u00e7i dill\u0259ri Az\u0259rbaycan, t\u00fcrk v\u0259 ingilis dill\u0259ridir.<\/p>\n\n\n\n<p><strong>BA\u015eLICA ELM\u0130 \u0130ST\u0130QAM\u018fTL\u018fR<\/strong><strong><\/strong><\/p>\n\n\n\n<p>Tibb elml\u0259ri<\/p>\n\n\n\n<p>Riyaziyyat<\/p>\n\n\n\n<p>Kimya<\/p>\n\n\n\n<p>Biologiya<\/p>\n\n\n\n<p>Fizika<\/p>\n\n\n\n<p>Dig\u0259r t\u0259bi\u0259t elml\u0259ri<\/p>\n\n\n\n<p>Aqrar eml\u0259r<\/p>\n\n\n\n<p>Baytarl\u0131q<\/p>\n\n\n\n<p>M\u00fch\u0259ndislik<\/p>\n\n\n\n<p>\u0130nformasiya texnologiyalar\u0131<\/p>\n\n\n\n<p>\u200b<\/p>\n\n\n\n<p><strong>KON<\/strong><strong>FRANSIN S\u018fDR\u0130<\/strong><strong><\/strong><\/p>\n\n\n\n<p>Uzeyir ZEYNALOV<\/p>\n\n\n\n<p>Ming\u0259\u00e7evir D\u00f6vl\u0259t Universitetinin Rektoru (v.i.e)<\/p>\n\n\n\n<p>\u200b<\/p>\n\n\n\n<p><strong>T\u018f\u015eK\u0130LAT KOM\u0130T\u018fS\u0130N\u0130N S\u018fDR\u0130<\/strong><strong><\/strong><\/p>\n\n\n\n<p>Dos. Asim M\u0259mm\u0259dov<\/p>\n\n\n\n<p>Mingachevir State University<\/p>\n\n\n\n<p>\u200b<\/p>\n\n\n\n<p><strong>T\u018f\u015eK\u0130LAT KOM\u0130T\u018fS\u0130<\/strong><\/p>\n\n\n\n<p>Dos. V\u00fcqar Mustafayev, Ming\u0259\u00e7evir D\u00f6vl\u0259t Universiteti<\/p>\n\n\n\n<p>Dos. Almaz \u018fliyeva, Ming\u0259\u00e7evir D\u00f6vl\u0259t Universiteti<\/p>\n\n\n\n<p>Dos. Mahir \u0130smay\u0131lov, Ming\u0259\u00e7evir D\u00f6vl\u0259t Universiteti<\/p>\n\n\n\n<p>Dos. Aida Mustafayeva, Ming\u0259\u00e7evir D\u00f6vl\u0259t Universiteti<\/p>\n\n\n\n<p>Dos. T\u0259ran\u0259 Yusibova, Ming\u0259\u00e7evir D\u00f6vl\u0259t Universiteti<\/p>\n\n\n\n<p>Dos. R\u00f6v\u015f\u0259n Babayev, Ming\u0259\u00e7evir D\u00f6vl\u0259t Universiteti<\/p>\n\n\n\n<p>\u200b\u200b<\/p>\n\n\n\n<p><strong>ELM KOM\u0130T\u018fS\u0130N\u0130N S\u018fDR\u0130<\/strong><strong><\/strong><\/p>\n\n\n\n<p>Prof. Veys\u0259l \u018fYYUBOV<\/p>\n\n\n\n<p>Mingachevir State University<\/p>\n\n\n\n<p>\u200b<\/p>\n\n\n\n<p><strong>ELM KOM\u0130T\u018fS\u0130<\/strong><\/p>\n\n\n\n<p>Prof. Resul KARA, D\u00fczce Universiteti<\/p>\n\n\n\n<p>Prof. Sava\u015f D\u0130L\u0130BAL, Gedik Universiteti<\/p>\n\n\n\n<p>Dos. V\u00fcqar MUSTAFAYEV, Ming\u0259\u00e7evir D\u00f6vl\u0259t Universiteti<\/p>\n\n\n\n<p>Dos. Sahib MUSTAFAYEV, Ming\u0259\u00e7evir D\u00f6vl\u0259t Universiteti<\/p>\n\n\n\n<p>Dos. Elmira \u0130SRAFILOVA, Mingachevir D\u00f6vl\u0259t Universiteti<\/p>\n\n\n\n<p>Dos. M\u00fcs\u0259llim H\u00dcMM\u018fTOV, Ming\u0259\u00e7evir D\u00f6vl\u0259t Universiteti<\/p>\n\n\n\n<p>Dr. Erkan EF\u0130LT\u0130, Q\u0131r\u011f\u0131z\u0131stan-T\u00fckiy\u0259 Manas Universiteti<\/p>\n\n\n\n<p>Dos. \u015eenol \u015e\u0130R\u0130N, D\u00fczce Universiteti<\/p>\n\n\n\n<p>Dos. Ferzan KATIRCIO\u011eLU, D\u00fczce Universiteti<\/p>\n\n\n\n<p>Dr. Muhammad FAISAL, Director Ministry of Human Rights, Pakistan<\/p>\n\n\n\n<p>Dr. Nurlan AXMETOV, \u018fhm\u0259d Y\u0259s\u0259vi Beyn\u0259lxalq Qazax-T\u00fcrk Universiteti<\/p>\n\n\n\n<p>Dr. Alina AMANZHOLOVA, \u018fhm\u0259d Y\u0259s\u0259vi Beyn\u0259lxalq Qazax-T\u00fcrk Universiteti<\/p>\n\n\n\n<p>\u200b\u200b\u200b<\/p>\n\n\n\n<p><strong>\u018fH\u018fM\u0130YY\u018fTL\u0130 TAR\u0130XL\u018fR<\/strong><\/p>\n\n\n\n<p>\u200bTezis v\u0259 ya x\u00fclas\u0259l\u0259rin g\u00f6nd\u0259rilm\u0259si \u00fc\u00e7\u00fcn son g\u00fcn: 2 fevral 2025-ci il.<\/p>\n\n\n\n<p>\u200bKonfrans\u0131n proqram\u0131n\u0131n elan edilm\u0259si: 7 fevral 2025-ci il.<\/p>\n\n\n\n<p>\u200bB\u00f6lm\u0259 iclaslar\u0131: 17 fevral 2025-ci il.<\/p>\n\n\n\n<p>\u200bOnline iclaslar: 17-18 fevral 2025-ci il.<\/p>\n\n\n\n<p>Konfrans tam m\u0259tnl\u0259rinin g\u00f6nd\u0259rilm\u0259si \u00fc\u00e7\u00fcn son g\u00fcn: 23 fevral 2025-ci il (tam metn g\u00f6nderilm\u0259si ist\u0259y\u0259 ba\u011fl\u0131d\u0131r).<\/p>\n\n\n\n<p>\u200bISBN-li konfrans materiallar\u0131n\u0131n d\u0259rc olunaca\u011f\u0131 tarix:&nbsp; 10 mart 2025-ci il.<\/p>\n\n\n\n<p>\u200b\u200b<\/p>\n\n\n\n<p><strong><em>Qeyd:<\/em><\/strong><strong><em><\/em><\/strong><\/p>\n\n\n\n<p>Tam metninizi g\u00f6nderirken benzerlik raporunu da g\u00f6ndermeniz (en fazla %25) hakem s\u00fcrecinin daha h\u0131zl\u0131 y\u00fcr\u00fcmesini sa\u011flayacakt\u0131r. Herhangi bir ma\u011fduriyet ya\u015famamak ad\u0131na l\u00fctfen yukar\u0131daki hususlara dikkat ediniz<\/p>\n\n\n\n<p>\u200b\u200b\u200b<\/p>\n\n\n\n<p><strong>X\u00dcLAS\u018f v\u0259 TAM M\u018fTNL\u018fR\u0130N T\u018fRT\u0130B\u0130 V\u018f G\u00d6ND\u018fR\u0130LM\u018fS\u0130 QAYDALARI<\/strong><strong><\/strong><\/p>\n\n\n\n<p>&#8211; Konfransa tezis v\u0259 geni\u015f m\u0259tn formas\u0131nda t\u0259rtib etdiyiniz material\u0131n \u0259vv\u0259lc\u0259 x\u00fclas\u0259 hiss\u0259sini g\u00f6nd\u0259rm\u0259lisiniz. X\u00fclas\u0259l\u0259rin g\u00f6nd\u0259rilm\u0259si \u00fc\u00e7\u00fcn son tarix 02 fevral 2025-ci ildir. Bu tarix\u0259 q\u0259d\u0259r x\u00fclas\u0259l\u0259rinizi <a href=\"mailto:info@euroasiacongress.org\">info@euroasiacongress.org<\/a> elektron po\u00e7t \u00fcnvan\u0131na g\u00f6nd\u0259rm\u0259yiniz vacibdir.<\/p>\n\n\n\n<p>&#8211; X\u00fclas\u0259l\u0259r Elm Komit\u0259si t\u0259r\u0259find\u0259n 2-3 g\u00fcn \u0259rzind\u0259 qiym\u0259tl\u0259ndirilir v\u0259 al\u0131nan q\u0259rar m\u00fc\u0259llifl\u0259rin elektron po\u00e7tuna g\u00f6nd\u0259rilir.<\/p>\n\n\n\n<p>&#8211; Elektron po\u00e7tuna q\u0259bul m\u0259ktubu daxil olan m\u00fc\u0259llifl\u0259r \u0259n gec 03 fevral 2025 tarixin\u0259 kimi konfrans\u0131n sayt\u0131nda qeyd olunan bank hesab\u0131na \u00f6d\u0259ni\u015fi etm\u0259li v\u0259 q\u0259bzi konfrans\u0131n elektron po\u00e7tuna g\u00f6nd\u0259rm\u0259lidir.<\/p>\n\n\n\n<p>&#8211; Tezis v\u0259 x\u00fclas\u0259l\u0259r konfrans kitab\u0131na daxil edil\u0259kdir. Geni\u015f m\u0259tn g\u00f6nd\u0259rm\u0259k m\u00fc\u0259llifin ist\u0259yin\u0259 ba\u011fl\u0131d\u0131r. Tam m\u0259tnl\u0259rin g\u00f6nd\u0259rilm\u0259si \u00fc\u00e7\u00fcn son g\u00fcn 23 fevral 2025-ci il. G\u00f6nd\u0259ril\u0259c\u0259k elektron adres: <a href=\"mailto:info@euroasiacongress.org\">info@euroasiacongress.org<\/a> &nbsp;<\/p>\n\n\n\n<p>Tam m\u0259tnl\u0259r g\u00f6nd\u0259rildiyi zaman m\u00fc\u0259llifl\u0259r, anti-plaqiat hesabat\u0131n\u0131 da y\u00fckl\u0259m\u0259lidir.<\/p>\n\n\n\n<p><strong>TEZ\u0130N, X\u00dcLAS\u018f V\u018f GEN\u0130\u015e M\u018fTN\u0130N T\u018fRT\u0130Q\u0130 QAYDALARI<\/strong><strong><\/strong><\/p>\n\n\n\n<ul class=\"wp-block-list\">\n<li>Tezis, x\u00fclas\u0259 v\u0259 geni\u015f m\u0259tn m\u00fctl\u0259q sur\u0259td\u0259 Times New Roman, 11 \u015frift il\u0259 yaz\u0131lmal\u0131, s\u0259tir aralar\u0131 1 interval olmal\u0131, paraqrafs\u0131z burax\u0131lmamal\u0131d\u0131r. <strong>BA\u015eLIQ<\/strong>, m\u00fc\u0259llifin <strong>Ad\u0131 v\u0259 SOYADI<\/strong>, m\u00fc\u0259ssis\u0259 ad\u0131, elektron po\u00e7t, Orcid n\u00f6mr\u0259si daxil edilm\u0259lidir.&nbsp;<\/li>\n\n\n\n<li>\u018fsas v\u0259 alt ba\u015fl\u0131qlar <strong>B\u00d6Y\u00dcK<\/strong> h\u0259rfl\u0259rl\u0259 v\u0259 t\u00fcnd yaz\u0131lmal\u0131d\u0131r.<\/li>\n\n\n\n<li>Geni\u015f m\u0259tnl\u0259r \u0259n az 5 s\u0259hif\u0259, \u0259n \u00e7ox is\u0259 25 s\u0259hif\u0259 h\u0259cmind\u0259 olmal\u0131d\u0131r.<\/li>\n\n\n\n<li>Geni\u015f m\u0259tnl\u0259rd\u0259 X\u00fclas\u0259, Giri\u015f, Alt ba\u015fl\u0131q(lar), N\u0259tic\u0259, \u0130stifad\u0259 edilmi\u015f \u0259d\u0259biyyat siyah\u0131s\u0131&nbsp; olmal\u0131d\u0131r.<\/li>\n\n\n\n<li>Geni\u015f m\u0259tn APA metodundan istifad\u0259 edil\u0259r\u0259k haz\u0131rlanmal\u0131d\u0131r.<\/li>\n<\/ul>\n\n\n\n<p>\u200b\u200b<\/p>\n\n\n\n<p><strong>ELM\u0130 JURNALDA M\u018fQAL\u018f FORMASINDA D\u018fRC ETD\u0130RM\u018fK<\/strong><strong><\/strong><\/p>\n\n\n\n<p>\u0130\u015ftirak\u00e7\u0131lar, k\u00f6n\u00fcll\u00fc olaraq konfransa g\u00f6nd\u0259rdikl\u0259ri material\u0131n x\u00fclas\u0259 hiss\u0259sini konfrans\u0131n materiallar\u0131n yer alaca\u011f\u0131 kitabda, tam m\u0259tni is\u0259 12 ildir n\u0259\u015fr olunan \u201cUluslararas\u0131 Avrasya Uygulamal\u0131 Bilimler Dergisi\u201dnde m\u0259qal\u0259 \u015f\u0259klind\u0259 d\u0259rc el\u0259tdir\u0259 bil\u0259rl\u0259r. Konfrans\u0131n i\u015ftirak\u00e7\u0131lar \u00fc\u00e7\u00fcn m\u0259qal\u0259l\u0259rini jurnalda n\u0259\u015fr el\u0259tdirm\u0259k \u00fc\u00e7\u00fcn \u0259lav\u0259 50 azn \u00f6d\u0259ni\u015f ed\u0259c\u0259kl\u0259r. Bunun \u00fc\u00e7\u00fcn, konfrans i\u015ftirak\u00e7\u0131lar\u0131 m\u0259qal\u0259nin t\u0259kc\u0259 x\u00fclas\u0259 hiss\u0259sini v\u0259 a\u00e7ar s\u00f6zl\u0259ri konfrans\u0131n elektron po\u00e7tuna, m\u0259qal\u0259nin tam m\u0259tnini is\u0259 jurnal\u0131n elektorun po\u00e7tuna y\u00fckl\u0259m\u0259lidir. Bundan sonrak\u0131 proses (\u00f6d\u0259ni\u015f, hakem, m\u0259qal\u0259nin n\u0259\u015fri v\u0259 s.) art\u0131q jurnal\u0131n redaksiya hey\u0259ti t\u0259r\u0259find\u0259n h\u0259yata ke\u00e7iril\u0259c\u0259kdir. Jurnal\u0131n redaksiya hey\u0259tinin t\u00f6vsiyy\u0259 ed\u0259c\u0259yi m\u0259qal\u0259l\u0259r n\u0259\u015fr\u0259 burax\u0131lacd\u0131r.<\/p>\n\n\n\n<p>Jurnal\u0131n web adresi: <a href=\"https:\/\/euroasiajournal.org\/index.php\/ejas\" target=\"_blank\" rel=\"noreferrer noopener\">https:\/\/euroasiajournal.org\/index.php\/ejas<\/a><\/p>\n\n\n\n<p><strong><em>Qeyd<\/em><\/strong><strong><em>:<\/em><\/strong><em> <\/em><em>M\u0259qal\u0259, jurnal\u0131n t\u0259l\u0259bl\u0259ri istiqam\u0259tind\u0259 t\u0259rtib edilm\u0259lidir. <\/em><em><\/em><\/p>\n\n\n\n<p>\u200b<\/p>\n\n\n\n<p>Konfransa dair sual v\u0259 t\u0259klifl\u0259riniz \u00fc\u00e7\u00fcn, a\u015fa\u011f\u0131dak\u0131 elektron po\u00e7t \u00fcnvan\u0131na v\u0259 mobil n\u00f6mr\u0259y\u0259 yaza bil\u0259rsinizi.<\/p>\n\n\n\n<p>E-mail: info@euroasiacongress.org <\/p>\n\n\n\n<p>Whatsapp: (+90)5050727892<\/p>","protected":false},"excerpt":{"rendered":"<p>XII BEYN\u018fLXALQ AVRAS\u0130YA T\u018fTB\u0130Q\u0130 ELML\u018fR KONFRANSI 17-18 fevral 2025-ci il. Ming\u0259\u00e7evir D\u00f6vl\u0259t Universiteti 17-18 fevral 2025-ci il tarixl\u0259rind\u0259 Ming\u0259\u00e7evir D\u00f6vl\u0259t Universitetinin evsahibliyind\u0259 \u0130KSAD \u0130nstitutu (T\u00fcrkiy\u0259) il\u0259 birg\u0259 \u201cXII BEYN\u018fLXALQ AVRAS\u0130YA T\u018fTB\u0130Q\u0130 ELML\u018fR KONFRANSI\u201d ke\u00e7iril\u0259c\u0259kdir. Hibrid formatda ba\u015f tutacaq konfrans haqq\u0131nda \u0259trafl\u0131 m\u0259lumat \u0259ld\u0259 etm\u0259k \u00fc\u00e7\u00fcn https:\/\/www.euroasiacongress.org\/applied sayt\u0131na daxil ola bil\u0259rsiniz. KONFRANS M\u018fQS\u018fD\u0130 Konfrans\u0131n \u0259sas m\u0259qs\u0259di, [&hellip;]<\/p>\n","protected":false},"author":1,"featured_media":64025,"comment_status":"closed","ping_status":"closed","sticky":false,"template":"","format":"standard","meta":{"_eb_attr":"","ocean_post_layout":"","ocean_both_sidebars_style":"","ocean_both_sidebars_content_width":0,"ocean_both_sidebars_sidebars_width":0,"ocean_sidebar":"0","ocean_second_sidebar":"0","ocean_disable_margins":"enable","ocean_add_body_class":"","ocean_shortcode_before_top_bar":"","ocean_shortcode_after_top_bar":"","ocean_shortcode_before_header":"","ocean_shortcode_after_header":"","ocean_has_shortcode":"","ocean_shortcode_after_title":"","ocean_shortcode_before_footer_widgets":"","ocean_shortcode_after_footer_widgets":"","ocean_shortcode_before_footer_bottom":"","ocean_shortcode_after_footer_bottom":"","ocean_display_top_bar":"default","ocean_display_header":"default","ocean_header_style":"","ocean_center_header_left_menu":"0","ocean_custom_header_template":"0","ocean_custom_logo":0,"ocean_custom_retina_logo":0,"ocean_custom_logo_max_width":0,"ocean_custom_logo_tablet_max_width":0,"ocean_custom_logo_mobile_max_width":0,"ocean_custom_logo_max_height":0,"ocean_custom_logo_tablet_max_height":0,"ocean_custom_logo_mobile_max_height":0,"ocean_header_custom_menu":"0","ocean_menu_typo_font_family":"0","ocean_menu_typo_font_subset":"","ocean_menu_typo_font_size":0,"ocean_menu_typo_font_size_tablet":0,"ocean_menu_typo_font_size_mobile":0,"ocean_menu_typo_font_size_unit":"px","ocean_menu_typo_font_weight":"","ocean_menu_typo_font_weight_tablet":"","ocean_menu_typo_font_weight_mobile":"","ocean_menu_typo_transform":"","ocean_menu_typo_transform_tablet":"","ocean_menu_typo_transform_mobile":"","ocean_menu_typo_line_height":0,"ocean_menu_typo_line_height_tablet":0,"ocean_menu_typo_line_height_mobile":0,"ocean_menu_typo_line_height_unit":"","ocean_menu_typo_spacing":0,"ocean_menu_typo_spacing_tablet":0,"ocean_menu_typo_spacing_mobile":0,"ocean_menu_typo_spacing_unit":"","ocean_menu_link_color":"","ocean_menu_link_color_hover":"","ocean_menu_link_color_active":"","ocean_menu_link_background":"","ocean_menu_link_hover_background":"","ocean_menu_link_active_background":"","ocean_menu_social_links_bg":"","ocean_menu_social_hover_links_bg":"","ocean_menu_social_links_color":"","ocean_menu_social_hover_links_color":"","ocean_disable_title":"default","ocean_disable_heading":"default","ocean_post_title":"","ocean_post_subheading":"","ocean_post_title_style":"","ocean_post_title_background_color":"","ocean_post_title_background":0,"ocean_post_title_bg_image_position":"","ocean_post_title_bg_image_attachment":"","ocean_post_title_bg_image_repeat":"","ocean_post_title_bg_image_size":"","ocean_post_title_height":0,"ocean_post_title_bg_overlay":0.5,"ocean_post_title_bg_overlay_color":"","ocean_disable_breadcrumbs":"default","ocean_breadcrumbs_color":"","ocean_breadcrumbs_separator_color":"","ocean_breadcrumbs_links_color":"","ocean_breadcrumbs_links_hover_color":"","ocean_display_footer_widgets":"default","ocean_display_footer_bottom":"default","ocean_custom_footer_template":"0","ocean_post_oembed":"","ocean_post_self_hosted_media":"","ocean_post_video_embed":"","ocean_link_format":"","ocean_link_format_target":"self","ocean_quote_format":"","ocean_quote_format_link":"post","ocean_gallery_link_images":"on","ocean_gallery_id":[],"footnotes":""},"categories":[34],"tags":[],"class_list":["post-64024","post","type-post","status-publish","format-standard","has-post-thumbnail","hentry","category-elanlar","entry","has-media"],"_links":{"self":[{"href":"https:\/\/mdu.edu.az\/en\/wp-json\/wp\/v2\/posts\/64024","targetHints":{"allow":["GET"]}}],"collection":[{"href":"https:\/\/mdu.edu.az\/en\/wp-json\/wp\/v2\/posts"}],"about":[{"href":"https:\/\/mdu.edu.az\/en\/wp-json\/wp\/v2\/types\/post"}],"author":[{"embeddable":true,"href":"https:\/\/mdu.edu.az\/en\/wp-json\/wp\/v2\/users\/1"}],"replies":[{"embeddable":true,"href":"https:\/\/mdu.edu.az\/en\/wp-json\/wp\/v2\/comments?post=64024"}],"version-history":[{"count":4,"href":"https:\/\/mdu.edu.az\/en\/wp-json\/wp\/v2\/posts\/64024\/revisions"}],"predecessor-version":[{"id":64097,"href":"https:\/\/mdu.edu.az\/en\/wp-json\/wp\/v2\/posts\/64024\/revisions\/64097"}],"wp:featuredmedia":[{"embeddable":true,"href":"https:\/\/mdu.edu.az\/en\/wp-json\/wp\/v2\/media\/64025"}],"wp:attachment":[{"href":"https:\/\/mdu.edu.az\/en\/wp-json\/wp\/v2\/media?parent=64024"}],"wp:term":[{"taxonomy":"category","embeddable":true,"href":"https:\/\/mdu.edu.az\/en\/wp-json\/wp\/v2\/categories?post=64024"},{"taxonomy":"post_tag","embeddable":true,"href":"https:\/\/mdu.edu.az\/en\/wp-json\/wp\/v2\/tags?post=64024"}],"curies":[{"name":"wp","href":"https:\/\/api.w.org\/{rel}","templated":true}]}}