{"id":64554,"date":"2025-02-04T09:09:50","date_gmt":"2025-02-04T06:09:50","guid":{"rendered":"https:\/\/mdu.edu.az\/?p=64554"},"modified":"2025-02-04T09:17:36","modified_gmt":"2025-02-04T06:17:36","slug":"ming%c9%99cevir-dovl%c9%99t-universiteti-mdu-v%c9%99-duzce-universiteti-arasinda-%c9%99m%c9%99kdasliq-istiqam%c9%99tind%c9%99-online-iclas-kecirilib","status":"publish","type":"post","link":"https:\/\/mdu.edu.az\/en\/ming%c9%99cevir-dovl%c9%99t-universiteti-mdu-v%c9%99-duzce-universiteti-arasinda-%c9%99m%c9%99kdasliq-istiqam%c9%99tind%c9%99-online-iclas-kecirilib\/","title":{"rendered":"Ming\u0259\u00e7evir D\u00f6vl\u0259t Universiteti (MDU) v\u0259 D\u00fczce Universiteti aras\u0131nda \u0259m\u0259kda\u015fl\u0131q istiqam\u0259tind\u0259 online iclas ke\u00e7irilib"},"content":{"rendered":"<p>3 fevral 2025-ci il tarixind\u0259 Ming\u0259\u00e7evir D\u00f6vl\u0259t Universitetinin (MDU) T\u0259hsil fak\u00fclt\u0259si il\u0259 D\u00fczce Universitetinin (DU) E\u011fitim fak\u00fclt\u0259si aras\u0131nda online formatda iclas ke\u00e7irilib.<\/p>\n\n\n\n<p>\u0130clasda D\u00fczce Universitetinin E\u011fitim fak\u00fclt\u0259sinin dekan\u0131, prof. Mustafa Ko\u00e7, dekan m\u00fcavinl\u0259ri dos. Asl\u0131han K. Vardar v\u0259 dos. Hakan Sar\u0131tekin, MDU T\u0259hsil fak\u00fclt\u0259sinin dekan\u0131 dos. Nizami Zeynalov, dekan m\u00fcavinl\u0259ri, Humanitar f\u0259nl\u0259r kafedras\u0131n\u0131n m\u00fcdiri dos. Esmira C\u0259f\u0259rova, Pedaqogika v\u0259 psixologiya kafedras\u0131n\u0131n m\u00fcdiri prof. Farah C\u0259lil, Xarici dill\u0259r kafedras\u0131n\u0131n m\u00fcdiri dos. Mehdi R\u0259himov, Riyaziyyat kafedras\u0131n\u0131n m\u00fcdiri r.e.f.d. R\u00f6v\u015f\u0259n Babayev, fak\u00fclt\u0259nin akademik hey\u0259t \u00fczvl\u0259ri v\u0259 Dayan\u0131ql\u0131 inki\u015faf v\u0259 regional innovasiyalar t\u0259dqiqat m\u0259rk\u0259zinin m\u00fcdiri dos. Asim M\u0259mm\u0259dov i\u015ftirak edibl\u0259r.<\/p>\n\n\n\n<p>\u0130clas\u0131 a\u00e7an dos. Asim M\u0259mm\u0259dov i\u015ftirak\u00e7\u0131lar\u0131 MDU-nun rektor v\u0259zif\u0259sini m\u00fcv\u0259qq\u0259ti icra ed\u0259n h\u00f6rm\u0259tli \u00dczeyir Zeynalovun ad\u0131ndan salamlayaraq, iki ali t\u0259hsil m\u00fc\u0259ssis\u0259si aras\u0131nda \u0259m\u0259kda\u015fl\u0131\u011f\u0131n geni\u015fl\u0259ndirilm\u0259sinin h\u0259r iki t\u0259r\u0259f\u0259 fayda g\u0259tir\u0259c\u0259yini vur\u011fulay\u0131b.<br>Daha sonra dos. Nizami Zeynalov \u00e7\u0131x\u0131\u015f\u0131nda i\u015ftirak\u00e7\u0131lara t\u0259\u015f\u0259kk\u00fcr ed\u0259r\u0259k, MDU v\u0259 onun T\u0259hsil fak\u00fclt\u0259si haqq\u0131nda geni\u015f m\u0259lumat verib. O, konkret proqram \u0259sas\u0131nda iki fak\u00fclt\u0259 aras\u0131nda \u0259m\u0259kda\u015fl\u0131q imkanlar\u0131n\u0131n geni\u015fl\u0259ndirilm\u0259sinin vacibliyini qeyd edib. MDU t\u0259l\u0259b\u0259l\u0259rinin v\u0259 akademik hey\u0259tinin DU E\u011fitim fak\u00fclt\u0259sinin imkanlar\u0131ndan istifad\u0259 ed\u0259c\u0259yini, milli bayramlar v\u0259 dig\u0259r \u0259lam\u0259tdar g\u00fcnl\u0259rd\u0259 birg\u0259 t\u0259dbirl\u0259rin, konfranslar\u0131n t\u0259\u015fkil edil\u0259c\u0259yini bildirib.<\/p>\n\n\n\n<p>Daha sonra \u00e7\u0131x\u0131\u015f ed\u0259n DU E\u011fitim fak\u00fclt\u0259sinin dekan\u0131 prof. M. Ko\u00e7, MDU ail\u0259sini DU ail\u0259si ad\u0131ndan salamlay\u0131b v\u0259 bu \u0259m\u0259kda\u015fl\u0131\u011f\u0131n onlar \u00fc\u00e7\u00fcn \u015f\u0259r\u0259f oldu\u011funu bildirib. O, MDU T\u0259hsil fak\u00fclt\u0259sinin t\u0259qdim etdiyi f\u0259aliyy\u0259t plan\u0131n\u0131n kifay\u0259t q\u0259d\u0259r \u0259hat\u0259li oldu\u011funu, g\u0259l\u0259c\u0259kd\u0259 daha geni\u015f layih\u0259l\u0259rin h\u0259yata ke\u00e7iril\u0259c\u0259yini vur\u011fulay\u0131b. Prof. M. Ko\u00e7 yax\u0131n bir h\u0259ft\u0259 \u0259rzind\u0259 kafedra m\u00fcdirl\u0259rinin i\u015ftirak\u0131 il\u0259 t\u0259klif edil\u0259n f\u0259aliyy\u0259t plan\u0131n\u0131n m\u00fczakir\u0259 edil\u0259c\u0259yini v\u0259 m\u00fcmk\u00fcn q\u0259d\u0259r tez real n\u0259tic\u0259l\u0259rin \u0259ld\u0259 olunmas\u0131na \u00e7al\u0131\u015facaqlar\u0131n\u0131 bildirib.<\/p>\n\n\n\n<p>Humanitar f\u0259nl\u0259r kafedras\u0131n\u0131n m\u00fcdiri dos. Esmira C\u0259f\u0259rova \u00e7\u0131x\u0131\u015f\u0131nda ke\u00e7iril\u0259n ilkin tan\u0131\u015fl\u0131q iclas\u0131n\u0131n \u0259h\u0259miyy\u0259tini qeyd ed\u0259r\u0259k, fak\u00fclt\u0259l\u0259r aras\u0131nda raz\u0131la\u015fd\u0131r\u0131lm\u0131\u015f \u0259m\u0259kda\u015fl\u0131q \u00e7\u0259r\u00e7iv\u0259sind\u0259 ustad d\u0259rsl\u0259r v\u0259 dig\u0259r akademik t\u0259dbirl\u0259rin t\u0259\u015fkilinin vacibliyini vur\u011fulay\u0131b.<\/p>\n\n\n\n<p>Sonda dos. N. Zeynalov iclas i\u015ftirak\u00e7\u0131lar\u0131na t\u0259\u015f\u0259kk\u00fcr ed\u0259r\u0259k, iki fak\u00fclt\u0259 aras\u0131nda \u0259m\u0259kda\u015fl\u0131q plan\u0131n\u0131n DU E\u011fitim fak\u00fclt\u0259si r\u0259hb\u0259rliyi il\u0259 m\u00fczakir\u0259 edildikd\u0259n sonra yax\u0131n g\u00fcnl\u0259rd\u0259 yenid\u0259n g\u00f6r\u00fc\u015f ke\u00e7iril\u0259c\u0259yini bildirib. Q\u0259rara al\u0131n\u0131b ki, ikinci semestr ba\u015flayana q\u0259d\u0259r f\u0259aliyy\u0259t plan\u0131 q\u0259bul edilsin v\u0259 icras\u0131na ba\u015flan\u0131ls\u0131n.<\/p>","protected":false},"excerpt":{"rendered":"<p>3 fevral 2025-ci il tarixind\u0259 Ming\u0259\u00e7evir D\u00f6vl\u0259t Universitetinin (MDU) T\u0259hsil fak\u00fclt\u0259si il\u0259 D\u00fczce Universitetinin (DU) E\u011fitim fak\u00fclt\u0259si aras\u0131nda online formatda iclas ke\u00e7irilib. \u0130clasda D\u00fczce Universitetinin E\u011fitim fak\u00fclt\u0259sinin dekan\u0131, prof. Mustafa Ko\u00e7, dekan m\u00fcavinl\u0259ri dos. Asl\u0131han K. Vardar v\u0259 dos. Hakan Sar\u0131tekin, MDU T\u0259hsil fak\u00fclt\u0259sinin dekan\u0131 dos. Nizami Zeynalov, dekan m\u00fcavinl\u0259ri, Humanitar f\u0259nl\u0259r kafedras\u0131n\u0131n m\u00fcdiri dos. [&hellip;]<\/p>\n","protected":false},"author":1,"featured_media":64555,"comment_status":"closed","ping_status":"closed","sticky":false,"template":"","format":"gallery","meta":{"_eb_attr":"","ocean_post_layout":"","ocean_both_sidebars_style":"","ocean_both_sidebars_content_width":0,"ocean_both_sidebars_sidebars_width":0,"ocean_sidebar":"0","ocean_second_sidebar":"0","ocean_disable_margins":"enable","ocean_add_body_class":"","ocean_shortcode_before_top_bar":"","ocean_shortcode_after_top_bar":"","ocean_shortcode_before_header":"","ocean_shortcode_after_header":"","ocean_has_shortcode":"","ocean_shortcode_after_title":"","ocean_shortcode_before_footer_widgets":"","ocean_shortcode_after_footer_widgets":"","ocean_shortcode_before_footer_bottom":"","ocean_shortcode_after_footer_bottom":"","ocean_display_top_bar":"default","ocean_display_header":"default","ocean_header_style":"","ocean_center_header_left_menu":"0","ocean_custom_header_template":"0","ocean_custom_logo":0,"ocean_custom_retina_logo":0,"ocean_custom_logo_max_width":0,"ocean_custom_logo_tablet_max_width":0,"ocean_custom_logo_mobile_max_width":0,"ocean_custom_logo_max_height":0,"ocean_custom_logo_tablet_max_height":0,"ocean_custom_logo_mobile_max_height":0,"ocean_header_custom_menu":"0","ocean_menu_typo_font_family":"0","ocean_menu_typo_font_subset":"","ocean_menu_typo_font_size":0,"ocean_menu_typo_font_size_tablet":0,"ocean_menu_typo_font_size_mobile":0,"ocean_menu_typo_font_size_unit":"px","ocean_menu_typo_font_weight":"","ocean_menu_typo_font_weight_tablet":"","ocean_menu_typo_font_weight_mobile":"","ocean_menu_typo_transform":"","ocean_menu_typo_transform_tablet":"","ocean_menu_typo_transform_mobile":"","ocean_menu_typo_line_height":0,"ocean_menu_typo_line_height_tablet":0,"ocean_menu_typo_line_height_mobile":0,"ocean_menu_typo_line_height_unit":"","ocean_menu_typo_spacing":0,"ocean_menu_typo_spacing_tablet":0,"ocean_menu_typo_spacing_mobile":0,"ocean_menu_typo_spacing_unit":"","ocean_menu_link_color":"","ocean_menu_link_color_hover":"","ocean_menu_link_color_active":"","ocean_menu_link_background":"","ocean_menu_link_hover_background":"","ocean_menu_link_active_background":"","ocean_menu_social_links_bg":"","ocean_menu_social_hover_links_bg":"","ocean_menu_social_links_color":"","ocean_menu_social_hover_links_color":"","ocean_disable_title":"default","ocean_disable_heading":"default","ocean_post_title":"","ocean_post_subheading":"","ocean_post_title_style":"","ocean_post_title_background_color":"","ocean_post_title_background":0,"ocean_post_title_bg_image_position":"","ocean_post_title_bg_image_attachment":"","ocean_post_title_bg_image_repeat":"","ocean_post_title_bg_image_size":"","ocean_post_title_height":0,"ocean_post_title_bg_overlay":0.5,"ocean_post_title_bg_overlay_color":"","ocean_disable_breadcrumbs":"default","ocean_breadcrumbs_color":"","ocean_breadcrumbs_separator_color":"","ocean_breadcrumbs_links_color":"","ocean_breadcrumbs_links_hover_color":"","ocean_display_footer_widgets":"default","ocean_display_footer_bottom":"default","ocean_custom_footer_template":"0","ocean_post_oembed":"","ocean_post_self_hosted_media":"","ocean_post_video_embed":"","ocean_link_format":"","ocean_link_format_target":"self","ocean_quote_format":"","ocean_quote_format_link":"post","ocean_gallery_link_images":"on","ocean_gallery_id":[64555,64556,64557,64558,64559,64560],"footnotes":""},"categories":[31],"tags":[],"class_list":["post-64554","post","type-post","status-publish","format-gallery","has-post-thumbnail","hentry","category-mdu_xeberleri","post_format-post-format-gallery","entry","has-media"],"_links":{"self":[{"href":"https:\/\/mdu.edu.az\/en\/wp-json\/wp\/v2\/posts\/64554","targetHints":{"allow":["GET"]}}],"collection":[{"href":"https:\/\/mdu.edu.az\/en\/wp-json\/wp\/v2\/posts"}],"about":[{"href":"https:\/\/mdu.edu.az\/en\/wp-json\/wp\/v2\/types\/post"}],"author":[{"embeddable":true,"href":"https:\/\/mdu.edu.az\/en\/wp-json\/wp\/v2\/users\/1"}],"replies":[{"embeddable":true,"href":"https:\/\/mdu.edu.az\/en\/wp-json\/wp\/v2\/comments?post=64554"}],"version-history":[{"count":1,"href":"https:\/\/mdu.edu.az\/en\/wp-json\/wp\/v2\/posts\/64554\/revisions"}],"predecessor-version":[{"id":64561,"href":"https:\/\/mdu.edu.az\/en\/wp-json\/wp\/v2\/posts\/64554\/revisions\/64561"}],"wp:featuredmedia":[{"embeddable":true,"href":"https:\/\/mdu.edu.az\/en\/wp-json\/wp\/v2\/media\/64555"}],"wp:attachment":[{"href":"https:\/\/mdu.edu.az\/en\/wp-json\/wp\/v2\/media?parent=64554"}],"wp:term":[{"taxonomy":"category","embeddable":true,"href":"https:\/\/mdu.edu.az\/en\/wp-json\/wp\/v2\/categories?post=64554"},{"taxonomy":"post_tag","embeddable":true,"href":"https:\/\/mdu.edu.az\/en\/wp-json\/wp\/v2\/tags?post=64554"}],"curies":[{"name":"wp","href":"https:\/\/api.w.org\/{rel}","templated":true}]}}