{"id":81160,"date":"2025-10-03T19:27:14","date_gmt":"2025-10-03T16:27:14","guid":{"rendered":"https:\/\/mdu.edu.az\/?p=72729"},"modified":"2025-10-03T19:27:14","modified_gmt":"2025-10-03T16:27:14","slug":"tdbr_03-10-25","status":"publish","type":"post","link":"https:\/\/mdu.edu.az\/en\/tdbr_03-10-25\/","title":{"rendered":"Ming\u0259\u00e7evir D\u00f6vl\u0259t Universitetind\u0259 5 Oktyabr \u2013 Beyn\u0259lxalq M\u00fc\u0259lliml\u0259r G\u00fcn\u00fc t\u0259dbiri ke\u00e7irilib"},"content":{"rendered":"<p>2025-ci ilin 3 oktyabr tarixind\u0259 Ming\u0259\u00e7evir D\u00f6vl\u0259t Universitetind\u0259 (MDU) Beyn\u0259lxalq M\u00fc\u0259lliml\u0259r G\u00fcn\u00fcn\u0259 h\u0259sr olunmu\u015f bayram t\u0259dbiri ke\u00e7irilib. Universitetin ikinci t\u0259dris binas\u0131n\u0131n h\u0259y\u0259tind\u0259 t\u0259\u015fkil olunan t\u0259dbird\u0259 MDU-nun akademik-inzibati hey\u0259ti, professor-m\u00fc\u0259lliml\u0259ri, t\u0259l\u0259b\u0259 v\u0259 magistrantlar\u0131 i\u015ftirak edibl\u0259r.<\/p>\n\n\n\n<p>T\u0259dbir \u00dcmummilli Lider Heyd\u0259r \u018fliyev v\u0259 \u00f6lk\u0259mizin suverenliyi, torpaqlar\u0131m\u0131z\u0131n azadl\u0131\u011f\u0131 u\u011frunda can\u0131ndan ke\u00e7\u0259n \u015f\u0259hidl\u0259rimizin \u0259ziz xatir\u0259sinin bir d\u0259qiq\u0259lik s\u00fckutla yad edilm\u0259si, Az\u0259rbaycan Respublikas\u0131n\u0131n D\u00f6vl\u0259t Himninin s\u0259sl\u0259ndirilm\u0259si il\u0259 ba\u015flay\u0131b.<\/p>\n\n\n\n<p>T\u0259dbiri giri\u015f nitqi il\u0259 a\u00e7an MDU-nun rektoru Anar Eminov universitetin m\u00fc\u0259lliml\u0259rini 5 Oktyabr \u2013 Beyn\u0259lxalq M\u00fc\u0259lliml\u0259r G\u00fcn\u00fc m\u00fcnasib\u0259til\u0259 t\u0259brik edib, \u015f\u0259r\u0259fli pe\u015f\u0259 f\u0259aliyy\u0259tl\u0259rind\u0259 u\u011furlar arzulay\u0131b. G\u0259nc n\u0259slin formala\u015fmas\u0131nda m\u00fc\u0259lliml\u0259rin misilsiz rolundan s\u00f6z a\u00e7an rektor m\u00fc\u0259llimliyin insan\u0131n \u00f6m\u00fcrl\u00fck missiyas\u0131 oldu\u011funu bildirib. M\u00fc\u0259llimin yaln\u0131z bilik \u00f6t\u00fcr\u0259n deyil, h\u0259m d\u0259 h\u0259yat d\u0259rsi ver\u0259n \u015f\u0259xs oldu\u011funu diqq\u0259t\u0259 \u00e7atd\u0131ran A. Eminov onlar\u0131n \u0259ziyy\u0259tl\u0259rinin \u0259n b\u00f6y\u00fck b\u0259hr\u0259sinin yeti\u015fdirdikl\u0259ri savadl\u0131, vicdanl\u0131 v\u0259 v\u0259t\u0259np\u0259rv\u0259r g\u0259ncl\u0259r oldu\u011funu qeyd edib.<\/p>\n\n\n\n<p>Sonra universitetin \u0259n qocaman m\u00fc\u0259llimi, MDU-nun Xarici dill\u0259r kafedras\u0131n\u0131n dosenti May\u0131l \u0130smay\u0131lov \u00e7\u0131x\u0131\u015f edib. O, m\u00fc\u0259llimlik pe\u015f\u0259sini \u00f6z h\u0259yat\u0131n\u0131n m\u0259nas\u0131 kimi d\u0259y\u0259rl\u0259ndirdiyini bildirib, \u00f6mr\u00fcn\u00fc g\u0259nc n\u0259slin savadl\u0131, v\u0259t\u0259np\u0259rv\u0259r v\u0259 vicdanl\u0131 yeti\u015fm\u0259sin\u0259 h\u0259sr etm\u0259kd\u0259n q\u00fcrur duydu\u011funu vur\u011fulay\u0131b.<\/p>\n\n\n\n<p>\u201cBizim \u0259n b\u00f6y\u00fck m\u00fckafat\u0131m\u0131z yeti\u015fdirdiyimiz t\u0259l\u0259b\u0259l\u0259rin u\u011furlar\u0131d\u0131r\u201d \u2013 dey\u0259n M. \u0130smay\u0131lov m\u00fc\u0259llim ad\u0131n\u0131n h\u0259r zaman uca tutulmas\u0131n\u0131n vacibliyini diqq\u0259t\u0259 \u00e7atd\u0131r\u0131b. O, h\u0259mkarlar\u0131n\u0131 v\u0259 g\u0259nc pedaqoqlar\u0131 Beyn\u0259lxalq M\u00fc\u0259lliml\u0259r G\u00fcn\u00fc m\u00fcnasib\u0259til\u0259 t\u0259brik ed\u0259r\u0259k onlara m\u0259suliyy\u0259tli v\u0259 \u015f\u0259r\u0259fli f\u0259aliyy\u0259tl\u0259rind\u0259 yeni nailiyy\u0259tl\u0259r arzulay\u0131b.<\/p>\n\n\n\n<p>Daha sonra uzun ill\u0259r MDU-da f\u0259aliyy\u0259t g\u00f6st\u0259rmi\u015f v\u0259 haz\u0131rda t\u0259qa\u00fcdd\u0259 olan iki m\u00fc\u0259llim \u2013 K\u0259rim \u018fliyev v\u0259 Afay\u0259t Tanr\u0131verdiyeva universitetin rektoru A. Eminov t\u0259r\u0259find\u0259n F\u0259xri F\u0259rmanla t\u0259ltif edilibl\u0259r. Onlar\u0131n pedaqoji f\u0259aliyy\u0259tin\u0259 v\u0259 universitetin inki\u015faf\u0131na verdikl\u0259ri t\u00f6hf\u0259l\u0259r\u0259 g\u00f6r\u0259 x\u00fcsusi minn\u0259tdarl\u0131q bildirilib.<\/p>\n\n\n\n<p>T\u0259dbir b\u0259dii hiss\u0259 il\u0259 davam edib. B\u0259dii hiss\u0259d\u0259 universitetin t\u0259l\u0259b\u0259l\u0259rinin ifas\u0131nda bayram \u0259hval-ruhiyy\u0259li musiqil\u0259r s\u0259sl\u0259ndirilib, universitet kollektivi il\u0259 birlikd\u0259 r\u0259qsl\u0259r edilib.<\/p>","protected":false},"excerpt":{"rendered":"<p>2025-ci ilin 3 oktyabr tarixind\u0259 Ming\u0259\u00e7evir D\u00f6vl\u0259t Universitetind\u0259 (MDU) Beyn\u0259lxalq M\u00fc\u0259lliml\u0259r G\u00fcn\u00fcn\u0259 h\u0259sr olunmu\u015f bayram t\u0259dbiri ke\u00e7irilib. Universitetin ikinci t\u0259dris binas\u0131n\u0131n h\u0259y\u0259tind\u0259 t\u0259\u015fkil olunan t\u0259dbird\u0259 MDU-nun akademik-inzibati hey\u0259ti, professor-m\u00fc\u0259lliml\u0259ri, t\u0259l\u0259b\u0259 v\u0259 magistrantlar\u0131 i\u015ftirak edibl\u0259r. T\u0259dbir \u00dcmummilli Lider Heyd\u0259r \u018fliyev v\u0259 \u00f6lk\u0259mizin suverenliyi, torpaqlar\u0131m\u0131z\u0131n azadl\u0131\u011f\u0131 u\u011frunda can\u0131ndan ke\u00e7\u0259n \u015f\u0259hidl\u0259rimizin \u0259ziz xatir\u0259sinin bir d\u0259qiq\u0259lik s\u00fckutla yad edilm\u0259si, [&hellip;]<\/p>\n","protected":false},"author":1,"featured_media":72730,"comment_status":"closed","ping_status":"closed","sticky":false,"template":"","format":"gallery","meta":{"_eb_attr":"","ocean_post_layout":"","ocean_both_sidebars_style":"","ocean_both_sidebars_content_width":0,"ocean_both_sidebars_sidebars_width":0,"ocean_sidebar":"","ocean_second_sidebar":"","ocean_disable_margins":"enable","ocean_add_body_class":"","ocean_shortcode_before_top_bar":"","ocean_shortcode_after_top_bar":"","ocean_shortcode_before_header":"","ocean_shortcode_after_header":"","ocean_has_shortcode":"","ocean_shortcode_after_title":"","ocean_shortcode_before_footer_widgets":"","ocean_shortcode_after_footer_widgets":"","ocean_shortcode_before_footer_bottom":"","ocean_shortcode_after_footer_bottom":"","ocean_display_top_bar":"default","ocean_display_header":"default","ocean_header_style":"","ocean_center_header_left_menu":"","ocean_custom_header_template":"","ocean_custom_logo":0,"ocean_custom_retina_logo":0,"ocean_custom_logo_max_width":0,"ocean_custom_logo_tablet_max_width":0,"ocean_custom_logo_mobile_max_width":0,"ocean_custom_logo_max_height":0,"ocean_custom_logo_tablet_max_height":0,"ocean_custom_logo_mobile_max_height":0,"ocean_header_custom_menu":"","ocean_menu_typo_font_family":"","ocean_menu_typo_font_subset":"","ocean_menu_typo_font_size":0,"ocean_menu_typo_font_size_tablet":0,"ocean_menu_typo_font_size_mobile":0,"ocean_menu_typo_font_size_unit":"px","ocean_menu_typo_font_weight":"","ocean_menu_typo_font_weight_tablet":"","ocean_menu_typo_font_weight_mobile":"","ocean_menu_typo_transform":"","ocean_menu_typo_transform_tablet":"","ocean_menu_typo_transform_mobile":"","ocean_menu_typo_line_height":0,"ocean_menu_typo_line_height_tablet":0,"ocean_menu_typo_line_height_mobile":0,"ocean_menu_typo_line_height_unit":"","ocean_menu_typo_spacing":0,"ocean_menu_typo_spacing_tablet":0,"ocean_menu_typo_spacing_mobile":0,"ocean_menu_typo_spacing_unit":"","ocean_menu_link_color":"","ocean_menu_link_color_hover":"","ocean_menu_link_color_active":"","ocean_menu_link_background":"","ocean_menu_link_hover_background":"","ocean_menu_link_active_background":"","ocean_menu_social_links_bg":"","ocean_menu_social_hover_links_bg":"","ocean_menu_social_links_color":"","ocean_menu_social_hover_links_color":"","ocean_disable_title":"default","ocean_disable_heading":"default","ocean_post_title":"","ocean_post_subheading":"","ocean_post_title_style":"","ocean_post_title_background_color":"","ocean_post_title_background":0,"ocean_post_title_bg_image_position":"","ocean_post_title_bg_image_attachment":"","ocean_post_title_bg_image_repeat":"","ocean_post_title_bg_image_size":"","ocean_post_title_height":0,"ocean_post_title_bg_overlay":0.5,"ocean_post_title_bg_overlay_color":"","ocean_disable_breadcrumbs":"default","ocean_breadcrumbs_color":"","ocean_breadcrumbs_separator_color":"","ocean_breadcrumbs_links_color":"","ocean_breadcrumbs_links_hover_color":"","ocean_display_footer_widgets":"default","ocean_display_footer_bottom":"default","ocean_custom_footer_template":"","ocean_post_oembed":"","ocean_post_self_hosted_media":"","ocean_post_video_embed":"","ocean_link_format":"","ocean_link_format_target":"self","ocean_quote_format":"","ocean_quote_format_link":"post","ocean_gallery_link_images":"on","ocean_gallery_id":[72730,72731,72732,72733,72734,72735,72736,72737,72738,72739,72740,72741,72742,72743,72744,72745,72746,72747,72748,72749,72750,72751,72752,72753,72754,72755,72756],"footnotes":""},"categories":[31],"tags":[],"class_list":["post-81160","post","type-post","status-publish","format-gallery","has-post-thumbnail","hentry","category-mdu_xeberleri","post_format-post-format-gallery","entry","has-media"],"_links":{"self":[{"href":"https:\/\/mdu.edu.az\/en\/wp-json\/wp\/v2\/posts\/81160","targetHints":{"allow":["GET"]}}],"collection":[{"href":"https:\/\/mdu.edu.az\/en\/wp-json\/wp\/v2\/posts"}],"about":[{"href":"https:\/\/mdu.edu.az\/en\/wp-json\/wp\/v2\/types\/post"}],"author":[{"embeddable":true,"href":"https:\/\/mdu.edu.az\/en\/wp-json\/wp\/v2\/users\/1"}],"replies":[{"embeddable":true,"href":"https:\/\/mdu.edu.az\/en\/wp-json\/wp\/v2\/comments?post=81160"}],"version-history":[{"count":0,"href":"https:\/\/mdu.edu.az\/en\/wp-json\/wp\/v2\/posts\/81160\/revisions"}],"wp:featuredmedia":[{"embeddable":true,"href":"https:\/\/mdu.edu.az\/en\/wp-json\/"}],"wp:attachment":[{"href":"https:\/\/mdu.edu.az\/en\/wp-json\/wp\/v2\/media?parent=81160"}],"wp:term":[{"taxonomy":"category","embeddable":true,"href":"https:\/\/mdu.edu.az\/en\/wp-json\/wp\/v2\/categories?post=81160"},{"taxonomy":"post_tag","embeddable":true,"href":"https:\/\/mdu.edu.az\/en\/wp-json\/wp\/v2\/tags?post=81160"}],"curies":[{"name":"wp","href":"https:\/\/api.w.org\/{rel}","templated":true}]}}