{"id":82034,"date":"2025-11-06T13:21:39","date_gmt":"2025-11-06T10:21:39","guid":{"rendered":"https:\/\/mdu.edu.az\/?p=73798"},"modified":"2025-11-06T13:21:39","modified_gmt":"2025-11-06T10:21:39","slug":"zfr_gn_tdbr_06-11-25","status":"publish","type":"post","link":"https:\/\/mdu.edu.az\/en\/zfr_gn_tdbr_06-11-25\/","title":{"rendered":"Ming\u0259\u00e7evir D\u00f6vl\u0259t Universitetind\u0259 Z\u0259f\u0259r G\u00fcn\u00fc co\u015fqusu: \u015eanl\u0131 Q\u0259l\u0259b\u0259nin \u0259z\u0259m\u0259tin\u0259 h\u0259sr olunmu\u015f \u0259d\u0259bi-b\u0259dii t\u0259dbir"},"content":{"rendered":"<p>2025-ci ilin 6 noyabr tarixind\u0259 Ming\u0259\u00e7evir D\u00f6vl\u0259t Universitetind\u0259 (MDU) \u201cKonstitusiya v\u0259 Suverenlik \u0130li\u201d \u00e7\u0259r\u00e7iv\u0259sind\u0259 V\u0259t\u0259n m\u00fcharib\u0259sind\u0259 \u0259ld\u0259 edil\u0259n z\u0259f\u0259rin 5 illik yubileyi m\u00fcnasib\u0259til\u0259 &#8220;Qaraba\u011f Az\u0259rbaycand\u0131r &#8211; Z\u0259f\u0259rin s\u0259das\u0131&#8221; adl\u0131 \u0259d\u0259bi-b\u0259dii t\u0259dbir ke\u00e7irilib.<\/p>\n\n\n\n<p>Universitetin akt zal\u0131nda ke\u00e7iril\u0259n Ming\u0259\u00e7evir \u015f\u0259h\u0259r \u0130cra Hakimiyy\u0259tinin ba\u015f\u00e7\u0131s\u0131 \u0130lham \u0130smay\u0131lov, Milli Q\u0259hr\u0259man Natiq Qas\u0131movun qarda\u015f\u0131 Nof\u0259l Qas\u0131mov, \u015f\u0259hid ail\u0259l\u0259rinin \u00fczvl\u0259ri, qazil\u0259r, \u015f\u0259h\u0259rin bir qrup r\u0259hb\u0259r \u015f\u0259xsl\u0259ri, el\u0259c\u0259 d\u0259 MDU-nun akademik-inzibati hey\u0259ti, t\u0259l\u0259b\u0259 v\u0259 magistrantlar\u0131 i\u015ftirak etdil\u0259r.<\/p>\n\n\n\n<p>T\u0259dbir \u00f6nc\u0259si Ulu \u00d6nd\u0259r Heyd\u0259r \u018fliyevin b\u00fcst\u00fc \u00f6n\u00fcn\u0259 g\u00fcl d\u0259st\u0259l\u0259ri d\u00fcz\u00fcl\u00fcb, d\u0259rin h\u00f6rm\u0259t v\u0259 ehtiramla an\u0131l\u0131b. Daha sonra MDU-nun h\u0259y\u0259tind\u0259 t\u0259l\u0259b\u0259l\u0259rin Z\u0259f\u0259r G\u00fcn\u00fcn\u0259 h\u0259sr olunmu\u015f r\u0259sml\u0259rind\u0259n ibar\u0259t s\u0259rgi i\u015ftirak\u00e7\u0131lar t\u0259r\u0259find\u0259n ziyar\u0259t olunub.<\/p>\n\n\n\n<p>T\u0259dbir Az\u0259rbaycan Respublikas\u0131n\u0131n D\u00f6vl\u0259t Himninin s\u0259sl\u0259ndirilm\u0259si, \u00dcmummilli Lider Heyd\u0259r \u018fliyev v\u0259 V\u0259t\u0259n u\u011frunda can\u0131ndan ke\u00e7\u0259n \u015f\u0259hidl\u0259rimizin xatir\u0259sinin bir d\u0259qiq\u0259lik s\u00fckutla yad edilm\u0259si il\u0259 ba\u015flan\u0131b.<\/p>\n\n\n\n<p>Ard\u0131nca Z\u0259f\u0259r G\u00fcn\u00fcn\u0259 h\u0259sr edilmi\u015f video\u00e7arx n\u00fcmayi\u015f etdirilib.<\/p>\n\n\n\n<p>T\u0259dbird\u0259 a\u00e7\u0131l\u0131\u015f nitqi il\u0259 \u00e7\u0131x\u0131\u015f ed\u0259n Ming\u0259\u00e7evir \u015f\u0259h\u0259r \u0130cra Hakimiyy\u0259tinin ba\u015f\u00e7\u0131s\u0131 &nbsp;\u0130lham \u0130smay\u0131lov xalq\u0131m\u0131z\u0131n q\u0259hr\u0259manl\u0131q tarixinin \u0259n \u015fanl\u0131 s\u0259hif\u0259l\u0259rind\u0259n biri olan 8 Noyabr \u2013 Z\u0259f\u0259r G\u00fcn\u00fcn\u00fcn \u0259h\u0259miyy\u0259tind\u0259n b\u0259hs edib. O, \u00dcmummilli Lider Heyd\u0259r \u018fliyevin m\u00fc\u0259yy\u0259nl\u0259\u015fdirdiyi d\u00f6vl\u0259t\u00e7ilik kursunun, milli h\u0259mr\u0259yliyin v\u0259 m\u00fcst\u0259qil Az\u0259rbaycan d\u00f6vl\u0259tinin m\u00f6hk\u0259ml\u0259ndirilm\u0259si istiqam\u0259tind\u0259 apard\u0131\u011f\u0131 uzaqg\u00f6r\u0259n siyas\u0259tin bu Z\u0259f\u0259rin t\u0259m\u0259lini qoydu\u011funu vur\u011fulay\u0131b. Qeyd edib ki, Ulu \u00d6nd\u0259rin m\u00fcdrik ideyalar\u0131 v\u0259 milli ordunun yarad\u0131lmas\u0131 sah\u0259sind\u0259 atd\u0131\u011f\u0131 m\u00fch\u00fcm add\u0131mlar sonrak\u0131 ill\u0259rd\u0259 \u00f6lk\u0259mizin h\u0259rbi v\u0259 siyasi q\u00fcdr\u0259tinin \u0259sas\u0131n\u0131 formala\u015fd\u0131r\u0131b. O qeyd edib ki, M\u00fcz\u0259ff\u0259r Ali Ba\u015f Komandan \u0130lham \u018fliyevin r\u0259hb\u0259rliyi il\u0259 qazan\u0131lan B\u00f6y\u00fck Q\u0259l\u0259b\u0259, Ulu \u00d6nd\u0259r Heyd\u0259r \u018fliyevin ideyalar\u0131n\u0131n v\u0259 m\u00fc\u0259yy\u0259n etdiyi inki\u015faf yolunun m\u0259ntiqi n\u0259tic\u0259sidir. Bu Q\u0259l\u0259b\u0259 Az\u0259rbaycan xalq\u0131n\u0131n birliyinin, d\u00f6vl\u0259timizin g\u00fcc\u00fcn\u00fcn v\u0259 ordumuzun r\u0259\u015fad\u0259tinin t\u0259nt\u0259n\u0259sidir. Sonda \u0130lham \u0130smay\u0131lov \u015f\u0259hid ail\u0259l\u0259rin\u0259 v\u0259 qazil\u0259r\u0259 g\u00f6st\u0259ril\u0259n d\u00f6vl\u0259t qay\u011f\u0131s\u0131n\u0131n Prezident \u0130lham \u018fliyev v\u0259 Birinci vitse-prezident Mehriban \u018fliyevan\u0131n insanp\u0259rv\u0259r v\u0259 m\u0259rh\u0259m\u0259tli siyas\u0259tinin m\u00fch\u00fcm istiqam\u0259tl\u0259rind\u0259n biri oldu\u011funu diqq\u0259t\u0259 \u00e7atd\u0131r\u0131b.<\/p>\n\n\n\n<p>Sonra, MDU-nun rektoru Anar Eminov \u00e7\u0131x\u0131\u015f ed\u0259r\u0259k Z\u0259f\u0259r G\u00fcn\u00fcn\u00fcn d\u00f6vl\u0259t\u00e7ilik tariximizd\u0259 \u0259b\u0259di q\u00fcrur v\u0259 \u015f\u0259r\u0259f g\u00fcn\u00fc kimi qeyd olundu\u011funu bildirib. Rektor vur\u011fulay\u0131b ki, V\u0259t\u0259n m\u00fcharib\u0259sind\u0259 can\u0131n\u0131 f\u0259da ed\u0259n \u015f\u0259hidl\u0259rimizin q\u0259hr\u0259manl\u0131\u011f\u0131, Az\u0259rbaycan Ordusunun igidliyi v\u0259 xalq\u0131n sars\u0131lmaz birliyi \u00f6lk\u0259mizin \u0259razi b\u00fct\u00f6vl\u00fcy\u00fcn\u00fc t\u0259min ed\u0259n Z\u0259f\u0259ri m\u00fcmk\u00fcn edib. O, h\u0259m\u00e7inin MDU ail\u0259sinin \u015f\u0259hid m\u0259zunlar\u0131 v\u0259 m\u00fcharib\u0259 i\u015ftirak\u00e7\u0131s\u0131 \u0259m\u0259kda\u015flar\u0131 il\u0259 daim q\u00fcrur duydu\u011funu, onlar\u0131n xatir\u0259sinin universitetd\u0259 \u0259ziz tutuldu\u011funu qeyd edib.<\/p>\n\n\n\n<p>T\u0259dbird\u0259 Milli Q\u0259hr\u0259man Natiq Qas\u0131movun qarda\u015f\u0131 Nof\u0259l Qas\u0131mov, \u015f\u0259hid m\u0259zun K\u0259nan Abdullayevin anas\u0131 Azad\u0259 Abdullayeva v\u0259 \u015f\u0259hid m\u0259zun \u018fz\u0259mi H\u00fcseynovun bac\u0131s\u0131 \u0130lah\u0259 H\u00fcseynova \u00e7\u0131x\u0131\u015f ed\u0259r\u0259k, \u015f\u0259hidl\u0259rin m\u00fcq\u0259dd\u0259s ad\u0131n\u0131n xalq\u0131m\u0131z\u0131n yadda\u015f\u0131nda daim ya\u015fayaca\u011f\u0131n\u0131 v\u0259 onlar\u0131n f\u0259dakarl\u0131\u011f\u0131n\u0131n g\u0259ncl\u0259r \u00fc\u00e7\u00fcn \u0259sl v\u0259t\u0259np\u0259rv\u0259rlik n\u00fcmun\u0259si oldu\u011funu s\u00f6yl\u0259yibl\u0259r.<\/p>\n\n\n\n<p>T\u0259dbirin davam\u0131nda MDU-nun \u015f\u0259hid m\u0259zunlar\u0131, m\u00fcharib\u0259 i\u015ftirak\u00e7\u0131s\u0131 \u0259m\u0259kda\u015f v\u0259 t\u0259l\u0259b\u0259l\u0259rin\u0259 h\u0259sr olunan \u201cSon d\u0259rs: V\u0259t\u0259n!\u201d kitab\u0131n\u0131n t\u0259qdimat\u0131 olub. Kitab\u0131n m\u00fc\u0259llifl\u0259ri MDU-nun m\u00fc\u0259lliml\u0259ri Ayg\u00fcn Q\u0259dirova v\u0259 S\u0259ad\u0259t A\u011faki\u015fiyeva, t\u0259l\u0259b\u0259l\u0259r \u018ffqan M\u0259mm\u0259dov v\u0259 Banu Abdullayevad\u0131r. Kitab\u0131n n\u00fcsx\u0259l\u0259ri \u0130lham \u0130smay\u0131lova, Nof\u0259l Qas\u0131mova v\u0259 \u015f\u0259hid ail\u0259l\u0259rinin \u00fczvl\u0259rin\u0259 t\u0259qdim edilib.<\/p>\n\n\n\n<p>T\u0259dbirin b\u0259dii hiss\u0259sind\u0259 t\u0259l\u0259b\u0259l\u0259r v\u0259t\u0259np\u0259rv\u0259rlik ruhunda \u015feirl\u0259r s\u0259sl\u0259ndirib, musiqi n\u00f6mr\u0259l\u0259ri v\u0259 r\u0259qs kompozisiyalar\u0131 il\u0259 \u00e7\u0131x\u0131\u015f edibl\u0259r.<\/p>\n\n\n\n<p>Qeyd ed\u0259k ki, \u201cKonstitusiya v\u0259 Suverenlik \u0130li\u201d \u00e7\u0259r\u00e7iv\u0259sind\u0259 MDU-da m\u00fcxt\u0259lif t\u0259dbirl\u0259r ke\u00e7irilir.<\/p>","protected":false},"excerpt":{"rendered":"<p>2025-ci ilin 6 noyabr tarixind\u0259 Ming\u0259\u00e7evir D\u00f6vl\u0259t Universitetind\u0259 (MDU) \u201cKonstitusiya v\u0259 Suverenlik \u0130li\u201d \u00e7\u0259r\u00e7iv\u0259sind\u0259 V\u0259t\u0259n m\u00fcharib\u0259sind\u0259 \u0259ld\u0259 edil\u0259n z\u0259f\u0259rin 5 illik yubileyi m\u00fcnasib\u0259til\u0259 &#8220;Qaraba\u011f Az\u0259rbaycand\u0131r &#8211; Z\u0259f\u0259rin s\u0259das\u0131&#8221; adl\u0131 \u0259d\u0259bi-b\u0259dii t\u0259dbir ke\u00e7irilib. Universitetin akt zal\u0131nda ke\u00e7iril\u0259n Ming\u0259\u00e7evir \u015f\u0259h\u0259r \u0130cra Hakimiyy\u0259tinin ba\u015f\u00e7\u0131s\u0131 \u0130lham \u0130smay\u0131lov, Milli Q\u0259hr\u0259man Natiq Qas\u0131movun qarda\u015f\u0131 Nof\u0259l Qas\u0131mov, \u015f\u0259hid ail\u0259l\u0259rinin \u00fczvl\u0259ri, qazil\u0259r, \u015f\u0259h\u0259rin [&hellip;]<\/p>\n","protected":false},"author":1,"featured_media":73818,"comment_status":"closed","ping_status":"closed","sticky":false,"template":"","format":"gallery","meta":{"_eb_attr":"","ocean_post_layout":"","ocean_both_sidebars_style":"","ocean_both_sidebars_content_width":0,"ocean_both_sidebars_sidebars_width":0,"ocean_sidebar":"","ocean_second_sidebar":"","ocean_disable_margins":"enable","ocean_add_body_class":"","ocean_shortcode_before_top_bar":"","ocean_shortcode_after_top_bar":"","ocean_shortcode_before_header":"","ocean_shortcode_after_header":"","ocean_has_shortcode":"","ocean_shortcode_after_title":"","ocean_shortcode_before_footer_widgets":"","ocean_shortcode_after_footer_widgets":"","ocean_shortcode_before_footer_bottom":"","ocean_shortcode_after_footer_bottom":"","ocean_display_top_bar":"default","ocean_display_header":"default","ocean_header_style":"","ocean_center_header_left_menu":"","ocean_custom_header_template":"","ocean_custom_logo":0,"ocean_custom_retina_logo":0,"ocean_custom_logo_max_width":0,"ocean_custom_logo_tablet_max_width":0,"ocean_custom_logo_mobile_max_width":0,"ocean_custom_logo_max_height":0,"ocean_custom_logo_tablet_max_height":0,"ocean_custom_logo_mobile_max_height":0,"ocean_header_custom_menu":"","ocean_menu_typo_font_family":"","ocean_menu_typo_font_subset":"","ocean_menu_typo_font_size":0,"ocean_menu_typo_font_size_tablet":0,"ocean_menu_typo_font_size_mobile":0,"ocean_menu_typo_font_size_unit":"px","ocean_menu_typo_font_weight":"","ocean_menu_typo_font_weight_tablet":"","ocean_menu_typo_font_weight_mobile":"","ocean_menu_typo_transform":"","ocean_menu_typo_transform_tablet":"","ocean_menu_typo_transform_mobile":"","ocean_menu_typo_line_height":0,"ocean_menu_typo_line_height_tablet":0,"ocean_menu_typo_line_height_mobile":0,"ocean_menu_typo_line_height_unit":"","ocean_menu_typo_spacing":0,"ocean_menu_typo_spacing_tablet":0,"ocean_menu_typo_spacing_mobile":0,"ocean_menu_typo_spacing_unit":"","ocean_menu_link_color":"","ocean_menu_link_color_hover":"","ocean_menu_link_color_active":"","ocean_menu_link_background":"","ocean_menu_link_hover_background":"","ocean_menu_link_active_background":"","ocean_menu_social_links_bg":"","ocean_menu_social_hover_links_bg":"","ocean_menu_social_links_color":"","ocean_menu_social_hover_links_color":"","ocean_disable_title":"default","ocean_disable_heading":"default","ocean_post_title":"","ocean_post_subheading":"","ocean_post_title_style":"","ocean_post_title_background_color":"","ocean_post_title_background":0,"ocean_post_title_bg_image_position":"","ocean_post_title_bg_image_attachment":"","ocean_post_title_bg_image_repeat":"","ocean_post_title_bg_image_size":"","ocean_post_title_height":0,"ocean_post_title_bg_overlay":0.5,"ocean_post_title_bg_overlay_color":"","ocean_disable_breadcrumbs":"default","ocean_breadcrumbs_color":"","ocean_breadcrumbs_separator_color":"","ocean_breadcrumbs_links_color":"","ocean_breadcrumbs_links_hover_color":"","ocean_display_footer_widgets":"default","ocean_display_footer_bottom":"default","ocean_custom_footer_template":"","ocean_post_oembed":"","ocean_post_self_hosted_media":"","ocean_post_video_embed":"","ocean_link_format":"","ocean_link_format_target":"self","ocean_quote_format":"","ocean_quote_format_link":"post","ocean_gallery_link_images":"on","ocean_gallery_id":[73799,73800,73801,73802,73803,73804,73805,73806,73807,73808,73809,73810,73811,73812,73813,73814,73815,73816,73817,73818,73819,73820,73821,73822],"footnotes":""},"categories":[117,108],"tags":[],"class_list":["post-82034","post","type-post","status-publish","format-gallery","has-post-thumbnail","hentry","category-vtn-muharibsi","category-vtnprvrlik","post_format-post-format-gallery","entry","has-media"],"_links":{"self":[{"href":"https:\/\/mdu.edu.az\/en\/wp-json\/wp\/v2\/posts\/82034","targetHints":{"allow":["GET"]}}],"collection":[{"href":"https:\/\/mdu.edu.az\/en\/wp-json\/wp\/v2\/posts"}],"about":[{"href":"https:\/\/mdu.edu.az\/en\/wp-json\/wp\/v2\/types\/post"}],"author":[{"embeddable":true,"href":"https:\/\/mdu.edu.az\/en\/wp-json\/wp\/v2\/users\/1"}],"replies":[{"embeddable":true,"href":"https:\/\/mdu.edu.az\/en\/wp-json\/wp\/v2\/comments?post=82034"}],"version-history":[{"count":0,"href":"https:\/\/mdu.edu.az\/en\/wp-json\/wp\/v2\/posts\/82034\/revisions"}],"wp:featuredmedia":[{"embeddable":true,"href":"https:\/\/mdu.edu.az\/en\/wp-json\/"}],"wp:attachment":[{"href":"https:\/\/mdu.edu.az\/en\/wp-json\/wp\/v2\/media?parent=82034"}],"wp:term":[{"taxonomy":"category","embeddable":true,"href":"https:\/\/mdu.edu.az\/en\/wp-json\/wp\/v2\/categories?post=82034"},{"taxonomy":"post_tag","embeddable":true,"href":"https:\/\/mdu.edu.az\/en\/wp-json\/wp\/v2\/tags?post=82034"}],"curies":[{"name":"wp","href":"https:\/\/api.w.org\/{rel}","templated":true}]}}