{"id":82129,"date":"2026-01-19T13:13:00","date_gmt":"2026-01-19T10:13:00","guid":{"rendered":"https:\/\/mdu.edu.az\/?p=75086"},"modified":"2026-02-11T15:01:41","modified_gmt":"2026-02-11T12:01:41","slug":"20_yanvar_konfrans_19-01-26","status":"publish","type":"post","link":"https:\/\/mdu.edu.az\/en\/20_yanvar_konfrans_19-01-26\/","title":{"rendered":"Ming\u0259\u00e7evir D\u00f6vl\u0259t Unversitetind\u0259 \u201cQanl\u0131 Yanvar \u2013 Q\u00fcrur v\u0259 q\u0259hr\u0259manl\u0131q g\u00fcn\u00fc\u201d m\u00f6vzusunda konfrans ke\u00e7irilib"},"content":{"rendered":"<p>2026-c\u0131 iln 19 yanvar tarixind\u0259 Ming\u0259\u00e7evir D\u00f6vl\u0259t Universitetind\u0259 20 Yanvar faci\u0259sinin 36-c\u0131 ild\u00f6n\u00fcm\u00fcn\u0259 h\u0259sr olunmu\u015f \u201cQanl\u0131 Yanvar \u2013 Q\u00fcrur v\u0259 q\u0259hr\u0259manl\u0131q g\u00fcn\u00fc\u201d m\u00f6vzusunda konfrans ke\u00e7irilib.<\/p>\n\n\n\n<p>T\u0259dbird\u0259n \u00f6nc\u0259 \u00dcmummilli lider Heyd\u0259r \u018fliyevin Ming\u0259\u00e7evir D\u00f6vl\u0259t Universitetind\u0259 yerl\u0259\u015f\u0259n b\u00fcst\u00fc \u00f6n\u00fcn\u0259 g\u00fcl d\u0259st\u0259l\u0259ri d\u00fcz\u00fcl\u0259r\u0259k dahi \u015f\u0259xsiyy\u0259tin xatir\u0259si d\u0259rin h\u00f6rm\u0259t v\u0259 ehtiramla yad edilib.<\/p>\n\n\n\n<p>Konfrans \u00dcmummilli lider Heyd\u0259r \u018fliyev v\u0259 torpaqlar\u0131m\u0131z\u0131n azadl\u0131\u011f\u0131 u\u011frunda can\u0131ndan ke\u00e7mi\u015f \u015f\u0259hidl\u0259rin \u0259ziz xatir\u0259sinin bir d\u0259qiq\u0259lik s\u00fckutla yad edilm\u0259si v\u0259 Az\u0259rbaycan Respublikas\u0131n\u0131n D\u00f6vl\u0259t Himnin s\u0259sl\u0259ndirilm\u0259si il\u0259 ba\u015flay\u0131b.<\/p>\n\n\n\n<p>T\u0259dbiri giri\u015f s\u00f6z\u00fc il\u0259 a\u00e7an Ming\u0259\u00e7evir D\u00f6vl\u0259t Universitetinin rektoru Anar Eminov 20 Yanvar hadis\u0259l\u0259rinin xalq\u0131m\u0131z\u0131n azadl\u0131q irad\u0259sinin, milli birliyinin v\u0259 m\u00fcbariz\u0259 ruhunun parlaq t\u0259c\u0259ss\u00fcm\u00fc oldu\u011funu bildirib, bu faci\u0259nin Az\u0259rbaycan\u0131n m\u00fcst\u0259qillik yolunda d\u00f6n\u00fc\u015f n\u00f6qt\u0259si oldu\u011funu vur\u011fulay\u0131b.<\/p>\n\n\n\n<p>Rektor \u00e7\u0131x\u0131\u015f\u0131nda \u00dcmummilli lider Heyd\u0259r \u018fliyevin 20 Yanvar faci\u0259sin\u0259 verdiyi tarixi-siyasi qiym\u0259t\u0259 x\u00fcsusi yer ay\u0131raraq qeyd edib ki, Heyd\u0259r \u018fliyev Moskvada verdiyi b\u0259yanatla bu cinay\u0259ti a\u00e7\u0131q \u015f\u0259kild\u0259 pisl\u0259mi\u015f, xalq\u0131n haqq s\u0259sini d\u00fcnyaya \u00e7atd\u0131rm\u0131\u015f v\u0259 1994-c\u00fc ild\u0259 hadis\u0259l\u0259r\u0259 d\u00f6vl\u0259t s\u0259viyy\u0259sind\u0259 siyasi-h\u00fcquqi status verilm\u0259sin\u0259 nail olmu\u015fdur.<\/p>\n\n\n\n<p>Eyni zamanda vur\u011fulan\u0131b ki, Prezident \u0130lham \u018fliyevin r\u0259hb\u0259rliyi il\u0259 20 Yanvar \u015f\u0259hidl\u0259rinin xatir\u0259sinin \u0259b\u0259dil\u0259\u015fdirilm\u0259si, \u015e\u0259hidl\u0259r xiyaban\u0131n\u0131n qorunmas\u0131 v\u0259 \u015f\u0259hid ail\u0259l\u0259rin\u0259 g\u00f6st\u0259ril\u0259n diqq\u0259t v\u0259 qay\u011f\u0131 bu siyas\u0259tin ard\u0131c\u0131l \u015f\u0259kild\u0259 davam etdirildiyini n\u00fcmayi\u015f etdirir. Rektor bildirib ki, bu, \u00dcmummilli lider Heyd\u0259r \u018fliyevin m\u00fc\u0259yy\u0259nl\u0259\u015fdirdiyi strateji x\u0259ttin u\u011furla davam\u0131d\u0131r.<\/p>\n\n\n\n<p>Daha sonra 20 Yanvar faci\u0259sin\u0259 h\u0259sr olunmu\u015f video\u00e7arx n\u00fcmayi\u015f etdirilib.<\/p>\n\n\n\n<p>Konfrans universitetin m\u00fc\u0259lliml\u0259rinin m\u0259ruz\u0259l\u0259ri il\u0259 davam edib. S\u0259ma S\u00fcleymanova \u201c20 Yanvar \u2013 milli irad\u0259 v\u0259 imperiya zorak\u0131l\u0131\u011f\u0131na siyasi bax\u0131\u015f\u201d, dos. G\u00fcnel Yunusova \u201cQan v\u0259 q\u0259l\u0259m: 20 Yanvar\u0131n b\u0259dii yadda\u015f\u0131\u201d, Tural H\u0259s\u0259nqarayev \u201c20 Yanvar hadis\u0259l\u0259rinin s\u0259n\u0259dl\u0259\u015fm\u0259sind\u0259 m\u0259tbuat\u0131n tarixi rolu\u201d v\u0259 Gulnar M\u0259mm\u0259dova \u201cKollektiv travma v\u0259 milli kimlik: 20 Yanvar hadis\u0259l\u0259rinin psixoloji analizi\u201d m\u00f6vzular\u0131nda m\u0259ruz\u0259l\u0259rl\u0259 \u00e7\u0131x\u0131\u015f edibl\u0259r.<\/p>\n\n\n\n<p>Sonda m\u00f6vzu \u0259traf\u0131nda geni\u015f m\u00fczakir\u0259l\u0259r apar\u0131l\u0131b. M\u00fczakir\u0259l\u0259r zaman\u0131 Humanitar f\u0259nl\u0259r kafedras\u0131n\u0131n m\u00fcdiri Esmira C\u0259f\u0259rova, kafedran\u0131n m\u00fc\u0259lliml\u0259ri Mirz\u0259 Cavadov v\u0259 \u0130lham M\u0259mm\u0259dov m\u00f6vzu il\u0259 ba\u011fl\u0131 faktlardan s\u00f6hb\u0259t a\u00e7\u0131blar, 20 Yanvar faci\u0259sinin tarixi-siyasi mahiyy\u0259tini, onun m\u00fcst\u0259qillik yolunda d\u00f6n\u00fc\u015f n\u00f6qt\u0259si oldu\u011funu vur\u011fulay\u0131blar v\u0259 \u00dcmummilli lider Heyd\u0259r \u018fliyevin bu faci\u0259y\u0259 verdiyi siyasi-h\u00fcquqi qiym\u0259tin \u0259h\u0259miyy\u0259tini x\u00fcsusi qeyd edibl\u0259r.<\/p>\n\n\n\n<p>&nbsp;20 Yanvar \u015f\u0259hidl\u0259rinin xatir\u0259sinin daim uca tutulmas\u0131n\u0131n vacibliyi vur\u011fulan\u0131b.<\/p>\n\n\n\n<p>Qeyd ed\u0259k ki, MDU-da 20 Yanvar faci\u0259sinin 36-c\u0131 ild\u00f6n\u00fcm\u00fcn\u0259 h\u0259sr olunmu\u015f silsil\u0259 t\u0259dbirl\u0259r ke\u00e7irilir.<\/p>","protected":false},"excerpt":{"rendered":"<p>2026-c\u0131 iln 19 yanvar tarixind\u0259 Ming\u0259\u00e7evir D\u00f6vl\u0259t Universitetind\u0259 20 Yanvar faci\u0259sinin 36-c\u0131 ild\u00f6n\u00fcm\u00fcn\u0259 h\u0259sr olunmu\u015f \u201cQanl\u0131 Yanvar \u2013 Q\u00fcrur v\u0259 q\u0259hr\u0259manl\u0131q g\u00fcn\u00fc\u201d m\u00f6vzusunda konfrans ke\u00e7irilib. T\u0259dbird\u0259n \u00f6nc\u0259 \u00dcmummilli lider Heyd\u0259r \u018fliyevin Ming\u0259\u00e7evir D\u00f6vl\u0259t Universitetind\u0259 yerl\u0259\u015f\u0259n b\u00fcst\u00fc \u00f6n\u00fcn\u0259 g\u00fcl d\u0259st\u0259l\u0259ri d\u00fcz\u00fcl\u0259r\u0259k dahi \u015f\u0259xsiyy\u0259tin xatir\u0259si d\u0259rin h\u00f6rm\u0259t v\u0259 ehtiramla yad edilib. Konfrans \u00dcmummilli lider Heyd\u0259r \u018fliyev v\u0259 [&hellip;]<\/p>\n","protected":false},"author":1,"featured_media":83423,"comment_status":"closed","ping_status":"closed","sticky":false,"template":"","format":"gallery","meta":{"_eb_attr":"","ocean_post_layout":"","ocean_both_sidebars_style":"","ocean_both_sidebars_content_width":0,"ocean_both_sidebars_sidebars_width":0,"ocean_sidebar":"","ocean_second_sidebar":"","ocean_disable_margins":"enable","ocean_add_body_class":"","ocean_shortcode_before_top_bar":"","ocean_shortcode_after_top_bar":"","ocean_shortcode_before_header":"","ocean_shortcode_after_header":"","ocean_has_shortcode":"","ocean_shortcode_after_title":"","ocean_shortcode_before_footer_widgets":"","ocean_shortcode_after_footer_widgets":"","ocean_shortcode_before_footer_bottom":"","ocean_shortcode_after_footer_bottom":"","ocean_display_top_bar":"default","ocean_display_header":"default","ocean_header_style":"","ocean_center_header_left_menu":"","ocean_custom_header_template":"","ocean_custom_logo":0,"ocean_custom_retina_logo":0,"ocean_custom_logo_max_width":0,"ocean_custom_logo_tablet_max_width":0,"ocean_custom_logo_mobile_max_width":0,"ocean_custom_logo_max_height":0,"ocean_custom_logo_tablet_max_height":0,"ocean_custom_logo_mobile_max_height":0,"ocean_header_custom_menu":"","ocean_menu_typo_font_family":"","ocean_menu_typo_font_subset":"","ocean_menu_typo_font_size":0,"ocean_menu_typo_font_size_tablet":0,"ocean_menu_typo_font_size_mobile":0,"ocean_menu_typo_font_size_unit":"px","ocean_menu_typo_font_weight":"","ocean_menu_typo_font_weight_tablet":"","ocean_menu_typo_font_weight_mobile":"","ocean_menu_typo_transform":"","ocean_menu_typo_transform_tablet":"","ocean_menu_typo_transform_mobile":"","ocean_menu_typo_line_height":0,"ocean_menu_typo_line_height_tablet":0,"ocean_menu_typo_line_height_mobile":0,"ocean_menu_typo_line_height_unit":"","ocean_menu_typo_spacing":0,"ocean_menu_typo_spacing_tablet":0,"ocean_menu_typo_spacing_mobile":0,"ocean_menu_typo_spacing_unit":"","ocean_menu_link_color":"","ocean_menu_link_color_hover":"","ocean_menu_link_color_active":"","ocean_menu_link_background":"","ocean_menu_link_hover_background":"","ocean_menu_link_active_background":"","ocean_menu_social_links_bg":"","ocean_menu_social_hover_links_bg":"","ocean_menu_social_links_color":"","ocean_menu_social_hover_links_color":"","ocean_disable_title":"default","ocean_disable_heading":"default","ocean_post_title":"","ocean_post_subheading":"","ocean_post_title_style":"","ocean_post_title_background_color":"","ocean_post_title_background":0,"ocean_post_title_bg_image_position":"","ocean_post_title_bg_image_attachment":"","ocean_post_title_bg_image_repeat":"","ocean_post_title_bg_image_size":"","ocean_post_title_height":0,"ocean_post_title_bg_overlay":0.5,"ocean_post_title_bg_overlay_color":"","ocean_disable_breadcrumbs":"default","ocean_breadcrumbs_color":"","ocean_breadcrumbs_separator_color":"","ocean_breadcrumbs_links_color":"","ocean_breadcrumbs_links_hover_color":"","ocean_display_footer_widgets":"default","ocean_display_footer_bottom":"default","ocean_custom_footer_template":"","ocean_post_oembed":"","ocean_post_self_hosted_media":"","ocean_post_video_embed":"","ocean_link_format":"","ocean_link_format_target":"self","ocean_quote_format":"","ocean_quote_format_link":"post","ocean_gallery_link_images":"on","ocean_gallery_id":[83423,83424,83425,83426,83427,83428,75093,83429,83430,83431],"footnotes":""},"categories":[108],"tags":[],"class_list":["post-82129","post","type-post","status-publish","format-gallery","has-post-thumbnail","hentry","category-vtnprvrlik","post_format-post-format-gallery","entry","has-media"],"_links":{"self":[{"href":"https:\/\/mdu.edu.az\/en\/wp-json\/wp\/v2\/posts\/82129","targetHints":{"allow":["GET"]}}],"collection":[{"href":"https:\/\/mdu.edu.az\/en\/wp-json\/wp\/v2\/posts"}],"about":[{"href":"https:\/\/mdu.edu.az\/en\/wp-json\/wp\/v2\/types\/post"}],"author":[{"embeddable":true,"href":"https:\/\/mdu.edu.az\/en\/wp-json\/wp\/v2\/users\/1"}],"replies":[{"embeddable":true,"href":"https:\/\/mdu.edu.az\/en\/wp-json\/wp\/v2\/comments?post=82129"}],"version-history":[{"count":1,"href":"https:\/\/mdu.edu.az\/en\/wp-json\/wp\/v2\/posts\/82129\/revisions"}],"predecessor-version":[{"id":83656,"href":"https:\/\/mdu.edu.az\/en\/wp-json\/wp\/v2\/posts\/82129\/revisions\/83656"}],"wp:featuredmedia":[{"embeddable":true,"href":"https:\/\/mdu.edu.az\/en\/wp-json\/wp\/v2\/media\/83423"}],"wp:attachment":[{"href":"https:\/\/mdu.edu.az\/en\/wp-json\/wp\/v2\/media?parent=82129"}],"wp:term":[{"taxonomy":"category","embeddable":true,"href":"https:\/\/mdu.edu.az\/en\/wp-json\/wp\/v2\/categories?post=82129"},{"taxonomy":"post_tag","embeddable":true,"href":"https:\/\/mdu.edu.az\/en\/wp-json\/wp\/v2\/tags?post=82129"}],"curies":[{"name":"wp","href":"https:\/\/api.w.org\/{rel}","templated":true}]}}