{"id":87755,"date":"2026-02-27T06:49:28","date_gmt":"2026-02-27T03:49:28","guid":{"rendered":"https:\/\/mdu.edu.az\/?p=87755"},"modified":"2026-02-27T06:49:28","modified_gmt":"2026-02-27T03:49:28","slug":"ming%c9%99cevir-dovl%c9%99t-universitetind%c9%99-xocali-yaddas-%c9%99dal%c9%99t-v%c9%99-g%c9%99nc-n%c9%99slin-m%c9%99suliyy%c9%99ti-movzusunda-elmi-konfrans-kecirilmisdir","status":"publish","type":"post","link":"https:\/\/mdu.edu.az\/en\/ming%c9%99cevir-dovl%c9%99t-universitetind%c9%99-xocali-yaddas-%c9%99dal%c9%99t-v%c9%99-g%c9%99nc-n%c9%99slin-m%c9%99suliyy%c9%99ti-movzusunda-elmi-konfrans-kecirilmisdir\/","title":{"rendered":"Ming\u0259\u00e7evir D\u00f6vl\u0259t Universitetind\u0259 \u201cXocal\u0131: yadda\u015f, \u0259dal\u0259t v\u0259 g\u0259nc n\u0259slin m\u0259suliyy\u0259ti\u201d m\u00f6vzusunda elmi konfrans ke\u00e7irilmi\u015fdir"},"content":{"rendered":"<p>25 fevral 2026-c\u0131 il tarixind\u0259 Ming\u0259\u00e7evir D\u00f6vl\u0259t Universitetind\u0259 Humanitar f\u0259nl\u0259r kafedras\u0131n\u0131n t\u0259\u015fkilat\u00e7\u0131l\u0131\u011f\u0131 il\u0259 Xocal\u0131 faci\u0259sinin 34-c\u00fc ild\u00f6n\u00fcm\u00fcn\u0259 h\u0259sr olunmu\u015f \u201cXocal\u0131: yadda\u015f, \u0259dal\u0259t v\u0259 g\u0259nc n\u0259slin m\u0259suliyy\u0259ti\u201d m\u00f6vzusunda elmi konfrans ke\u00e7irilmi\u015fdir. T\u0259dbird\u0259 universitetin professor-m\u00fc\u0259llim hey\u0259ti \u00fczvl\u0259ri v\u0259 t\u0259l\u0259b\u0259l\u0259r i\u015ftirak etmi\u015fl\u0259r.<\/p>\n\n\n\n<p>T\u0259dbirin \u0259vv\u0259lind\u0259 Xocal\u0131 faci\u0259si qurbanlar\u0131n\u0131n, el\u0259c\u0259 d\u0259 V\u0259t\u0259n u\u011frunda canlar\u0131ndan ke\u00e7mi\u015f b\u00fct\u00fcn \u015f\u0259hidl\u0259rimizin \u0259ziz xatir\u0259si bir d\u0259qiq\u0259lik s\u00fckutla yad edilmi\u015fdir.<\/p>\n\n\n\n<p>Konfrans\u0131 giri\u015f s\u00f6z\u00fc il\u0259 Ming\u0259\u00e7evir D\u00f6vl\u0259t Universitetinin sosial m\u0259s\u0259l\u0259l\u0259r \u00fczr\u0259 rektor m\u00fc\u015faviri Elvin M\u0259mm\u0259dzad\u0259 a\u00e7m\u0131\u015fd\u0131r. O, \u00e7\u0131x\u0131\u015f\u0131nda Xocal\u0131 faci\u0259sinin Az\u0259rbaycan xalq\u0131n\u0131n tarixind\u0259 silinm\u0259z iz qoymu\u015f a\u011f\u0131r faci\u0259l\u0259rd\u0259n biri oldu\u011funu vur\u011fulam\u0131\u015f, bu hadis\u0259nin milli yadda\u015fda ya\u015fad\u0131lmas\u0131n\u0131n vacibliyini qeyd etmi\u015fdir. Bildirilmi\u015fdir ki, Xocal\u0131 faci\u0259si yaln\u0131z ke\u00e7mi\u015fin a\u011fr\u0131l\u0131 s\u0259hif\u0259si deyil, h\u0259m d\u0259 bu g\u00fcn azad olunmu\u015f torpaqlar\u0131m\u0131zda yenid\u0259n qurulan h\u0259yat\u0131n m\u0259n\u0259vi \u0259saslar\u0131ndan biridir. Qeyd olunmu\u015fdur ki, bu g\u00fcn Xocal\u0131n\u0131n azad olunmas\u0131 tarixi \u0259dal\u0259tin b\u0259rpas\u0131n\u0131n t\u0259nt\u0259n\u0259si olmaqla yana\u015f\u0131, xalq\u0131m\u0131z\u0131n yadda\u015f\u0131na h\u0259kk olunmu\u015f faci\u0259nin unudulmad\u0131\u011f\u0131n\u0131 v\u0259 daim xat\u0131rland\u0131\u011f\u0131n\u0131 g\u00f6st\u0259rir.<\/p>\n\n\n\n<p>&nbsp;Humanitar f\u0259nl\u0259r kafedras\u0131n\u0131n m\u00fcdiri, dosent Esmira C\u0259f\u0259rova \u00e7\u0131x\u0131\u015f ed\u0259r\u0259k Xocal\u0131 faci\u0259sinin tarixi reall\u0131qlar\u0131 haqq\u0131nda dan\u0131\u015fm\u0131\u015fd\u0131r. O, Xocal\u0131 soyq\u0131r\u0131m\u0131n\u0131n Az\u0259rbaycan xalq\u0131na qar\u015f\u0131 t\u00f6r\u0259dilmi\u015f \u0259n a\u011f\u0131r cinay\u0259tl\u0259rd\u0259n biri oldu\u011funu qeyd etmi\u015f, faci\u0259nin siyasi v\u0259 tarixi mahiyy\u0259tini a\u00e7\u0131qlam\u0131\u015fd\u0131r. \u00c7\u0131x\u0131\u015fda Xocal\u0131 h\u0259qiq\u0259tl\u0259rinin g\u0259nc n\u0259sl\u0259 \u00e7atd\u0131r\u0131lmas\u0131n\u0131n vacibliyi x\u00fcsusi vur\u011fulanm\u0131\u015fd\u0131r.<\/p>\n\n\n\n<p>Ard\u0131nca Xocal\u0131 faci\u0259sin\u0259 h\u0259sr olunmu\u015f video\u00e7arx n\u00fcmayi\u015f etdirilmi\u015fdir. Video\u00e7arxda faci\u0259 zaman\u0131 ba\u015f vermi\u015f hadis\u0259l\u0259ri \u0259ks etdir\u0259n real kadrlar t\u0259qdim olunmu\u015f, Xocal\u0131 sakinl\u0259rinin ya\u015fad\u0131qlar\u0131 d\u0259h\u015f\u0259tli anlar\u0131 \u0259ks etdir\u0259n g\u00f6r\u00fcnt\u00fcl\u0259r&nbsp; i\u015ftirak\u00e7\u0131larda k\u00f6vr\u0259k hissl\u0259r yaratm\u0131\u015fd\u0131r.<\/p>\n\n\n\n<p>Konfrans m\u0259ruz\u0259l\u0259rl\u0259 davam etmi\u015fdir.<\/p>\n\n\n\n<p>\u201cXocal\u0131 faci\u0259sinin tarixi s\u0259b\u0259bl\u0259ri v\u0259 n\u0259tic\u0259l\u0259ri\u201d m\u00f6vzusunda Humanitar f\u0259nl\u0259r kafedras\u0131n\u0131n m\u00fc\u0259llimi, doktorant G\u00fcl\u0259r \u018fjd\u0259rzad\u0259 m\u0259ruz\u0259 il\u0259 \u00e7\u0131x\u0131\u015f etmi\u015fdir. M\u0259ruz\u0259d\u0259 Xocal\u0131 soyq\u0131r\u0131m\u0131na g\u0259tirib \u00e7\u0131xaran tarixi v\u0259 siyasi amill\u0259r t\u0259hlil edilmi\u015f, Erm\u0259nistan\u0131n Az\u0259rbaycana qar\u015f\u0131 h\u0259yata ke\u00e7irdiyi i\u015f\u011fal\u00e7\u0131l\u0131q siyas\u0259tinin n\u0259tic\u0259l\u0259ri izah olunmu\u015fdur. Qeyd edilmi\u015fdir ki, Xocal\u0131 faci\u0259si beyn\u0259lxalq h\u00fcquq normalar\u0131na zidd olaraq dinc \u0259haliy\u0259 qar\u015f\u0131 t\u00f6r\u0259dilmi\u015f a\u011f\u0131r cinay\u0259tl\u0259rd\u0259n biri kimi tarix\u0259 d\u00fc\u015fm\u00fc\u015fd\u00fcr.<\/p>\n\n\n\n<p>\u201cBir daha t\u0259krarlanmas\u0131n\u201d prinsipi v\u0259 qlobal m\u0259suliyy\u0259t\u201d m\u00f6vzusunda Humanitar f\u0259nl\u0259r kafedras\u0131n\u0131n m\u00fc\u0259llimi, doktorant Aq\u015fin K\u0259rimli m\u0259ruz\u0259 il\u0259 \u00e7\u0131x\u0131\u015f etmi\u015fdir.&nbsp; \u00c7\u0131x\u0131\u015fda Xocal\u0131 faci\u0259sinin beyn\u0259lxalq miqyasda tan\u0131d\u0131lmas\u0131 istiqam\u0259tind\u0259 g\u00f6r\u00fcl\u0259n i\u015fl\u0259rd\u0259n b\u0259hs olunmu\u015f, bel\u0259 faci\u0259l\u0259rin bir daha t\u0259krarlanmamas\u0131 \u00fc\u00e7\u00fcn d\u00fcnya ictimaiyy\u0259tinin m\u0259suliyy\u0259ti vur\u011fulanm\u0131\u015fd\u0131r. Bildirilmi\u015fdir ki, Xocal\u0131 h\u0259qiq\u0259tl\u0259rinin beyn\u0259lxalq s\u0259viyy\u0259d\u0259 t\u0259bli\u011fi \u0259dal\u0259tin b\u0259rpas\u0131 v\u0259 tarixi h\u0259qiq\u0259tl\u0259rin tan\u0131d\u0131lmas\u0131 bax\u0131m\u0131ndan m\u00fch\u00fcm \u0259h\u0259miyy\u0259t da\u015f\u0131y\u0131r.<\/p>\n\n\n\n<p>\u201cXocal\u0131 faci\u0259si soyq\u0131r\u0131m\u0131 v\u0259 insanl\u0131\u011fa qar\u015f\u0131 cinay\u0259tl\u0259r anlay\u0131\u015f\u0131 kontekstind\u0259\u201d m\u00f6vzusunda Humanitar f\u0259nl\u0259r kafedras\u0131n\u0131n m\u00fc\u0259llimi, doktorant Leyla Babayeva m\u0259ruz\u0259 il\u0259 \u00e7\u0131x\u0131\u015f etmi\u015fdir. M\u0259ruz\u0259d\u0259 Xocal\u0131 hadis\u0259l\u0259rinin beyn\u0259lxalq h\u00fcquq bax\u0131m\u0131ndan qiym\u0259tl\u0259ndirilm\u0259si m\u0259s\u0259l\u0259l\u0259ri t\u0259hlil edilmi\u015f, soyq\u0131r\u0131m\u0131 v\u0259 insanl\u0131\u011fa qar\u015f\u0131 cinay\u0259t anlay\u0131\u015flar\u0131n\u0131n h\u00fcquqi mahiyy\u0259ti izah olunmu\u015fdur. Qeyd edilmi\u015fdir ki, Xocal\u0131 faci\u0259si \u00f6z miqyas\u0131na v\u0259 n\u0259tic\u0259l\u0259rin\u0259 g\u00f6r\u0259 insanl\u0131\u011fa qar\u015f\u0131 t\u00f6r\u0259dilmi\u015f a\u011f\u0131r cinay\u0259tl\u0259rd\u0259n biri kimi qiym\u0259tl\u0259ndirilm\u0259lidir.<\/p>\n\n\n\n<p>\u201c\u018fd\u0259biyyatda v\u0259 inc\u0259s\u0259n\u0259td\u0259 Xocal\u0131 m\u00f6vzusu\u201d m\u00f6vzusunda Humanitar f\u0259nl\u0259r kafedras\u0131n\u0131n m\u00fc\u0259llimi Sona M\u0259mm\u0259dova m\u0259ruz\u0259 il\u0259 \u00e7\u0131x\u0131\u015f etmi\u015fdir. M\u0259ruz\u0259d\u0259 Xocal\u0131 faci\u0259sinin b\u0259dii \u0259d\u0259biyyatda v\u0259 inc\u0259s\u0259n\u0259td\u0259 \u0259ks olunmas\u0131 m\u0259s\u0259l\u0259l\u0259ri t\u0259hlil edilmi\u015f, Xocal\u0131 m\u00f6vzusunun yaln\u0131z tarixi fakt kimi deyil, insan talel\u0259rinin faci\u0259si kimi t\u0259qdim edildiyi qeyd olunmu\u015fdur. Bildirilmi\u015fdir ki, d\u0259rslikl\u0259rd\u0259 v\u0259 b\u0259dii \u0259s\u0259rl\u0259rd\u0259 yer alan Xocal\u0131 m\u00f6vzulu m\u0259tnl\u0259r g\u0259nc n\u0259slin tarixi yadda\u015f\u0131n\u0131n formala\u015fmas\u0131na xidm\u0259t edir v\u0259 hadis\u0259l\u0259rin emosional t\u0259sir g\u00fcc\u00fcn\u00fc daha d\u0259rind\u0259n d\u0259rk etm\u0259y\u0259 imkan yarad\u0131r.<\/p>\n\n\n\n<p>Qeyd olunmu\u015fdur ki, Xocal\u0131 faci\u0259si \u0259d\u0259biyyatda yadda\u015f kimi ya\u015fad\u0131\u011f\u0131 kimi, inc\u0259s\u0259n\u0259td\u0259 d\u0259 da\u015flara h\u0259kk olunmu\u015f h\u0259qiq\u0259t kimi ya\u015fay\u0131r. Bu bax\u0131mdan Bak\u0131da ucald\u0131lm\u0131\u015f Ana haray\u0131 abid\u0259si faci\u0259nin da\u015fla\u015fm\u0131\u015f f\u0259ryad\u0131 kimi qiym\u0259tl\u0259ndirilir.<\/p>\n\n\n\n<p>Vur\u011fulanm\u0131\u015fd\u0131r ki, h\u0259r il fevral\u0131n soyuq g\u00fcnl\u0259rind\u0259 insanlar bu abid\u0259y\u0259 do\u011fru s\u0259ssiz add\u0131mlarla ir\u0259lil\u0259yirl\u0259r. H\u0259min y\u00fcr\u00fc\u015fl\u0259rd\u0259 Az\u0259rbaycan Respublikas\u0131n\u0131n Prezidenti \u0130lham \u018fliyevin xalqla birlikd\u0259 add\u0131mlamas\u0131 x\u00fcsusi m\u0259na da\u015f\u0131y\u0131r. Bu, d\u00f6vl\u0259tin xalq\u0131n a\u011fr\u0131s\u0131 il\u0259 eyni add\u0131mlad\u0131\u011f\u0131n\u0131n simvoludur.<\/p>\n\n\n\n<p>Konfrans \u00e7\u0259r\u00e7iv\u0259sind\u0259 apar\u0131lan m\u0259ruz\u0259 v\u0259 m\u00fczakir\u0259l\u0259r Xocal\u0131 h\u0259qiq\u0259tl\u0259rinin g\u0259l\u0259c\u0259k n\u0259sill\u0259r\u0259 \u00e7atd\u0131r\u0131lmas\u0131n\u0131n vacibliyini bir daha n\u00fcmayi\u015f etdirmi\u015fdir.<\/p>\n\n\n\n<p>Ke\u00e7iril\u0259n elmi konfrans Xocal\u0131 faci\u0259sinin tarixi v\u0259 m\u0259n\u0259vi mahiyy\u0259tinin elmi \u0259saslarla t\u0259qdim olunmas\u0131, milli yadda\u015f\u0131n qorunmas\u0131 v\u0259 g\u0259nc n\u0259slin v\u0259t\u0259np\u0259rv\u0259rlik ruhunda formala\u015fd\u0131r\u0131lmas\u0131 bax\u0131m\u0131ndan m\u00fch\u00fcm \u0259h\u0259miyy\u0259t k\u0259sb edir.<\/p>","protected":false},"excerpt":{"rendered":"<p>25 fevral 2026-c\u0131 il tarixind\u0259 Ming\u0259\u00e7evir D\u00f6vl\u0259t Universitetind\u0259 Humanitar f\u0259nl\u0259r kafedras\u0131n\u0131n t\u0259\u015fkilat\u00e7\u0131l\u0131\u011f\u0131 il\u0259 Xocal\u0131 faci\u0259sinin 34-c\u00fc ild\u00f6n\u00fcm\u00fcn\u0259 h\u0259sr olunmu\u015f \u201cXocal\u0131: yadda\u015f, \u0259dal\u0259t v\u0259 g\u0259nc n\u0259slin m\u0259suliyy\u0259ti\u201d m\u00f6vzusunda elmi konfrans ke\u00e7irilmi\u015fdir. T\u0259dbird\u0259 universitetin professor-m\u00fc\u0259llim hey\u0259ti \u00fczvl\u0259ri v\u0259 t\u0259l\u0259b\u0259l\u0259r i\u015ftirak etmi\u015fl\u0259r. T\u0259dbirin \u0259vv\u0259lind\u0259 Xocal\u0131 faci\u0259si qurbanlar\u0131n\u0131n, el\u0259c\u0259 d\u0259 V\u0259t\u0259n u\u011frunda canlar\u0131ndan ke\u00e7mi\u015f b\u00fct\u00fcn \u015f\u0259hidl\u0259rimizin \u0259ziz xatir\u0259si bir [&hellip;]<\/p>\n","protected":false},"author":1,"featured_media":87756,"comment_status":"closed","ping_status":"closed","sticky":false,"template":"","format":"standard","meta":{"_eb_attr":"","ocean_post_layout":"","ocean_both_sidebars_style":"","ocean_both_sidebars_content_width":0,"ocean_both_sidebars_sidebars_width":0,"ocean_sidebar":"","ocean_second_sidebar":"","ocean_disable_margins":"enable","ocean_add_body_class":"","ocean_shortcode_before_top_bar":"","ocean_shortcode_after_top_bar":"","ocean_shortcode_before_header":"","ocean_shortcode_after_header":"","ocean_has_shortcode":"","ocean_shortcode_after_title":"","ocean_shortcode_before_footer_widgets":"","ocean_shortcode_after_footer_widgets":"","ocean_shortcode_before_footer_bottom":"","ocean_shortcode_after_footer_bottom":"","ocean_display_top_bar":"default","ocean_display_header":"default","ocean_header_style":"","ocean_center_header_left_menu":"","ocean_custom_header_template":"","ocean_custom_logo":0,"ocean_custom_retina_logo":0,"ocean_custom_logo_max_width":0,"ocean_custom_logo_tablet_max_width":0,"ocean_custom_logo_mobile_max_width":0,"ocean_custom_logo_max_height":0,"ocean_custom_logo_tablet_max_height":0,"ocean_custom_logo_mobile_max_height":0,"ocean_header_custom_menu":"","ocean_menu_typo_font_family":"","ocean_menu_typo_font_subset":"","ocean_menu_typo_font_size":0,"ocean_menu_typo_font_size_tablet":0,"ocean_menu_typo_font_size_mobile":0,"ocean_menu_typo_font_size_unit":"px","ocean_menu_typo_font_weight":"","ocean_menu_typo_font_weight_tablet":"","ocean_menu_typo_font_weight_mobile":"","ocean_menu_typo_transform":"","ocean_menu_typo_transform_tablet":"","ocean_menu_typo_transform_mobile":"","ocean_menu_typo_line_height":0,"ocean_menu_typo_line_height_tablet":0,"ocean_menu_typo_line_height_mobile":0,"ocean_menu_typo_line_height_unit":"","ocean_menu_typo_spacing":0,"ocean_menu_typo_spacing_tablet":0,"ocean_menu_typo_spacing_mobile":0,"ocean_menu_typo_spacing_unit":"","ocean_menu_link_color":"","ocean_menu_link_color_hover":"","ocean_menu_link_color_active":"","ocean_menu_link_background":"","ocean_menu_link_hover_background":"","ocean_menu_link_active_background":"","ocean_menu_social_links_bg":"","ocean_menu_social_hover_links_bg":"","ocean_menu_social_links_color":"","ocean_menu_social_hover_links_color":"","ocean_disable_title":"default","ocean_disable_heading":"default","ocean_post_title":"","ocean_post_subheading":"","ocean_post_title_style":"","ocean_post_title_background_color":"","ocean_post_title_background":0,"ocean_post_title_bg_image_position":"","ocean_post_title_bg_image_attachment":"","ocean_post_title_bg_image_repeat":"","ocean_post_title_bg_image_size":"","ocean_post_title_height":0,"ocean_post_title_bg_overlay":0.5,"ocean_post_title_bg_overlay_color":"","ocean_disable_breadcrumbs":"default","ocean_breadcrumbs_color":"","ocean_breadcrumbs_separator_color":"","ocean_breadcrumbs_links_color":"","ocean_breadcrumbs_links_hover_color":"","ocean_display_footer_widgets":"default","ocean_display_footer_bottom":"default","ocean_custom_footer_template":"","ocean_post_oembed":"","ocean_post_self_hosted_media":"","ocean_post_video_embed":"","ocean_link_format":"","ocean_link_format_target":"self","ocean_quote_format":"","ocean_quote_format_link":"post","ocean_gallery_link_images":"on","ocean_gallery_id":[],"footnotes":""},"categories":[108,25],"tags":[],"class_list":["post-87755","post","type-post","status-publish","format-standard","has-post-thumbnail","hentry","category-vtnprvrlik","category-xbrlr","entry","has-media"],"_links":{"self":[{"href":"https:\/\/mdu.edu.az\/en\/wp-json\/wp\/v2\/posts\/87755","targetHints":{"allow":["GET"]}}],"collection":[{"href":"https:\/\/mdu.edu.az\/en\/wp-json\/wp\/v2\/posts"}],"about":[{"href":"https:\/\/mdu.edu.az\/en\/wp-json\/wp\/v2\/types\/post"}],"author":[{"embeddable":true,"href":"https:\/\/mdu.edu.az\/en\/wp-json\/wp\/v2\/users\/1"}],"replies":[{"embeddable":true,"href":"https:\/\/mdu.edu.az\/en\/wp-json\/wp\/v2\/comments?post=87755"}],"version-history":[{"count":1,"href":"https:\/\/mdu.edu.az\/en\/wp-json\/wp\/v2\/posts\/87755\/revisions"}],"predecessor-version":[{"id":87757,"href":"https:\/\/mdu.edu.az\/en\/wp-json\/wp\/v2\/posts\/87755\/revisions\/87757"}],"wp:featuredmedia":[{"embeddable":true,"href":"https:\/\/mdu.edu.az\/en\/wp-json\/wp\/v2\/media\/87756"}],"wp:attachment":[{"href":"https:\/\/mdu.edu.az\/en\/wp-json\/wp\/v2\/media?parent=87755"}],"wp:term":[{"taxonomy":"category","embeddable":true,"href":"https:\/\/mdu.edu.az\/en\/wp-json\/wp\/v2\/categories?post=87755"},{"taxonomy":"post_tag","embeddable":true,"href":"https:\/\/mdu.edu.az\/en\/wp-json\/wp\/v2\/tags?post=87755"}],"curies":[{"name":"wp","href":"https:\/\/api.w.org\/{rel}","templated":true}]}}