{"id":89186,"date":"2026-02-20T20:37:00","date_gmt":"2026-02-20T17:37:00","guid":{"rendered":"https:\/\/mdu.edu.az\/?p=89186"},"modified":"2026-03-11T20:39:08","modified_gmt":"2026-03-11T17:39:08","slug":"iqlim_siyaseti_20-02-26","status":"publish","type":"post","link":"https:\/\/mdu.edu.az\/en\/iqlim_siyaseti_20-02-26\/","title":{"rendered":"Ming\u0259\u00e7evir D\u00f6vl\u0259t Universitetind\u0259 \u201cAz\u0259rbaycan\u0131n\u00a0\u0130qlim Siyas\u0259ti, Milli \u00d6hd\u0259likl\u0259r v\u0259 Turizmin G\u0259l\u0259c\u0259yi\u201d m\u00f6vzusunda t\u0259lim ke\u00e7irilib."},"content":{"rendered":"<p>Ming\u0259\u00e7evir D\u00f6vl\u0259t Universitetind\u0259 \u201cAz\u0259rbaycan\u0131n \u0130qlim Siyas\u0259ti, Milli \u00d6hd\u0259likl\u0259r v\u0259 Turizmin G\u0259l\u0259c\u0259yi\u201d m\u00f6vzusunda t\u0259lim t\u0259\u015fkil olunub. T\u0259dbird\u0259 universitetin \u0130qtisadiyyat kafedras\u0131n\u0131n m\u00fc\u0259llim hey\u0259ti, t\u0259l\u0259b\u0259l\u0259r v\u0259 g\u0259nc t\u0259dqiqat\u00e7\u0131lar i\u015ftirak ed\u0259r\u0259k iqlim d\u0259yi\u015fiklikl\u0259rinin \u00f6lk\u0259mizin sosial-iqtisadi inki\u015faf\u0131na v\u0259 x\u00fcsusil\u0259 turizm sektoruna t\u0259sirini m\u00fczakir\u0259 edib v\u0259 h\u0259ll yollar\u0131 \u00fcz\u0259rind\u0259 fikir m\u00fcbadil\u0259si apar\u0131blar. T\u0259limd\u0259 \u0130qtisadiyyat kafedras\u0131n\u0131n m\u00fc\u0259lliml\u0259ri K\u0259nan Abbasov v\u0259 R\u0259\u015fad H\u00fcseynzad\u0259 m\u00f6vzu istiqam\u0259tind\u0259 t\u0259qdimat ed\u0259r\u0259k \u00e7\u0131x\u0131\u015f etmi\u015f v\u0259 m\u00f6vzu \u0259traf\u0131nda dinl\u0259yici auditoriyayla aktiv m\u00fczakir\u0259 m\u00fchiti yaratm\u0131\u015flar.<\/p>\n\n\n\n<p>T\u0259lim m\u00f6vzusunun \u0259sas istiqam\u0259ti, iqlim d\u0259yi\u015fikliyi art\u0131q yaln\u0131z ekoloji problem deyil, h\u0259m d\u0259 iqtisadi v\u0259 sosial t\u0259hl\u00fck\u0259sizlik m\u0259s\u0259l\u0259si kimi t\u0259yin olunub. Bildirilib ki, 2015-ci ild\u0259 q\u0259bul olunmu\u015f Paris Konvensiyas\u0131 \u00e7\u0259r\u00e7iv\u0259sind\u0259 Az\u0259rbaycan da \u00f6z milli \u00f6hd\u0259likl\u0259rini m\u00fc\u0259yy\u0259n edib v\u0259 istixana qaz\u0131 emissiyalar\u0131n\u0131n azald\u0131lmas\u0131 istiqam\u0259tind\u0259 konkret h\u0259d\u0259fl\u0259r qar\u015f\u0131ya qoyub. Qeyd olunub ki, bu proses Birl\u0259\u015fmi\u015f Mill\u0259tl\u0259r T\u0259\u015fkilat\u0131n\u0131n \u0130qlim D\u0259yi\u015fikliyi \u00fczr\u0259 \u00c7\u0259r\u00e7iv\u0259 Konvensiyas\u0131 \u00e7\u0259r\u00e7iv\u0259sind\u0259 h\u0259yata ke\u00e7irilir v\u0259 \u00f6lk\u0259miz beyn\u0259lxalq iqlim t\u0259\u015f\u0259bb\u00fcsl\u0259rind\u0259 f\u0259al i\u015ftirak edir.T\u0259lim zaman\u0131 \u201cAz\u0259rbaycan 2030: Sosial-iqtisadi inki\u015fafa dair Milli Prioritetl\u0259r\u201d s\u0259n\u0259dind\u0259 ya\u015f\u0131l art\u0131m v\u0259 ekoloji m\u00fchitin qorunmas\u0131n\u0131n \u0259sas prioritetl\u0259rd\u0259n biri oldu\u011fu diqq\u0259t\u0259 \u00e7atd\u0131r\u0131l\u0131b. Eyni zamanda i\u015f\u011faldan azad edilmi\u015f \u0259razil\u0259rd\u0259 \u201cya\u015f\u0131l enerji zonas\u0131\u201d konsepsiyas\u0131n\u0131n t\u0259tbiqinin dayan\u0131ql\u0131 inki\u015faf modelin\u0259 ke\u00e7idin real n\u00fcmun\u0259si oldu\u011fu qeyd edilib. \u00c7\u0131x\u0131\u015flarda iqlim d\u0259yi\u015fiklikl\u0259rinin turizm sektoruna t\u0259siri d\u0259 geni\u015f \u015f\u0259kild\u0259 izah olunub. Temperatur art\u0131m\u0131, su ehtiyatlar\u0131n\u0131n azalmas\u0131, da\u011fl\u0131q \u0259razil\u0259rd\u0259 qar \u00f6rt\u00fcy\u00fcn\u00fcn z\u0259ifl\u0259m\u0259si v\u0259 X\u0259z\u0259r sahilind\u0259 m\u00fcmk\u00fcn ekoloji riskl\u0259rin turizmin g\u0259l\u0259c\u0259yin\u0259 t\u0259sir g\u00f6st\u0259r\u0259 bil\u0259c\u0259yi bildirilib. Bununla yana\u015f\u0131, dayan\u0131ql\u0131 v\u0259 \u201cya\u015f\u0131l turizm\u201d modelin\u0259 ke\u00e7idin vacibliyi vur\u011fulan\u0131b v\u0259 bu istiqam\u0259td\u0259 \u00dcTT t\u0259r\u0259find\u0259n ir\u0259li s\u00fcr\u00fcl\u0259n yana\u015fmalar bar\u0259d\u0259 m\u0259lumat verilib.<\/p>\n\n\n\n<p>T\u0259limin yekununda i\u015ftirak\u00e7\u0131larla m\u00fczakir\u0259 apar\u0131l\u0131b, suallar cavabland\u0131r\u0131l\u0131b v\u0259 qeyd olunub ki, iqlim siyas\u0259ti il\u0259 turizm strategiyas\u0131n\u0131n uzla\u015fd\u0131r\u0131lmas\u0131 Az\u0259rbaycan\u0131n g\u0259l\u0259c\u0259kd\u0259 regionda ekoloji m\u0259suliyy\u0259tli v\u0259 r\u0259qab\u0259tqabiliyy\u0259tli turizm m\u0259rk\u0259zin\u0259 \u00e7evrilm\u0259sin\u0259 t\u00f6hf\u0259 ver\u0259 bil\u0259r.<\/p>","protected":false},"excerpt":{"rendered":"<p>Ming\u0259\u00e7evir D\u00f6vl\u0259t Universitetind\u0259 \u201cAz\u0259rbaycan\u0131n \u0130qlim Siyas\u0259ti, Milli \u00d6hd\u0259likl\u0259r v\u0259 Turizmin G\u0259l\u0259c\u0259yi\u201d m\u00f6vzusunda t\u0259lim t\u0259\u015fkil olunub. T\u0259dbird\u0259 universitetin \u0130qtisadiyyat kafedras\u0131n\u0131n m\u00fc\u0259llim hey\u0259ti, t\u0259l\u0259b\u0259l\u0259r v\u0259 g\u0259nc t\u0259dqiqat\u00e7\u0131lar i\u015ftirak ed\u0259r\u0259k iqlim d\u0259yi\u015fiklikl\u0259rinin \u00f6lk\u0259mizin sosial-iqtisadi inki\u015faf\u0131na v\u0259 x\u00fcsusil\u0259 turizm sektoruna t\u0259sirini m\u00fczakir\u0259 edib v\u0259 h\u0259ll yollar\u0131 \u00fcz\u0259rind\u0259 fikir m\u00fcbadil\u0259si apar\u0131blar. T\u0259limd\u0259 \u0130qtisadiyyat kafedras\u0131n\u0131n m\u00fc\u0259lliml\u0259ri K\u0259nan Abbasov v\u0259 R\u0259\u015fad H\u00fcseynzad\u0259 [&hellip;]<\/p>\n","protected":false},"author":41,"featured_media":89188,"comment_status":"closed","ping_status":"closed","sticky":false,"template":"","format":"gallery","meta":{"_eb_attr":"","ocean_post_layout":"","ocean_both_sidebars_style":"","ocean_both_sidebars_content_width":0,"ocean_both_sidebars_sidebars_width":0,"ocean_sidebar":"","ocean_second_sidebar":"","ocean_disable_margins":"enable","ocean_add_body_class":"","ocean_shortcode_before_top_bar":"","ocean_shortcode_after_top_bar":"","ocean_shortcode_before_header":"","ocean_shortcode_after_header":"","ocean_has_shortcode":"","ocean_shortcode_after_title":"","ocean_shortcode_before_footer_widgets":"","ocean_shortcode_after_footer_widgets":"","ocean_shortcode_before_footer_bottom":"","ocean_shortcode_after_footer_bottom":"","ocean_display_top_bar":"default","ocean_display_header":"default","ocean_header_style":"","ocean_center_header_left_menu":"","ocean_custom_header_template":"","ocean_custom_logo":0,"ocean_custom_retina_logo":0,"ocean_custom_logo_max_width":0,"ocean_custom_logo_tablet_max_width":0,"ocean_custom_logo_mobile_max_width":0,"ocean_custom_logo_max_height":0,"ocean_custom_logo_tablet_max_height":0,"ocean_custom_logo_mobile_max_height":0,"ocean_header_custom_menu":"","ocean_menu_typo_font_family":"","ocean_menu_typo_font_subset":"","ocean_menu_typo_font_size":0,"ocean_menu_typo_font_size_tablet":0,"ocean_menu_typo_font_size_mobile":0,"ocean_menu_typo_font_size_unit":"px","ocean_menu_typo_font_weight":"","ocean_menu_typo_font_weight_tablet":"","ocean_menu_typo_font_weight_mobile":"","ocean_menu_typo_transform":"","ocean_menu_typo_transform_tablet":"","ocean_menu_typo_transform_mobile":"","ocean_menu_typo_line_height":0,"ocean_menu_typo_line_height_tablet":0,"ocean_menu_typo_line_height_mobile":0,"ocean_menu_typo_line_height_unit":"","ocean_menu_typo_spacing":0,"ocean_menu_typo_spacing_tablet":0,"ocean_menu_typo_spacing_mobile":0,"ocean_menu_typo_spacing_unit":"","ocean_menu_link_color":"","ocean_menu_link_color_hover":"","ocean_menu_link_color_active":"","ocean_menu_link_background":"","ocean_menu_link_hover_background":"","ocean_menu_link_active_background":"","ocean_menu_social_links_bg":"","ocean_menu_social_hover_links_bg":"","ocean_menu_social_links_color":"","ocean_menu_social_hover_links_color":"","ocean_disable_title":"default","ocean_disable_heading":"default","ocean_post_title":"","ocean_post_subheading":"","ocean_post_title_style":"","ocean_post_title_background_color":"","ocean_post_title_background":0,"ocean_post_title_bg_image_position":"","ocean_post_title_bg_image_attachment":"","ocean_post_title_bg_image_repeat":"","ocean_post_title_bg_image_size":"","ocean_post_title_height":0,"ocean_post_title_bg_overlay":0.5,"ocean_post_title_bg_overlay_color":"","ocean_disable_breadcrumbs":"default","ocean_breadcrumbs_color":"","ocean_breadcrumbs_separator_color":"","ocean_breadcrumbs_links_color":"","ocean_breadcrumbs_links_hover_color":"","ocean_display_footer_widgets":"default","ocean_display_footer_bottom":"default","ocean_custom_footer_template":"","ocean_post_oembed":"","ocean_post_self_hosted_media":"","ocean_post_video_embed":"","ocean_link_format":"","ocean_link_format_target":"self","ocean_quote_format":"","ocean_quote_format_link":"post","ocean_gallery_link_images":"on","ocean_gallery_id":[89187,89188,89189,89190],"footnotes":""},"categories":[31],"tags":[],"class_list":["post-89186","post","type-post","status-publish","format-gallery","has-post-thumbnail","hentry","category-mdu_xeberleri","post_format-post-format-gallery","entry","has-media"],"_links":{"self":[{"href":"https:\/\/mdu.edu.az\/en\/wp-json\/wp\/v2\/posts\/89186","targetHints":{"allow":["GET"]}}],"collection":[{"href":"https:\/\/mdu.edu.az\/en\/wp-json\/wp\/v2\/posts"}],"about":[{"href":"https:\/\/mdu.edu.az\/en\/wp-json\/wp\/v2\/types\/post"}],"author":[{"embeddable":true,"href":"https:\/\/mdu.edu.az\/en\/wp-json\/wp\/v2\/users\/41"}],"replies":[{"embeddable":true,"href":"https:\/\/mdu.edu.az\/en\/wp-json\/wp\/v2\/comments?post=89186"}],"version-history":[{"count":1,"href":"https:\/\/mdu.edu.az\/en\/wp-json\/wp\/v2\/posts\/89186\/revisions"}],"predecessor-version":[{"id":89191,"href":"https:\/\/mdu.edu.az\/en\/wp-json\/wp\/v2\/posts\/89186\/revisions\/89191"}],"wp:featuredmedia":[{"embeddable":true,"href":"https:\/\/mdu.edu.az\/en\/wp-json\/wp\/v2\/media\/89188"}],"wp:attachment":[{"href":"https:\/\/mdu.edu.az\/en\/wp-json\/wp\/v2\/media?parent=89186"}],"wp:term":[{"taxonomy":"category","embeddable":true,"href":"https:\/\/mdu.edu.az\/en\/wp-json\/wp\/v2\/categories?post=89186"},{"taxonomy":"post_tag","embeddable":true,"href":"https:\/\/mdu.edu.az\/en\/wp-json\/wp\/v2\/tags?post=89186"}],"curies":[{"name":"wp","href":"https:\/\/api.w.org\/{rel}","templated":true}]}}