{"id":14683,"date":"2018-11-13T08:58:13","date_gmt":"2018-11-13T05:58:13","guid":{"rendered":"https:\/\/mdu.edu.az\/mdu-nun-m-kda-lar-dim-in-konfrans-nda\/"},"modified":"2018-11-13T08:58:13","modified_gmt":"2018-11-13T05:58:13","slug":"mdu-nun-m-kda-lar-dim-in-konfrans-nda","status":"publish","type":"post","link":"https:\/\/mdu.edu.az\/ru\/mdu-nun-m-kda-lar-dim-in-konfrans-nda\/","title":{"rendered":"MDU-nun \u0259m\u0259kda\u015flar\u0131 D\u0130M-in konfrans\u0131nda"},"content":{"rendered":"<p style=\"text-align: center; text-indent: 35.45pt;\"><span style=\"font-size: 14pt; font-family: 'Times New Roman', serif; color: red;\">MDU-nun \u0259m\u0259kda\u015flar\u0131 D\u0130M-in konfrans\u0131nda<\/span><\/p>\n<p style=\"text-align: justify; text-indent: 35.45pt; line-height: 12pt;\"><span style=\"font-size: 12pt; font-family: 'Times New Roman', serif;\">\u015e\u0259ki \u015f\u0259h\u0259rind\u0259 &#8220;Marxal Resort&amp;Spa&#8221;da &#8220;D&ouml;vl\u0259t \u0130mtahan M\u0259rk\u0259zinin f\u0259aliyy\u0259ti: \u0130mtahanlara d&ouml;vl\u0259t v\u0259 ictimai n\u0259zar\u0259tin v\u0259hd\u0259ti&#8221; m&ouml;vzusunda konfrans ke&ccedil;irilib. <\/span><\/p>\n<p style=\"text-align: justify; text-indent: 35.45pt; line-height: 12pt;\"><span style=\"font-size: 12pt; font-family: 'Times New Roman', serif;\">Konfrans\u0131n respublikan\u0131n 5 b&ouml;lg\u0259sind\u0259 ke&ccedil;irilm\u0259si planla\u015fd\u0131r\u0131l\u0131b. \u015e\u0259ki \u015f\u0259h\u0259rind\u0259 ke&ccedil;iril\u0259n konfransda rayon icra hakimiyy\u0259ti v\u0259 AMEA-n\u0131n \u015e\u0259ki Regional Elmi M\u0259rk\u0259zinin r\u0259hb\u0259rl\u0259ri, Az\u0259rbaycan D&ouml;vl\u0259t Pedaqoji Universitetinin \u015e\u0259ki filial\u0131n\u0131n rektor v\u0259 m&uuml;\u0259llim hey\u0259ti, t\u0259hsil \u015f&ouml;b\u0259l\u0259rinin m&uuml;dirl\u0259ri, imtahan r\u0259hb\u0259rl\u0259ri v\u0259 n\u0259zar\u0259t&ccedil;i-m&uuml;\u0259lliml\u0259r, \u015e\u0259ki, B\u0259rd\u0259, G&ouml;y&ccedil;ay regional b&ouml;lm\u0259l\u0259rin n&uuml;may\u0259nd\u0259l\u0259ri i\u015ftirak edib.<\/span><\/p>\n<p style=\"text-align: justify; text-indent: 35.45pt; line-height: 12pt;\"><span style=\"font-size: 12pt; font-family: 'Times New Roman', serif;\">Ming\u0259&ccedil;evir \u015f\u0259h\u0259rini Ming\u0259&ccedil;evir D&ouml;vl\u0259t Universitetinin \u0130nformasiya Texnologiyalar\u0131 M\u0259rk\u0259zinin direktoru Elnur X\u0259lilov, S\u0259nayenin t\u0259\u015fkili v\u0259 idar\u0259etm\u0259 kafedras\u0131n\u0131n ba\u015f m&uuml;\u0259llimi Zaur R\u0259sulov, \u0130qtisadiyyat v\u0259 idar\u0259etm\u0259 fak&uuml;lt\u0259sinin dekan m&uuml;avini, M\u0259tbuat xidm\u0259tinin r\u0259hb\u0259ri Nazim Nift\u0259liyev v\u0259 7 sayl\u0131 m\u0259kt\u0259bin m&uuml;\u0259llimi K&ouml;n&uuml;l Yusifova t\u0259msil edibl\u0259r.<\/span><\/p>\n<p style=\"text-align: justify; text-indent: 35.45pt; line-height: 12pt;\"><span style=\"font-size: 12pt; font-family: 'Times New Roman', serif;\">Qeyd ed\u0259k ki, konfrans\u0131n i\u015find\u0259 i\u015ftirak ed\u0259n MDU \u0259m\u0259kda\u015flar\u0131 D\u0130M-in Ming\u0259&ccedil;evir \u015f\u0259h\u0259rind\u0259 ke&ccedil;irdiyi imtahanlarda imtahan r\u0259hb\u0259rl\u0259ri kimi i\u015ftirak edibl\u0259r.<\/span><\/p>\n<p style=\"text-align: justify; text-indent: 35.45pt; line-height: 12pt;\"><span style=\"font-size: 12pt; font-family: 'Times New Roman', serif;\">Plenar iclasda D&ouml;vl\u0259t \u0130mtahan M\u0259rk\u0259zinin Direktorlar \u015euras\u0131n\u0131n s\u0259dri M\u0259leyk\u0259 Abbaszad\u0259 &ldquo;D&ouml;vl\u0259t \u0130mtahan M\u0259rk\u0259zinin f\u0259aliyy\u0259ti: \u0130mtahanlara d&ouml;vl\u0259t v\u0259 ictimai n\u0259zar\u0259tin v\u0259hd\u0259ti&rdquo; m&ouml;vzusunda m\u0259ruz\u0259 il\u0259 &ccedil;\u0131x\u0131\u015f edib. <\/span><\/p>\n<p style=\"text-align: justify; text-indent: 35.45pt; line-height: 12pt;\"><span style=\"font-size: 12pt; font-family: 'Times New Roman', serif;\">Daha sonra D\u0130M \u0259m\u0259kda\u015flar\u0131 t\u0259r\u0259find\u0259n t\u0259qdimatlar edilib v\u0259 Bak\u0131 v\u0259 regionlarda t\u0259\u015fkil edil\u0259n konfranslarda imtahanlar\u0131n texnologiyas\u0131nda 2019-cu ild\u0259 m\u0259rk\u0259z t\u0259r\u0259find\u0259n h\u0259yata ke&ccedil;iril\u0259c\u0259k imtahanlar\u0131 f\u0259rql\u0259ndir\u0259n parametrl\u0259r, il \u0259rzind\u0259 ke&ccedil;iril\u0259n imtahanlara dair &uuml;mumi statistik m\u0259lumatlar, M\u0259rk\u0259zin t\u0259qdim etdiyi elektron xidm\u0259tl\u0259rin &uuml;st&uuml;nl&uuml;kl\u0259ri, burax\u0131l\u0131\u015f imtahanlar\u0131nda qiym\u0259tl\u0259ndirm\u0259 prosesinin m\u0259rh\u0259l\u0259l\u0259ri, q\u0259bul imtahanlar\u0131 &uuml;&ccedil;&uuml;n &ouml;l&ccedil;m\u0259 v\u0259 qiym\u0259tl\u0259ndirm\u0259 materiallar\u0131n\u0131n haz\u0131rlanma prosesi, imtahana haz\u0131rla\u015fanlar &uuml;&ccedil;&uuml;n n\u0259\u015fr olunan elmi-metodiki v\u0259saitl\u0259r, &ldquo;\u015eagird &ndash; m\u0259zun&rdquo;, &ldquo;T\u0259l\u0259b\u0259 &ndash; m\u0259zun&rdquo; elektron informasiya ehtiyatlar\u0131, &ldquo;D&ouml;vl\u0259t qulluq&ccedil;ular\u0131n\u0131n Reyestri xidm\u0259ti&rdquo;, d&ouml;vl\u0259t qullu\u011fu sah\u0259sind\u0259 g&ouml;r&uuml;l\u0259n i\u015fl\u0259r, d&ouml;vl\u0259t qullu\u011funa q\u0259bul &uuml;zr\u0259 ke&ccedil;iril\u0259n m&uuml;sabiq\u0259 v\u0259 m&uuml;sahib\u0259l\u0259r bar\u0259d\u0259 m\u0259lumat verilib.<\/span><\/p>\n<p style=\"text-align: justify; text-indent: 35.45pt; line-height: 12pt;\"><span style=\"font-size: 12pt; font-family: 'Times New Roman', serif;\">T\u0259dbirin sonunda D\u0130M t\u0259r\u0259find\u0259n ke&ccedil;iril\u0259n imtahanlarda f\u0259rql\u0259nmi\u015f n\u0259zar\u0259t&ccedil;i-m&uuml;\u0259lliml\u0259r m&uuml;kafatland\u0131r\u0131l\u0131b v\u0259 onlar &ldquo;F\u0259xri f\u0259rmanla&rdquo; t\u0259ltif edilib. <\/span><\/p>\n<p style=\"text-align: justify; text-indent: 35.45pt; line-height: 12pt;\"><span style=\"font-size: 12pt; font-family: 'Times New Roman', serif;\">Qeyd ed\u0259k ki, t\u0259ltif edil\u0259nl\u0259r aras\u0131nda Ming\u0259&ccedil;evir \u015f\u0259h\u0259r 7 sayl\u0131 tam orta m\u0259kt\u0259bin m&uuml;\u0259llimi K&ouml;n&uuml;l Yusifova da vard\u0131.<\/span><\/p>\n<p style=\"text-align: justify; text-indent: 35.45pt; line-height: 12pt;\"><span style=\"font-size: 12pt; font-family: 'Times New Roman', serif;\">{phocagallery view=category|categoryid=69|limitstart=0|limitcount=0}<\/span><\/p>","protected":false},"excerpt":{"rendered":"<p>MDU-nun \u0259m\u0259kda\u015flar\u0131 D\u0130M-in konfrans\u0131nda \u015e\u0259ki \u015f\u0259h\u0259rind\u0259 &#8220;Marxal Resort&amp;Spa&#8221;da &#8220;D&ouml;vl\u0259t \u0130mtahan M\u0259rk\u0259zinin f\u0259aliyy\u0259ti: \u0130mtahanlara d&ouml;vl\u0259t v\u0259 ictimai n\u0259zar\u0259tin v\u0259hd\u0259ti&#8221; m&ouml;vzusunda konfrans ke&ccedil;irilib. Konfrans\u0131n respublikan\u0131n 5 b&ouml;lg\u0259sind\u0259 ke&ccedil;irilm\u0259si planla\u015fd\u0131r\u0131l\u0131b. \u015e\u0259ki \u015f\u0259h\u0259rind\u0259 ke&ccedil;iril\u0259n konfransda rayon icra hakimiyy\u0259ti v\u0259 AMEA-n\u0131n \u015e\u0259ki Regional Elmi M\u0259rk\u0259zinin r\u0259hb\u0259rl\u0259ri, Az\u0259rbaycan D&ouml;vl\u0259t Pedaqoji Universitetinin \u015e\u0259ki filial\u0131n\u0131n rektor v\u0259 m&uuml;\u0259llim hey\u0259ti, t\u0259hsil \u015f&ouml;b\u0259l\u0259rinin m&uuml;dirl\u0259ri, imtahan [&hellip;]<\/p>\n","protected":false},"author":1,"featured_media":0,"comment_status":"open","ping_status":"open","sticky":false,"template":"","format":"standard","meta":{"_eb_attr":"","ocean_post_layout":"","ocean_both_sidebars_style":"","ocean_both_sidebars_content_width":0,"ocean_both_sidebars_sidebars_width":0,"ocean_sidebar":"","ocean_second_sidebar":"","ocean_disable_margins":"enable","ocean_add_body_class":"","ocean_shortcode_before_top_bar":"","ocean_shortcode_after_top_bar":"","ocean_shortcode_before_header":"","ocean_shortcode_after_header":"","ocean_has_shortcode":"","ocean_shortcode_after_title":"","ocean_shortcode_before_footer_widgets":"","ocean_shortcode_after_footer_widgets":"","ocean_shortcode_before_footer_bottom":"","ocean_shortcode_after_footer_bottom":"","ocean_display_top_bar":"default","ocean_display_header":"default","ocean_header_style":"","ocean_center_header_left_menu":"","ocean_custom_header_template":"","ocean_custom_logo":0,"ocean_custom_retina_logo":0,"ocean_custom_logo_max_width":0,"ocean_custom_logo_tablet_max_width":0,"ocean_custom_logo_mobile_max_width":0,"ocean_custom_logo_max_height":0,"ocean_custom_logo_tablet_max_height":0,"ocean_custom_logo_mobile_max_height":0,"ocean_header_custom_menu":"","ocean_menu_typo_font_family":"","ocean_menu_typo_font_subset":"","ocean_menu_typo_font_size":0,"ocean_menu_typo_font_size_tablet":0,"ocean_menu_typo_font_size_mobile":0,"ocean_menu_typo_font_size_unit":"px","ocean_menu_typo_font_weight":"","ocean_menu_typo_font_weight_tablet":"","ocean_menu_typo_font_weight_mobile":"","ocean_menu_typo_transform":"","ocean_menu_typo_transform_tablet":"","ocean_menu_typo_transform_mobile":"","ocean_menu_typo_line_height":0,"ocean_menu_typo_line_height_tablet":0,"ocean_menu_typo_line_height_mobile":0,"ocean_menu_typo_line_height_unit":"","ocean_menu_typo_spacing":0,"ocean_menu_typo_spacing_tablet":0,"ocean_menu_typo_spacing_mobile":0,"ocean_menu_typo_spacing_unit":"","ocean_menu_link_color":"","ocean_menu_link_color_hover":"","ocean_menu_link_color_active":"","ocean_menu_link_background":"","ocean_menu_link_hover_background":"","ocean_menu_link_active_background":"","ocean_menu_social_links_bg":"","ocean_menu_social_hover_links_bg":"","ocean_menu_social_links_color":"","ocean_menu_social_hover_links_color":"","ocean_disable_title":"default","ocean_disable_heading":"default","ocean_post_title":"","ocean_post_subheading":"","ocean_post_title_style":"","ocean_post_title_background_color":"","ocean_post_title_background":0,"ocean_post_title_bg_image_position":"","ocean_post_title_bg_image_attachment":"","ocean_post_title_bg_image_repeat":"","ocean_post_title_bg_image_size":"","ocean_post_title_height":0,"ocean_post_title_bg_overlay":0.5,"ocean_post_title_bg_overlay_color":"","ocean_disable_breadcrumbs":"default","ocean_breadcrumbs_color":"","ocean_breadcrumbs_separator_color":"","ocean_breadcrumbs_links_color":"","ocean_breadcrumbs_links_hover_color":"","ocean_display_footer_widgets":"default","ocean_display_footer_bottom":"default","ocean_custom_footer_template":"","ocean_post_oembed":"","ocean_post_self_hosted_media":"","ocean_post_video_embed":"","ocean_link_format":"","ocean_link_format_target":"self","ocean_quote_format":"","ocean_quote_format_link":"post","ocean_gallery_link_images":"on","ocean_gallery_id":[],"footnotes":""},"categories":[63],"tags":[],"class_list":["post-14683","post","type-post","status-publish","format-standard","hentry","category-khaebaerlaer-az","entry"],"_links":{"self":[{"href":"https:\/\/mdu.edu.az\/ru\/wp-json\/wp\/v2\/posts\/14683","targetHints":{"allow":["GET"]}}],"collection":[{"href":"https:\/\/mdu.edu.az\/ru\/wp-json\/wp\/v2\/posts"}],"about":[{"href":"https:\/\/mdu.edu.az\/ru\/wp-json\/wp\/v2\/types\/post"}],"author":[{"embeddable":true,"href":"https:\/\/mdu.edu.az\/ru\/wp-json\/wp\/v2\/users\/1"}],"replies":[{"embeddable":true,"href":"https:\/\/mdu.edu.az\/ru\/wp-json\/wp\/v2\/comments?post=14683"}],"version-history":[{"count":0,"href":"https:\/\/mdu.edu.az\/ru\/wp-json\/wp\/v2\/posts\/14683\/revisions"}],"wp:attachment":[{"href":"https:\/\/mdu.edu.az\/ru\/wp-json\/wp\/v2\/media?parent=14683"}],"wp:term":[{"taxonomy":"category","embeddable":true,"href":"https:\/\/mdu.edu.az\/ru\/wp-json\/wp\/v2\/categories?post=14683"},{"taxonomy":"post_tag","embeddable":true,"href":"https:\/\/mdu.edu.az\/ru\/wp-json\/wp\/v2\/tags?post=14683"}],"curies":[{"name":"wp","href":"https:\/\/api.w.org\/{rel}","templated":true}]}}