{"id":14702,"date":"2018-11-23T10:10:17","date_gmt":"2018-11-23T07:10:17","guid":{"rendered":"https:\/\/mdu.edu.az\/heyd-r-liyev-m-rk-zind-heyd-r-liyev-v-az-rbaydzan-tarikhi-v-mumrespublika-bilik-yar-ke-irilib\/"},"modified":"2018-11-23T10:10:17","modified_gmt":"2018-11-23T07:10:17","slug":"heyd-r-liyev-m-rk-zind-heyd-r-liyev-v-az-rbaydzan-tarikhi-v-mumrespublika-bilik-yar-ke-irilib","status":"publish","type":"post","link":"https:\/\/mdu.edu.az\/ru\/heyd-r-liyev-m-rk-zind-heyd-r-liyev-v-az-rbaydzan-tarikhi-v-mumrespublika-bilik-yar-ke-irilib\/","title":{"rendered":"Heyd\u0259r \u018fliyev M\u0259rk\u0259zind\u0259 \u201cHeyd\u0259r \u018fliyev v\u0259 Az\u0259rbaycan tarixi\u201d V \u00fcmumrespublika bilik yar\u0131\u015f\u0131 ke\u00e7irilib"},"content":{"rendered":"<h1 style=\"margin-top: 0cm; margin-right: 0cm; margin-bottom: 0.0001pt; text-align: center;\"><span style=\"color: blue; font-family: 'times new roman', times; font-size: 14pt;\">Heyd\u0259r \u018fliyev M\u0259rk\u0259zind\u0259 &ldquo;Heyd\u0259r \u018fliyev v\u0259 Az\u0259rbaycan tarixi&rdquo; <\/span><\/h1>\n<h1 style=\"margin-top: 0cm; margin-right: 0cm; margin-bottom: 0.0001pt; text-align: center;\"><span style=\"color: blue; font-family: 'times new roman', times; font-size: 14pt;\">V &uuml;mumrespublika bilik yar\u0131\u015f\u0131 ke&ccedil;irilib<\/span><\/h1>\n<p style=\"margin-top: 0cm; margin-right: 0cm; margin-bottom: 0.0001pt; text-align: justify;\"><span style=\"color: black; font-family: 'times new roman', times; font-size: 14pt;\"><\/span><\/p>\n<p style=\"margin-top: 0cm; margin-right: 0cm; margin-bottom: 0.0001pt; text-align: justify; text-indent: 27pt;\"><span style=\"color: black; font-family: 'times new roman', times; font-size: 12pt;\">Oktyabr\u0131n 18-d\u0259 Heyd\u0259r \u018fliyev M\u0259rk\u0259zind\u0259 &ldquo;Heyd\u0259r \u018fliyev v\u0259 Az\u0259rbaycan tarixi&rdquo; V &uuml;mumrespublika bilik yar\u0131\u015f\u0131 ke&ccedil;irilib.<\/span><\/p>\n<p style=\"margin-top: 0cm; margin-right: 0cm; margin-bottom: 0.0001pt; text-align: justify; text-indent: 27pt;\"><span style=\"font-family: 'times new roman', times; font-size: 12pt;\"><span style=\"color: black;\">T<\/span><span style=\"color: black;\">\u0259dbird\u0259 \u0259vv\u0259lc\u0259 d&ouml;vl\u0259t himni s\u0259sl\u0259ndirilib, &uuml;mummilli lider Heyd\u0259r \u018fliyevin g\u0259ncl\u0259rl\u0259 ba\u011fl\u0131 &ccedil;\u0131x\u0131\u015f\u0131n\u0131 \u0259ks etdir\u0259n video&ccedil;arx n&uuml;mayi\u015f olunub.<\/span><\/span><\/p>\n<p style=\"margin-top: 0cm; margin-right: 0cm; margin-bottom: 0.0001pt; text-align: justify; text-indent: 27pt;\"><span style=\"color: black; font-family: 'times new roman', times; font-size: 12pt;\">Heyd\u0259r \u018fliyev M\u0259rk\u0259zinin t\u0259\u015fkilat&ccedil;\u0131l\u0131\u011f\u0131 v\u0259 T\u0259hsil Nazirliyinin d\u0259st\u0259yi il\u0259 realla\u015fd\u0131r\u0131lan layih\u0259 Az\u0259rbaycan xalq\u0131n\u0131n &Uuml;mummilli Liderinin h\u0259yat v\u0259 f\u0259aliyy\u0259tinin &ouml;yr\u0259nilm\u0259si, onun irsinin ya\u015fad\u0131lmas\u0131 v\u0259 g\u0259ncl\u0259r aras\u0131nda t\u0259bli\u011fi, eyni zamanda, g\u0259nc n\u0259slin elm\u0259, maarifl\u0259ndirici yar\u0131\u015flara mara\u011f\u0131n\u0131n art\u0131r\u0131lmas\u0131 m\u0259qs\u0259dini da\u015f\u0131y\u0131r.<\/span><\/p>\n<p style=\"margin-top: 0cm; margin-right: 0cm; margin-bottom: 0.0001pt; text-align: justify; text-indent: 27pt;\"><span style=\"color: black; font-family: 'times new roman', times; font-size: 12pt;\">T\u0259dbird\u0259 m\u0259lumat verilib ki, &ldquo;Heyd\u0259r \u018fliyev v\u0259 Az\u0259rbaycan tarixi&rdquo; &uuml;mumrespublika bilik yar\u0131\u015f\u0131 2014-c&uuml; ild\u0259n etibar\u0259n h\u0259r il t\u0259\u015fkil olunur. Bud\u0259f\u0259ki yar\u0131\u015f\u0131n oktyabr\u0131n 18-d\u0259 &#8211; D&ouml;vl\u0259t M&uuml;st\u0259qilliyi G&uuml;n&uuml;nd\u0259 ke&ccedil;irilm\u0259si t\u0259sad&uuml;fi deyil. Bu g&uuml;n Az\u0259rbaycan Respublikas\u0131n\u0131n Az\u0259rbaycan Xalq C&uuml;mhuriyy\u0259tinin varisi olaraq &ouml;z d&ouml;vl\u0259t m&uuml;st\u0259qilliyini b\u0259rpa etm\u0259sind\u0259n 27 il ke&ccedil;ir. Az\u0259rbaycan m&uuml;st\u0259qilliyini 1991-ci ild\u0259 b\u0259rpa ets\u0259 d\u0259, 1993-c&uuml; il iyunun ortalar\u0131nad\u0259k &ouml;lk\u0259d\u0259ki m&ouml;vcud v\u0259ziyy\u0259t bu m&uuml;st\u0259qilliyin k&ouml;vr\u0259k oldu\u011funu g&ouml;st\u0259rdi. 1993-c&uuml; ild\u0259 &uuml;mummilli lider Heyd\u0259r \u018fliyevin xalq\u0131n t\u0259l\u0259bi il\u0259 yenid\u0259n siyasi hakimiyy\u0259t\u0259 qay\u0131d\u0131\u015f\u0131 Az\u0259rbaycanda sabitliyin v\u0259 inki\u015faf\u0131n ba\u015flan\u011f\u0131c\u0131 oldu. M&uuml;asir Az\u0259rbaycan ulu &ouml;nd\u0259r Heyd\u0259r \u018fliyevin r\u0259hb\u0259rliyi il\u0259 h\u0259r sah\u0259d\u0259 inki\u015faf etdi.<\/span><\/p>\n<p style=\"margin-top: 0cm; margin-right: 0cm; margin-bottom: 0.0001pt; text-align: justify; text-indent: 27pt;\"><span style=\"font-family: 'times new roman', times; font-size: 12pt;\"><span style=\"color: black;\">Qeyd edilib ki, &ldquo;Heyd\u0259r \u018fliyev v\u0259 Az\u0259rbaycan tarixi&rdquo; V &uuml;mumrespublika bilik yar\u0131\u015f\u0131nda 47 ali t\u0259hsil m&uuml;\u0259ssis\u0259sinin komandalar\u0131 i\u015ftirak edi<\/span><span style=\"color: black;\">r<\/span><span style=\"color: black;\">. Az\u0259rbaycan \u0130lahiyyat \u0130nstitutu, M.V.Lomonosov ad\u0131na Moskva D&ouml;vl\u0259t Universitetinin Bak\u0131 filial\u0131n\u0131n komandalar\u0131 bu il ilk d\u0259f\u0259 olaraq m&uuml;sabiq\u0259y\u0259 qo\u015fulublar.<\/span><\/span><\/p>\n<p style=\"margin-top: 0cm; margin-right: 0cm; margin-bottom: 0.0001pt; text-align: justify; text-indent: 27pt;\"><span style=\"color: black; font-family: 'times new roman', times; font-size: 12pt;\">Qeyd ed\u0259k ki, Ming\u0259&ccedil;evir D&ouml;vl\u0259t Universitetini 8 t\u0259l\u0259b\u0259 t\u0259msil edib:<\/span><\/p>\n<p style=\"margin-top: 0cm; margin-right: 0cm; margin-bottom: 0.0001pt; text-align: justify; text-indent: 27pt;\"><span style=\"color: black; font-family: 'times new roman', times; font-size: 12pt;\">1. Qarayeva G&uuml;lnaz Mir\u0259l\u0259m<\/span><\/p>\n<p style=\"margin-top: 0cm; margin-right: 0cm; margin-bottom: 0.0001pt; text-align: justify; text-indent: 27pt;\"><span style=\"color: black; font-family: 'times new roman', times; font-size: 12pt;\">2. X\u0259lilov X\u0259yal M&uuml;bariz<\/span><\/p>\n<p style=\"margin-top: 0cm; margin-right: 0cm; margin-bottom: 0.0001pt; text-align: justify; text-indent: 27pt;\"><span style=\"color: black; font-family: 'times new roman', times; font-size: 12pt;\">3. H\u0259\u015fimli Yusif X\u0259yyam<\/span><\/p>\n<p style=\"margin-top: 0cm; margin-right: 0cm; margin-bottom: 0.0001pt; text-align: justify; text-indent: 27pt;\"><span style=\"color: black; font-family: 'times new roman', times; font-size: 12pt;\">4. Hac\u0131yeva K\u0259mal\u0259 Ad\u0131\u015firin<\/span><\/p>\n<p style=\"margin-top: 0cm; margin-right: 0cm; margin-bottom: 0.0001pt; text-align: justify; text-indent: 27pt;\"><span style=\"color: black; font-family: 'times new roman', times; font-size: 12pt;\">5. Hac\u0131yeva T\u0259ran\u0259 Ad\u0131\u015firin<\/span><\/p>\n<p style=\"margin-top: 0cm; margin-right: 0cm; margin-bottom: 0.0001pt; text-align: justify; text-indent: 27pt;\"><span style=\"color: black; font-family: 'times new roman', times; font-size: 12pt;\">6. Abdullayeva X\u0259dic\u0259 Elxan<\/span><\/p>\n<p style=\"margin-top: 0cm; margin-right: 0cm; margin-bottom: 0.0001pt; text-align: justify; text-indent: 27pt;\"><span style=\"color: black; font-family: 'times new roman', times; font-size: 12pt;\">7. H\u0259s\u0259nov \u015eamil V&uuml;qar<\/span><\/p>\n<p style=\"margin-top: 0cm; margin-right: 0cm; margin-bottom: 0.0001pt; text-align: justify; text-indent: 27pt;\"><span style=\"color: black; font-family: 'times new roman', times; font-size: 12pt;\">8. M\u0259mm\u0259dova G&uuml;nel Sar\u0131<\/span><\/p>\n<p style=\"margin-top: 0cm; margin-right: 0cm; margin-bottom: 0.0001pt; text-align: justify; text-indent: 27pt;\"><span style=\"font-family: 'times new roman', times; font-size: 12pt;\"><span style=\"color: black;\">Ali t\u0259hsil m&uuml;\u0259ssis\u0259l\u0259rind\u0259 \u0259yani \u0259saslarla bakalavr v\u0259 magistr s\u0259viyy\u0259l\u0259ri &uuml;zr\u0259 t\u0259hsil alan t\u0259l\u0259b\u0259l\u0259r bu il d\u0259 m&uuml;sabiq\u0259y\u0259 haz\u0131rl\u0131q m\u0259qs\u0259dil\u0259 Heyd\u0259r \u018fliyev M\u0259rk\u0259zini ziyar\u0259t edibl\u0259r. Onlar M\u0259rk\u0259zd\u0259ki Heyd\u0259r \u018fliyev Muzeyind\u0259 Az\u0259rbaycan tarixin\u0259, &Uuml;mummilli Liderin h\u0259yat v\u0259 f\u0259aliyy\u0259tin\u0259 dair m\u0259lumatlar \u0259ld\u0259 edib, <\/span><span style=\"color: black;\">burada toplanm\u0131\u015f arxiv materiallar\u0131 \u0259sas\u0131nda ara\u015fd\u0131rma apar\u0131blar.<\/span><\/span><\/p>\n<p style=\"margin-top: 0cm; margin-right: 0cm; margin-bottom: 0.0001pt; text-align: justify; text-indent: 27pt;\"><span style=\"color: black; font-family: 'times new roman', times; font-size: 12pt;\">Sonra t\u0259l\u0259b\u0259l\u0259rin yar\u0131\u015fa haz\u0131rl\u0131\u011f\u0131n\u0131 \u0259ks etdir\u0259n video&ccedil;arx n&uuml;mayi\u015f olunub.<\/span><\/p>\n<p style=\"margin-top: 0cm; margin-right: 0cm; margin-bottom: 0.0001pt; text-align: justify; text-indent: 27pt;\"><span style=\"color: black; font-family: 'times new roman', times; font-size: 12pt;\">M&uuml;sabiq\u0259 3 turda ke&ccedil;irilib v\u0259 h\u0259r turda Az\u0259rbaycan\u0131n tarixi, m\u0259d\u0259niyy\u0259ti, &uuml;mummilli lider Heyd\u0259r \u018fliyevin irsini \u0259hat\u0259 ed\u0259n 12 sual s\u0259sl\u0259ndirilib. Qalib komandalar turlar &uuml;zr\u0259 qazan\u0131lm\u0131\u015f xallar\u0131n c\u0259min\u0259 g&ouml;r\u0259 m&uuml;\u0259yy\u0259n edilib v\u0259 m&uuml;kafatland\u0131r\u0131l\u0131b.<\/span><\/p>\n<p style=\"margin-top: 0cm; margin-right: 0cm; margin-bottom: 0.0001pt; text-align: justify; text-indent: 27pt;\"><span style=\"color: black; font-family: 'times new roman', times; font-size: 12pt;\">M&uuml;nsifl\u0259r hey\u0259tind\u0259 Heyd\u0259r \u018fliyev M\u0259rk\u0259zi, T\u0259hsil Nazirliyi v\u0259 Az\u0259rbaycan Milli Elml\u0259r Akademiyas\u0131 Tarix \u0130nstitutunun n&uuml;may\u0259nd\u0259l\u0259ri t\u0259msil olunublar.<\/span><\/p>\n<p style=\"margin-top: 0cm; margin-right: 0cm; margin-bottom: 0.0001pt; text-align: justify; text-indent: 27pt;\"><span style=\"color: black; font-family: 'times new roman', times; font-size: 12pt;\">\u0130lk d\u0259f\u0259 yar\u0131\u015fmada i\u015ftirak ed\u0259n M.V.Lomonosov ad\u0131na Moskva D&ouml;vl\u0259t Universitetinin Bak\u0131 filial\u0131n\u0131n II kurs t\u0259l\u0259b\u0259si Polad H\u0259bibov t\u0259\u0259ss&uuml;ratlar\u0131n\u0131 b&ouml;l&uuml;\u015f\u0259r\u0259k deyib: &ldquo;Art\u0131q bir ne&ccedil;\u0259 d\u0259f\u0259dir intellektual oyunlarda i\u015ftirak edir\u0259m, lakin bel\u0259 miqyasda bir yar\u0131\u015fda olmam\u0131\u015fd\u0131m. Bundan b&ouml;y&uuml;k q&uuml;rur hissi duyuram. Bu yar\u0131\u015fma biz\u0259 Heyd\u0259r \u018fliyev \u015f\u0259xsiyy\u0259ti, Ulu &Ouml;nd\u0259rin h\u0259yat\u0131 v\u0259 irsi il\u0259 daha yax\u0131ndan tan\u0131\u015f olma\u011fa imkan verdi. &Uuml;midvaram ki, maraql\u0131 oyun ke&ccedil;\u0259c\u0259k, b&uuml;t&uuml;n komandalara u\u011furlar arzulay\u0131ram&rdquo;.<\/span><\/p>\n<p style=\"margin-top: 0cm; margin-right: 0cm; margin-bottom: 0.0001pt; text-align: justify; text-indent: 27pt;\"><span style=\"color: black; font-family: 'times new roman', times; font-size: 12pt;\">Az\u0259rbaycan \u0130lahiyyat \u0130nstitutunun t\u0259l\u0259b\u0259si Firudin H\u0259midli yar\u0131\u015f\u0131n y&uuml;ks\u0259k s\u0259viyy\u0259d\u0259 t\u0259\u015fkil olundu\u011funu vur\u011fulayaraq deyib: &ldquo;Bu ilin fevral\u0131nda Prezident \u0130lham \u018fliyevin imzalad\u0131\u011f\u0131 m&uuml;vafiq S\u0259r\u0259ncamla yarad\u0131lm\u0131\u015f \u0130lahiyyat \u0130nstitutu bu yar\u0131\u015fmada ilk d\u0259f\u0259 i\u015ftirak edir. Yar\u0131\u015f\u0131n &uuml;mummilli lider Heyd\u0259r \u018fliyevin ad\u0131 il\u0259 ba\u011fl\u0131 olmas\u0131 biz\u0259 x&uuml;susi stimul verir. Bu yar\u0131\u015fda daha h\u0259v\u0259sl\u0259 i\u015ftirak edirik. Komandam\u0131z bilik yar\u0131\u015fmas\u0131na ciddi haz\u0131rla\u015f\u0131b, &ouml;z&uuml;m&uuml;z\u0259 g&uuml;v\u0259nirik v\u0259 u\u011fur \u0259ld\u0259 ed\u0259c\u0259yimiz\u0259 inan\u0131r\u0131q&rdquo;.<\/span><\/p>\n<p style=\"margin-top: 0cm; margin-right: 0cm; margin-bottom: 0.0001pt; text-align: justify; text-indent: 27pt;\"><span style=\"color: black; font-family: 'times new roman', times; font-size: 12pt;\">Bilik yar\u0131\u015f\u0131nda Az\u0259rbaycan Respublikas\u0131 D&ouml;vl\u0259t S\u0259rh\u0259d Xidm\u0259ti Akademiyas\u0131n\u0131n komandas\u0131 birinci, D&ouml;vl\u0259t T\u0259hl&uuml;k\u0259sizliyi Xidm\u0259tinin Heyd\u0259r \u018fliyev ad\u0131na Akademiyas\u0131 ikinci, Az\u0259rbaycan Respublikas\u0131 Daxili \u0130\u015fl\u0259r Nazirliyinin Polis Akademiyas\u0131 &uuml;&ccedil;&uuml;nc&uuml; yerl\u0259r\u0259 layiq g&ouml;r&uuml;l&uuml;bl\u0259r.<\/span><\/p>\n<p style=\"margin-top: 0cm; margin-right: 0cm; margin-bottom: 0.0001pt; text-align: justify; text-indent: 27pt;\"><span style=\"color: black; font-family: 'times new roman', times; font-size: 12pt;\">Qalib komandalar m&uuml;kafatland\u0131r\u0131l\u0131b.<\/span><\/p>\n<p style=\"margin-top: 0cm; margin-right: 0cm; margin-bottom: 0.0001pt; text-align: justify; text-indent: 27pt;\"><span style=\"color: black; font-family: 'times new roman', times; font-size: 12pt;\">Yar\u0131\u015f\u0131n qalibi olan D&ouml;vl\u0259t S\u0259rh\u0259d Xidm\u0259ti Akademiyas\u0131n\u0131n IV kurs t\u0259l\u0259b\u0259si, ki&ccedil;ik &ccedil;avu\u015f Seyid\u0259li Abbasov yar\u0131\u015fa &ccedil;ox ciddi haz\u0131rla\u015fd\u0131qlar\u0131n\u0131 bildirib: &ldquo;&Ouml;t\u0259n il oldu\u011fu kimi, bu ild\u0259 yar\u0131\u015f\u0131n qalibi oldu\u011fumuz &uuml;&ccedil;&uuml;n &ccedil;ox sevinirik. Bu q\u0259l\u0259b\u0259nin S\u0259rh\u0259d Qo\u015funlar\u0131n\u0131n yaranmas\u0131n\u0131n 100 illiyi \u0259r\u0259f\u0259sin\u0259 t\u0259sad&uuml;f etm\u0259si bizi daha &ccedil;ox sevindirir. &Uuml;mummilli lider Heyd\u0259r \u018fliyevin ad\u0131n\u0131 da\u015f\u0131yan bu yar\u0131\u015f\u0131n t\u0259\u015fkilind\u0259 v\u0259 ke&ccedil;irilm\u0259sind\u0259 \u0259m\u0259yi olan h\u0259r k\u0259s\u0259 t\u0259\u015f\u0259kk&uuml;r&uuml;m&uuml;z&uuml; bildiririk. Yar\u0131\u015fma ild\u0259n-il\u0259 daha da t\u0259kmill\u0259\u015fir. Bu il \u0259vv\u0259lki ill\u0259rl\u0259 m&uuml;qayis\u0259d\u0259 suallar daha &ccedil;\u0259tin idi. Buna baxmayaraq, g&uuml;c&uuml;m&uuml;z&uuml; g&ouml;st\u0259rdik v\u0259 q\u0259l\u0259b\u0259 qazand\u0131q. Buna g&ouml;r\u0259 &ccedil;ox sevinirik&rdquo;.<\/span><\/p>\n<p style=\"margin-top: 0cm; margin-right: 0cm; margin-bottom: 0.0001pt; text-align: justify; text-indent: 27pt;\"><span style=\"color: black; font-family: 'times new roman', times; font-size: 12pt;\">&Uuml;mummilli lider Heyd\u0259r \u018fliyev\u0259 h\u0259sr olunan bilik yar\u0131\u015f\u0131nda i\u015ftirak etm\u0259yin h\u0259r bir az\u0259rbaycanl\u0131 g\u0259nc &uuml;&ccedil;&uuml;n b&ouml;y&uuml;k f\u0259xr oldu\u011funu s&ouml;yl\u0259y\u0259n Daxili \u0130\u015fl\u0259r Nazirliyinin Polis Akademiyas\u0131n\u0131n komandas\u0131n\u0131n kapitan\u0131 B\u0259xtiyar \u018flizad\u0259 yar\u0131\u015fmada u\u011fur \u0259ld\u0259 etdikl\u0259rin\u0259 g&ouml;r\u0259 &ccedil;ox sevindiyini bildirib. O, Ulu &Ouml;nd\u0259rin irsinin t\u0259l\u0259b\u0259l\u0259r v\u0259 g\u0259ncl\u0259r aras\u0131nda t\u0259bli\u011f olunmas\u0131nda v\u0259 bu c&uuml;r bilik yar\u0131\u015flar\u0131n\u0131n t\u0259\u015fkil edilm\u0259sind\u0259 b&ouml;y&uuml;k rolu olan Heyd\u0259r \u018fliyev M\u0259rk\u0259zin\u0259 minn\u0259tdarl\u0131\u011f\u0131n\u0131 bildirib.<\/span><\/p>\n<p style=\"margin-top: 0cm; margin-right: 0cm; margin-bottom: 0.0001pt; text-align: justify; text-indent: 27pt;\"><span style=\"color: black; font-family: 'times new roman', times; font-size: 12pt;\">Qeyd ed\u0259k ki, Ming\u0259&ccedil;evir D&ouml;vl\u0259t Universitetini bu yar\u0131\u015flarda Humanitar f\u0259nl\u0259r kafedras\u0131n\u0131n ba\u015f m&uuml;\u0259llimi \u0130lham M\u0259mm\u0259dov v\u0259 F\u0259rman M\u0259mm\u0259dov m&uuml;\u015fay\u0259t edibl\u0259r.<\/span><\/p>\n<p>&nbsp;<span style=\"color: black; font-family: 'times new roman', times; font-size: 12pt;\">{phocagallery view=category|categoryid=78|limitstart=0|limitcount=0}<\/span><\/p>","protected":false},"excerpt":{"rendered":"<p>Heyd\u0259r \u018fliyev M\u0259rk\u0259zind\u0259 &ldquo;Heyd\u0259r \u018fliyev v\u0259 Az\u0259rbaycan tarixi&rdquo; V &uuml;mumrespublika bilik yar\u0131\u015f\u0131 ke&ccedil;irilib Oktyabr\u0131n 18-d\u0259 Heyd\u0259r \u018fliyev M\u0259rk\u0259zind\u0259 &ldquo;Heyd\u0259r \u018fliyev v\u0259 Az\u0259rbaycan tarixi&rdquo; V &uuml;mumrespublika bilik yar\u0131\u015f\u0131 ke&ccedil;irilib. T\u0259dbird\u0259 \u0259vv\u0259lc\u0259 d&ouml;vl\u0259t himni s\u0259sl\u0259ndirilib, &uuml;mummilli lider Heyd\u0259r \u018fliyevin g\u0259ncl\u0259rl\u0259 ba\u011fl\u0131 &ccedil;\u0131x\u0131\u015f\u0131n\u0131 \u0259ks etdir\u0259n video&ccedil;arx n&uuml;mayi\u015f olunub. Heyd\u0259r \u018fliyev M\u0259rk\u0259zinin t\u0259\u015fkilat&ccedil;\u0131l\u0131\u011f\u0131 v\u0259 T\u0259hsil Nazirliyinin d\u0259st\u0259yi il\u0259 realla\u015fd\u0131r\u0131lan [&hellip;]<\/p>\n","protected":false},"author":1,"featured_media":0,"comment_status":"open","ping_status":"open","sticky":false,"template":"","format":"standard","meta":{"_eb_attr":"","ocean_post_layout":"","ocean_both_sidebars_style":"","ocean_both_sidebars_content_width":0,"ocean_both_sidebars_sidebars_width":0,"ocean_sidebar":"","ocean_second_sidebar":"","ocean_disable_margins":"enable","ocean_add_body_class":"","ocean_shortcode_before_top_bar":"","ocean_shortcode_after_top_bar":"","ocean_shortcode_before_header":"","ocean_shortcode_after_header":"","ocean_has_shortcode":"","ocean_shortcode_after_title":"","ocean_shortcode_before_footer_widgets":"","ocean_shortcode_after_footer_widgets":"","ocean_shortcode_before_footer_bottom":"","ocean_shortcode_after_footer_bottom":"","ocean_display_top_bar":"default","ocean_display_header":"default","ocean_header_style":"","ocean_center_header_left_menu":"","ocean_custom_header_template":"","ocean_custom_logo":0,"ocean_custom_retina_logo":0,"ocean_custom_logo_max_width":0,"ocean_custom_logo_tablet_max_width":0,"ocean_custom_logo_mobile_max_width":0,"ocean_custom_logo_max_height":0,"ocean_custom_logo_tablet_max_height":0,"ocean_custom_logo_mobile_max_height":0,"ocean_header_custom_menu":"","ocean_menu_typo_font_family":"","ocean_menu_typo_font_subset":"","ocean_menu_typo_font_size":0,"ocean_menu_typo_font_size_tablet":0,"ocean_menu_typo_font_size_mobile":0,"ocean_menu_typo_font_size_unit":"px","ocean_menu_typo_font_weight":"","ocean_menu_typo_font_weight_tablet":"","ocean_menu_typo_font_weight_mobile":"","ocean_menu_typo_transform":"","ocean_menu_typo_transform_tablet":"","ocean_menu_typo_transform_mobile":"","ocean_menu_typo_line_height":0,"ocean_menu_typo_line_height_tablet":0,"ocean_menu_typo_line_height_mobile":0,"ocean_menu_typo_line_height_unit":"","ocean_menu_typo_spacing":0,"ocean_menu_typo_spacing_tablet":0,"ocean_menu_typo_spacing_mobile":0,"ocean_menu_typo_spacing_unit":"","ocean_menu_link_color":"","ocean_menu_link_color_hover":"","ocean_menu_link_color_active":"","ocean_menu_link_background":"","ocean_menu_link_hover_background":"","ocean_menu_link_active_background":"","ocean_menu_social_links_bg":"","ocean_menu_social_hover_links_bg":"","ocean_menu_social_links_color":"","ocean_menu_social_hover_links_color":"","ocean_disable_title":"default","ocean_disable_heading":"default","ocean_post_title":"","ocean_post_subheading":"","ocean_post_title_style":"","ocean_post_title_background_color":"","ocean_post_title_background":0,"ocean_post_title_bg_image_position":"","ocean_post_title_bg_image_attachment":"","ocean_post_title_bg_image_repeat":"","ocean_post_title_bg_image_size":"","ocean_post_title_height":0,"ocean_post_title_bg_overlay":0.5,"ocean_post_title_bg_overlay_color":"","ocean_disable_breadcrumbs":"default","ocean_breadcrumbs_color":"","ocean_breadcrumbs_separator_color":"","ocean_breadcrumbs_links_color":"","ocean_breadcrumbs_links_hover_color":"","ocean_display_footer_widgets":"default","ocean_display_footer_bottom":"default","ocean_custom_footer_template":"","ocean_post_oembed":"","ocean_post_self_hosted_media":"","ocean_post_video_embed":"","ocean_link_format":"","ocean_link_format_target":"self","ocean_quote_format":"","ocean_quote_format_link":"post","ocean_gallery_link_images":"on","ocean_gallery_id":[],"footnotes":""},"categories":[63],"tags":[],"class_list":["post-14702","post","type-post","status-publish","format-standard","hentry","category-khaebaerlaer-az","entry"],"_links":{"self":[{"href":"https:\/\/mdu.edu.az\/ru\/wp-json\/wp\/v2\/posts\/14702","targetHints":{"allow":["GET"]}}],"collection":[{"href":"https:\/\/mdu.edu.az\/ru\/wp-json\/wp\/v2\/posts"}],"about":[{"href":"https:\/\/mdu.edu.az\/ru\/wp-json\/wp\/v2\/types\/post"}],"author":[{"embeddable":true,"href":"https:\/\/mdu.edu.az\/ru\/wp-json\/wp\/v2\/users\/1"}],"replies":[{"embeddable":true,"href":"https:\/\/mdu.edu.az\/ru\/wp-json\/wp\/v2\/comments?post=14702"}],"version-history":[{"count":0,"href":"https:\/\/mdu.edu.az\/ru\/wp-json\/wp\/v2\/posts\/14702\/revisions"}],"wp:attachment":[{"href":"https:\/\/mdu.edu.az\/ru\/wp-json\/wp\/v2\/media?parent=14702"}],"wp:term":[{"taxonomy":"category","embeddable":true,"href":"https:\/\/mdu.edu.az\/ru\/wp-json\/wp\/v2\/categories?post=14702"},{"taxonomy":"post_tag","embeddable":true,"href":"https:\/\/mdu.edu.az\/ru\/wp-json\/wp\/v2\/tags?post=14702"}],"curies":[{"name":"wp","href":"https:\/\/api.w.org\/{rel}","templated":true}]}}