{"id":14763,"date":"2019-01-17T09:36:54","date_gmt":"2019-01-17T06:36:54","guid":{"rendered":"https:\/\/mdu.edu.az\/ali-m-kt-b-n-may-nd-l-ril-sahibkarlar-elmi-seminarda-bir-arada-2\/"},"modified":"2019-01-17T09:36:54","modified_gmt":"2019-01-17T06:36:54","slug":"ali-m-kt-b-n-may-nd-l-ril-sahibkarlar-elmi-seminarda-bir-arada-2","status":"publish","type":"post","link":"https:\/\/mdu.edu.az\/ru\/ali-m-kt-b-n-may-nd-l-ril-sahibkarlar-elmi-seminarda-bir-arada-2\/","title":{"rendered":"Ali m\u0259kt\u0259b n\u00fcmay\u0259nd\u0259l\u0259ril\u0259 sahibkarlar elmi seminarda bir arada"},"content":{"rendered":"<p style=\"text-align: center;\"><span style=\"font-family: 'times new roman', times; font-size: 14pt; color: #000000;\"><b><span style=\"color: blue;\">Ali m\u0259kt\u0259b n&uuml;may\u0259nd\u0259l\u0259ril\u0259 sahibkarlar elmi seminarda bir arada<\/span><\/b><\/span><\/p>\n<p style=\"text-align: justify; text-indent: 27pt;\"><span style=\"color: #000000; font-family: 'times new roman', times; font-size: 12pt;\">Ming\u0259&ccedil;evir D&ouml;vl\u0259t Universitetind\u0259 &ldquo;\u0130qtisadiyyat v\u0259 idar\u0259etm\u0259&rdquo; fak&uuml;lt\u0259sind\u0259 &ldquo;Ki&ccedil;ik v\u0259 orta sahibkarl\u0131q subyektl\u0259rinin m&uuml;asir biznes bacar\u0131qlar\u0131n\u0131n v\u0259 bilikl\u0259rinin t\u0259kmill\u0259\u015fdirilm\u0259si&rdquo; m&ouml;vzusunda (Strateji Yol X\u0259rit\u0259si kontekstind\u0259) Elmi seminar ke&ccedil;irilib.<\/span><\/p>\n<p style=\"text-align: justify; text-indent: 27pt;\"><span style=\"color: #000000; font-family: 'times new roman', times; font-size: 12pt;\">Universitetin elmi i\u015fl\u0259r &uuml;zr\u0259 prorektoru, i.e.d., professor Veys\u0259l \u018fyyubov Elmi seminar i\u015ftirak&ccedil;\u0131lar\u0131na rektor Akif Hac\u0131yevin salamlar\u0131n\u0131 yetirib v\u0259 seminar\u0131n i\u015fin\u0259 u\u011furlar arzulay\u0131b. V.\u018fyyubov seminar\u0131n ke&ccedil;irilm\u0259sinin m\u0259ram\u0131 bar\u0259d\u0259 \u0259trafl\u0131 m\u0259lumat verib. <\/span><\/p>\n<p style=\"text-align: justify; text-indent: 27pt;\"><span style=\"color: #000000; font-family: 'times new roman', times; font-size: 12pt;\">Qeyd edib ki, Az\u0259rbaycanda ki&ccedil;ik v\u0259 orta sahibkarl\u0131\u011f\u0131n inki\u015faf\u0131 iqtisadiyyat\u0131n diversifikasiyas\u0131, r\u0259qab\u0259tqabiliyy\u0259tliliyinin art\u0131r\u0131lmas\u0131, m\u0259\u015f\u011fullu\u011fun t\u0259min edilm\u0259si, istehlak mallar\u0131na olan t\u0259l\u0259bat\u0131n yerli resurslar hesab\u0131na &ouml;d\u0259nilm\u0259si v\u0259 iqtisadi inki\u015faf\u0131n t\u0259min edilm\u0259si bax\u0131m\u0131ndan x&uuml;susi \u0259h\u0259miyy\u0259t k\u0259sb edir. Bel\u0259 ki, inki\u015faf etmi\u015f &ouml;lk\u0259l\u0259rd\u0259 ki&ccedil;ik v\u0259 orta sahibkarl\u0131\u011f\u0131 &uuml;mumi daxili m\u0259hsul v\u0259 m\u0259\u015f\u011fulluqdak\u0131 x&uuml;susi &ccedil;\u0259kisin\u0259 n\u0259z\u0259r sald\u0131qda bel\u0259 q\u0259na\u0259t\u0259 g\u0259lm\u0259k olur ki, Az\u0259rbaycanda da davaml\u0131 iqtisadi inki\u015faf\u0131n t\u0259min edilm\u0259sind\u0259 ki&ccedil;ik v\u0259 orta sahibkarl\u0131\u011f\u0131n \u0259sas h\u0259r\u0259k\u0259tverici amil\u0259 &ccedil;evrilm\u0259si qar\u015f\u0131da duran \u0259sas &ccedil;a\u011f\u0131r\u0131\u015flardand\u0131r. <\/span><\/p>\n<p style=\"text-align: justify; text-indent: 27pt;\"><span style=\"color: #000000; font-family: 'times new roman', times; font-size: 12pt;\">Professor Veys\u0259l \u018fyyubov Elmi seminarda universitetin professor-m&uuml;\u0259llim hey\u0259ti il\u0259 yana\u015f\u0131 Ming\u0259&ccedil;evir \u015f\u0259h\u0259r Sahibkarlar Konfederasiyas\u0131n\u0131n s\u0259dri Vaqif H\u0259s\u0259nov v\u0259 dig\u0259r sahibkarlar\u0131n da i\u015ftirak etdiyini qeyd edib.<\/span><\/p>\n<p style=\"text-align: justify; text-indent: 27pt;\"><span style=\"color: #000000; font-family: 'times new roman', times; font-size: 12pt;\">Sonra &ldquo;\u0130qtisadiyyat&rdquo; kafedras\u0131n\u0131n ba\u015f m&uuml;\u0259llimi G&uuml;n\u0259\u015f \u015e\u0259faq\u0259tov &ldquo;Regionlar\u0131n sosial-iqtisadi inki\u015faf\u0131nda sahibkarl\u0131q f\u0259aliyy\u0259tinin rolu&rdquo; m&ouml;vzusunda &ccedil;\u0131x\u0131\u015f edib. Bildirib ki, Sahibkarl\u0131q f\u0259aliyy\u0259tinin iqtisadi m&uuml;nasib\u0259tl\u0259rd\u0259 s\u0259ciyy\u0259vi \u0259lam\u0259ti biznesl\u0259 ba\u011fl\u0131 olan t\u0259s\u0259rr&uuml;fat riskidir. Risk sahibkarl\u0131\u011f\u0131n pisxologiyas\u0131n\u0131, onun f\u0259aliyy\u0259tini formala\u015fd\u0131r\u0131r. Yaln\u0131z keyfiyy\u0259tli m\u0259hsul istehsal ed\u0259n v\u0259 &ouml;z &ccedil;e\u015fidini m&uuml;nt\u0259z\u0259m olaraq yenil\u0259\u015fdir\u0259n sahibkar m&uuml;k\u0259mm\u0259l f\u0259aliyy\u0259t g&ouml;st\u0259r\u0259 bil\u0259r.<\/span><\/p>\n<p style=\"text-align: justify; text-indent: 1cm;\"><span style=\"color: #000000; font-family: 'times new roman', times; font-size: 12pt;\">G&uuml;n\u0259\u015f \u015e\u0259faq\u0259tov qeyd edib ki, sahibkarl\u0131q f\u0259aliyy\u0259ti il\u0259 \u0259laq\u0259dar s&ouml;yl\u0259nil\u0259n m&uuml;xt\u0259lif fikirl\u0259r d\u0259 t\u0259sdiq edir ki, x&uuml;susi m&uuml;lkiyy\u0259t&ccedil;il\u0259r iqtisadi v\u0259 cevik t\u0259s\u0259rr&uuml;fat f\u0259aliyy\u0259ti s\u0259rb\u0259stliyin\u0259 malikdir. &Ouml;t\u0259n ill\u0259r \u0259rzind\u0259 sahibkarl\u0131\u011f\u0131n h&uuml;quqi bazas\u0131n\u0131n sistem hal\u0131na g\u0259tirilm\u0259sini t\u0259min ed\u0259n qanunlar v\u0259 bir s\u0131ra dig\u0259r m&uuml;h&uuml;m normativ s\u0259n\u0259dl\u0259r q\u0259bul edilib. Lakin bununla yana\u015f\u0131 sahibkarl\u0131\u011f\u0131 inki\u015faf\u0131na t\u0259kan ver\u0259 bil\u0259c\u0259k &ldquo;R\u0259qab\u0259t M\u0259c\u0259ll\u0259sinin&rdquo; q\u0259bulu Milli M\u0259clisd\u0259 l\u0259ngidilir. H\u0259m&ccedil;inin, regionda f\u0259aliyy\u0259t g&ouml;st\u0259r\u0259n sahibkarl\u0131q subyektl\u0259ri D&ouml;vl\u0259tin g&uuml;z\u0259\u015ftli kreditl\u0259rind\u0259n tam v\u0259 b&ouml;y&uuml;k h\u0259cmd\u0259 yararlana bilmirl\u0259r. &Ouml;lk\u0259d\u0259 g\u0259lirl\u0259r haqq\u0131nda b\u0259yannam\u0259nin (deklorasiyan\u0131n) olmamas\u0131 is\u0259 bu sah\u0259d\u0259 \u015f\u0259ffafl\u0131\u011f\u0131n t\u0259min edilm\u0259sind\u0259 &ccedil;\u0259tinlik yarad\u0131r.<\/span><\/p>\n<p style=\"text-align: justify; text-indent: 27pt;\"><span style=\"font-family: 'times new roman', times; font-size: 12pt; color: #000000;\"><span style=\"color: black;\">S\u0259nayenin t\u0259\u015fkili v\u0259 idar\u0259etm\u0259 kafedras\u0131n\u0131n ba\u015f m&uuml;\u0259llimi Zaur R\u0259sulov &ldquo;S\u0259naye m&uuml;\u0259ssis\u0259l\u0259ri &uuml;&ccedil;&uuml;n kadr haz\u0131rl\u0131\u011f\u0131 s\u0259viyy\u0259sinin y&uuml;ks\u0259ldilm\u0259sind\u0259 ali t\u0259hsil m&uuml;\u0259ssis\u0259l\u0259rinin rolu&rdquo; m&ouml;vzusunda c\u0131x\u0131\u015f ed\u0259r\u0259k qeyd edib ki, <\/span>Strateji Yol X\u0259rit\u0259sinin icras\u0131nda s\u0259naye m&uuml;\u0259ssis\u0259l\u0259ri &uuml;&ccedil;&uuml;n kadr haz\u0131rl\u0131\u011f\u0131n\u0131n s\u0259viyy\u0259sinin y&uuml;ks\u0259ldilm\u0259sind\u0259 ali t\u0259hsil m&uuml;\u0259ssis\u0259l\u0259rinin rolu olduqca b&ouml;y&uuml;kd&uuml;r. T\u0259l\u0259b\u0259l\u0259rd\u0259n as\u0131l\u0131 olan m&uuml;\u0259yy\u0259n amill\u0259ri n\u0259z\u0259r\u0259 almasaq, t\u0259dris prosesinin t\u0259\u015fkili t\u0259hsilalan\u0131n &ouml;yr\u0259nm\u0259si v\u0259 inki\u015faf\u0131, nailiyy\u0259tl\u0259rinin monitorinqi prosesind\u0259 h\u0259lledici rol oynay\u0131r. <span style=\"color: black;\">Zaur R\u0259sulov vur\u011fulay\u0131b ki, t<\/span>\u0259hsilalan\u0131n savadl\u0131 v\u0259 s\u0259ri\u015ft\u0259li kadr kimi formala\u015fmas\u0131na t\u0259dris prosesinin t\u0259siri t\u0259drisin pe\u015f\u0259karcas\u0131na t\u0259\u015fkili s\u0259viyy\u0259sind\u0259n xeyli as\u0131l\u0131d\u0131r. Bu amil il\u0259 t\u0259hsilalanlar\u0131n nailiyy\u0259tl\u0259ri aras\u0131nda s\u0131x ba\u011fl\u0131l\u0131q m&ouml;vcuddur. T\u0259hsilin inki\u015faf\u0131nda m&uuml;h&uuml;m ir\u0259lil\u0259yi\u015fl\u0259r\u0259 nail olmu\u015f &ouml;lk\u0259l\u0259rin t\u0259cr&uuml;b\u0259si g&ouml;st\u0259rir ki, \u0130KT-y\u0259 \u0259saslanan, yarad\u0131c\u0131 d&uuml;\u015f&uuml;nc\u0259ni inki\u015faf etdir\u0259n v\u0259 t\u0259hsilalan\u0131n f\u0259rdi x&uuml;susiyy\u0259tl\u0259rini n\u0259z\u0259r\u0259 alan m&uuml;asir, f\u0259al-interaktiv t\u0259lim metodlar\u0131 daha y&uuml;ks\u0259k n\u0259tic\u0259l\u0259r verir. Bu m\u0259qs\u0259dl\u0259, davaml\u0131 olaraq m&uuml;t\u0259rr\u0259qi t\u0259dris metodlar\u0131n\u0131n yarad\u0131lmas\u0131 v\u0259 m&uuml;\u0259lliml\u0259rin s\u0259ri\u015ft\u0259sinin art\u0131r\u0131lmas\u0131 t\u0259hsil siyas\u0259tind\u0259 m&uuml;h&uuml;m yer tutur.<\/span><\/p>\n<p style=\"text-align: justify; text-indent: 27pt;\"><span style=\"font-family: 'times new roman', times; font-size: 12pt; color: #000000;\"><span style=\"color: black;\">&ldquo;Biznes inkubatorlar\u0131 v\u0259 startap layih\u0259l\u0259rinin inki\u015faf etdirilm\u0259si&rdquo;<\/span><span style=\"color: black;\"> m&ouml;vzusunda MDU-nun \u0130nnovativ Biznes \u0130nkubasiya M\u0259rk\u0259zinin r\u0259hb\u0259ri tex.f.d. M&ouml;h&uuml;bb\u0259t \u018fhm\u0259dov &ccedil;\u0131x\u0131\u015f edib. Bildirib ki, 2016-c\u0131 ilin aprel ay\u0131ndan etibar\u0259n f\u0259aliyy\u0259t g&ouml;st\u0259r\u0259n innovativ biznes inkubasiya m\u0259rk\u0259zi startap h\u0259r\u0259kat\u0131n\u0131n geni\u015fl\u0259ndirilm\u0259si v\u0259 innovativ ideyalar\u0131n realla\u015fd\u0131r\u0131lmas\u0131 istiqam\u0259tind\u0259 f\u0259aliyy\u0259tini davam etdirir. M\u0259rk\u0259zin f\u0259aliyy\u0259ti MDU-nun g\u0259nc m&uuml;\u0259llim, magistr v\u0259 bakalavrlar\u0131n qrant m&uuml;sabiq\u0259l\u0259rind\u0259 i\u015ftirak etm\u0259sini t\u0259nziml\u0259yir. M&ouml;h&uuml;bb\u0259t \u018fhm\u0259dov vur\u011fulay\u0131b ki, startap ilk &ouml;nc\u0259 biznesdir v\u0259 h\u0259r bir biznes kimi g\u0259lir g\u0259tir\u0259n bir subyekt olmal\u0131d\u0131r. Bununla yana\u015f\u0131 startaplarda &ldquo;sosial sahibkarl\u0131q&rdquo; istiqam\u0259til\u0259ri d\u0259 m&ouml;vcuddur. Bu tip startaplar g\u0259lir g&uuml;dm\u0259d\u0259n, amma minimal g\u0259lir g\u0259tir\u0259r\u0259k layih\u0259nin f\u0259aliyy\u0259tini t\u0259min ed\u0259r\u0259k f\u0259aliyy\u0259t g&ouml;st\u0259rir. Startaplar universitetl\u0259r, biznes inkubatorlar, biznes m\u0259l\u0259kl\u0259ri (m\u0259l\u0259k investorlar), texnoparklar, qrant proqramlar\u0131, ven&ccedil;ur maliyy\u0259l\u0259\u015fdirm\u0259 fondlar\u0131 v\u0259 akseleratorlar t\u0259r\u0259find\u0259n d\u0259st\u0259kl\u0259nir. <\/span>Yeni startap\u0131n yaranmas\u0131n\u0131n \u0259sas m\u0259nb\u0259yi yarad\u0131c\u0131 ideyad\u0131r. \u0130deyan\u0131n &ouml;z&uuml; ancaq ka\u011f\u0131z &uuml;z\u0259rind\u0259 olanda bel\u0259 (startap\u0131n plan\u0131) b&ouml;y&uuml;k bir d\u0259y\u0259r\u0259 malik ola bil\u0259r. Startap\u0131n yaranmas\u0131 v\u0259 onun u\u011furu &uuml;&ccedil;&uuml;n vacib olan daha bir amil h\u0259min ideyaya bazarda potensial t\u0259l\u0259batd\u0131r.<\/span><\/p>\n<p style=\"text-align: justify; text-indent: 27pt;\"><span style=\"font-family: 'times new roman', times; font-size: 12pt; color: #000000;\">Seminarda &ldquo;Turizm sektorunda ki&ccedil;ik v\u0259 orta sahibkarl\u0131\u011f\u0131n inki\u015faf\u0131n\u0131n stimulla\u015fd\u0131r\u0131lmas\u0131 istiqam\u0259tl\u0259ri&rdquo; m&ouml;vzusunda &ldquo;\u0130qtisadiyyat&rdquo; kafedras\u0131n\u0131n m&uuml;\u0259llimi C\u0259lil Ba\u011f\u0131rov &ccedil;\u0131x\u0131\u015f edib. Qeyd edib ki, Az\u0259rbaycan Respublikas\u0131nda ixtisasla\u015fd\u0131r\u0131lm\u0131\u015f turizm s\u0259nayesinin inki\u015faf\u0131na dair Strateji Yol X\u0259rit\u0259sind\u0259 turizm sektorunda \u0259lveri\u015fli m&uuml;hitin formala\u015fd\u0131r\u0131lmas\u0131, regional turizmin inki\u015faf\u0131, milli turizmin keyfiyy\u0259t sisteminin yarad\u0131lmas\u0131 h\u0259d\u0259fl\u0259ri m&uuml;\u0259yy\u0259n edilmi\u015fdir. H\u0259d\u0259fl\u0259rin realla\u015fmas\u0131 n\u0259tic\u0259sind\u0259 turizm infrastrukturunun yax\u015f\u0131la\u015fd\u0131r\u0131lmas\u0131na, turizm v\u0259 rekreasiya zonalar\u0131n\u0131n yarad\u0131lmas\u0131na, viza prosedurunun sad\u0259l\u0259\u015fdirilm\u0259sin\u0259 v\u0259 standartla\u015fd\u0131rma v\u0259 sertifikatla\u015fd\u0131rma sisteminin t\u0259kmill\u0259\u015fdirilm\u0259sin\u0259 nail olunacaqd\u0131r.&nbsp;<\/span><\/p>\n<p style=\"margin-top: 0cm; margin-right: 0cm; margin-bottom: 0.0001pt; text-align: justify; text-indent: 27pt; background: white;\"><span style=\"font-family: 'times new roman', times; font-size: 12pt; color: #000000;\">C\u0259lil Ba\u011f\u0131rov b<span style=\"color: black;\">ildirib ki, &ouml;lk\u0259d\u0259 regional turizmin inki\u015faf etdirilm\u0259si m\u0259qs\u0259dil\u0259 &ldquo;Turizm sah\u0259sind\u0259 ki&ccedil;ik v\u0259 orta sahibkarl\u0131\u011f\u0131n inki\u015faf fondu&rdquo;nun t\u0259sis edilm\u0259si m\u0259qs\u0259d\u0259uy\u011fun olard\u0131. El\u0259c\u0259 d\u0259 d&ouml;vl\u0259t t\u0259r\u0259find\u0259n turizm f\u0259aliyy\u0259tinin inki\u015faf\u0131na daxili v\u0259 x&uuml;sus\u0259n d\u0259 xarici investisiyalar\u0131n c\u0259lb edilm\u0259sinin t\u0259\u015fviqi &uuml;zr\u0259 t\u0259cili t\u0259dbirl\u0259rin plan\u0131n\u0131n realla\u015fd\u0131r\u0131lmas\u0131 z\u0259ruridir.&nbsp;Bu t\u0259dbirl\u0259r plan\u0131 turizm m&uuml;\u0259ssisl\u0259rinin inki\u015faf\u0131n\u0131 stimulla\u015fd\u0131rma\u011fa, pay&ccedil;\u0131 m&uuml;lkiyy\u0259t, holdinq \u015firk\u0259tl\u0259rind\u0259 birl\u0259\u015fm\u0259, aktivl\u0259rin al\u0131nmas\u0131 v\u0259 dig\u0259r t\u0259\u015fkilati-iqtisadi mexanizml\u0259r \u0259sas\u0131nda iri turizm infrastrukturu obyektl\u0259rinin tikintisin\u0259 &ouml;z\u0259l sahibkarl\u0131q subyektl\u0259rini y&ouml;nl\u0259ndirm\u0259y\u0259 \u015f\u0259rait yaradacaq.&nbsp;<\/span><\/span><\/p>\n<p style=\"text-align: justify; text-indent: 27pt;\"><span style=\"color: #000000; font-family: 'times new roman', times; font-size: 12pt;\">Sonra t\u0259dbird\u0259 T\u0259rbiy\u0259 i\u015fl\u0259ri &uuml;zr\u0259 prorektor, dosent R&ouml;v\u015f\u0259n \u018fliyev, \u0130qtisadiyyat v\u0259 idar\u0259etm\u0259 fak&uuml;lt\u0259sinin dekan\u0131, dosent N&uuml;\u015fab\u0259 Q\u0259dimli, M&uuml;h\u0259ndislik fak&uuml;lt\u0259sinin dekan\u0131, dosent V&uuml;qar Mustafayev, &ldquo;\u0130qtisadiyyat&rdquo; kafedras\u0131n\u0131n m&uuml;diri, dosent C\u0259mil\u0259 Musayeva, sahibkar, &ldquo;Elastik&rdquo; MMC-nin direktoru Vaqif H\u0259s\u0259nov, Az\u0259rAqroTikinti Ming\u0259&ccedil;evir D\u0259mir Beton filial\u0131n\u0131n direktoru Rafiq Pa\u015fayev, &ldquo;Azyolneftma\u015f&rdquo; ASC-nin m\u0259sul n&uuml;may\u0259nd\u0259si Zaur Quliyev, M\u0259\u015f\u011fulluq M\u0259rk\u0259zinin m\u0259sul n&uuml;may\u0259nd\u0259si F\u0259dail \u018fhm\u0259dov &ccedil;\u0131x\u0131\u015f edibl\u0259r. <\/span><\/p>\n<p style=\"text-align: justify; text-indent: 27pt;\"><span style=\"font-family: 'times new roman', times; font-size: 12pt; color: #000000;\"><span style=\"color: black;\">Natiql\u0259r bildiribl\u0259r ki, <\/span>Az\u0259rbaycanda ki&ccedil;ik v\u0259 orta sahibkarl\u0131\u011f\u0131n inki\u015faf\u0131 &uuml;&ccedil;&uuml;n \u0259sas f\u0259aliyy\u0259t Az\u0259rbaycanda ki&ccedil;ik v\u0259 orta sahibkarl\u0131\u011f\u0131n subyektl\u0259rin\u0259 m&uuml;nasib\u0259td\u0259 qanunvericilik bazas\u0131n\u0131n t\u0259kmill\u0259\u015fdiril\u0259r\u0259k maliyy\u0259 v\u0259 vergi siyas\u0259tinin stimulla\u015fd\u0131r\u0131c\u0131 t\u0259sirinin g&uuml;cl\u0259ndirilm\u0259si, maliyy\u0259 resurslar\u0131na \u0259l&ccedil;atanl\u0131\u011f\u0131n art\u0131r\u0131lmas\u0131, texniki v\u0259 informasiya bazas\u0131n\u0131n g&uuml;cl\u0259ndirilm\u0259si v\u0259 ki&ccedil;ik v\u0259 orta sahibkarl\u0131\u011f\u0131n subyektl\u0259rinin \u0259razi &uuml;zr\u0259 optimal yerl\u0259\u015fdirilm\u0259si, daxili bazar\u0131n qorunmas\u0131, bazar infrastrukturlar\u0131n\u0131n inki\u015faf etdirilm\u0259si, z\u0259ruri s\u0259n\u0259dl\u0259rin al\u0131nmas\u0131nda &ldquo;bir p\u0259nc\u0259r\u0259&rdquo; prinsipinin t\u0259tbiq edilm\u0259si, bu sah\u0259ni t\u0259msil ed\u0259n subyektl\u0259r aras\u0131nda qar\u015f\u0131l\u0131ql\u0131 f\u0259aliyy\u0259tin g&uuml;cl\u0259ndirilm\u0259si v\u0259 s. kimi istiqam\u0259tl\u0259r\u0259 y&ouml;n\u0259ldil\u0259c\u0259kdir. Sahibkarlar qar\u015f\u0131la\u015fd\u0131qlar\u0131 probleml\u0259r haqq\u0131nda da m\u0259lumat veribl\u0259r. T\u0259kilif olunub ki, universitetin t\u0259l\u0259b\u0259l\u0259rinin t\u0259dris plan\u0131 &uuml;zr\u0259 n\u0259z\u0259rd\u0259 tutulan 4 ayl\u0131q t\u0259cr&uuml;b\u0259l\u0259ri g\u0259l\u0259c\u0259kd\u0259 sahibkarlar\u0131n m&uuml;\u0259ssis\u0259l\u0259rind\u0259 ke&ccedil;irilm\u0259si &uuml;&ccedil;&uuml;n t\u0259min olunmas\u0131na k&ouml;m\u0259klik g&ouml;st\u0259rilsin.<\/span><\/p>\n<p style=\"text-align: justify; text-indent: 27pt;\"><span style=\"color: #000000; font-family: 'times new roman', times; font-size: 12pt;\">Elmi seminar diskussiya \u015f\u0259klind\u0259 davam edib.<\/span><\/p>\n<p>&nbsp;<\/p>\n<p style=\"text-align: justify; text-indent: 27pt;\"><span style=\"color: #000000; font-family: 'times new roman', times; font-size: 12pt;\">{phocagallery view=category|categoryid=91|limitstart=0|limitcount=0} <\/span><\/p>","protected":false},"excerpt":{"rendered":"<p>Ali m\u0259kt\u0259b n&uuml;may\u0259nd\u0259l\u0259ril\u0259 sahibkarlar elmi seminarda bir arada Ming\u0259&ccedil;evir D&ouml;vl\u0259t Universitetind\u0259 &ldquo;\u0130qtisadiyyat v\u0259 idar\u0259etm\u0259&rdquo; fak&uuml;lt\u0259sind\u0259 &ldquo;Ki&ccedil;ik v\u0259 orta sahibkarl\u0131q subyektl\u0259rinin m&uuml;asir biznes bacar\u0131qlar\u0131n\u0131n v\u0259 bilikl\u0259rinin t\u0259kmill\u0259\u015fdirilm\u0259si&rdquo; m&ouml;vzusunda (Strateji Yol X\u0259rit\u0259si kontekstind\u0259) Elmi seminar ke&ccedil;irilib. Universitetin elmi i\u015fl\u0259r &uuml;zr\u0259 prorektoru, i.e.d., professor Veys\u0259l \u018fyyubov Elmi seminar i\u015ftirak&ccedil;\u0131lar\u0131na rektor Akif Hac\u0131yevin salamlar\u0131n\u0131 yetirib v\u0259 seminar\u0131n i\u015fin\u0259 u\u011furlar [&hellip;]<\/p>\n","protected":false},"author":1,"featured_media":0,"comment_status":"open","ping_status":"open","sticky":false,"template":"","format":"standard","meta":{"_eb_attr":"","ocean_post_layout":"","ocean_both_sidebars_style":"","ocean_both_sidebars_content_width":0,"ocean_both_sidebars_sidebars_width":0,"ocean_sidebar":"","ocean_second_sidebar":"","ocean_disable_margins":"enable","ocean_add_body_class":"","ocean_shortcode_before_top_bar":"","ocean_shortcode_after_top_bar":"","ocean_shortcode_before_header":"","ocean_shortcode_after_header":"","ocean_has_shortcode":"","ocean_shortcode_after_title":"","ocean_shortcode_before_footer_widgets":"","ocean_shortcode_after_footer_widgets":"","ocean_shortcode_before_footer_bottom":"","ocean_shortcode_after_footer_bottom":"","ocean_display_top_bar":"default","ocean_display_header":"default","ocean_header_style":"","ocean_center_header_left_menu":"","ocean_custom_header_template":"","ocean_custom_logo":0,"ocean_custom_retina_logo":0,"ocean_custom_logo_max_width":0,"ocean_custom_logo_tablet_max_width":0,"ocean_custom_logo_mobile_max_width":0,"ocean_custom_logo_max_height":0,"ocean_custom_logo_tablet_max_height":0,"ocean_custom_logo_mobile_max_height":0,"ocean_header_custom_menu":"","ocean_menu_typo_font_family":"","ocean_menu_typo_font_subset":"","ocean_menu_typo_font_size":0,"ocean_menu_typo_font_size_tablet":0,"ocean_menu_typo_font_size_mobile":0,"ocean_menu_typo_font_size_unit":"px","ocean_menu_typo_font_weight":"","ocean_menu_typo_font_weight_tablet":"","ocean_menu_typo_font_weight_mobile":"","ocean_menu_typo_transform":"","ocean_menu_typo_transform_tablet":"","ocean_menu_typo_transform_mobile":"","ocean_menu_typo_line_height":0,"ocean_menu_typo_line_height_tablet":0,"ocean_menu_typo_line_height_mobile":0,"ocean_menu_typo_line_height_unit":"","ocean_menu_typo_spacing":0,"ocean_menu_typo_spacing_tablet":0,"ocean_menu_typo_spacing_mobile":0,"ocean_menu_typo_spacing_unit":"","ocean_menu_link_color":"","ocean_menu_link_color_hover":"","ocean_menu_link_color_active":"","ocean_menu_link_background":"","ocean_menu_link_hover_background":"","ocean_menu_link_active_background":"","ocean_menu_social_links_bg":"","ocean_menu_social_hover_links_bg":"","ocean_menu_social_links_color":"","ocean_menu_social_hover_links_color":"","ocean_disable_title":"default","ocean_disable_heading":"default","ocean_post_title":"","ocean_post_subheading":"","ocean_post_title_style":"","ocean_post_title_background_color":"","ocean_post_title_background":0,"ocean_post_title_bg_image_position":"","ocean_post_title_bg_image_attachment":"","ocean_post_title_bg_image_repeat":"","ocean_post_title_bg_image_size":"","ocean_post_title_height":0,"ocean_post_title_bg_overlay":0.5,"ocean_post_title_bg_overlay_color":"","ocean_disable_breadcrumbs":"default","ocean_breadcrumbs_color":"","ocean_breadcrumbs_separator_color":"","ocean_breadcrumbs_links_color":"","ocean_breadcrumbs_links_hover_color":"","ocean_display_footer_widgets":"default","ocean_display_footer_bottom":"default","ocean_custom_footer_template":"","ocean_post_oembed":"","ocean_post_self_hosted_media":"","ocean_post_video_embed":"","ocean_link_format":"","ocean_link_format_target":"self","ocean_quote_format":"","ocean_quote_format_link":"post","ocean_gallery_link_images":"on","ocean_gallery_id":[],"footnotes":""},"categories":[63],"tags":[],"class_list":["post-14763","post","type-post","status-publish","format-standard","hentry","category-khaebaerlaer-az","entry"],"_links":{"self":[{"href":"https:\/\/mdu.edu.az\/ru\/wp-json\/wp\/v2\/posts\/14763","targetHints":{"allow":["GET"]}}],"collection":[{"href":"https:\/\/mdu.edu.az\/ru\/wp-json\/wp\/v2\/posts"}],"about":[{"href":"https:\/\/mdu.edu.az\/ru\/wp-json\/wp\/v2\/types\/post"}],"author":[{"embeddable":true,"href":"https:\/\/mdu.edu.az\/ru\/wp-json\/wp\/v2\/users\/1"}],"replies":[{"embeddable":true,"href":"https:\/\/mdu.edu.az\/ru\/wp-json\/wp\/v2\/comments?post=14763"}],"version-history":[{"count":0,"href":"https:\/\/mdu.edu.az\/ru\/wp-json\/wp\/v2\/posts\/14763\/revisions"}],"wp:attachment":[{"href":"https:\/\/mdu.edu.az\/ru\/wp-json\/wp\/v2\/media?parent=14763"}],"wp:term":[{"taxonomy":"category","embeddable":true,"href":"https:\/\/mdu.edu.az\/ru\/wp-json\/wp\/v2\/categories?post=14763"},{"taxonomy":"post_tag","embeddable":true,"href":"https:\/\/mdu.edu.az\/ru\/wp-json\/wp\/v2\/tags?post=14763"}],"curies":[{"name":"wp","href":"https:\/\/api.w.org\/{rel}","templated":true}]}}