{"id":14769,"date":"2019-01-17T11:01:38","date_gmt":"2019-01-17T08:01:38","guid":{"rendered":"https:\/\/mdu.edu.az\/mdu-v-mumt-hsil-m-kt-bl-rin-n-may-nd-l-ri-elmi-seminarda-bir-araya-zh-libl-r\/"},"modified":"2019-01-17T11:01:38","modified_gmt":"2019-01-17T08:01:38","slug":"mdu-v-mumt-hsil-m-kt-bl-rin-n-may-nd-l-ri-elmi-seminarda-bir-araya-zh-libl-r","status":"publish","type":"post","link":"https:\/\/mdu.edu.az\/ru\/mdu-v-mumt-hsil-m-kt-bl-rin-n-may-nd-l-ri-elmi-seminarda-bir-araya-zh-libl-r\/","title":{"rendered":"MDU v\u0259 \u00fcmumt\u0259hsil m\u0259kt\u0259bl\u0259rin n\u00fcmay\u0259nd\u0259l\u0259ri elmi seminarda bir araya g\u0259libl\u0259r"},"content":{"rendered":"<p style=\"text-align: center;\"><span style=\"font-family: 'times new roman', times; font-size: 14pt; color: #0000ff;\"><b><span style=\"color: blue;\">MDU v\u0259 &uuml;mumt\u0259hsil m\u0259kt\u0259bl\u0259rin n&uuml;may\u0259nd\u0259l\u0259ri elmi seminarda bir araya g\u0259libl\u0259r<\/span><\/b><\/span><\/p>\n<p style=\"text-align: justify; text-indent: 27pt;\"><span style=\"font-family: 'times new roman', times; font-size: 12pt; color: #000000;\">Ming\u0259&ccedil;evir D&ouml;vl\u0259t Universitetinin Pedaqoji fak&uuml;lt\u0259sind\u0259 &ldquo;Az\u0259rbaycan Respublikas\u0131nda t\u0259hsilin inki\u015faf\u0131 &uuml;zr\u0259 D&ouml;vl\u0259t Strategiyas\u0131&rdquo;na h\u0259sr olunmu\u015f &ldquo;Ali t\u0259hsil v\u0259 orta &uuml;mumt\u0259hsil m&uuml;\u0259ssis\u0259l\u0259rinin qar\u015f\u0131l\u0131ql\u0131 \u0259laq\u0259l\u0259ri: m&ouml;vcud probleml\u0259r v\u0259 onlar\u0131n h\u0259lli yollar\u0131&rdquo; m&ouml;vzusunda elmi n\u0259z\u0259ri seminar ke&ccedil;irilib.<\/span><\/p>\n<p style=\"margin-top: 0cm; margin-right: 0cm; margin-bottom: 0.0001pt; text-align: justify; text-indent: 27pt; background: white;\"><span style=\"color: #000000; font-family: 'times new roman', times; font-size: 12pt;\">Seminar\u0131 giri\u015f s&ouml;zs&uuml; il\u0259 Ming\u0259&ccedil;evir D&ouml;vl\u0259t Universitetinin rektoru Akif Hac\u0131yev a&ccedil;\u0131b. Bildirib ki, son ill\u0259r apar\u0131lan sosial-iqtisadi siyas\u0259t n\u0259tic\u0259sind\u0259 &ouml;lk\u0259d\u0259 y&uuml;ks\u0259k inki\u015fafa nail olunmu\u015f, \u0259halinin maddi rifah\u0131 xeyli yax\u015f\u0131la\u015fm\u0131\u015f, yoxsullu\u011fun s\u0259viyy\u0259si minimuma enmi\u015f v\u0259 Az\u0259rbaycan Respublikas\u0131 orta g\u0259lirli &ouml;lk\u0259l\u0259r s\u0131ras\u0131nda yer tutmu\u015fdur. Ger&ccedil;\u0259kl\u0259\u015fdiril\u0259n islahatlar v\u0259 geni\u015fmiqyasl\u0131 infrastruktur layih\u0259l\u0259ri sosial-iqtisadi h\u0259yat\u0131n yenid\u0259n qurulmas\u0131 v\u0259 davaml\u0131 inki\u015faf\u0131 &uuml;&ccedil;&uuml;n \u015f\u0259rait yaratm\u0131\u015fd\u0131r.<\/span><\/p>\n<p style=\"margin-top: 0cm; margin-right: 0cm; margin-bottom: 0.0001pt; text-align: justify; text-indent: 27pt; background: white;\"><span style=\"color: #000000; font-family: 'times new roman', times; font-size: 12pt;\">Rektor qeyd edib ki, &ouml;lk\u0259 qar\u015f\u0131s\u0131nda duran n&ouml;vb\u0259ti strateji v\u0259zif\u0259 sosial-iqtisadi h\u0259yat\u0131n daha da modernl\u0259\u015fdirilm\u0259si v\u0259 qabaqc\u0131l beyn\u0259lxalq t\u0259cr&uuml;b\u0259y\u0259 uy\u011funla\u015fd\u0131r\u0131lmas\u0131 yolu il\u0259 davaml\u0131 iqtisadi inki\u015faf\u0131n t\u0259min edilm\u0259si v\u0259 \u0259halinin h\u0259yat s\u0259viyy\u0259sinin y&uuml;ks\u0259ldilm\u0259sind\u0259n ibar\u0259tdir. M&uuml;asirl\u0259\u015fdirm\u0259, ilk n&ouml;vb\u0259d\u0259, qabaqc\u0131l texnologiyalar\u0131n v\u0259 idar\u0259etm\u0259 &uuml;sullar\u0131n\u0131n, elmi nailiyy\u0259tl\u0259r \u0259sas\u0131nda yarad\u0131lan innovasiyalar\u0131n &ouml;lk\u0259nin sosial-iqtisadi h\u0259yat\u0131na u\u011furlu t\u0259tbiqi il\u0259 ba\u011fl\u0131d\u0131r. Bunun &uuml;&ccedil;&uuml;n prioritet istiqam\u0259t &ouml;lk\u0259 iqtisadiyyat\u0131n\u0131n d&uuml;nya iqtisadiyyat\u0131na inteqrasiyas\u0131n\u0131n s&uuml;r\u0259tl\u0259ndirilm\u0259si il\u0259 yana\u015f\u0131, &ouml;lk\u0259d\u0259 insan kapital\u0131n\u0131n inki\u015faf\u0131, \u015f\u0259xsin m&uuml;asir bilik v\u0259 bacar\u0131qlara yiy\u0259l\u0259nm\u0259sinin t\u0259min edilm\u0259sidir. \u0130nsan kapital\u0131n\u0131n inki\u015faf\u0131 iqtisadiyyat\u0131n qlobal sistem\u0259 u\u011furlu inteqrasiyas\u0131 v\u0259 &ouml;lk\u0259nin beyn\u0259lxalq r\u0259qab\u0259td\u0259n daha effektli faydalanmas\u0131 prosesind\u0259 \u0259n m&uuml;h&uuml;m \u015f\u0259rtl\u0259rd\u0259n olub, &ouml;lk\u0259nin t\u0259hsil sisteminin ba\u015fl\u0131ca v\u0259zif\u0259sini t\u0259\u015fkil edir, dey\u0259 o vur\u011fulay\u0131b.<\/span><\/p>\n<p style=\"margin-top: 0cm; margin-right: 0cm; margin-bottom: 0.0001pt; text-align: justify; text-indent: 27pt; background: white;\"><span style=\"color: #000000; font-family: 'times new roman', times; font-size: 12pt;\">Akif Hac\u0131yev qeyd edib ki, qeyd olunanlarla yana\u015f\u0131, s&uuml;r\u0259tl\u0259 modernl\u0259\u015f\u0259n Az\u0259rbaycan Respublikas\u0131nda t\u0259hsil sisteminin insan kapital\u0131n\u0131n inki\u015faf\u0131 &ccedil;a\u011f\u0131r\u0131\u015flar\u0131na cavab verm\u0259si istiqam\u0259tind\u0259 yeni add\u0131mlar\u0131n at\u0131lmas\u0131na v\u0259 &uuml;mumi t\u0259hsilin keyfiyy\u0259t g&ouml;st\u0259ricil\u0259rinin Avropa standartlar\u0131na uy\u011funla\u015fd\u0131r\u0131lmas\u0131na ehtiyac vard\u0131r. T\u0259hsilin keyfiyy\u0259tinin yax\u015f\u0131la\u015fd\u0131r\u0131lmas\u0131 &uuml;&ccedil;&uuml;n t\u0259hsili idar\u0259etm\u0259 sisteminin yenid\u0259n qurulmas\u0131, bu sah\u0259d\u0259 insan resurslar\u0131n\u0131n inki\u015faf etdirilm\u0259si v\u0259 m&uuml;\u0259llim pe\u015f\u0259sinin n&uuml;fuzunun art\u0131r\u0131lmas\u0131 z\u0259ruridir.<\/span><\/p>\n<p style=\"margin-top: 0cm; margin-right: 0cm; margin-bottom: 0.0001pt; text-align: justify; text-indent: 27pt; background: white;\"><span style=\"color: #000000; font-family: 'times new roman', times; font-size: 12pt;\">Rektor Akif Hac\u0131yev &ldquo;Az\u0259rbaycan Respublikas\u0131nda t\u0259hsilin inki\u015faf\u0131 &uuml;zr\u0259 D&ouml;vl\u0259t Strategiyas\u0131&rdquo; Az\u0259rbaycan Respublikas\u0131nda, keyfiyy\u0259t n\u0259tic\u0259l\u0259ri v\u0259 \u0259hat\u0259liliyin\u0259 g&ouml;r\u0259 d&uuml;nya &ouml;lk\u0259l\u0259ri s\u0131ras\u0131nda apar\u0131c\u0131 m&ouml;vqe tutan, s\u0259ri\u015ft\u0259li m&uuml;\u0259llim v\u0259 t\u0259hsil menecerl\u0259rin\u0259, qabaqc\u0131l texnologiyalara \u0259saslanan infrastruktura malik t\u0259hsil sisteminin yarad\u0131lmas\u0131 &uuml;&ccedil;&uuml;n be\u015f strateji istiqam\u0259td\u0259 geni\u015fmiqyasl\u0131 t\u0259dbirl\u0259r n\u0259z\u0259rd\u0259 tutuldu\u011funu vur\u011fulay\u0131b.<\/span><\/p>\n<p style=\"margin-top: 0cm; margin-right: 0cm; margin-bottom: 0.0001pt; text-align: justify; text-indent: 27pt; background: white;\"><span style=\"color: #000000; font-family: 'times new roman', times; font-size: 12pt;\">Sonra seminarda m\u0259ruz\u0259l\u0259r dinl\u0259nilib. &ldquo;Pedaqogika v\u0259 psixologiya&rdquo; kafedras\u0131n\u0131n m&uuml;diri, p.f.d., dosent Sahib M\u0259mm\u0259dov &ldquo;&Uuml;mumt\u0259hsil m\u0259kt\u0259bl\u0259ri v\u0259 ali t\u0259hsil m&uuml;\u0259ssis\u0259l\u0259ri aras\u0131nda varisliyin pedaqoji \u0259saslar\u0131&rdquo;, Ming\u0259&ccedil;evir \u015f\u0259h\u0259r Texniki Humanitar liseyin direktoru Nail\u0259 M\u0259mm\u0259dova &ldquo;Pedaqoji idar\u0259etm\u0259 m\u0259d\u0259niyy\u0259ti&rdquo;, &ldquo;Xarici dill\u0259r&rdquo; kafedras\u0131n\u0131n m&uuml;diri, p.f.d., dosent Zenfira \u018fzizova &ldquo;R\u0259qab\u0259tqabiliyy\u0259tli pedaqoji kadr haz\u0131rl\u0131\u011f\u0131n\u0131n aktual probleml\u0259ri&rdquo;, &ldquo;Humanitar f\u0259nl\u0259r&rdquo; kafedras\u0131n\u0131n dosenti, fil.f.d. Namaz Manafov &ldquo;Az\u0259rbaycan dilinin keyfiyy\u0259tli t\u0259drisi d&ouml;vl\u0259t dilind\u0259n istifad\u0259nin t\u0259kmill\u0259\u015fdirilm\u0259sind\u0259 m&uuml;h&uuml;m amil kimi&rdquo;, &ldquo;T\u0259hsild\u0259 Keyfiyy\u0259t\u0259 T\u0259minat v\u0259 N\u0259zar\u0259t M\u0259rk\u0259zinin direktoru, &ldquo;Pedaqogika v\u0259 psixologiya&rdquo; kafedras\u0131n\u0131n ba\u015f m&uuml;\u0259llimi S\u0259bin\u0259 Quliyeva &ldquo;\u015e\u0259xsiyy\u0259t\u0259y&ouml;n\u0259lmi\u015f t\u0259hsil sistemind\u0259 valideyn &uuml;&ccedil;&uuml;n z\u0259ruri olan s\u0259ri\u015ft\u0259l\u0259r&rdquo; m&ouml;vzular\u0131nda &ccedil;\u0131x\u0131\u015f edibl\u0259r. <\/span><\/p>\n<p style=\"text-align: justify; text-indent: 27pt;\"><span style=\"font-family: 'times new roman', times; font-size: 12pt; color: #000000;\"><span style=\"color: black;\">Sonra a&ccedil;\u0131q diskussiya ba\u015flan\u0131l\u0131b. Diskussiyada T\u0259rbiy\u0259 i\u015fl\u0259ri &uuml;zr\u0259 prorektor, i.f.d., dosent R&ouml;v\u015f\u0259n \u018fliyev, Texniki Humanitar liseyin Az\u0259rbaycan dili v\u0259 \u0259d\u0259biyyat\u0131 m&uuml;\u0259llimi Ayg&uuml;n Novruzova, T\u0259bi\u0259t-Riyaziyyat v\u0259 Humanitar Elml\u0259r T\u0259may&uuml;ll&uuml; liseyin direktoru Aid\u0259 \u0130smay\u0131lova, lisey direktoru Nail\u0259 M\u0259mm\u0259dova, &ldquo;Humanitar f\u0259nl\u0259r&rdquo; kafedras\u0131n\u0131n m&uuml;diri, s.f.d., dosent Esmira C\u0259f\u0259rova, 20\u2116-li m\u0259kt\u0259bin Tarix m&uuml;\u0259llimi M\u0259nsur H\u0259s\u0259nov, Pedaqoji fak&uuml;lt\u0259nin dekan\u0131, t.f.d., dosent Nizami Zeynalov, 19\u2116-li m\u0259kt\u0259bin direktoru G&uuml;lt\u0259kin Quliyeva, Texniki Humanitar liseyin Riyaziyyat m&uuml;\u0259llimi Arzu H&uuml;seynova, dosent Sahib M\u0259mm\u0259dov, 17\u2116-li m\u0259kt\u0259bin \u0130btidai sinif m&uuml;\u0259llimi N\u0259rmin\u0259 \u018fliyeva, MDU-nun m\u0259zunu, haz\u0131rda 1\u2116-li m\u0259kt\u0259bin \u0130btidai sinif m&uuml;\u0259llimi Zenfira \u018fliyeva, &ldquo;T\u0259lim T\u0259rbiy\u0259 Prosesinin T\u0259\u015fkilin\u0259 N\u0259zar\u0259t&rdquo; sektorunun koordinatoru Raif\u0259 M&uuml;r\u015f&uuml;dova,<\/span> Ming\u0259&ccedil;evir \u015f\u0259h\u0259r \u0130cra Hakimiyy\u0259tinin m\u0259sul n&uuml;may\u0259nd\u0259si, m\u0259kt\u0259b psixoloqu T\u0259rlan \u018fliyeva yax\u0131ndan i\u015ftirak edibl\u0259r, fikir m&uuml;badil\u0259si apar\u0131b, t\u0259klifl\u0259rl\u0259 &ccedil;\u0131x\u0131\u015f edibl\u0259r.<\/span><\/p>\n<p style=\"text-align: justify; text-indent: 27pt;\"><span style=\"font-family: 'times new roman', times; font-size: 12pt; color: #000000;\">M&uuml;zakr\u0259 zaman\u0131 universitetl\u0259 &uuml;mumt\u0259hsil m\u0259kt\u0259bl\u0259rin elm, t\u0259hsil, t\u0259rbiy\u0259 istiqam\u0259tind\u0259 \u0259laq\u0259l\u0259rin g&uuml;cl\u0259ndirilm\u0259si, &ldquo;Sabah\u0131n aliml\u0259ri&rdquo; proqram\u0131n\u0131n geni\u015fl\u0259ndirilm\u0259si, \u015fagirdl\u0259rin nitq qabiliyy\u0259tinin inki\u015faf etdirilm\u0259si, t\u0259dris-metodik \u0259d\u0259biyyat v\u0259 d\u0259rsl\u0259kl\u0259rd\u0259 m&uuml;\u0259yy\u0259n q&uuml;surlar\u0131n olmas\u0131, ali v\u0259 &uuml;mumt\u0259hsil m\u0259kt\u0259bl\u0259rin m&uuml;\u0259lliml\u0259ri il\u0259 birg\u0259 g&ouml;r&uuml;\u015f&uuml;n&uuml;n t\u0259\u015fkili, universitet s\u0259viyy\u0259sind\u0259 dilin t\u0259tbiqi il\u0259 ba\u011fl\u0131 t\u0259\u015fviqat\u0131n apar\u0131lmas\u0131, t\u0259cr&uuml;b\u0259 il\u0259 ba\u011fl\u0131 probleml\u0259r, m\u0259zunlara valideynl\u0259rin etibar\u0131 m\u0259s\u0259l\u0259si v\u0259 dig\u0259r problem v\u0259 fikirl\u0259r s\u0259sl\u0259ndirilib.<\/span><\/p>\n<p>{phocagallery view=category|categoryid=94|limitstart=0|limitcount=0}<\/p>","protected":false},"excerpt":{"rendered":"<p>MDU v\u0259 &uuml;mumt\u0259hsil m\u0259kt\u0259bl\u0259rin n&uuml;may\u0259nd\u0259l\u0259ri elmi seminarda bir araya g\u0259libl\u0259r Ming\u0259&ccedil;evir D&ouml;vl\u0259t Universitetinin Pedaqoji fak&uuml;lt\u0259sind\u0259 &ldquo;Az\u0259rbaycan Respublikas\u0131nda t\u0259hsilin inki\u015faf\u0131 &uuml;zr\u0259 D&ouml;vl\u0259t Strategiyas\u0131&rdquo;na h\u0259sr olunmu\u015f &ldquo;Ali t\u0259hsil v\u0259 orta &uuml;mumt\u0259hsil m&uuml;\u0259ssis\u0259l\u0259rinin qar\u015f\u0131l\u0131ql\u0131 \u0259laq\u0259l\u0259ri: m&ouml;vcud probleml\u0259r v\u0259 onlar\u0131n h\u0259lli yollar\u0131&rdquo; m&ouml;vzusunda elmi n\u0259z\u0259ri seminar ke&ccedil;irilib. Seminar\u0131 giri\u015f s&ouml;zs&uuml; il\u0259 Ming\u0259&ccedil;evir D&ouml;vl\u0259t Universitetinin rektoru Akif Hac\u0131yev a&ccedil;\u0131b. Bildirib [&hellip;]<\/p>\n","protected":false},"author":1,"featured_media":0,"comment_status":"open","ping_status":"open","sticky":false,"template":"","format":"standard","meta":{"_eb_attr":"","ocean_post_layout":"","ocean_both_sidebars_style":"","ocean_both_sidebars_content_width":0,"ocean_both_sidebars_sidebars_width":0,"ocean_sidebar":"","ocean_second_sidebar":"","ocean_disable_margins":"enable","ocean_add_body_class":"","ocean_shortcode_before_top_bar":"","ocean_shortcode_after_top_bar":"","ocean_shortcode_before_header":"","ocean_shortcode_after_header":"","ocean_has_shortcode":"","ocean_shortcode_after_title":"","ocean_shortcode_before_footer_widgets":"","ocean_shortcode_after_footer_widgets":"","ocean_shortcode_before_footer_bottom":"","ocean_shortcode_after_footer_bottom":"","ocean_display_top_bar":"default","ocean_display_header":"default","ocean_header_style":"","ocean_center_header_left_menu":"","ocean_custom_header_template":"","ocean_custom_logo":0,"ocean_custom_retina_logo":0,"ocean_custom_logo_max_width":0,"ocean_custom_logo_tablet_max_width":0,"ocean_custom_logo_mobile_max_width":0,"ocean_custom_logo_max_height":0,"ocean_custom_logo_tablet_max_height":0,"ocean_custom_logo_mobile_max_height":0,"ocean_header_custom_menu":"","ocean_menu_typo_font_family":"","ocean_menu_typo_font_subset":"","ocean_menu_typo_font_size":0,"ocean_menu_typo_font_size_tablet":0,"ocean_menu_typo_font_size_mobile":0,"ocean_menu_typo_font_size_unit":"px","ocean_menu_typo_font_weight":"","ocean_menu_typo_font_weight_tablet":"","ocean_menu_typo_font_weight_mobile":"","ocean_menu_typo_transform":"","ocean_menu_typo_transform_tablet":"","ocean_menu_typo_transform_mobile":"","ocean_menu_typo_line_height":0,"ocean_menu_typo_line_height_tablet":0,"ocean_menu_typo_line_height_mobile":0,"ocean_menu_typo_line_height_unit":"","ocean_menu_typo_spacing":0,"ocean_menu_typo_spacing_tablet":0,"ocean_menu_typo_spacing_mobile":0,"ocean_menu_typo_spacing_unit":"","ocean_menu_link_color":"","ocean_menu_link_color_hover":"","ocean_menu_link_color_active":"","ocean_menu_link_background":"","ocean_menu_link_hover_background":"","ocean_menu_link_active_background":"","ocean_menu_social_links_bg":"","ocean_menu_social_hover_links_bg":"","ocean_menu_social_links_color":"","ocean_menu_social_hover_links_color":"","ocean_disable_title":"default","ocean_disable_heading":"default","ocean_post_title":"","ocean_post_subheading":"","ocean_post_title_style":"","ocean_post_title_background_color":"","ocean_post_title_background":0,"ocean_post_title_bg_image_position":"","ocean_post_title_bg_image_attachment":"","ocean_post_title_bg_image_repeat":"","ocean_post_title_bg_image_size":"","ocean_post_title_height":0,"ocean_post_title_bg_overlay":0.5,"ocean_post_title_bg_overlay_color":"","ocean_disable_breadcrumbs":"default","ocean_breadcrumbs_color":"","ocean_breadcrumbs_separator_color":"","ocean_breadcrumbs_links_color":"","ocean_breadcrumbs_links_hover_color":"","ocean_display_footer_widgets":"default","ocean_display_footer_bottom":"default","ocean_custom_footer_template":"","ocean_post_oembed":"","ocean_post_self_hosted_media":"","ocean_post_video_embed":"","ocean_link_format":"","ocean_link_format_target":"self","ocean_quote_format":"","ocean_quote_format_link":"post","ocean_gallery_link_images":"on","ocean_gallery_id":[],"footnotes":""},"categories":[63],"tags":[],"class_list":["post-14769","post","type-post","status-publish","format-standard","hentry","category-khaebaerlaer-az","entry"],"_links":{"self":[{"href":"https:\/\/mdu.edu.az\/ru\/wp-json\/wp\/v2\/posts\/14769","targetHints":{"allow":["GET"]}}],"collection":[{"href":"https:\/\/mdu.edu.az\/ru\/wp-json\/wp\/v2\/posts"}],"about":[{"href":"https:\/\/mdu.edu.az\/ru\/wp-json\/wp\/v2\/types\/post"}],"author":[{"embeddable":true,"href":"https:\/\/mdu.edu.az\/ru\/wp-json\/wp\/v2\/users\/1"}],"replies":[{"embeddable":true,"href":"https:\/\/mdu.edu.az\/ru\/wp-json\/wp\/v2\/comments?post=14769"}],"version-history":[{"count":0,"href":"https:\/\/mdu.edu.az\/ru\/wp-json\/wp\/v2\/posts\/14769\/revisions"}],"wp:attachment":[{"href":"https:\/\/mdu.edu.az\/ru\/wp-json\/wp\/v2\/media?parent=14769"}],"wp:term":[{"taxonomy":"category","embeddable":true,"href":"https:\/\/mdu.edu.az\/ru\/wp-json\/wp\/v2\/categories?post=14769"},{"taxonomy":"post_tag","embeddable":true,"href":"https:\/\/mdu.edu.az\/ru\/wp-json\/wp\/v2\/tags?post=14769"}],"curies":[{"name":"wp","href":"https:\/\/api.w.org\/{rel}","templated":true}]}}